{"id":13839,"date":"2023-06-04T05:00:13","date_gmt":"2023-06-04T04:00:13","guid":{"rendered":"https:\/\/espai-marx.net\/?p=13839"},"modified":"2023-06-04T03:50:20","modified_gmt":"2023-06-04T02:50:20","slug":"biografia-de-un-poeta-necesario","status":"publish","type":"post","link":"https:\/\/espai-marx.net\/?p=13839","title":{"rendered":"Biograf\u00eda de un poeta necesario"},"content":{"rendered":"<p>Rese\u00f1a de: Jos\u00e9 Luis Ferris, <i>Miguel Hern\u00e1ndez. Pasiones, c\u00e1rcel y muerte de un poeta<\/i>, Sevilla: Fundaci\u00f3n Jos\u00e9 Manuel Lara, 2022, 639 p\u00e1ginas.<\/p>\n<p style=\"text-align: right; padding-left: 160px;\">Para Claude Couffon, por ayudarnos a conocer y amar a Miguel Hern\u00e1ndez. \u00abMH es casi el \u00fanico poeta que ha sacado una gran lecci\u00f3n de sus ra\u00edces, que ha recibido de su infancia y de su tierra la savia necesaria para alimentar su obra.\u00bb<\/p>\n<p><a href=\"https:\/\/espai-marx.net\/wp-content\/uploads\/2023\/06\/miguel-hernandez-pasiones-carcel-y-muerte.jpg\"><img loading=\"lazy\" decoding=\"async\" class=\"alignleft  wp-image-13840\" src=\"https:\/\/espai-marx.net\/wp-content\/uploads\/2023\/06\/miguel-hernandez-pasiones-carcel-y-muerte.jpg\" alt=\"\" width=\"200\" height=\"307\" srcset=\"https:\/\/espai-marx.net\/wp-content\/uploads\/2023\/06\/miguel-hernandez-pasiones-carcel-y-muerte.jpg 652w, https:\/\/espai-marx.net\/wp-content\/uploads\/2023\/06\/miguel-hernandez-pasiones-carcel-y-muerte-196x300.jpg 196w\" sizes=\"auto, (max-width: 200px) 100vw, 200px\" \/><\/a>Reedici\u00f3n, revisada y ampliada con nuevos testimonios y documentos, de una biograf\u00eda de 2002 (dedicada, en primera instancia, \u00aba la memoria de Claudio Rodr\u00edguez, amigo, padre y maestro en aquel Madrid de 1985\u00bb) sobre el autor de <i>Vientos del pueblo <\/i>y <i>El hombre acecha<\/i> de Jos\u00e9 Luis Ferris [JLF]. Buena lectura para rememorar el 80 aniversario de la muerte de uno de los grandes (y m\u00e1s consistentes) poetas espa\u00f1oles de todos los tiempos. La perspectiva del autor (de su Introducci\u00f3n): \u00abSiempre he insistido en que contar la vida de MH es precisamente una aventura; y lo es porque su perfil rompe normas, moldes y estad\u00edsticas se aproxima, sin duda, a un caso excepcional y rotundo de escritor y de hombre. Tambi\u00e9n es una aventura porque detr\u00e1s de la construcci\u00f3n de su relato biogr\u00e1fico hay una valor de rescate y desescombro, de distanciamiento de los estereotipos que hicieron de \u00e9l una consigna, un m\u00e1rtir un triste poeta-cabrero. Devolverlo a su estado natural, a su condici\u00f3n de militante apasionado de la vida, alejado de leyendas, ha sido la labor que ha marcado esta biograf\u00eda, as\u00ed como el prop\u00f3sito de involucrar al lector en la peripecia vital de un poeta que en apenas once a\u00f1os de producci\u00f3n, justific\u00f3 su oficio, dando a los editores futuros p\u00e1ginas y p\u00e1ginas de benditas palabras\u00bb.<\/p>\n<p>Un breve apunte sobre el autor: JLF es poeta, novelista (autor tambi\u00e9n de literatura infantil), ensayista, premio Antonio Dom\u00ednguez Ortiz, profesor universitario y director desde 2018 de la C\u00e1tedra Institucional Miguel Hern\u00e1ndez.<\/p>\n<p>Forman <i>Miguel Hern\u00e1ndez. Pasiones, c\u00e1rcel y muerte de un poeta <\/i>el pr\u00f3logo, la introducci\u00f3n, siete cap\u00edtulos \u2013Orihuela, 1910; Infancia y deslumbramiento (1918-1925); Adolescencia y primeros veros (1925-1931); Primer viaje a Madrid. <i>Perito en lunas<\/i> (1931-1933); Asentamiento en la corte. <i>El rayo que no cesa<\/i> (1934-1936); El poeta en la guerra (1936-1939); Persecuci\u00f3n, c\u00e1rceles y muerte (1939-1942)\u2013, notas (que merecen atenta lectura), bibliograf\u00eda e \u00edndice onom\u00e1stico. Especialmente interesantes, desde mi punto de vista, los dos \u00faltimos cap\u00edtulos (con una muy brillante exposici\u00f3n de los diversos procesos judiciales abiertos contra el poeta).<\/p>\n<p>Son muchas, como dec\u00eda, las virtudes y aportaciones de esta reedici\u00f3n. Interesa se\u00f1alar aqu\u00ed que a la minuciosa reconstrucci\u00f3n biogr\u00e1fica de Hern\u00e1ndez, sin olvidar momentos y relaciones no siempre destacadas (por ejemplo, su larga y profunda relaci\u00f3n con la Escuela de Vallecas, la influencia recibida de Ra\u00fcl Gonz\u00e1lez Tu\u00f1\u00f3n) ni su singular figura de poeta-soldado-miembro del Quinto Regimiento y part\u00edcipe en las Misiones Pedag\u00f3gicas, o su militancia en el PCE (\u00abHern\u00e1ndez no era precisamente un hombre dado a indefiniciones, ni pod\u00eda permanecer ajeno a los sucesos que se avecinaban en el pa\u00eds. El mismo hab\u00eda sufrido la alterada situaci\u00f3n pol\u00edtica al ser detenido en San Fernando del Jarama, adem\u00e1s de haberse comprometido ideol\u00f3gicamente a entrar en las filas del PC con el \u00fanico objeto de prestar sus servicios a lo que \u00e9l consideraba el medio m\u00e1s eficaz y directo para alcanzar la justicia social\u00bb, p. 332), se une una excelente aproximaci\u00f3n literaria a su obra po\u00e9tica (muy detallista adem\u00e1s: el autor indica incluso las tres \u00abmusas\u00bb \u2013Josefina Manresa, Maruja Mallo, Mar\u00eda Cegarra\u2013 que pudieron inspirar a Hern\u00e1ndez en el poemario <i>El rayo que no cesa, <\/i>p. 298; excelente discusi\u00f3n sobre este nudo en la nota 90 del cap\u00edtulo V) y a sus relaciones humanas y art\u00edsticas con los grandes intelectuales de aquellos a\u00f1os. Con Garc\u00eda Lorca, por ejemplo. O con Juan Ram\u00f3n Jim\u00e9nez que de \u00e9l escribi\u00f3 el 23 de febrero de 1936 en <i>El Sol<\/i>: \u00abVerdad contra mentira, honradez contra venganza. En el \u00faltimo n\u00famero de la <em>Revista de Occidente<\/em>, publica MH, el extraordinario muchacho de Orihuela, una loca elej\u00eda a la muerte de su Ram\u00f3n Sij\u00e9 y seis sonetos desconcertantes. Todos los amigos de la <i>poes\u00eda pura<\/i> deben buscar y leer estos poemas vivos. Tienen su empaque quevedesco, es verdad, su herencia castiza. Opero la \u00e1spera belleza tremenda de su coraz\u00f3n arraigado rompe el paquete y se desborda, como elemental naturaleza desnuda. Esto es lo escepcional po\u00e9tico, y \u00a1qui\u00e9n pudiera exaltarlo con tanta claridad todos los d\u00edas! Que no se pierda en lo rolaco lo <i>cat\u00f3lico<\/i> y lo pal\u00fadico [\u2026] esta voz, este acento, este aliento joven de Espa\u00f1a\u00bb.<\/p>\n<p>Sigue sin estar claros los motivos (no es ninguna cr\u00edtica a la investigaci\u00f3n de JLF) de las \u00faltimas decisiones de nuestro gran poeta: su huida al Portugal de Salazar (el reloj regalo de Vicente Aleixandre le jug\u00f3 una mala pasada), su negativa a recibir protecci\u00f3n en la embajada chilena (donde contaba con el apoyo de su amigo Pablo Neruda) y su m\u00e1s que confiado regreso a Orihuela tras salir de la c\u00e1rcel de Torrijos el 15 de septiembre de 1939, junto con otros muchos presos.<\/p>\n<p>Empero, no es f\u00e1cil entender para el lector la importancia que JLF concede a un art\u00edculo de Antonio Mu\u00f1oz Molina (\u00abNacido para el luto\u00bb, <i>El Pa\u00eds<\/i>, 7\/03\/2010), que cita en numerosas ocasiones, y tal vez dude si JLF defiende la idea de que el gobierno de la II Rep\u00fablica y la direcci\u00f3n del PCE dejaron tirado al poeta comunista. Y, desde luego, no fue el caso.<\/p>\n<p>Sin poder entrar ni apuntar an\u00e1lisis detallados de otros muchos aspectos, se\u00f1alo una arista m\u00e1s. Juan Cano Ballesta comenta en la contraportada del libro que JLF ha hecho un \u00abextraordinario esfuerzo recogiendo datos y analizando los acontecimientos de aquellos a\u00f1os tan inquietantes e inseguros de la historia espa\u00f1ola\u00bb, y que ha investigado \u00absucesos culturales y acontecimientos pol\u00edticos de la \u00e9poca para darnos un retrato ricamente documentado de lo que signific\u00f3 y de lo que hizo un poeta y ser humano tan singular y extraordinario como fue Miguel Hern\u00e1ndez\u00bb, <i>poeta necesario<\/i> en el justo y sabio decir Antonio Buero Vallejo.<\/p>\n<p>Esfuerzo \u00edmprobo de contextualizaci\u00f3n, sin duda, que hace m\u00e1s sorprendente comentarios hist\u00f3ricos como el siguiente (se me disculpar\u00e1 la extensi\u00f3n de la cita): \u00ab\u2026lo que Hern\u00e1ndez no pod\u00eda imaginar eran las luchas internas y las depuraciones que esos d\u00edas finales se iban a producir dentro de las propias fuerzas republicanas. La autoridad de Juan Negr\u00edn, primer responsable (sic) del Gobierno, hab\u00eda ca\u00eddo en el descr\u00e9dito y nadie (sic) se sent\u00eda gobernado ni obligado por orden alguno. Las urgentes disposiciones y los nombramientos de nuevos jefes militares que aparecieron publicados el 2 de marzo en el Diario del Ministerio de Defensa fueron tomados como una aut\u00e9ntica provocaci\u00f3n por parte de los mandos afectados y de todos (sic) los dirigentes de las organizaciones del Frente Popular. Se tratada, al parecer, de medias acordadas ingenuamente (sic) por Negr\u00edn al dictado (sic) del buro pol\u00edtico, siguiendo \u00f3rdenes (sic) de Togliatti y Stepanov; \u00f3rdenes que hab\u00edan salido previamente de Mosc\u00fa y que no ten\u00edan otra finalidad (sic) que desencadenar una sublevaci\u00f3n de todas las fuerzas pol\u00edticas y militares de izquierda contra el Gobierno y el Partido Comunista (sic). Aquella \u00faltima maniobra sovi\u00e9tica (sic) pretend\u00eda acabar con la m\u00ednima unidad (sic) que sosten\u00eda el banco republicano y su efecto fue tan inmediato que, apenas tres d\u00edas despu\u00e9s de los citados nombramientos, la Junta encabezada por el coronel Casado, jefe del Ej\u00e9rcito del Centro, que contaba con el apoyo de militares, socialistas, republicanos, sindicalistas y anarquistas, se sublevaba contra Negr\u00edn y los miembros del Partido Comunista\u00bb. La historia es exactamente al rev\u00e9s: sectores socialistas (Besteiro), nacionalistas .Cat (Tarradellas) y anarquistas ven\u00edan conspirando desde la primavera de 1938 para derribar al gobierno del Frente Popular presidido por Negr\u00edn. La supuesta provocaci\u00f3n de Togliatti y Mosc\u00fa es absolutamente falsa. Casado, por lo dem\u00e1s, estaba en contacto con agentes franquistas para negociar la sustituci\u00f3n de Negr\u00edn por un gobierno de rendici\u00f3n (v\u00e9ase \u00c1ngel Bahamonde Magro, <i>Madrid 1939. La conjura del coronel Casado<\/i>. Madrid: C\u00e1tedra, 2014).<\/p>\n<p>Afortunadamente, JLF usa despu\u00e9s otros t\u00e9rminos y hace referencia a la conspiraci\u00f3n y golpe del Casado, sin que haga constar inconsistencia alguna entre estas afirmaciones y lo se\u00f1alado en el texto citado.<\/p>\n<p>Abre el autor con unas palabras del discurso de ingreso en la Real Academia Espa\u00f1ola de Claudio Rodr\u00edguez de 29 de marzo de 1992. Las hacemos nuestras: \u00abSi la realidad consiste en la afectividad, en una penetraci\u00f3n o un laboreo, y estar nativo y cautivo en ella es estar entregado, ofrecido, nos hallamos en los grandes poemas de Miguel Hern\u00e1ndez ante el origen futuro: el pueblo, la canci\u00f3n, la teolog\u00eda y el arte [\u2026] Lo fascinante y lo tremendo. He aqu\u00ed, seg\u00fan creo, la clave de la creaci\u00f3n po\u00e9tica verdadera.\u00bb No muy distintas, por otra parte, de estas de Vicente Aleixandre con las que JLF cierra su biograf\u00eda: \u00abYo no s\u00e9 si Vd. sabe que Miguel era para m\u00ed un hermano menor, entusiasta, entra\u00f1ablemente unido, con el que conviv\u00ed continuamente. Ten\u00eda un coraz\u00f3n enorme, ciegamente generoso, latidor en su poes\u00eda entera y que se la trasparec\u00eda en los ojos, como en su poes\u00eda. El fuego de la vida estaba en su alma y era comprensivo para todo. Capaz de pasi\u00f3n, apasionado, capaz de esa desnudez del alma, de ese p\u00e1lpito de la sangre a que llega el verdadero poeta, y que hace que todo lo humano sea comprendido, llegando a esa generosidad sin esfuerzo que de nada se asusta porque todo lo humano le toca y de nada puede espantarse. Por eso no hab\u00eda en \u00e9l (como no puede haberlo en el poeta esencial) ni \u00f1o\u00f1ez, ni intransigencia. Era un alma libre que miraba con clara mirada a los hombres. Ea el poeta del triste destino, que muri\u00f3 malogrando a un gran artista, que hubiera sido, que ya lo es, honor de nuestra lengua\u00bb.<\/p>\n","protected":false},"excerpt":{"rendered":"<p>Rese\u00f1a de: Jos\u00e9 Luis Ferris, Miguel Hern\u00e1ndez. Pasiones, c\u00e1rcel y muerte de un poeta, Sevilla: Fundaci\u00f3n Jos\u00e9 Manuel Lara, 2022,<\/p>\n","protected":false},"author":5,"featured_media":11396,"comment_status":"open","ping_status":"open","sticky":false,"template":"","format":"standard","meta":{"footnotes":""},"categories":[20,5],"tags":[2017,2015,2016,917],"class_list":["post-13839","post","type-post","status-publish","format-standard","has-post-thumbnail","hentry","category-guerra-civil-espanola","category-literatura","tag-carcel-y-muerte-de-un-poeta","tag-jose-luis-ferris","tag-miguel-hernandez-pasiones","tag-resenas"],"aioseo_notices":[],"_links":{"self":[{"href":"https:\/\/espai-marx.net\/index.php?rest_route=\/wp\/v2\/posts\/13839","targetHints":{"allow":["GET"]}}],"collection":[{"href":"https:\/\/espai-marx.net\/index.php?rest_route=\/wp\/v2\/posts"}],"about":[{"href":"https:\/\/espai-marx.net\/index.php?rest_route=\/wp\/v2\/types\/post"}],"author":[{"embeddable":true,"href":"https:\/\/espai-marx.net\/index.php?rest_route=\/wp\/v2\/users\/5"}],"replies":[{"embeddable":true,"href":"https:\/\/espai-marx.net\/index.php?rest_route=%2Fwp%2Fv2%2Fcomments&post=13839"}],"version-history":[{"count":0,"href":"https:\/\/espai-marx.net\/index.php?rest_route=\/wp\/v2\/posts\/13839\/revisions"}],"wp:featuredmedia":[{"embeddable":true,"href":"https:\/\/espai-marx.net\/index.php?rest_route=\/wp\/v2\/media\/11396"}],"wp:attachment":[{"href":"https:\/\/espai-marx.net\/index.php?rest_route=%2Fwp%2Fv2%2Fmedia&parent=13839"}],"wp:term":[{"taxonomy":"category","embeddable":true,"href":"https:\/\/espai-marx.net\/index.php?rest_route=%2Fwp%2Fv2%2Fcategories&post=13839"},{"taxonomy":"post_tag","embeddable":true,"href":"https:\/\/espai-marx.net\/index.php?rest_route=%2Fwp%2Fv2%2Ftags&post=13839"}],"curies":[{"name":"wp","href":"https:\/\/api.w.org\/{rel}","templated":true}]}}