{"id":13876,"date":"2023-06-12T05:00:12","date_gmt":"2023-06-12T04:00:12","guid":{"rendered":"https:\/\/espai-marx.net\/?p=13876"},"modified":"2023-06-12T02:25:55","modified_gmt":"2023-06-12T01:25:55","slug":"colombia-el-pueblo-salio-a-la-calle-a-respaldar-las-reformas-del-presidente","status":"publish","type":"post","link":"https:\/\/espai-marx.net\/?p=13876","title":{"rendered":"Colombia: el pueblo sali\u00f3 a la calle a respaldar las reformas del presidente"},"content":{"rendered":"<p>Acosado desde varios frentes movidos por la derecha colombiana, que amenaza con paralizar al Congreso y congelar un paquete de reformas a las leyes de salud, trabajo y pensiones, el presidente Gustavo Petro elev\u00f3 el tono y se\u00f1al\u00f3 ante la multitud que sali\u00f3 en su apoyo, \u00abque no se atrevan a romper con la democracia porque se encontrar\u00e1n con un gigante: el pueblo de Colombia en las calles de este pa\u00eds\u00bb.<\/p>\n<p>Petro denunci\u00f3\u00a0nuevamente indicios de que se fragua en su contra un golpe de Estado o <em><i>golpe blando<\/i><\/em><em><i>\u00a0<\/i><\/em>y\u00a0advirti\u00f3 que los sectores que han atizado en los \u00faltimos d\u00edas una crisis pol\u00edtica a partir de un esc\u00e1ndalo de dudoso trasfondo quieren \u00abhacer lo mismo que en Per\u00fa, llevar al presidente a la c\u00e1rcel, cambiar el gobierno y poner a un nuevo presidente no electo. Y eso se llama golpe de Estado\u00bb.<\/p>\n<figure class=\"wp-caption alignright\"><figcaption class=\"wp-caption-text\"><\/figcaption><\/figure>\n<p>Es el golpe de la derecha y del gran capital contra sus reformas. No quieren salud gratuita, trabajo digno y un bono pensionario para que cualquier viejo o vieja tengan un sustento para poder existir.<\/p>\n<p>Durante su discurso insisti\u00f3 en que hay un plan para \u00abdestruir el apoyo popular del Gobierno\u00bb y dejarlo solo. Carg\u00f3 contra los medios de comunicaci\u00f3n y los grupos econ\u00f3micos, a quienes acus\u00f3 de ejercer presi\u00f3n para hundir las reformas sociales (pensional, laboral y de la salud) en el Congreso, y dijo que hay intenciones de sacarlo del poder a trav\u00e9s de investigaciones en la Comisi\u00f3n de Acusaciones de la C\u00e1mara de Representantes.<\/p>\n<p>El mandatario anunci\u00f3 la propuesta de dos nuevas reformas: a los servicios p\u00fablicos y a la educaci\u00f3n. \u00abVamos por la reforma a los servicios p\u00fablicos, para que el eje del servicio no sea el empresario sino el usuario\u00ab, asegur\u00f3. Esta reforma llega despu\u00e9s de que el Consejo de Estado suspendiera el decreto 0227 de 2023, con el que el presidente Gustavo Petro asum\u00eda el control de la regulaci\u00f3n de los servicios p\u00fablicos.<\/p>\n<p>Habl\u00f3 de una reforma a la educaci\u00f3n, espec\u00edficamente a la Ley 30 de 1992, por la cual se organiza el servicio p\u00fablico de la Educaci\u00f3n Superior. Seg\u00fan dijo, este es un mandato popular, \u00abpara que la juventud pueda acceder al derecho de educarse\u00bb.<\/p>\n<p>El gobierno de \u00a0Petro fue llevado a una grave convulsi\u00f3n pol\u00edtica a ra\u00edz del esc\u00e1ndalo que involucra a la exjefa de gabinete Laura Sarabia, y al exembajador en Venezuela, Armando Benedetti, apartados de la administraci\u00f3n por el Presidente desde el viernes pasado.<\/p>\n<p>La crisis se remonta a enero de este a\u00f1o, cuando Sarabia denunci\u00f3 el robo de un malet\u00edn con miles de d\u00f3lares en su domicilio. A finales de mayo, un medio de comunicaci\u00f3n public\u00f3 una entrevista con Marelbys Meza, quien trabajaba de ni\u00f1era para Sarabia y asegura que la funcionaria la hizo detener y la someti\u00f3 a un interrogatorio con pol\u00edgrafo durante cuatro horas en el s\u00f3tano de un edificio anexo a la residencia presidencial.<\/p>\n<p>Las acusaciones de Meza cobraron mayor notoriedad por incluir presuntas intercepciones telef\u00f3nicas ilegales, una pr\u00e1ctica \u00a0que se\u00a0identifica con el autoritarismo de ultraderecha del expresidente \u00c1lvaro Uribe, acerbo cr\u00edtico y rival pol\u00edtico de Petro.<\/p>\n<p>Asimismo, el fiscal general, Francisco Barbosa, atrajo con inusitada premura el caso y en pocos d\u00edas lo ha convertido en una bandera de su gesti\u00f3n.\u00a0Cabe recordar que\u00a0Barbosa fue nombrado por el expresidente Iv\u00e1n Duque, \u00a0disc\u00edpulo pol\u00edtico de Uribe y compa\u00f1ero de estudios del fiscal.<\/p>\n<p>En diciembre el Ejecutivo debe enviar al Congreso una terna para remplazarlo, por lo que las investigaciones se leen como un intento de torpedear la llegada de un sucesor que investigue los graves excesos de Duque.<\/p>\n<p>La procuradora general, Margarita Cabello (encargada de perseguir las irregularidades cometidas por servidores p\u00fablicos), ha emprendido una campa\u00f1a para reducir la representaci\u00f3n de la coalici\u00f3n gobernante en el Congreso suspendiendo los derechos pol\u00edticos de los legisladores oficialistas, una medida que desde 2014 fue desautorizada por la Corte Interamericana de Derechos Humanos (Coridh).<\/p>\n<p>Semanas atr\u00e1s, el ex director de la Asociaci\u00f3n de Oficiales Retirados de las Fuerzas Armadas (Acore), John Marulanda, asegur\u00f3 que los efectivos en reserva har\u00e1n lo mejor por defenestrar a un tipo que fue guerrillero, en referencia a Petro, quien perteneci\u00f3 al <em><i>M-19<\/i><\/em>.<\/p>\n<p>Marulanda llam\u00f3 a los uniformados a actuar contra el mandatario tal como los militares peruanos procedieron con el depuesto Pedro Castillo, quien contempla desde la c\u00e1rcel la sumisi\u00f3n de los golpistas al neocolonialismo estadounidense, as\u00ed como la violencia represiva desatada por la usurpadora Dina Boluarte,<\/p>\n<p>Colombia asiste\u00a0a un episodio de <em><i>lawfare<\/i><\/em>\u00a0como los que llevaron al derrocamiento de Dilma Rousseff y el encarcelamiento de Luis In\u00e1cio Lula da Silva, en Brasil, y de Fernando Lugo en Paraguay, o como el acoso judicial en Argentina en contra de la vicepresidenta Cristina Fern\u00e1ndez\u00a0de Kirchner.<\/p>\n<p><strong><b>La pacificaci\u00f3n, prioritaria<\/b><\/strong><\/p>\n<p>El mandatario, que asumi\u00f3 el mando hace 10 meses, tambi\u00e9n anunci\u00f3 que hoy viaja a La Habana para una ronda de negociaciones con el Ej\u00e9rcito de Liberaci\u00f3n Nacional (ELN) en la que se espera firmar un alto el fuego.<\/p>\n<p>El escenario de crisis se ha agravado en las \u00faltimas semanas a partir de lo que los medios y personeros de los partidos de la oposici\u00f3n derechista y ultraderechista insisten en calificar de el mayor esc\u00e1ndalo de corrupci\u00f3n en los \u00faltimos tiempos, como cabeza de playa de una estrategia de golpe blando.<\/p>\n<p>Empez\u00f3 por una triangulaci\u00f3n de un conflicto personal entre el ahora exembajador de Colombia en Venezuela Armando Benedetti, la asesora del presidente Laura Sarabia y una ni\u00f1era que presuntamente rob\u00f3 a ambos (hecho no probado), aderezado por intercepciones telef\u00f3nicas\u00a0filtradas a la prensa y acusaciones contra ambos de abuso de poder.<\/p>\n<p>El pleito subi\u00f3 de tono con la publicaci\u00f3n en la revista <em><i>Semana <\/i><\/em>(cabeza de playa anti-Petro) de m\u00e1s <em><i>chuzadas <\/i><\/em>en las que Benedetti, diplom\u00e1tico <em><i>sui generis <\/i><\/em>conocido por su indisciplina frente a la canciller\u00eda y sus adicciones, solt\u00f3 en medio de improperios subidos de tono amenazas de dar a conocer presuntos financiamientos del <em><i>narco <\/i><\/em>a la campa\u00f1a de Petro. Ambos funcionarios fueron destituidos, pero para la oposici\u00f3n no hay otro tema en la agenda nacional, aunque carezcan de cualquier prueba de los supuestos delitos.<\/p>\n<p>Los mismos medios que hoy atizan el fuego contra Petro callaron\u00a0a mediados de mayo, cuando Salvatore Mancuso,\u00a0ex jefe de la\u00a0paramilitar de las Autodefensas Unidas de Colombia (AUC) , rindi\u00f3 su primera audiencia ante la Jurisdicci\u00f3n Especial para La Paz (JEP), donde confes\u00f3\u00a0c\u00f3mo orden\u00f3 masacres, descuartizamientos, desapariciones y robo de tierras, muchas veces para cooperar con el ej\u00e9rcito.<\/p>\n<p>Tambi\u00e9n callaron cuando el \u00faltimo mi\u00e9rcoles,\u00a0la Unidad de B\u00fasqueda de Personas Desaparecidas en la zona de Juan Fr\u00edo, norte de Santander, \u00a0localiz\u00f3 una fosa con 200 cuerpos, enterrados ah\u00ed por las AUC a petici\u00f3n del ej\u00e9rcito.\u00a0Para esa prensa que responde alos grandes capitalistas colombianos, eso pareciera no ser esc\u00e1ndalo.<\/p>\n<p>Centrales obreras, el magisterio, buena parte del movimiento estudiantil y formaciones pol\u00edticas afines al Pacto Hist\u00f3rico, entre ellos un gran contingente de la Uni\u00f3n Patri\u00f3tica, respondieron a la convocatoria de salir a las calles. Adem\u00e1s de la marcha multitudinaria de la capital, que moviliz\u00f3 a decenas de miles desde la Plaza de la Naci\u00f3n hasta la hist\u00f3rica Plaza Sim\u00f3n Bol\u00edvar, hubo concentraciones en cerca de 200 municipios.<\/p>\n<p>No hay que temer, hay que cambiar. Petro se queda. Adelante con las reformas, Yo conf\u00edo en Petro, se le\u00eda en las \u00a0pancartas, En esta oportunidad, el presidente baj\u00f3 a la calle, camin\u00f3 un corto tramo entre la gente.<\/p>\n<p>Y,\u00a0desde la Plaza Sim\u00f3n Bol\u00edvar, sobre un peque\u00f1o templete , levant\u00f3 su petici\u00f3n a los legisladores del pa\u00eds: solicitamos desde nuestra humildad, desde nuestras ganas de justicia, que aprueben las reformas que le garantizan al pueblo sus derechos. Esto no es una solicitud violenta, irrespetuosa, armada,\u00a0Es una solicitud popular que nace de las entra\u00f1as del territorio excluido, de la base de la naci\u00f3n.<\/p>\n<p>\u00ab\u00bfQueremos una eterna Colombia de las exclusiones; una Colombia donde la prensa odia a la vicepresidenta por su color de piel? \u00bfQueremos una Colombia que lleve al ind\u00edgena al cepo como en los a\u00f1os de esclavitud o un ind\u00edgena que alg\u00fan d\u00eda pueda gobernar este pa\u00eds? \u00bfUna Colombia donde los j\u00f3venes que salen a protestar se les dispare a los ojos?\u00bb, pregunt\u00f3.<\/p>\n<p>El objetivo de la paz es el mayor deseo de la sociedad colombiana. El primer requisito es que el pa\u00eds tenga justicia social, a\u00f1adi\u00f3.<\/p>\n<p><strong>Cierre de\u00a0la negociaci\u00f3n de Paz con\u00a0el ELN<\/strong><\/p>\n<figure class=\"wp-caption alignright\"><figcaption class=\"wp-caption-text\"><\/figcaption><\/figure>\n<p>Y en el marco de la Plaza de Bol\u00edvar abarrotada por miles de manifestantes que salieron a expresar su apoyo a las reformas propuestas por el actual gobierno, Petro anunci\u00f3 que viaja a La Habana para cerrar el tercer ciclo de negociaciones con el ELN: \u00abVoy a firmar un papel que puede significar el comienzo sin retroceso de una era de paz para este pa\u00eds\u00bb.<\/p>\n<p>Desde d\u00edas atr\u00e1s se especula con el acuerdo alcanzado en la Mesa sobre cese bilateral de fuegos por un periodo de seis meses. La decisi\u00f3n de la Fiscal\u00eda General de la Naci\u00f3n de levantar las \u00f3rdenes de captura vigentes contra el comandante Antonio Garc\u00eda, corresponde a la magnitud de lo alcanzado en esta fase de la negociaci\u00f3n, donde\u00a0tambi\u00e9n se debaten\u00a0temas como la participaci\u00f3n de la sociedad en el proceso de construcci\u00f3n de paz, as\u00ed como acciones y din\u00e1micas humanitarias.<\/p>\n<p>Otros ceses de fuego, de poca duraci\u00f3n, fueron anunciados durante estos meses, todos ellos como materializaci\u00f3n del prop\u00f3sito de Paz Total: uno con el Clan del Golfo \u2013paramilitares herederos de las Autodefensas Unidas de Colombia\u2013, y otro con el Estado Mayor Central de las Farc. En ambos casos, todo est\u00e1 en vilo debido a la violaci\u00f3n de lo acordado por uno u otro sector, por uno u otro motivo, y tal prop\u00f3sito esta por retomarse.<\/p>\n<p><strong>\u00a0Loa allanamientos de la Fiscal\u00eda<\/strong><\/p>\n<p>Durante su discurso en la marcha a favor de las reformas sociales, el presidente se volvi\u00f3 a referir al esc\u00e1ndalo de Laura Sarabia y Armando Benedetti, que involucra supuestas \u00abchuzadas\u00bb\u00a0(escuchas telef\u00f3nicas). El mandatario dijo que las puertas de la Presidencia est\u00e1n abiertas a cualquier investigaci\u00f3n: \u00abno tenemos nada que ocultar\u00bb.<\/p>\n<p>Horas antes de que el presidente \u00a0saliera a las calles para marchar junto a quienes reclaman la aprobaci\u00f3n de sus reformas, agentes de la Fiscal\u00eda tomaron el piso 13 del edificio de la Dian, donde al parecer\u00a0funciona una oficina de seguridad de la Presidencia y el ente investigador trata de averiguar si desde ah\u00ed se habr\u00eda interceptado el celular de Marelbys Meza, la exni\u00f1era de Laura Sarabia.\u00a0Petro record\u00f3 tambi\u00e9n\u00a0que su campa\u00f1a presidencial fue objeto de interceptaciones ilegales que ninguna autoridad investig\u00f3.<\/p>\n<p>Petro se refiri\u00f3 a gobiernos anteriores\u00a0y asegur\u00f3 que \u00abno chuzamos, no golpeamos a las personas humildes; no destruimos los ojos de la juventud, no torturamos en las mazmorras, no chuzamos magistrados, periodistas, gente de la oposici\u00f3n, no violamos los derechos de la humanidad\u00bb.\u00a0Dijo que las acusaciones en su contra carecen de \u00e9tica y que no tiene miedo a ninguna investigaci\u00f3n.<\/p>\n<p>Pero la maquinaria del golpe blando parece no deternse. Al tiempo que Petro pidi\u00f3 apoyo para sus reformas, la Comisi\u00f3n S\u00e9ptima del Senado aplaz\u00f3 el debate de la reforma pensional, pues no logr\u00f3 conseguir qu\u00f3rum. \u00a0Esta ha sido una estrategia usada \u00a0por la oposici\u00f3n y partidos de derecha\u00a0para no debatir los proyectos.<\/p>\n<p><strong><em><i>*<\/i><\/em><\/strong><em><i>Economista y docente universitario colombiano, <\/i><\/em><em><i>analista asociado al <\/i><\/em><em><i>Centro Latinoamericano de An\u00e1lisis Estrat\u00e9gico (CLAE, <\/i><\/em><a href=\"http:\/\/www.estrategia.la\"><em><u><i>www.estrategia.la<\/i><\/u><\/em><\/a><em><i>)<\/i><\/em><\/p>\n<p>Fuente: Estrategia.la (<a href=\"https:\/\/estrategia.la\/2023\/06\/08\/colombia-el-pueblo-salio-a-la-calle-a-respaldar-las-reformas-del-presidente\/\">https:\/\/estrategia.la\/2023\/06\/08\/colombia-el-pueblo-salio-a-la-calle-a-respaldar-las-reformas-del-presidente\/<\/a>)<\/p>\n","protected":false},"excerpt":{"rendered":"<p>Acosado desde varios frentes movidos por la derecha colombiana, que amenaza con paralizar al Congreso y congelar un paquete de<\/p>\n","protected":false},"author":5,"featured_media":0,"comment_status":"open","ping_status":"open","sticky":false,"template":"","format":"standard","meta":{"footnotes":""},"categories":[2020],"tags":[],"class_list":["post-13876","post","type-post","status-publish","format-standard","hentry","category-colombia-america-latina"],"aioseo_notices":[],"_links":{"self":[{"href":"https:\/\/espai-marx.net\/index.php?rest_route=\/wp\/v2\/posts\/13876","targetHints":{"allow":["GET"]}}],"collection":[{"href":"https:\/\/espai-marx.net\/index.php?rest_route=\/wp\/v2\/posts"}],"about":[{"href":"https:\/\/espai-marx.net\/index.php?rest_route=\/wp\/v2\/types\/post"}],"author":[{"embeddable":true,"href":"https:\/\/espai-marx.net\/index.php?rest_route=\/wp\/v2\/users\/5"}],"replies":[{"embeddable":true,"href":"https:\/\/espai-marx.net\/index.php?rest_route=%2Fwp%2Fv2%2Fcomments&post=13876"}],"version-history":[{"count":0,"href":"https:\/\/espai-marx.net\/index.php?rest_route=\/wp\/v2\/posts\/13876\/revisions"}],"wp:attachment":[{"href":"https:\/\/espai-marx.net\/index.php?rest_route=%2Fwp%2Fv2%2Fmedia&parent=13876"}],"wp:term":[{"taxonomy":"category","embeddable":true,"href":"https:\/\/espai-marx.net\/index.php?rest_route=%2Fwp%2Fv2%2Fcategories&post=13876"},{"taxonomy":"post_tag","embeddable":true,"href":"https:\/\/espai-marx.net\/index.php?rest_route=%2Fwp%2Fv2%2Ftags&post=13876"}],"curies":[{"name":"wp","href":"https:\/\/api.w.org\/{rel}","templated":true}]}}