{"id":13883,"date":"2023-06-15T05:00:57","date_gmt":"2023-06-15T04:00:57","guid":{"rendered":"https:\/\/espai-marx.net\/?p=13883"},"modified":"2023-06-15T04:22:45","modified_gmt":"2023-06-15T03:22:45","slug":"entrevista-a-montserrat-galceran","status":"publish","type":"post","link":"https:\/\/espai-marx.net\/?p=13883","title":{"rendered":"Entrevista a Montserrat Galcer\u00e1n"},"content":{"rendered":"<p><span class=\"yt-core-attributed-string yt-core-attributed-string--white-space-pre-wrap\">El activismo, la universidad y las pol\u00edticas de lo com\u00fan atraviesan la trayectoria de Montserrat Galcer\u00e1n. Feminista y catedr\u00e1tica em\u00e9rita de Filosof\u00eda, estuvo vinculada a las luchas antifranquistas y posteriormente al movimiento antiglobalizaci\u00f3n y a la Universidad N\u00f3mada, convirti\u00e9ndose en concejala del Ayuntamiento de Madrid entre 2015 y 2019. <\/span><\/p>\n<p><span class=\"yt-core-attributed-string yt-core-attributed-string--white-space-pre-wrap\">Siempre preocupada por la actualizaci\u00f3n del pensamiento antagonista, es autora de m\u00faltiples libros. <\/span><\/p>\n<p><span class=\"yt-core-attributed-string yt-core-attributed-string--white-space-pre-wrap\"><span class=\"yt-core-attributed-string--link-inherit-color\"><a class=\"yt-core-attributed-string__link yt-core-attributed-string__link--display-type yt-core-attributed-string__link--call-to-action-color\" tabindex=\"0\" href=\"https:\/\/www.youtube.com\/watch?v=9EiaGiKgiqg&amp;t=0s\" target=\"\" rel=\"nofollow noopener\">00:00<\/a><\/span> Intro + presentaci\u00f3n <span class=\"yt-core-attributed-string--link-inherit-color\"><br \/>\n<a class=\"yt-core-attributed-string__link yt-core-attributed-string__link--display-type yt-core-attributed-string__link--call-to-action-color\" tabindex=\"0\" href=\"https:\/\/www.youtube.com\/watch?v=9EiaGiKgiqg&amp;t=152s\" target=\"\" rel=\"nofollow noopener\">02:32<\/a><\/span> Interseccionalidad <span class=\"yt-core-attributed-string--link-inherit-color\"><br \/>\n<a class=\"yt-core-attributed-string__link yt-core-attributed-string__link--display-type yt-core-attributed-string__link--call-to-action-color\" tabindex=\"0\" href=\"https:\/\/www.youtube.com\/watch?v=9EiaGiKgiqg&amp;t=510s\" target=\"\" rel=\"nofollow noopener\">08:30<\/a><\/span> Poner la vida en el centro <span class=\"yt-core-attributed-string--link-inherit-color\"><br \/>\n<a class=\"yt-core-attributed-string__link yt-core-attributed-string__link--display-type yt-core-attributed-string__link--call-to-action-color\" tabindex=\"0\" href=\"https:\/\/www.youtube.com\/watch?v=9EiaGiKgiqg&amp;t=666s\" target=\"\" rel=\"nofollow noopener\">11:06<\/a><\/span> Interseccionalidad con la naturaleza <span class=\"yt-core-attributed-string--link-inherit-color\"><br \/>\n<a class=\"yt-core-attributed-string__link yt-core-attributed-string__link--display-type yt-core-attributed-string__link--call-to-action-color\" tabindex=\"0\" href=\"https:\/\/www.youtube.com\/watch?v=9EiaGiKgiqg&amp;t=979s\" target=\"\" rel=\"nofollow noopener\">16:19<\/a><\/span> Desplazamiento de opresiones <span class=\"yt-core-attributed-string--link-inherit-color\"><br \/>\n<a class=\"yt-core-attributed-string__link yt-core-attributed-string__link--display-type yt-core-attributed-string__link--call-to-action-color\" tabindex=\"0\" href=\"https:\/\/www.youtube.com\/watch?v=9EiaGiKgiqg&amp;t=1626s\" target=\"\" rel=\"nofollow noopener\">27:06<\/a><\/span> Derechos y democracia real <span class=\"yt-core-attributed-string--link-inherit-color\"><br \/>\n<a class=\"yt-core-attributed-string__link yt-core-attributed-string__link--display-type yt-core-attributed-string__link--call-to-action-color\" tabindex=\"0\" href=\"https:\/\/www.youtube.com\/watch?v=9EiaGiKgiqg&amp;t=2146s\" target=\"\" rel=\"nofollow noopener\">35:46<\/a><\/span> Identidades asesinas vs Identidades reflexivas <span class=\"yt-core-attributed-string--link-inherit-color\"><br \/>\n<a class=\"yt-core-attributed-string__link yt-core-attributed-string__link--display-type yt-core-attributed-string__link--call-to-action-color\" tabindex=\"0\" href=\"https:\/\/www.youtube.com\/watch?v=9EiaGiKgiqg&amp;t=3369s\" target=\"\" rel=\"nofollow noopener\">56:09<\/a><\/span> Interdependencia y buen vivir <span class=\"yt-core-attributed-string--link-inherit-color\"><br \/>\n<a class=\"yt-core-attributed-string__link yt-core-attributed-string__link--display-type yt-core-attributed-string__link--call-to-action-color\" tabindex=\"0\" href=\"https:\/\/www.youtube.com\/watch?v=9EiaGiKgiqg&amp;t=3702s\" target=\"\" rel=\"nofollow noopener\">1:01:42<\/a><\/span> Postcolonialismo y descolonialidad <span class=\"yt-core-attributed-string--link-inherit-color\"><br \/>\n<a class=\"yt-core-attributed-string__link yt-core-attributed-string__link--display-type yt-core-attributed-string__link--call-to-action-color\" tabindex=\"0\" href=\"https:\/\/www.youtube.com\/watch?v=9EiaGiKgiqg&amp;t=4426s\" target=\"\" rel=\"nofollow noopener\">1:13:46<\/a><\/span> Enraizamiento y cuerpo como territorio <span class=\"yt-core-attributed-string--link-inherit-color\"><br \/>\n<a class=\"yt-core-attributed-string__link yt-core-attributed-string__link--display-type yt-core-attributed-string__link--call-to-action-color\" tabindex=\"0\" href=\"https:\/\/www.youtube.com\/watch?v=9EiaGiKgiqg&amp;t=5762s\" target=\"\" rel=\"nofollow noopener\">1:36:02<\/a><\/span> Claves para enlazar la diversidad de luchas <\/span><\/p>\n<p><span class=\"yt-core-attributed-string yt-core-attributed-string--white-space-pre-wrap\">Entrevista realizada en Madrid el 29 de marzo de 2023. <\/span><\/p>\n<p><span class=\"yt-core-attributed-string yt-core-attributed-string--white-space-pre-wrap\">&#x1f30e; Sobrevivir al Descalabro es una serie-web y podcast de libre acceso y sin \u00e1nimo de lucro sobre Decrecimiento, Colapso, Transiciones Ecosociales, Ayuda Mutua y Buen Vivir. Visiones no-crecentistas del mundo, posibles e ilusionantes, con entrevistas a personalidades de distintos \u00e1mbitos y latitudes. Les interesan las miradas ecofeministas y decoloniales. Puedes visitarlos en <span class=\"yt-core-attributed-string--link-inherit-color\"><a class=\"yt-core-attributed-string__link yt-core-attributed-string__link--display-type yt-core-attributed-string__link--call-to-action-color\" tabindex=\"0\" href=\"https:\/\/www.youtube.com\/redirect?event=video_description&amp;redir_token=QUFFLUhqbHNFTXZ4a0paVHpydHFJdjVYeFhkT0VJZGY3UXxBQ3Jtc0tsdUYwaVV1R3NrTVk3SXpCVW5STkRXQ1FLQ0llaWhoMWhXSjk1TnhMQXpOeHUzcWtrTW5lc3VRUTBuOUp2eTVXWnVVU2JhTkZhX2Y0UDRnMUhreUxkRFJIYVA1a3lmdXNHMVlUYVctZWhYVUg1cml6bw&amp;q=https%3A%2F%2Fwww.sobreviviraldescalabro.org%2F&amp;v=9EiaGiKgiqg\" target=\"_blank\" rel=\"nofollow noopener\">https:\/\/www.sobreviviraldescalabro.org\/<\/a><\/span><\/span><\/p>\n<p><iframe loading=\"lazy\" title=\"Entrevistamos a Montserrat Galcer\u00e1n\" width=\"800\" height=\"450\" src=\"https:\/\/www.youtube.com\/embed\/9EiaGiKgiqg?feature=oembed\" frameborder=\"0\" allow=\"accelerometer; autoplay; clipboard-write; encrypted-media; gyroscope; picture-in-picture; web-share\" referrerpolicy=\"strict-origin-when-cross-origin\" allowfullscreen><\/iframe><\/p>\n","protected":false},"excerpt":{"rendered":"<p>El activismo, la universidad y las pol\u00edticas de lo com\u00fan atraviesan la trayectoria de Montserrat Galcer\u00e1n. Feminista y catedr\u00e1tica em\u00e9rita<\/p>\n","protected":false},"author":5,"featured_media":13884,"comment_status":"open","ping_status":"open","sticky":false,"template":"","format":"standard","meta":{"footnotes":""},"categories":[1563,1824],"tags":[],"class_list":["post-13883","post","type-post","status-publish","format-standard","has-post-thumbnail","hentry","category-crisis-ecosocial","category-feminismo"],"aioseo_notices":[],"_links":{"self":[{"href":"https:\/\/espai-marx.net\/index.php?rest_route=\/wp\/v2\/posts\/13883","targetHints":{"allow":["GET"]}}],"collection":[{"href":"https:\/\/espai-marx.net\/index.php?rest_route=\/wp\/v2\/posts"}],"about":[{"href":"https:\/\/espai-marx.net\/index.php?rest_route=\/wp\/v2\/types\/post"}],"author":[{"embeddable":true,"href":"https:\/\/espai-marx.net\/index.php?rest_route=\/wp\/v2\/users\/5"}],"replies":[{"embeddable":true,"href":"https:\/\/espai-marx.net\/index.php?rest_route=%2Fwp%2Fv2%2Fcomments&post=13883"}],"version-history":[{"count":0,"href":"https:\/\/espai-marx.net\/index.php?rest_route=\/wp\/v2\/posts\/13883\/revisions"}],"wp:featuredmedia":[{"embeddable":true,"href":"https:\/\/espai-marx.net\/index.php?rest_route=\/wp\/v2\/media\/13884"}],"wp:attachment":[{"href":"https:\/\/espai-marx.net\/index.php?rest_route=%2Fwp%2Fv2%2Fmedia&parent=13883"}],"wp:term":[{"taxonomy":"category","embeddable":true,"href":"https:\/\/espai-marx.net\/index.php?rest_route=%2Fwp%2Fv2%2Fcategories&post=13883"},{"taxonomy":"post_tag","embeddable":true,"href":"https:\/\/espai-marx.net\/index.php?rest_route=%2Fwp%2Fv2%2Ftags&post=13883"}],"curies":[{"name":"wp","href":"https:\/\/api.w.org\/{rel}","templated":true}]}}