{"id":13910,"date":"2023-06-22T05:00:25","date_gmt":"2023-06-22T04:00:25","guid":{"rendered":"https:\/\/espai-marx.net\/?p=13910"},"modified":"2023-06-22T09:13:25","modified_gmt":"2023-06-22T08:13:25","slug":"13910","status":"publish","type":"post","link":"https:\/\/espai-marx.net\/?p=13910","title":{"rendered":"Conversaciones sobre <i>Manifestacions de l\u2019Absolut en la Filosofia de la Religi\u00f3 de Hegel<\/i>"},"content":{"rendered":"<p><span class=\"yt-core-attributed-string yt-core-attributed-string--white-space-pre-wrap\" role=\"text\"><span class=\"yt-core-attributed-string--link-inherit-color\">Joaqu\u00edn Miras conversa con la autora del libro <em>Manifestacions de l\u2019Absolut en la Filosofia de la Religi\u00f3 de Hegel<\/em>, Cristina Garc\u00eda. El libro ha sido publicado en mayo de 2023 por la editorial Apeiron. Recoge el Trabajo de Fin de M\u00e1ster de la autora en la Universidad de Barcelona. El TFM fue dirigido por Salvi Turr\u00f3 i Tom\u00e0s. El libro realiza un breve recorrido por la Filosof\u00eda de la Religi\u00f3n de G. W. F. Hegel a trav\u00e9s de algunas de sus obras fundamentales. La primera parte tiene como objeto la religi\u00f3n como pensamiento comunitario, absoluto y verdadero, en la Fenomenolog\u00eda del Esp\u00edritu. La segunda trata sobre la posibilidad de pensar y conocer racionalmente a Dios, apuesta hegeliana contra los modos de fe irracionalistas y subjetivistas de su tiempo y tambi\u00e9n en discusi\u00f3n con la filosof\u00eda kantiana. Para ello, se analiza el manuscrito sobre las \u00abPruebas de la Existencia de Dios\u00bb. La tercera parte del trabajo recoge este bagaje y lo lleva hasta el reino de la eticidad, de los Principios de la Filosof\u00eda del Derecho, de la iglesia y del estado. La religi\u00f3n como pensamiento comunitario que recoge profundas verdades y que se basa en una raz\u00f3n compartida est\u00e1 en la base de lo que Hegel entend\u00eda por un estado moderno, de una modernidad m\u00e1s democr\u00e1tica que liberal. Tanto Cristina Garc\u00eda como Joaqu\u00edn Miras son miembros de Espai Marx. <\/span><\/span><\/p>\n<p><span class=\"yt-core-attributed-string yt-core-attributed-string--white-space-pre-wrap\" role=\"text\"><span class=\"yt-core-attributed-string--link-inherit-color\">M\u00e1s informaci\u00f3n sobre el libro: <\/span><a href=\"https:\/\/espai-marx.net\/?p=13810\"><span class=\"yt-core-attributed-string--link-inherit-color\">https:\/\/espai-marx.net\/?p=13810<\/span><\/a><\/span><\/p>\n<p><strong>1\u00aa parte<\/strong><\/p>\n<p><iframe loading=\"lazy\" title=\"&quot;Manifestacions de l\u2019Absolut en la Filosofia de la Religi\u00f3 de Hegel&quot;. 1\u00aa parte\" width=\"800\" height=\"450\" src=\"https:\/\/www.youtube.com\/embed\/ogbxjVdffNw?feature=oembed\" frameborder=\"0\" allow=\"accelerometer; autoplay; clipboard-write; encrypted-media; gyroscope; picture-in-picture; web-share\" referrerpolicy=\"strict-origin-when-cross-origin\" allowfullscreen><\/iframe><\/p>\n<p><strong>2\u00aa parte<\/strong><\/p>\n<p><iframe loading=\"lazy\" title=\"&quot;Manifestacions de l\u2019Absolut en la Filosofia de la Religi\u00f3 de Hegel&quot;. 2\u00aa parte\" width=\"800\" height=\"450\" src=\"https:\/\/www.youtube.com\/embed\/6v6lbQX01nQ?feature=oembed\" frameborder=\"0\" allow=\"accelerometer; autoplay; clipboard-write; encrypted-media; gyroscope; picture-in-picture; web-share\" referrerpolicy=\"strict-origin-when-cross-origin\" allowfullscreen><\/iframe><\/p>\n<p><strong>3\u00aa parte<\/strong><\/p>\n<p><iframe loading=\"lazy\" title=\"&quot;Manifestacions de l\u2019Absolut en la Filosofia de la Religi\u00f3 de Hegel&quot;. 3\u00aa parte\" width=\"800\" height=\"450\" src=\"https:\/\/www.youtube.com\/embed\/_IMDGqW4xaM?feature=oembed\" frameborder=\"0\" allow=\"accelerometer; autoplay; clipboard-write; encrypted-media; gyroscope; picture-in-picture; web-share\" referrerpolicy=\"strict-origin-when-cross-origin\" allowfullscreen><\/iframe><\/p>\n","protected":false},"excerpt":{"rendered":"<p>Joaqu\u00edn Miras conversa con la autora del libro Manifestacions de l\u2019Absolut en la Filosofia de la Religi\u00f3 de Hegel, Cristina<\/p>\n","protected":false},"author":5,"featured_media":11170,"comment_status":"open","ping_status":"open","sticky":false,"template":"","format":"standard","meta":{"footnotes":""},"categories":[8,1545,833],"tags":[2014,920,2013],"class_list":["post-13910","post","type-post","status-publish","format-standard","has-post-thumbnail","hentry","category-filosofia","category-g-w-f-hegel","category-videos","tag-cristina-garcia-gonzalez","tag-entrevista-a-autor","tag-manifestacions-de-labsolut-en-la-filosofia-de-la-religio-de-hegel"],"aioseo_notices":[],"_links":{"self":[{"href":"https:\/\/espai-marx.net\/index.php?rest_route=\/wp\/v2\/posts\/13910","targetHints":{"allow":["GET"]}}],"collection":[{"href":"https:\/\/espai-marx.net\/index.php?rest_route=\/wp\/v2\/posts"}],"about":[{"href":"https:\/\/espai-marx.net\/index.php?rest_route=\/wp\/v2\/types\/post"}],"author":[{"embeddable":true,"href":"https:\/\/espai-marx.net\/index.php?rest_route=\/wp\/v2\/users\/5"}],"replies":[{"embeddable":true,"href":"https:\/\/espai-marx.net\/index.php?rest_route=%2Fwp%2Fv2%2Fcomments&post=13910"}],"version-history":[{"count":0,"href":"https:\/\/espai-marx.net\/index.php?rest_route=\/wp\/v2\/posts\/13910\/revisions"}],"wp:featuredmedia":[{"embeddable":true,"href":"https:\/\/espai-marx.net\/index.php?rest_route=\/wp\/v2\/media\/11170"}],"wp:attachment":[{"href":"https:\/\/espai-marx.net\/index.php?rest_route=%2Fwp%2Fv2%2Fmedia&parent=13910"}],"wp:term":[{"taxonomy":"category","embeddable":true,"href":"https:\/\/espai-marx.net\/index.php?rest_route=%2Fwp%2Fv2%2Fcategories&post=13910"},{"taxonomy":"post_tag","embeddable":true,"href":"https:\/\/espai-marx.net\/index.php?rest_route=%2Fwp%2Fv2%2Ftags&post=13910"}],"curies":[{"name":"wp","href":"https:\/\/api.w.org\/{rel}","templated":true}]}}