{"id":1392,"date":"2010-06-21T00:00:00","date_gmt":"2010-06-21T00:00:00","guid":{"rendered":"https:\/\/espai-marx.net\/?p=1392"},"modified":"2020-02-21T17:22:56","modified_gmt":"2020-02-21T16:22:56","slug":"mi-abuelo-era-judio-o-el-fin-del-silencio","status":"publish","type":"post","link":"https:\/\/espai-marx.net\/?p=1392","title":{"rendered":"Mi abuelo era jud\u00edo o el fin del silencio"},"content":{"rendered":"<p>Ya no es un secreto: mi abuelo era jud\u00edo. Ya no hay que mantenerlo en silencio. Wilhem (\u0093Willy\u0094) Gefaell Fiel naci\u00f3 en Viena en 1888 y se pas\u00f3 la vida escondiendo que era jud\u00edo. Rubio, de ojos azules, mi abuelo era silencioso, bien educado, dulce y responsable. As\u00ed lo describen los que lo conocieron.<\/p>\n<p>De ni\u00f1o cant\u00f3 con los Peque\u00f1os Cantores de Viena sin que se enteraran de que era jud\u00edo.<\/p>\n<p>Estudi\u00f3 ingenier\u00eda en la Alta Escuela de Viena sin que se enteraran de que era jud\u00edo.<\/p>\n<p>Vino a Espa\u00f1a para trabajar pero se qued\u00f3 al enamorarse de una espa\u00f1ola que no se enter\u00f3 de que era jud\u00edo.<\/p>\n<p>Se casaron y tuvieron diez hijos sin que ninguno de ellos se enterara de que su padre era jud\u00edo. Eran muy felices en su gran piso en un privilegiado barrio de Madrid. Cantaban juntos a cinco voces. Celebraban unas navidades m\u00e1gicas, con un \u00e1rbol con velas de verdad, en la tradici\u00f3n austriaca.<\/p>\n<p>Iban a misa fielmente y, cuando estaban arrodillados, mi abuela le dec\u00eda a mi abuelo en voz baja: \u0093Guillermo, reza con m\u00e1s fervor. Te falta fervor\u0094.<\/p>\n<p>La familia ya hab\u00eda pasado la Guerra Civil espa\u00f1ola sin grandes penurias en una mansi\u00f3n de verano en el tranquilo pueblo de Zarautz, cerca de San Sebasti\u00e1n, cuando lleg\u00f3 un d\u00eda en que las hijas mayores, Luisa y Tere, recibieron una beca para estudiar m\u00fasica en Alemania. Una vez ah\u00ed, Tere, sin saber que su apellido era jud\u00edo, regal\u00f3 su pasaporte a una chica jud\u00eda para que escapara. La Gestapo las cogi\u00f3 a las dos y devolvieron a Tere a Espa\u00f1a.<\/p>\n<p>Entonces s\u00ed se enteraron todos de que mi abuelo era jud\u00edo.<\/p>\n<p>-* \u00bfPor qu\u00e9 no me dijiste que eras jud\u00edo? \u0097le pregunt\u00f3 mi abuela.<\/p>\n<p>* Porque no te habr\u00edas casado conmigo.<\/p>\n<p>* Claro que no.<\/p>\n<p>La situaci\u00f3n en Europa empeoraba. Mi abuelo llamaba a Viena a su madre y a sus hermanos para intentar convencerles de que vinieran a Espa\u00f1a.<\/p>\n<p>\u0097No te preocupes, Willy \u0097le dec\u00eda su madre\u0097, la situaci\u00f3n no puede ir a peor. No nos har\u00e1n nada.<\/p>\n<p>Pauline, anciana y ciega, viv\u00eda con su hija Hermine en su mundo de discreta elegancia, y se sent\u00eda segura y algo ajena a lo que les ocurr\u00eda a otros jud\u00edos, a los que ve\u00eda como menos afortunados.<\/p>\n<p>Y para tranquilizar a su hijo, le repet\u00eda por tel\u00e9fono:<\/p>\n<p>\u0097Pero Willy, \u00bfqu\u00e9 van a hacerle a una viejecita ciega de noventa a\u00f1os como yo?<\/p>\n<p>Las noticias segu\u00edan siendo pocas y confusas, pero la situaci\u00f3n en Europa parec\u00eda empeorar a\u00fan m\u00e1s.<\/p>\n<p>El 13 de noviembre de 1941 Wilhem recibi\u00f3 una postal con la caligraf\u00eda temblorosa de su hermana Hermine: \u0093Meine Lieben, sigue haciendo nebel und kalt (niebla y fr\u00edo). Dicen que nos van a llevar a un sitio. Te escribiremos en seguida que lleguemos ah\u00ed. No te preocupes. K\u00fcsses, Hermine\u0094.<\/p>\n<p>El 11 de diciembre de 1941 Wilhem recibi\u00f3 una corta carta de su hermano Tony en Viena diciendo que su madre y Hermine \u0093\u0085 ya no est\u00e1n conmigo. Est\u00e1n en los alrededores de donde Hermine fue al colegio. No te puedo aclarar m\u00e1s. Tu hija Maria Luisa anda por aqu\u00ed preguntando mucho por nuestra madre. \u00bfNo le podemos decir la verdad? Tony\u0094.<\/p>\n<p>Ya no hubo m\u00e1s noticias de Hermine. El humo de Auschwitz se hab\u00eda llevado las palabras que quiso escribir a su hermano Wilheim cuando llegaron \u0093ah\u00ed\u0094.<\/p>\n<p>No se habl\u00f3 m\u00e1s del tema. Silencio.<\/p>\n<p>En Madrid pasaban los a\u00f1os y mi abuelo iba y ven\u00eda en su dolor silencioso de la oficina de patentes en la que trabajaba con papeles y sellos.<\/p>\n<p>Muri\u00f3 de un infarto en 1953.<\/p>\n<p>Al vaciar su despacho, encontraron unos sobres con matasellos de Estados Unidos. La compa\u00f1\u00eda no ten\u00eda negocios en Am\u00e9rica, entonces, \u00bfde qui\u00e9n podr\u00edan ser? Eran cartas en alem\u00e1n. \u00bfDe Estados Unidos y en alem\u00e1n? No ten\u00eda sentido.<\/p>\n<p>Una de mis t\u00edas que sab\u00eda alem\u00e1n las ley\u00f3 lentamente. Eran, sin duda, cartas de agradecimiento, pero \u00bfagradeciendo qu\u00e9 y de qui\u00e9n?<\/p>\n<p>*<\/p>\n<p>\u0097No nos har\u00e1n nada. \u00bfQu\u00e9 nos van a hacer siendo europeos? \u0097pens\u00e9 yo.<\/p>\n<p>Era la Pascua jud\u00eda, 2008, y yo estaba en Palestina cruzando el muro que encarcela a Cisjordania. El cruzar era un proceso lento que implicaba entrar, con los palestinos, en un gran edificio desolador, del mismo cemento que el muro, del cual el edificio era parte. Un checkpoint. El edificio por dentro consist\u00eda en salas vac\u00edas, puertas de rejas que se abr\u00edan solas cuando se encend\u00eda una lucecita verde.<\/p>\n<p>La luz se puso roja y est\u00e1bamos atrapados entre rejas.<\/p>\n<p>\u00bfHasta cu\u00e1ndo? \u0097pensaba yo.<\/p>\n<p>Silencio.<\/p>\n<p>\u0097Hey! \u00bfHay alguien ah\u00ed? \u0097pregunt\u00e9 en ingl\u00e9s a unas c\u00e1maras que nos apuntaban, dando por hecho que alguien con autoridad para abrir las puertas me oir\u00eda y me har\u00eda caso.<\/p>\n<p>Saqu\u00e9 mi pasaporte y lo agit\u00e9 en direcci\u00f3n a la c\u00e1mara.<\/p>\n<p>\u0097I am European!<\/p>\n<p>Silencio.<\/p>\n<p>Los palestinos, que tambi\u00e9n esperaban entre rejas, resignados, intentaban animarme en su mezcla de ingl\u00e9s y \u00e1rabe:<\/p>\n<p>* Todos los d\u00edas es as\u00ed.<\/p>\n<p>* Se habr\u00e1n ido.<\/p>\n<p>* Habr\u00e1n cerrado la frontera. Cerrado. Meshdud.<\/p>\n<p>* Lo hacen sin avisar, cuando quieren.<\/p>\n<p>* A veces horas, a veces d\u00edas.<\/p>\n<p>* Hasta hay gente que se desmaya y se muere esperando.<\/p>\n<p>* Finalmente, por un altavoz, una voz en hebreo dijo algo. Pero no entend\u00ed nada. S\u00f3lo soy nieta de jud\u00edo.<\/p>\n<p>Silencio. Rejas.<\/p>\n<p>Me vi presa. Presa de ansiedad. Pens\u00e9 que mi ansiedad era porque me daba cuenta de lo que hac\u00eda d\u00edas intentaba negar: el peligro de viajar con la enfermedad cr\u00f3nica que tengo. Demasiados riesgos.<\/p>\n<p>\u0097Soy una irresponsable \u0097me dije.<\/p>\n<p>Pero sin darme cuenta, entre mi mon\u00f3logo culpabilizante, otra imagen vino a mi mente:<\/p>\n<p>\u0097Esto es un campo de concentraci\u00f3n. Estamos atrapados \u0097pens\u00e9\u0097. Pero no nos har\u00e1n nada. \u00bfQu\u00e9 nos van a hacer?<\/p>\n<p>*<\/p>\n<p>Salgo a mi balc\u00f3n que mira hacia el barrio de Gracia, en Barcelona, y cuelgo una bandera palestina en solidaridad con los que viven en Gaza que est\u00e1n siendo masacrados estos d\u00edas, despu\u00e9s de un a\u00f1o y medio de bloqueo. Entro en el cuarto de estar y pongo la televisi\u00f3n.<\/p>\n<p>\u0097\u00bfQu\u00e9 m\u00e1s nos van a hacer? \u0097grita llorando un hombre de Gaza con su hijo en sus brazos muerto por disparos. Lentamente levanta los ojos y mira directamente a la c\u00e1mara\u0097. \u00bfHasta cu\u00e1ndo el mundo va a mantenerse en silencio?<\/p>\n<p>*<\/p>\n<p>Las cartas encontradas en el despacho de mi abuelo eran de jud\u00edos austriacos que le agradec\u00edan el haberles ayudado, el haberles falsificado pasaportes y facilitado la huida a los Estados Unidos por Portugal.<\/p>\n","protected":false},"excerpt":{"rendered":"<p>Ya no es un secreto: mi abuelo era jud\u00edo. Ya no hay que mantenerlo en silencio. Wilhem (\u0093Willy\u0094) Gefaell Fiel<\/p>\n","protected":false},"author":9,"featured_media":0,"comment_status":"open","ping_status":"open","sticky":false,"template":"","format":"standard","meta":{"footnotes":""},"categories":[28],"tags":[],"class_list":["post-1392","post","type-post","status-publish","format-standard","hentry","category-siglo-xx"],"aioseo_notices":[],"_links":{"self":[{"href":"https:\/\/espai-marx.net\/index.php?rest_route=\/wp\/v2\/posts\/1392","targetHints":{"allow":["GET"]}}],"collection":[{"href":"https:\/\/espai-marx.net\/index.php?rest_route=\/wp\/v2\/posts"}],"about":[{"href":"https:\/\/espai-marx.net\/index.php?rest_route=\/wp\/v2\/types\/post"}],"author":[{"embeddable":true,"href":"https:\/\/espai-marx.net\/index.php?rest_route=\/wp\/v2\/users\/9"}],"replies":[{"embeddable":true,"href":"https:\/\/espai-marx.net\/index.php?rest_route=%2Fwp%2Fv2%2Fcomments&post=1392"}],"version-history":[{"count":0,"href":"https:\/\/espai-marx.net\/index.php?rest_route=\/wp\/v2\/posts\/1392\/revisions"}],"wp:attachment":[{"href":"https:\/\/espai-marx.net\/index.php?rest_route=%2Fwp%2Fv2%2Fmedia&parent=1392"}],"wp:term":[{"taxonomy":"category","embeddable":true,"href":"https:\/\/espai-marx.net\/index.php?rest_route=%2Fwp%2Fv2%2Fcategories&post=1392"},{"taxonomy":"post_tag","embeddable":true,"href":"https:\/\/espai-marx.net\/index.php?rest_route=%2Fwp%2Fv2%2Ftags&post=1392"}],"curies":[{"name":"wp","href":"https:\/\/api.w.org\/{rel}","templated":true}]}}