{"id":13968,"date":"2023-07-05T05:00:51","date_gmt":"2023-07-05T04:00:51","guid":{"rendered":"https:\/\/espai-marx.net\/?p=13968"},"modified":"2023-07-05T01:56:43","modified_gmt":"2023-07-05T00:56:43","slug":"por-que-turquia-y-hungria-estan-bloqueando-el-ingreso-de-suecia-en-la-otan","status":"publish","type":"post","link":"https:\/\/espai-marx.net\/?p=13968","title":{"rendered":"Por qu\u00e9 Turqu\u00eda y Hungr\u00eda est\u00e1n bloqueando el ingreso de Suecia en la OTAN"},"content":{"rendered":"<p>Los d\u00edas 11 y 12 de julio de 2023, los 31 miembros de la Organizaci\u00f3n del Tratado del Atl\u00e1ntico Norte (OTAN) celebrar\u00e1n su <a href=\"https:\/\/www.nato.int\/cps\/en\/natohq\/news_214116.htm\" target=\"_blank\" rel=\"nofollow noopener noreferrer\" shape=\"rect\">cumbre anual<\/a> en Vilna, Lituania. Para preparar la cumbre, el Secretario General de la OTAN, Jens Stoltenberg, se reuni\u00f3 con el presidente de los Estados Unidos, Joe Biden, para tratar el orden del d\u00eda de la cumbre. <a href=\"https:\/\/www.nato.int\/cps\/en\/natohq\/news_215599.htm?selectedLocale=en\" target=\"_blank\" rel=\"nofollow noopener noreferrer\" shape=\"rect\">Hablaron<\/a> de la importancia del apoyo occidental a Ucrania \u00aba largo plazo\u00bb y Stoltenberg dijo a Biden que \u00abespera dar la bienvenida a Suecia como miembro de pleno derecho de la OTAN lo antes posible\u00bb.<\/p>\n<p>En su conferencia de prensa conjunta del 13 de junio, ni Biden ni Stoltenberg mencionaron nada sobre el ingreso de Ucrania en la OTAN, aunque ambos esperaban que Suecia se convirtiera en miembro, \u00abojal\u00e1\u2026 muy pronto\u00bb, como <a href=\"https:\/\/www.whitehouse.gov\/briefing-room\/speeches-remarks\/2023\/06\/13\/remarks-by-president-biden-and-nato-secretary-general-jens-stoltenberg-before-bilateral-meeting\/\" target=\"_blank\" rel=\"nofollow noopener noreferrer\" shape=\"rect\">dijo<\/a> Biden. A pesar de los ruidos en el Bundestag alem\u00e1n por parte de los miembros dem\u00f3crata-cristianos \u2013como la <a href=\"https:\/\/lomazoma.com\/der-bundestag-fordert-die-nato-auf-der-ukraine-bereits-auf-dem-gipfel-in-vilnius-einen-map-und-einen-zeitplan-fuer-den-buendnisbeitritt-vorzulegen\/\" target=\"_blank\" rel=\"nofollow noopener noreferrer\" shape=\"rect\">insistencia<\/a> de Roderich Kiesewetter\u2013 para que Ucrania entre en la OTAN, no parece que por el momento est\u00e9n los \u00e1nimos para esto, y menos a\u00fan por parte del Canciller alem\u00e1n Olaf Scholz, que se muestra muy <a href=\"https:\/\/www.welt.de\/politik\/ausland\/article245829610\/Nato-Mitgliedschaft-fuer-Ukraine-Scholz-aeussert-sich-zurueckhaltend.html\" target=\"_blank\" rel=\"nofollow noopener noreferrer\" shape=\"rect\">cauto<\/a>. Alemania se muestra reacia a permitir la entrada de Ucrania en la OTAN durante una guerra, pero no tiene ning\u00fan problema \u2013en principio\u2013 con el ingreso de Ucrania en la OTAN. Con Suecia, el tablero es mucho m\u00e1s complicado.<\/p>\n<p><b>Finlandia se une, pero no Suecia<\/b><\/p>\n<p>En mayo de 2022, Finlandia y Suecia <a href=\"https:\/\/www.nato.int\/cps\/en\/natohq\/news_195468.htm\" target=\"_blank\" rel=\"nofollow noopener noreferrer\" shape=\"rect\">solicitaron<\/a> su ingreso en la OTAN, una alianza militar que en ese momento contaba con treinta pa\u00edses (el \u00faltimo en ingresar fue <a href=\"https:\/\/www.nato.int\/cps\/en\/natohq\/topics_52044.htm\" target=\"_blank\" rel=\"nofollow noopener noreferrer\" shape=\"rect\">Macedonia del Norte<\/a> en 2020). En aquel momento, Stoltenberg <a href=\"https:\/\/www.nato.int\/cps\/en\/natohq\/opinions_195472.htm\" target=\"_blank\" rel=\"nofollow noopener noreferrer\" shape=\"rect\">dijo<\/a> de las solicitudes: \u00abEs estupendo veros a los dos\u00bb. De hecho, era de esperar que estas solicitudes se tramitaran por la v\u00eda r\u00e1pida y que los cuatro Estados escandinavos entraran en el campo militar de la OTAN. Noruega y Dinamarca fueron miembros fundadores en 1949 (la adhesi\u00f3n de Dinamarca fue especialmente necesaria para que los Estados Unidos pudieran construir en 1951 una enorme base en la Groenlandia colonizada por los daneses: la Base Espacial de Pituffik, la base militar norteamericana m\u00e1s septentrional, <a href=\"https:\/\/nunatsiaq.com\/stories\/article\/icc_president_welcomes_danish_apology_for_thule_relocation\/\" target=\"_blank\" rel=\"nofollow noopener noreferrer\" shape=\"rect\">desplazando<\/a> a la poblaci\u00f3n inuit local).<\/p>\n<p>Poco menos de un a\u00f1o despu\u00e9s, el 4 de abril de 2023, la OTAN dio la bienvenida a Finlandia. \u00abEl ingreso en la OTAN es bueno para Finlandia\u00bb, <a href=\"https:\/\/www.nato.int\/cps\/en\/natohq\/news_213448.htm#:~:text=Finland%20became%20NATO's%20newest%20member,at%20NATO%20Headquarters%20in%20Brussels.\" target=\"_blank\" rel=\"nofollow noopener noreferrer\" shape=\"rect\">declar\u00f3<\/a> Stoltenberg. \u00abEs bueno para la seguridad n\u00f3rdica, y es bueno para la OTAN en su conjunto\u00bb. Finlandia comparte una largu\u00edsima frontera (832 millas) con Rusia, la m\u00e1s larga de cualquier Estado de la Uni\u00f3n Europea o de la OTAN. Al ingresar en la OTAN, Finlandia ha duplicado la frontera OTAN-Rusia. Finlandia comenz\u00f3 a construir una valla fronteriza a lo largo de las \u00ab<a href=\"https:\/\/www.iltalehti.fi\/kotimaa\/a\/13b66d7b-760e-47d5-b0f6-115e8e8c09d2\" target=\"_blank\" rel=\"nofollow noopener noreferrer\" shape=\"rect\">zonas de mayor riesgo<\/a>\u00bb, especialmente donde los migrantes rusos podr\u00edan intentar cruzar. Las redes sociales finlandesas se burlaron de las im\u00e1genes de la valla publicadas por la Guardia de Fronteras, afirmando que s\u00f3lo serv\u00eda para detener caballos; la \u00abvalla no es para caballos\u00bb, <a href=\"https:\/\/www.hs.fi\/kotimaa\/art-2000009581715.html\" target=\"_blank\" rel=\"nofollow noopener noreferrer\" shape=\"rect\">respondi\u00f3<\/a> el teniente coronel Jukka Lukkari.<\/p>\n<p>En la ceremonia de bienvenida a Finlandia a la OTAN, el Presidente de Finlandia, Sauli Niinist\u00f6, <a href=\"https:\/\/www.talouselama.fi\/uutiset\/niinisto-kommentoi-historiallista-nato-paivaa-suomen-nato-jasenyys-ei-ole-taydellinen-ilman-ruotsin-jasenyytta\/5134fd4e-545b-4f35-ab33-e5a53a24aec2\" target=\"_blank\" rel=\"nofollow noopener noreferrer\" shape=\"rect\">dijo<\/a> que la adhesi\u00f3n de su pa\u00eds \u00abno est\u00e1 completa sin Suecia\u00bb. A su lado, Stoltenberg, de la OTAN, dijo: \u00abEspero dar tambi\u00e9n la bienvenida a Suecia lo antes posible\u00bb.<\/p>\n<p>\u00bfPor qu\u00e9 no se admiti\u00f3 a Suecia en la alianza militar occidental? En 1949, cuando se cre\u00f3 la OTAN, el principio de toma de decisiones <a href=\"https:\/\/www.nato.int\/cps\/en\/natohq\/topics_49178.htm#:~:text=Consensus%20decision%2Dmaking%20is%20a,acceptable%20to%20all%20is%20reached.\" target=\"_blank\" rel=\"nofollow noopener noreferrer\" shape=\"rect\">adoptado<\/a> por los miembros fue el del \u00abconsenso\u00bb, lo que significa que todos los pa\u00edses deben estar de acuerdo con cualquier decisi\u00f3n; esta toma de decisiones por consenso se aplica especialmente a la cuesti\u00f3n de la adhesi\u00f3n. Dos miembros de la OTAN \u2013Hungr\u00eda y Turqu\u00eda\u2013 ratificaron la entrada de Finlandia en la OTAN, pero bloquearon la de Suecia. El hecho de que permitieran a la OTAN dar la bienvenida a Finlandia, que \u2013 a diferencia de Suecia \u2013 tiene frontera directa con Rusia, demuestra que no es la guerra de Ucrania lo que preocupa a estos dos pa\u00edses. Tienen otros problemas, directamente con Suecia.<\/p>\n<p><b>El problema de Suecia<\/b><\/p>\n<p>En una rueda de prensa en Washington con el secretario de Estado de los Estados Unidos, Antony Blinken, y Stoltenberg, de la OTAN, Vivian Salama, del <i>Wall Street Journal<\/i>, <a href=\"https:\/\/www.state.gov\/secretary-antony-j-blinken-and-nato-secretary-general-stoltenberg-at-a-joint-press-availability\/\" target=\"_blank\" rel=\"nofollow noopener noreferrer\" shape=\"rect\">pregunt\u00f3<\/a>: \u00ab\u00bfLes preocupa que Turqu\u00eda se est\u00e9 convirtiendo cada vez m\u00e1s en un aliado perturbador?\u00bb. Tanto Blinken como Stoltenberg eludieron la pregunta, lo que llev\u00f3 a Kylie Atwood, de la <i>CNN<\/i>, a preguntar directamente por el ingreso de Suecia en la OTAN. Stoltenberg se\u00f1al\u00f3 oblicuamente la preocupaci\u00f3n de Turqu\u00eda por la presencia del Partido de los Trabajadores del Kurdist\u00e1n (PKK) en Suecia. \u00abTodos los aliados de la OTAN est\u00e1n, por supuesto, dispuestos a sentarse y abordar esas preocupaciones, incluidas las amenazas que el PKK representa para Turqu\u00eda\u00bb, dijo Stoltenberg.<\/p>\n<p>En 2009, cuando Suecia ocupaba la presidencia del Consejo de Europa, el entonces primer ministro Fredrik Reinfeldt <a href=\"https:\/\/www.svd.se\/a\/13df6d2d-adab-3563-b72f-a5c7faf04b39\/turkar-ber-reinfeldt-om-hjalp\" target=\"_blank\" rel=\"nofollow noopener noreferrer\" shape=\"rect\">prometi\u00f3<\/a> guiar a Turqu\u00eda hacia la Uni\u00f3n Europea. En aquel momento, las relaciones eran s\u00f3lidas. La guerra de Turqu\u00eda en los \u00faltimos a\u00f1os contra las minor\u00edas kurdas en el sureste del pa\u00eds y en el norte de Siria despert\u00f3 a la comunidad kurda exiliada en Suecia. Las protestas en Estocolmo han molestado al presidente turco Recep Tayyip Erdogan, que ha llamado en repetidas ocasiones al embajador sueco en Ankara para quejarse de estas protestas. Cuando el Comit\u00e9 Rojava de Suecia quem\u00f3 una efigie de Erdogan, el ministro sueco de Asuntos Exteriores, Tobias Billstr\u00f6m, <a href=\"https:\/\/twitter.com\/TobiasBillstrom\/status\/1613513761809379328\" target=\"_blank\" rel=\"nofollow noopener noreferrer\" shape=\"rect\">escribi\u00f3<\/a> en Twitter: \u00abRetratar a un presidente elegido popularmente como ejecutado frente al Ayuntamiento es aborrecible\u00bb. Esta declaraci\u00f3n no fue suficiente. El primer ministro sueco, Ulf Kristersson, <a href=\"https:\/\/www.arbetaren.se\/2022\/07\/19\/erdogan-hotar-aterigen-att-stoppa-svensk-natoansokan\/\" target=\"_blank\" rel=\"nofollow noopener noreferrer\" shape=\"rect\">dijo<\/a> que su pa\u00eds ten\u00eda leyes \u00abantiterroristas\u00bb d\u00e9biles y que su Gobierno estaba en conversaciones con Ankara para ver qu\u00e9 se pod\u00eda hacer.<\/p>\n<p>De camino a Azerbaiy\u00e1n, el 14 de junio, Erdogan <a href=\"https:\/\/www.dailysabah.com\/politics\/diplomacy\/erdogan-tells-sweden-not-to-expect-much-from-nato-summit\" target=\"_blank\" rel=\"nofollow noopener noreferrer\" shape=\"rect\">descart\u00f3<\/a> la posibilidad de que se permitiera a Suecia entrar en la OTAN en julio.<\/p>\n<p>En mayo de 2023, el presidente de Hungr\u00eda, Viktor Orban, viaj\u00f3 a Doha para asistir al Foro Econ\u00f3mico de Qatar. Se le pregunt\u00f3 por qu\u00e9 su alianza gobernante, Fidesz-KDNP, que domina el Parlamento (135 de 199 esca\u00f1os), se niega a ratificar la entrada de Suecia en la OTAN. Orban <a href=\"https:\/\/hvg.hu\/itthon\/20230523_Orban_Viktor_Svedorszag_NATOcsatlakozas\" target=\"_blank\" rel=\"nofollow noopener noreferrer\" shape=\"rect\">dijo<\/a> sin rodeos que no dar\u00eda marcha atr\u00e1s porque \u00abSuecia expresa injustamente una opini\u00f3n perjudicial sobre la situaci\u00f3n de la democracia y el Estado de Derecho en Hungr\u00eda\u00bb. Suecia no est\u00e1 sola en estas preocupaciones, expresadas con mucha firmeza por trece intelectuales h\u00fangaros en un impactante <a href=\"https:\/\/napvilagkiado.eu\/termek\/kihivasok-2021\/\" target=\"_blank\" rel=\"nofollow noopener noreferrer\" shape=\"rect\">libro<\/a> (\u00ab<i>Igazs\u00e1goss\u00e1g\u2013demokr\u00e1cia\u2013fenntarthat\u00f3s\u00e1g<\/i>\u00bb) el a\u00f1o pasado.<\/p>\n<p>Orban estaba muy molesto con Suecia por su apoyo a un informe parlamentario de la Uni\u00f3n Europea de septiembre de 2022 que <a href=\"https:\/\/www.europaportalen.se\/2022\/09\/eu-parlamentet-ungern-inte-langre-en-demokrati\" target=\"_blank\" rel=\"nofollow noopener noreferrer\" shape=\"rect\">describ\u00eda<\/a> el sistema pol\u00edtico h\u00fangaro como \u00abun r\u00e9gimen h\u00edbrido con autocracia parlamentaria\u00bb. A menos que Suecia revoque esta actitud, dice Budapest, no le permitir\u00e1 entrar en la OTAN.<\/p>\n","protected":false},"excerpt":{"rendered":"<p>Los d\u00edas 11 y 12 de julio de 2023, los 31 miembros de la Organizaci\u00f3n del Tratado del Atl\u00e1ntico Norte<\/p>\n","protected":false},"author":5,"featured_media":13969,"comment_status":"open","ping_status":"open","sticky":false,"template":"","format":"standard","meta":{"footnotes":""},"categories":[29,1899],"tags":[],"class_list":["post-13968","post","type-post","status-publish","format-standard","has-post-thumbnail","hentry","category-internacional","category-militarismo"],"aioseo_notices":[],"_links":{"self":[{"href":"https:\/\/espai-marx.net\/index.php?rest_route=\/wp\/v2\/posts\/13968","targetHints":{"allow":["GET"]}}],"collection":[{"href":"https:\/\/espai-marx.net\/index.php?rest_route=\/wp\/v2\/posts"}],"about":[{"href":"https:\/\/espai-marx.net\/index.php?rest_route=\/wp\/v2\/types\/post"}],"author":[{"embeddable":true,"href":"https:\/\/espai-marx.net\/index.php?rest_route=\/wp\/v2\/users\/5"}],"replies":[{"embeddable":true,"href":"https:\/\/espai-marx.net\/index.php?rest_route=%2Fwp%2Fv2%2Fcomments&post=13968"}],"version-history":[{"count":0,"href":"https:\/\/espai-marx.net\/index.php?rest_route=\/wp\/v2\/posts\/13968\/revisions"}],"wp:featuredmedia":[{"embeddable":true,"href":"https:\/\/espai-marx.net\/index.php?rest_route=\/wp\/v2\/media\/13969"}],"wp:attachment":[{"href":"https:\/\/espai-marx.net\/index.php?rest_route=%2Fwp%2Fv2%2Fmedia&parent=13968"}],"wp:term":[{"taxonomy":"category","embeddable":true,"href":"https:\/\/espai-marx.net\/index.php?rest_route=%2Fwp%2Fv2%2Fcategories&post=13968"},{"taxonomy":"post_tag","embeddable":true,"href":"https:\/\/espai-marx.net\/index.php?rest_route=%2Fwp%2Fv2%2Ftags&post=13968"}],"curies":[{"name":"wp","href":"https:\/\/api.w.org\/{rel}","templated":true}]}}