{"id":1397,"date":"2010-07-11T00:00:00","date_gmt":"2010-07-11T00:00:00","guid":{"rendered":"https:\/\/espai-marx.net\/?p=1397"},"modified":"2020-02-21T17:14:48","modified_gmt":"2020-02-21T16:14:48","slug":"debe-asistir-la-ciudadania-de-izquierda-a-la-manifestacion-del-10-de-julio-en-barcelona-i-ii-y-iii","status":"publish","type":"post","link":"https:\/\/espai-marx.net\/?p=1397","title":{"rendered":"\u00bfDebe asistir la ciudadan\u00eda de izquierda a la manifestaci\u00f3n del 10 de julio en Barcelona? (I, II y III)"},"content":{"rendered":"<p align=\"CENTER\"><i>6-07-2010 <\/i><\/p>\n<p align=\"CENTER\"><b>\u00bfDebe asistir la ciudadan\u00eda de izquierda a la manifestaci\u00f3n del 10 <\/b><b>de julio en Barcelona? (I) <\/b><\/p>\n<p align=\"JUSTIFY\"><strong>Dos observaciones iniciales. <\/strong><\/p>\n<p align=\"JUSTIFY\">La manifestaci\u00f3n del pr\u00f3ximo 10 de julio en Barcelona tiene por lema \u201cSom una naci\u00f3. Nosaltres decidim\u201d. La consigna, la vindicaci\u00f3n, la cosmovisi\u00f3n de fondo, la posici\u00f3n pol\u00edtica que se defiende parece una versi\u00f3n, b\u00e1sicamente coincidente, del derecho de autodeterminaci\u00f3n cl\u00e1sico. Algunos de los sectores que hoy la hacen suya, se mofaban abiertamente del planteamiento del PSUC y de otras organizaciones marxistas-comunistas cuando \u00e9stas ten\u00edan, incluso en este \u00e1mbito, cierta hegemon\u00eda pol\u00edtico-cultural. Recordemos, por ejemplo, los debates ante el intento de incluir ese derecho en la Constituci\u00f3n de 1978. Se dir\u00e1: en aquellos tiempos era una simple quimera; ahora, en cambio, es una realidad alcanzable, que podemos ya tocar con los yemas de nuestros dedos. Tal vez. Sea como sea, los comunistas catalanes, y no s\u00f3lo catalanes, han abonado ese jard\u00edn de emancipaci\u00f3n popular y ciudadana insistiendo a un tiempo en su posici\u00f3n no independentista, favorecedora de una Espa\u00f1a o incluso de una Iberia federal republicana.<\/p>\n<p align=\"JUSTIFY\">La segunda observaci\u00f3n enlaza con esta \u00faltima consideraci\u00f3n. Gerardo Pisarello [2] ha arg\u00fcido espl\u00e9ndidamente que la sentencia, sin ser la peor de las posibles, adolec\u00eda de dos vicios insalvables. Por una parte, resultaba insuficiente \u201cpara sanear la p\u00e9rdida de legitimidad de un tribunal cuyo papel de \u00e1rbitro en materia territorial se encuentra profundamente cuestionado\u201d. El segundo, el que aqu\u00ed se quiera destacar, es que el propio tribunal \u201cse ha visto forzado a hacerse eco del sentido com\u00fan medio dominante en el PSOE y el PP\u201d. Para ello, prosigue Pisarello, \u201cha trazado sus l\u00edneas rojas en torno a las dos cuestiones respecto de las cuales el Estatut podr\u00eda haber supuesto un cierto avance: la consolidaci\u00f3n de una mayor cultura federal y un genuino reconocimiento del pluralismo nacional\u201d. Las limitaciones impuestas por el fallo, por ejemplo, al Consejo de Justicia, y con ello, a las posibilidades de una mayor desconcentraci\u00f3n del Poder Judicial, as\u00ed como al Consejo de Garant\u00edas Estatutarias, afectan, destaca el profesor de Derecho de la Universidad de Barcelona, a cuestiones que resultar\u00edan naturales en la mayor\u00eda de ordenamientos federales. Lo mismo ocurre \u201crespecto de los l\u00edmites a la llamada legislaci\u00f3n b\u00e1sica del Estado central, que como el propio TC ha reconocido, ha sido un instrumento frecuente de vaciamiento de competencias auton\u00f3micas\u201d. Tras cuatro a\u00f1os de recortes, demoras e instrumentalizaci\u00f3n partidista, concluye Pisarello, son n\u00edtidos \u201clos l\u00edmites de las lecturas abiertas y federalizantes que la Constituci\u00f3n espa\u00f1ola supuestamente admit\u00eda\u201d. Cerrada esa v\u00eda, \u201cel escenario para la desafecci\u00f3n y el mutuo recelo est\u00e1 servido\u201d. Varios pol\u00edticos e intelectuales catalanes, no independentistas, han destacado tambi\u00e9n el v\u00e9rtice se\u00f1alado por Gerardo Pisarello, quien, a diferencia de los anteriores, llama la atenci\u00f3n sobre la potencial realidad de esta desafecci\u00f3n para pensar, obrar y hacer democr\u00e1ticamente en direcci\u00f3n opuesta..<\/p>\n<p align=\"JUSTIFY\">Volvamos al inicio. \u00bfEs pertinente la pregunta que encabeza esta nota? Creo que lo es. Una de las razones: no es improbable que en la cabeza de la manifestaci\u00f3n del pr\u00f3ximo 10 de julio, al lados de otros prohombres de la naci\u00f3n, figuren el se\u00f1or Duran i Lleida y su compa\u00f1ero de coalici\u00f3n, Artur Mas, dos de los hooligans catalanes m\u00e1s destacados del neoliberalismo (para los otros, no para ellos ni para sus pr\u00f3ximos) o el mism\u00edsimo Xavier Trias. \u00bfTiene alg\u00fan sentido que los trabajadores y ciudadanos de izquierda marchen a una con dos de los pol\u00edticos que m\u00e1s han hecho para que la nueva contrarreforma laboral, vendida por ellos mismos a la ciudadan\u00eda como necesaria, imprescindible, tenga perfiles m\u00e1s odiosos, m\u00e1s favorables a las patronales, a los suyos, girando a\u00fan m\u00e1s hacia la derecha la reforma antiobrera elaborada por el gobierno Zapatero? \u00bfDebemos ir cogidos de la mano, aplaudiendo indirectamente su candidatura electoral municipal, con uno de los pol\u00edticos, no el \u00fanico desde luego ni el m\u00e1s destacado en este caso, que est\u00e1 implicado hasta la yugular en ese caso de infamia insondable que es el asunto del hotel Palau?<\/p>\n<p align=\"JUSTIFY\">La pregunta, creo, es pertinente. Nadie deber\u00eda asociar en este caso, mec\u00e1nicamente, posiciones de izquierda con respuesta y movilizaci\u00f3n. Uno de los pol\u00edticos que pertenece al sector autodenominado \u201csoberanista\u201d del PSC, el se\u00f1or Ernest Maragall, con diferencia, el peor conseller de Educaci\u00f3n de estos \u00faltimos treinta a\u00f1os, un firme partidario del neoliberalismo extremo en la gesti\u00f3n de la educaci\u00f3n, es uno de los adalides de la manifestaci\u00f3n del 10, alguien que, curiosamente, ha hecho o\u00eddos sordos con insultante sonrisa profiden de prepotencia pol\u00edtica a cuatro grandes manifestaciones ciudadanas que criticaban su inadmisible gesti\u00f3n desde cualquier honesta atalaya de izquierda, por moderada que esta fuese. No ha alterado ni una coma de sus recetas neoliberales; entre ellas, la eliminaci\u00f3n de los estudios nocturnos de bachiller en Catalunya, pactando cuando as\u00ed lo ha estimado con la oposici\u00f3n de Mas y dejando en la cuneta a la izquierda institucional con la que forma gobierno.<\/p>\n<p align=\"JUSTIFY\">De hecho, como ha apuntado Jos\u00e9 A. Gonz\u00e1lez Casanova [2], la simple informaci\u00f3n period\u00edstica sobre la sentencia -el contenido final se espera para el 12 de julio, dos d\u00edas despu\u00e9s de la convocatoria institucional de manifestaci\u00f3n-, sin matizaciones ni contextualizaciones, ha sido suficiente para bombardear a lectores, oyentes y, sobre todo, televidentes con todo tipo de exageraciones. Se habla, una tarde s\u00ed, la siguiente ma\u00f1ana tambi\u00e9n, de voluntad popular, de raz\u00f3n ciudadana, pero, sin que nadie pueda ver aqu\u00ed una disculpa a las posiciones espa\u00f1olistas y separatistas (digo bien) del PP o al espect\u00e1culo \u00fanico, espa\u00f1ol y \u201cmuy taurino\u201d del mism\u00edsimo Tribunal Constitucional, poco se hace para transmitir una informaci\u00f3n correcta y objetiva a la ciudadan\u00eda catalana y, sobre todo, para no confundir las posiciones defendidas por las instituciones del Estado espa\u00f1ol con los deseos y finalidades de la ciudadan\u00eda espa\u00f1ola.<\/p>\n<p align=\"JUSTIFY\">Se agolpan, por ejemplo, las concentraciones, los encuentros, las mesas, anunciando la manifestaci\u00f3n del 10 de julio. Programas televisivos en horas de m\u00e1xima audiencia se dedican a la sentencia y la movilizaci\u00f3n [3]. Tot el pa\u00eds \u00e9s un clam, som la gent catalana! Ni que decir tiene que todas esas voces cr\u00edticas, incluyendo las de intelectuales nacionalistas muy reconocidos e influyentes, no dijeron esta boca es m\u00eda, o apenas se oyeon, con ocasi\u00f3n de las medidas antiobreras y antipopulares y de la ley de la contrarreforma laboral. El pa\u00eds de las clases medias y altas, entonces, con notables excepciones, no fue un clam. Fue silencio generalizado cuando no falsario argumentario pro-reforma.<\/p>\n<p align=\"JUSTIFY\">Es sabido que la clase alta y media catalana ocupa un espacio destacad\u00edsimo en la agenda pol\u00edtico-cultural de esta sociedad. Sus temas no s\u00f3lo son sus temas sino que son los temas. Basta ver, con alguna excepci\u00f3n notable y sorprendente, cualquier informativo de TV3 para darse cuenta de ello.<\/p>\n<p align=\"JUSTIFY\">Por lo dem\u00e1s, para algunos ciudadanos [4], el fallo del Constitucional contra catorce art\u00edculos del Estatut \u201cha creado un aut\u00e9ntico nudo gordiano en el que ser\u00e1 dif\u00edcil encontrar una soluci\u00f3n\u201d no s\u00f3lo entre el gobierno central y el auton\u00f3mico sino entre las fuerzas pol\u00edticas catalanas para responder unitariamente al recorte estatuario. Por esa senda, algunas voces se\u00f1alan, con valoraciones de no inmediata comprensi\u00f3n, que \u201cla respuesta social ciudadana de la manifestaci\u00f3n del 10 de julio ser\u00e1 un punto de inflexi\u00f3n, al que hay que sumar el ambiente generado por la pr\u00f3xima huelga general en todo el estado que refuerza el sentimiento \u00abantiespa\u00f1olista\u00bb contra el gobierno de Zapatero\u201d [5]. \u00bfRefuerzo del sentimiento antiespa\u00f1olista por la anunciada huelga del 29 de septiembre contra la pol\u00edtica laboral del gobierno Zapatero?<\/p>\n<p align=\"JUSTIFY\">Alguien tan moderado pol\u00edticamente como Salvador Giner, muy pr\u00f3ximo a las posiciones defendidas por Pasqual Maragall, ha se\u00f1alado una peligrosa pero muy real arista: \u201cEl Tribunal Constitucional se ha convertido en un amigo extraordinario del separatismo. Ha trabajado par ellos con gran eficacia. La se\u00f1ora Mar\u00eda Emilia Casas y sus compa\u00f1eros se han ganado dos vueltas al ruedo, dos orejas, un gran monumento de los independentistas\u201d.<\/p>\n<p align=\"JUSTIFY\">Es razonable pensar as\u00ed. Encuestas no siempre fiables y estudios sociol\u00f3gicos recientes parece confirmar el auge del independentismo en Catalunya, y no siempre por motivos nacionalistas, apelando al sentimiento nacional [6], una senda que la izquierda transformadora nunca ha abonado: el ejercicio del derecho de autodeterminaci\u00f3n, la defensa de los derechos nacionales de los pueblos, se estimaba paralelo al federalismo y a la solidaridad entre pueblos y ciudadanos. No era un enfoque equivocado, no es un enfoque extraviado.<\/p>\n<p><i>Notas: <\/i> [1] \u201cReino de Espa\u00f1a: ni cultura federal ni pluralismo nacional. \u00bfObjetivo cumplido?\u201d http:\/\/www.sinpermiso.info\/textos\/index.php?id=3462 [1] Jos\u00e9 A. Gonz\u00e1lez Casanova, \u201cLa sent\u00e8ncia, una arma electoral!\u201d. <i>P\u00fablico<\/i>, 3 de julio de 2010, p. 5 (edici\u00f3 catalana).<\/p>\n<p align=\"JUSTIFY\">[2] Era pat\u00e9tico ver a los representantes del PP y de Ciutadans en uno de estos programas estrellas. Ciertamente, tampoco otros representantes pol\u00edticos de partidos convocantes tuvieron su mejor d\u00eda.<\/p>\n<p align=\"JUSTIFY\">[3] Francesc Casad\u00f3, \u201cL\u2019Estatut, nudo gordiano de Espa\u00f1a\u201d. <a href=\"http:\/\/www.rebelion.org\/noticia.php?id=109043\"><u>http:\/\/www.rebelion.org\/noticia.php?id=109043 <\/u><\/a><\/p>\n<p align=\"JUSTIFY\">[4] Ibidem. Francesc Casad\u00f3 a\u00f1ade: \u201cEs un aut\u00e9ntico nudo gordiano donde el pensamiento l\u00f3gico y vertical no parece dar respuesta al conflicto del hecho nacional\u201d. \u00bfPensamiento l\u00f3gico y vertical?<\/p>\n<p align=\"JUSTIFY\">[5] <a href=\"http:\/\/www.correntroig.org\/spip.php?article1804\u2329=ca\"><u>http:\/\/www.correntroig.org\/spip.php?article1804&lt;=ca <\/u><\/a><\/p>\n<p align=\"JUSTIFY\">[6] El ejemplo de Xavier Rubert de Vent\u00f3s, un intelectual muy pr\u00f3ximo al entorno maragalliano, es paradigm\u00e1tico de este independentismo de razones pragm\u00e1ticas.<\/p>\n<p align=\"JUSTIFY\">\n<p align=\"CENTER\"><b><i>09-07-2010 <\/i><\/b><\/p>\n<p align=\"CENTER\"><b>\u00bfDebe asistir la ciudadan\u00eda de izquierda a la manifestaci\u00f3n del 10 <\/b><b>de julio en Barcelona? (II) <\/b><\/p>\n<p align=\"JUSTIFY\">El lema de la manifestaci\u00f3n del pr\u00f3ximo 10 de julio en Barcelona &#8211;\u201cSom una naci\u00f3. Nosaltres decidim\u201d-est\u00e1 provocando en Catalunya debates de alta tensi\u00f3n. La discusi\u00f3n recuerda, el lector\/a sabr\u00e1 disculpar la frivolidad, las pol\u00e9micas de diversas tendencias enrojecidas sobre comas, puntos, guiones y citas de Lenin, Marx y Trostky en las octavillas de agitaci\u00f3n de la lucha antifranquista.<\/p>\n<p align=\"JUSTIFY\">Pero no es eso, no es eso. En opini\u00f3n de algunos, que son bastantes, no es cualquier cosa que el president de la Generalitat catalana, Jos\u00e9 Montilla, y el resto de l\u00edderes pol\u00edticos, sociales e intelectuales lleve en sus manos una pancarta con una lema tan soberanista. Agitar\u00e1n huracanes y se abonar\u00e1n senderos independentistas ya bastante revueltos. La prensa \u201cde Madrid\u201d volver\u00eda a hablar de la Espa\u00f1a rota y roja (\u201cRoja\u201d por la selecci\u00f3n, desde luego, no tengan falsas esperanzas).<\/p>\n<p align=\"JUSTIFY\">El PP y Ciutadans critican a Artur Mas y Jos\u00e9 Montilla por alimentar el independentismo inherente a la movilizaci\u00f3n del s\u00e1bado. Hubieran dicho lo mismo casi en cualquier otro caso. Pasemos p\u00e1gina, no es necesario prestarles demasiado atenci\u00f3n. Es la soledad de los corredores sin fondo y con mucho griter\u00edo.<\/p>\n<p align=\"JUSTIFY\">Duran i Lleida, Josep Antoni para m\u00e1s se\u00f1as, el representante del sector m\u00e1s moderado de CiU, ha alertado este fin de semana sobre el aquelarre independentista en que puede convertirse la manifestaci\u00f3n del pr\u00f3ximo s\u00e1bado. Por ah\u00ed no, ha se\u00f1alado el h\u00e1bil y calculador l\u00edder democristiano. Su cuerpo social y electoral no abona ese campo ni sus alrededores a veces tan pr\u00f3ximos al PP; sus futuras alianzas electorales tampoco. Las posiciones del president Montilla, con complementos de matiz estatal, no parecen estar muy alejadas de las consideraciones de Duran i Lleida a pesar de lo por \u00e9l apuntado sobre la desafecci\u00f3n creciente de Catalunya.<\/p>\n<p align=\"JUSTIFY\">Alfons L\u00f3pez Tena, miembro de la junta directiva del Omnium Cultural y tenaz agitador nacionalista-independentista, ha se\u00f1alado que no cabe modificar ni el contenido, ni el lema ni el planteamiento acordados, como pretende la tendencia mayoritaria del PSC: la marcha se pens\u00f3 a favor del derecho a decidir; quien no est\u00e9 de acuerdo que organice una alternativa, ha apuntado retador el dirigente del CiU [1]. El president Montilla y la direcci\u00f3n del PSC, por su parte, hablan de una senyera, sin lema, que encabece la manifestaci\u00f3n ciudadana cr\u00edtica con la sentencia del TC, sin alardes soberanistas que dividan y entorpezcan la, apuntan, indispensable unidad.<\/p>\n<p align=\"JUSTIFY\">En el momento en que escribo esta nota se habla de un probable acuerdo, que cuenta con fuertes opositores, que pase por una primera l\u00ednea de manifestaci\u00f3n compuesta por dos pancartas: una, con la senyera, sin ning\u00fan lema, en la que ir\u00eda el president Montilla; y otra, con el lema se\u00f1alado, que contar\u00eda con la presencia de l\u00edderes de CiU, ERC, ICV-EUiA y representantes de entidades ciudadanas convocantes.<\/p>\n<p align=\"JUSTIFY\">Un grupo de intelectuales catalanes -Frederic Amat, Oriol Bohigas, Josep M\u00aa Castellet, Jordi Coca, Isabel Coixet, Antoni Dalmau, Josep Fontana, Ferran Mascarell, Anna Maria Moix, Joaquim Molas, Llu\u00eds Pasqual, Rosa Reg\u00e0s, Antoni Ros Marb\u00e0, Antoni T\u00e0pies y el President del Consell de Cambres de Catalunya -Miquel Valls-, no todos del \u00e1mbito socialista (la presencia del gran historiador, luchador antifranquista y catedr\u00e1tico de la Pompeu Fabra Josep Fontana es altamente significativa), ha firmado un manifiesto \u2013\u201cCrida per una manifestaci\u00f3 unit\u00e0ria. Unitat per Catalunya\u201d [2]-en el que argumentan su rechazo a la sentencia emitida por el Tribunal Constitucional \u201cporque se trata de un tribunal contaminado y deslegitimado\u201d, que ha usado m\u00f3viles pol\u00edticos, que no t\u00e9cnicos, y que adem\u00e1s ha cuestionado de ra\u00edz el pacto pol\u00edtico entre el Parlament de Catalunya y las Cortes Generales promulgado como ley org\u00e1nica del Estado, pacto y ley que fueron refrendados por el pueblo de Catalunya. Ante la situaci\u00f3n originada por la sentencia y ante el intento reiterado de dividir al pueblo de Catalunya, los firmantes apelan a la unidad de la ciudadan\u00eda catalana en base a la causa com\u00fan que, en su opini\u00f3n, es el autogobierno catal\u00e1n, autogobierno que permita avanzar hacia un pa\u00eds mejor, m\u00e1s libre y m\u00e1s justo, a partir de lo que m\u00e1s une en estos momentos y que, de hecho, \u201cha unido siempre al catalanismo\u201d: la defensa de la afirmaci\u00f3n de la naci\u00f3n catalana.<\/p>\n<p align=\"JUSTIFY\">Esta es, en opini\u00f3n de los firmantes, la manifestaci\u00f3n que ahora necesita Catalunya que, por ello, debe estar encabezada por los representantes democr\u00e1ticos del pueblo de Catalunya, con el President y los dirigentes parlamentarios a la cabeza, llevando la senyera, el \u201cs\u00edmbolo nacional, el que acoge a todos los catalanes y catalanas\u201d.<\/p>\n<p align=\"JUSTIFY\">Curiosamente uno de los firmantes de este manifiesto, Ferran Mascarell, ex conseller socialista, se\u00f1alaba muy recientemente, hace apenas dos o tres d\u00edas [3], que si bien no era independentista en t\u00e9rminos pol\u00edticos, \u201csi Espa\u00f1a no me da un Estado eficiente, tendr\u00e9 que hacerme independentista. No podemos afrontar una crisis como esta sin un Estado eficiente, y si algo ha quedado claro en este proceso, tras cuatro a\u00f1os, es que Espa\u00f1a no lo es\u201d. Desde su punto de vista, no se trata de discutir punto por punto la sentencia, no es esa la cuesti\u00f3n, sino constatar tras ella el retroceso democr\u00e1tico y de valores. \u201cLos que llevamos treinta a\u00f1os apostando por una Espa\u00f1a plural vemos que esto no parece posible\u201d. S\u00f3lo servir\u00eda una Espa\u00f1a confederal, de igual a igual. Si tampoco esto no es posible, conclu\u00eda Mascarell, \u201centiendo perfectamente la independencia\u201d.<\/p>\n<p align=\"JUSTIFY\">Josep Ramoneda, desde una atalaya pol\u00edtica normalmente distante del \u00e1mbito socialista, no parece alejarse mucho en este caso de la conclusi\u00f3n del ex conseller [4]. La sentencia, en su opini\u00f3n, ha dejado claro que no es posible salirse de este marco, que la soluci\u00f3n federal no es posible en el Estado de las autonom\u00edas. Para resolver el problema s\u00f3lo cab\u00edan dos posibilidades: o el federalismo o la independencia. \u201cSi el federalismo no es posible, ya est\u00e1 claro. \u00bfno?\u201d.<\/p>\n<p align=\"JUSTIFY\">Por su parte, Marc Sallas i Batlle, portavoz nacional de la Candidatura d&#8217;Unitat Popular (CUP), en entrevista con Txente Redondo para <i>Gara <\/i>[5], preguntado por la valoraci\u00f3n de la CUP de la situaci\u00f3n creada tras la sentencia en torno al Estatut, ha se\u00f1alado que se ha dejado fuera de combate y con el discurso agotado al autonomismo \u201cen esta parte del pa\u00eds\u201d. La sentencia del YC ha puesto sobre la mesa \u201cla contradicci\u00f3n fundamental entre la voluntad de nuestro pueblo y los l\u00edmites que impone el actual marco jur\u00eddico y pol\u00edtico, y esto est\u00e1 abriendo muchas mentalidades hasta ahora encerradas en esquemas autonomistas o federalistas\u201d. En su opini\u00f3n, sectores del PSOE catal\u00e1n, es decir, del PSC, o de la derecha regionalista, seguramente refiri\u00e9ndose a CiU, \u201chablan ya de recuperar el pacto con el Estado o de apuntar ahora hacia el Concierto Econ\u00f3mico\u201d. Pero, se\u00f1ala Marc Sallas, \u201cellos saben mejor que nadie que el pacto con el Estado s\u00f3lo se puede reeditar desde una posici\u00f3n de sumisi\u00f3n y que el Concierto para Catalunya har\u00eda inviable el proyecto espa\u00f1ol\u201d. Por lo dem\u00e1s, seg\u00fan Marc Sallas, los dirigentes de estos partidos est\u00e1n viendo c\u00f3mo crecen los independentistas entre sus propias filas En su opini\u00f3n, antiguos dirigentes del PSC, est\u00e1n abrazando ya el independentismo como proyecto y, m\u00e1s importante si cabe, \u201clo hacen desde posiciones progresistas\u201d. No concreta nombres ni explica Marc Sallas qu\u00e9 entiende por progresismo. Sea como sea, concluye, \u201cmientras las estructuras de los partidos mayoritarios proponen soluciones inviables, aumentan los que ven en la independencia la \u00fanica soluci\u00f3n\u201d.<\/p>\n<p align=\"JUSTIFY\">Transitando por ese sendero, la finalidad abiertamente manifestada del sector independentista agrupado en torno a la \u201cPlataforma pel Dret a decidir\u201d [6] es finalizar la manifestaci\u00f3n en un lugar distinto al programado por \u201cla marcha oficial\u201d reclamando con total nitidez la formaci\u00f3n de un Estado propio.<\/p>\n<p align=\"JUSTIFY\">Para sectores de la izquierda comunista, Corriente Roja es el ejemplo que aqu\u00ed se recoge, la sentencia ha dejado claro que \u201cla libertad de Catalunya no cabe en la Constituci\u00f3n de la monarqu\u00eda espa\u00f1ola\u201d [7]. Este r\u00e9gimen pol\u00edtico se ha levantado y sigue haci\u00e9ndolo \u201csobre la negaci\u00f3n del derecho de los pueblos a su autodeterminaci\u00f3n y sobre la impunidad de los cr\u00edmenes del franquismo\u201d. La v\u00eda del Estatuto de Autonom\u00eda es ya una v\u00eda muerta: \u201cel \u00fanico camino es la conquista del derecho de autodeterminaci\u00f3n\u201d, que Corriente Roja considera como \u201cderecho irrestricto a la independencia, si as\u00ed lo decide el pueblo catal\u00e1n\u201d. Sin el ejercicio de ese derecho, hablar de democracia \u201ces una burla c\u00ednica\u201d.<\/p>\n<p align=\"JUSTIFY\">Corriente Roja cree que el respeto al ejercicio del derecho a la autodeterminaci\u00f3n es \u201clo que permitir\u00e1 alcanzar la unidad entre los trabajadores de todas las naciones del Estado y constituye la condici\u00f3n b\u00e1sica para una uni\u00f3n libre y fraternal de los pueblos ib\u00e9ricos, que creemos indispensable en la lucha por una Europa socialista de los trabajadores y de los pueblos\u201d. Por \u00e9sta, y por las anteriores consideraciones, llaman a participar en la manifestaci\u00f3n del d\u00eda 10 de julio en \u201cel bloque que, confrontado al Tripartito y a CiU, defiende el derecho a la Autodeterminaci\u00f3n y rechaza la v\u00eda estatutaria\u201d [8].<\/p>\n<p align=\"JUSTIFY\">Uni\u00f3n libre y fraternal de todos los pueblos ib\u00e9ricos, condici\u00f3n indispensable para la lucha por una Europa socialista. Palabras mayores, reflexiones de fondo. \u00bfLa manifestaci\u00f3n del pr\u00f3ximo 10 de julio abona ese sendero de unidad popular ciudadana y de avance socialista?<\/p>\n<p align=\"JUSTIFY\">PS: Los comentarios antijacobinos parecen extenderse \u00faltimamente. Daniel V\u00e1zquez Sall\u00e9s, en su columna en <i>P\u00fablico <\/i>del pasado martes [9], escrib\u00eda: \u201c[..] Metidos a disgusto en estos fregados, los miembros del PSC dudan, no saben si querer m\u00e1s a pap\u00e1 Espa\u00f1a o a mam\u00e1 Catalunya, sabedores de que, elijan a quien elijan, saldr\u00e1n perdiendo. <i>Menos el sector jacobino del PSC, que quiere y desea hacer carrera pol\u00edtica en Madrid y optar a alg\u00fan ministerio<\/i>, el resto tiene que jugar siempre a la puta i a la Ramoneta\u2026\u201d \u00bfJacobinos en el PSC? La ministra Chac\u00f3n, \u00bfuna dirigente jacobina?<\/p>\n<p align=\"JUSTIFY\">Notas: [1] <i>P\u00fablico<\/i>, 6 de julio de 2010, p. 15.<\/p>\n<p align=\"JUSTIFY\">[2] <u><a href=\"http:\/\/unitatpercatalunya.wordpress.com\/\">http:\/\/unitatpercatalunya.<\/a> <a href=\"http:\/\/unitatpercatalunya.wordpress.com\/\">wordpress.com\/ <\/a><\/u><\/p>\n<p align=\"JUSTIFY\">[3] <i>P\u00fablico<\/i>, 4 de julio de 2010, p. 3.<\/p>\n<p align=\"JUSTIFY\">[4] Ibidem<\/p>\n<p align=\"JUSTIFY\">[5] <u><a href=\"http:\/\/www.rebelion.org\/noticia.php?id=109194\">http:\/\/www.rebelion.org\/<\/a> <a href=\"http:\/\/www.rebelion.org\/noticia.php?id=109194\">noticia.php?id=109194<\/a> <\/u>. Marc Sallas i Batlle fue cabeza de lista de la Candidatura d&#8217;Unitat Popular en los comicios de 2000. Es actualmente portavoz de esta formaci\u00f3n que, conformada por sensibilidades diferentes dentro de la izquierda independentista y colectivos del \u00e1mbito local, \u201cbusca poner fin a \u00abveintitantos a\u00f1os de mentiras\u00bb del autonomismo para dar pasos serios hacia la construcci\u00f3n nacional\u201d.<\/p>\n<p align=\"JUSTIFY\">[6] Aprovechando la situaci\u00f3n, consciente de las enormes dificultades del caso, la Plataforma ha anunciado el martes 6 de julio la celebraci\u00f3n de una consulta sobre la independencia en la ciudad de Barcelona el pr\u00f3ximo 10 de abril de 2011.<\/p>\n<p align=\"JUSTIFY\">[7] <u><a href=\"http:\/\/www.rebelion.org\/noticia.php?id=109106\">http:\/\/www.rebelion.org\/<\/a><a href=\"http:\/\/www.rebelion.org\/noticia.php?id=109106\"> noticia.php?id=109106 <\/a><\/u><\/p>\n<p align=\"JUSTIFY\">[8] El manifiesto de Corriente Roja es anterior a la pol\u00e9mica sobre la pancarta y el lema que deben encabezar la movilizaci\u00f3n.<\/p>\n<p align=\"JUSTIFY\">[9] <i>P\u00fablico<\/i>, 6 de julio de 2010, p. 9.<\/p>\n<p align=\"CENTER\"><i><b>10-07-2010 <\/b><\/i><\/p>\n<p align=\"CENTER\"><b>\u00bfDebe asistir la ciudadan\u00eda de izquierda a la manifestaci\u00f3n del 10 <\/b><b>de julio en Barcelona? (y III) <\/b><\/p>\n<p align=\"JUSTIFY\">En el momento en que escribo, 8 de julio, jueves por la ma\u00f1ana, sigue sin haber de acuerdo sobre el lema de encabezar\u00e1 la manifestaci\u00f3n del pr\u00f3ximo s\u00e1bado en Barcelona. La discusi\u00f3n, los desacuerdos expl\u00edcitos, han tenido efecto en la ciudadan\u00eda: trabajadores y trabajadoras no muy puestos en luchas pol\u00edticas pero que espont\u00e1neamente, por enfado o por sentir recortados sus derechos, ten\u00edan intenci\u00f3n de manifestarse no van a acudir a la movilizaci\u00f3n sabatina. No quieren participar, comentan, en un acto independentista, no es esa su opci\u00f3n.<\/p>\n<p align=\"JUSTIFY\">Paso p\u00e1gina sobre este nudo, en absoluto marginal, e intento responder al interrogante que encabeza el art\u00edculo.<\/p>\n<p align=\"JUSTIFY\">Supongamos que no olvidamos una cara decisiva del poliedro que se ha ido generando en estos seis o siete \u00faltimos a\u00f1os: la actuaci\u00f3n de algunos sectores de derecha extrema, con antecedentes probados, del poder judicial y las inconsistencias y programa de ese partido rancio-espa\u00f1olista, pero netamente anti-espa\u00f1ol (no hay ninguna fuerza que trabaje m\u00e1s y con m\u00e1s ah\u00ednco por la separaci\u00f3n de los pueblos de Sefarad), al que llaman \u201cPartido popular\u201d en lugar de asociaci\u00f3n de corruptos, propietarios de cortijos y fieles servidores del gran capital y sus numerosas prolongaciones. Sabido es que art\u00edculos recurridos del Estatut catal\u00e1n han sido apoyados por el PP en otras comunidades. Lo que seguramente rige en sus cabezas y en su tradici\u00f3n pol\u00edtica: c\u00e1lculos electorales a corto plazo, deseo irrefrenable de tomar de nuevo el gobierno \u201cdel reino d Espa\u00f1a\u201d [1] en sus manos y para su ansiosa e insaciable clientela. \u201cVoluntad de poder\u201d era la expresi\u00f3n usada por Nietzsche para designar esta pasi\u00f3n irrefrenable de los sectores dominantes que se creen elegidos por la Historia y la gen\u00e9tica a ordenar, mandar y sacar r\u00e9dito. Espa\u00f1a es su cortijo.<\/p>\n<p align=\"JUSTIFY\">Por ello, s\u00f3lo por ello, ya est\u00e1 justificado acudir a la manifestaci\u00f3n del pr\u00f3ximo s\u00e1bado: contra las falacias e intentos de separaci\u00f3n y desmembraci\u00f3n ib\u00e9ricos de la derecha extrema. Es una raz\u00f3n de peso, sin duda muy convincente.<\/p>\n<p align=\"JUSTIFY\">Aceptemos tambi\u00e9n que cuenta en nuestra decisi\u00f3n el recuerdo del proceso de gestaci\u00f3n del Estatut. Un primer gobierno tripartito, ampliado por su derecha con el apoyo expl\u00edcito de CiU, b\u00e1sicamente centrado en cuestiones nacionalistas. Una primera redacci\u00f3n estatuaria sometida a fuerte revisi\u00f3n por las fuerzas mayoritarias en el Congreso con algunos comentarios jocosos, seguidos de risas televisivas, del se\u00f1or Guerra. Acuerdo expl\u00edcito del presidente Zapatero con el l\u00edder de la oposici\u00f3n en Catalunya, el se\u00f1or Artur Mas, con extra\u00f1as promesas incumplidas por rebeli\u00f3n de su propio partido. Una campa\u00f1a pro refer\u00e9ndum en el que abundaron los argumentos centrados no en derechos sino en avances pragm\u00e1tico-cremat\u00edsticos -con el nuevo Estatut y con la nueva financiaci\u00f3n viviremos mejor en Catalunya, ayudaremos menos a los parados aprovechados de Extremadura y Andaluc\u00eda- que dejaron profunda huella entre sectores catalanistas y tambi\u00e9n, y sobre todo, entre hijos y nietos de la misma inmigraci\u00f3n andaluza, extreme\u00f1a o aragonesa. Un agotamiento e incluso un hast\u00edo ciudadanos que hicieron que la participaci\u00f3n fuera menor del 50%, con presencia no marginal de votos nulos, blancos y negativos en el resultado final. El que suscribe esta nota, por poner un ejemplo, ya no recuerda si se abstuvo o vot\u00f3 nulo con alg\u00fan comentario cr\u00edtico en la papeleta del S\u00ed.<\/p>\n<p align=\"JUSTIFY\">La intervenci\u00f3n del PP en tierras y ciudades de Sefarad, boicot al cava incluido, la agitaci\u00f3n anticatalana, en una fuerte campa\u00f1a antiespa\u00f1ola, ahond\u00f3 en la separaci\u00f3n de las ciudadan\u00edas ib\u00e9ricas y en la m\u00e1xima desinformaci\u00f3n. No es infrecuente entablar relaci\u00f3n con ciudadanos madrile\u00f1os, aragoneses o vallisoletanos, no siempre de derecha o moderados, informados en asuntos p\u00fablicos, que creen sinceramente que el castellano es un idioma perseguido, marginado o incluso prohibido en las instancias oficiales de Catalunya y no entienden, no creen de ning\u00fan modo, que es perfectamente posible vivir hablando s\u00f3lo en castellano en la inmensa mayor\u00eda de poblaciones catalanas y que, en cambio, no es posible hacerlo hablando s\u00f3lo en catal\u00e1n. Consecuencia: muros de piedra e incomprensi\u00f3n levantados por intereses partidistas (y por el lema que a ello subyace: Espa\u00f1a es una, mediana y suya) donde podr\u00eda reinar perfectamente, con esfuerzo y buena intenci\u00f3n, el acuerdo y el inter\u00e9s mutuos.<\/p>\n<p align=\"JUSTIFY\">Se\u00f1alado la anterior, qu\u00e9 hacer entonces este pr\u00f3ximo s\u00e1bado m\u00e1s all\u00e1 del lema, tema no marginal desde luego, que encabezar\u00e1 la movilizaci\u00f3n ciudadana que se espera masiva y en torno a la cual se agita con tenacidad desde diferentes medios p\u00fablicos y privados, medios que como es sabido se mantienen en perfecto estado de silencio cuando el motivo de las movilizaciones es la lucha contra las frecuentes agresiones a las clases obreras, tambi\u00e9n catalanas, o contra el uso y explotaci\u00f3n de la energ\u00eda nuclear (que algunos sectores consideran insegura e inadecuada para Catalunya sin que, en cambio, presente problema alguno si las centrales se ubicaran en Teruel o Huesca). \u00bfCabe entonces mostrar, con los pies en lascalles de la ciudad de Espriu, Papasseit, Durruti, Puig Antich y Sacrist\u00e1n, que ya es hora otra vez de pasearnos a cuerpo y hacerlo al lado, de la mano de Duran i Lleida y del conseller Maragall por ejemplo, dos prohombres del neoliberalismo catal\u00e1n? \u00bfSe trata de abonar una manifestaci\u00f3n catalanista de la que seguramente sacar\u00e1n partido electoral ERC y acaso CiU, y dar\u00e1 alas a la consulta sobre el independentismo en Barcelona y en otras ciudades catalanas?<\/p>\n<p align=\"JUSTIFY\">Desde mi punto de vista, los ciudadanos de izquierda que no tienen ni sienten entre sus diversas identidades una fuerte prioridad en asuntos nacionalitarios deben (es decir, debemos) acudir a la manifestaci\u00f3n del s\u00e1bado. Sin duda. Pero, eso s\u00ed, con enfoque y lemas propios.<\/p>\n<p align=\"JUSTIFY\">El enfoque, en mi opini\u00f3n, debe poner acento en el derecho de los pueblos a su autogobierno y a un tiempo, y sin distancia, en la necesidad, cada d\u00eda m\u00e1s obvia, de un republicanismo federal que a\u00fane y hermane pueblos, ciudadanos, sin menospreciar ni marginar derechos de ninguna nacionalidad. Aproximando y no separando; instruyendo y dando ejemplo; anunciando que podemos vivir en una Sefarad mejor, m\u00e1s plural, que acoja en su seno la diversidad.<\/p>\n<p align=\"JUSTIFY\">Adem\u00e1s de ello, la izquierda no puede renunciar, con la que est\u00e1 cayendo, y con la que nos va a caer, a denunciar aristas esenciales de su programa m\u00ednimo que es su programa de la hora: hay que combatir, tenemos que defender los derechos obreros conquistados. Hay que parar, sea como sea, la contraofensiva del capital que tanto abonan algunos de los representantes pol\u00edticos que encabezan la marcha. Por nosotros y por las futuras generaciones.<\/p>\n<p align=\"JUSTIFY\">Dir\u00e1n que no toca, que este s\u00e1bado no toca hablar de estos temas tan peliagudos, que estos asuntos son tem\u00e1ticas de otras jornadas. Sine die. Pero s\u00ed que toca. De poco, y de nada bueno, va a servir el autogobierno si se usa, como se est\u00e1 usando, para ampliar el poder y las redes de las familias de siempre, cuya corrupci\u00f3n y sentimiento de que pueden hacer siempre y en todo lugar lo que les venga en gana [3], es inconmensurable, con el servilismo, acatamiento y copia de unos \u201creci\u00e9n llegados\u201d que han olvidado or\u00edgenes, identidades pol\u00edticas, valores b\u00e1sico y todo lo que sea necesario para ser acogidos sin rubor en las faldas de ese inmenso estercolero de poder, favores, corrupci\u00f3n y explotaci\u00f3n que tan interesadamente presiden las clases dirigentes catalanas.<\/p>\n<p align=\"JUSTIFY\">Howard Zinn defini\u00f3 el nacionalismo como un conjunto de creencias, no siempre rigurosamente documentadas, ense\u00f1adas de generaci\u00f3n en generaci\u00f3n, ense\u00f1anzas en las que usualmente la naci\u00f3n, y en algunos casos la Patria con may\u00fasculas ostentosas, es objeto de veneraci\u00f3n y se convierte, en casos extremos y sobre todo en los nacionalismos o patriotismos de gran potencia, en causa ardiente por la que se est\u00e1 dispuesto a enfrentarse a quien sea, a matar si llega el caso a j\u00f3venes de otras Patrias y a morir por ello en ese combate in\u00fatil e interesado. El patriotismo, el nacionalismo, aqu\u00ed sin apenas distinciones entre nacionalismos agresivos y nacionalismos de naciones oprimidas, se suele o se puede utilizar para crear la vana ilusi\u00f3n de un inter\u00e9s com\u00fan a todos los ciudadanos en un pa\u00eds desgarrado en frecuentes ocasiones por fuertes contradicciones sociales y sangrantes desigualdades de clase. No se afirma que los frentes nacionales de defensa y lucha no pueden estar justificados en determinados ocasiones pero s\u00ed que, en muchas ocasiones, la historia est\u00e1 repleta de ejemplos, suelen ser construidos para la defensa de intereses de sectores privilegiados. Donde hubo frente y acuerdo, viene m\u00e1s tarde la separaci\u00f3n y explotaci\u00f3n.<\/p>\n<p align=\"JUSTIFY\">Santiago Alba Rico ha recordado recientemente \u2013\u201cContra la fantas\u00eda\u201d [1]-un texto del gran escritor hispano-paraguayo Rafael Barrett de 1908 \u201c[Si hubiera] otra alma m\u00e1s alta y m\u00e1s profunda que en su seno abrazase el alma de la humanidad misma, el acto supremo ser\u00eda sacrificar lo que de humano hay en nosotros a la realidad mejor\u201d. Esa realidad existe y no es Dios, se\u00f1ala Alba Rico, es, cita de nuevo a Barrett, \u201cla humanidad futura\u201d. La ampliaci\u00f3n del imperativo categ\u00f3rico de Hans Jonas transita por la misma senda. El internacionalismo socialista, ecol\u00f3gicamente ampliado, abona la misma finalidad: la unidad de los trabajadores y desfavorecidos de todo el mundo que no olvidan su compromiso con las generaciones futuras. Se trata de alcanzar una Humanidad justa, habitable y en libertad para nosotros y para las futras generaciones, que no oprima desde luego ni los derechos ni las culturas de ning\u00fan pueblo. No hay justicia que pueda erguirse apoyando una bota opresora en derechos colectivos o individuales.<\/p>\n<p align=\"JUSTIFY\">Notas:<\/p>\n<p align=\"JUSTIFY\">[1] La imagen de la se\u00f1ora del borb\u00f3nico Rey de Espa\u00f1a, atuendo incluido, en la semifinal del Mundial es de Polonia de TV3. El servilismo y est\u00fapido monarquismo de los medios de desinformaci\u00f3n es insoportable.<\/p>\n<p align=\"JUSTIFY\">[2] <u><a href=\"http:\/\/www.rebelion.org\/noticia.php?id=109277\">http:\/\/www.rebelion.org\/<\/a><a href=\"http:\/\/www.rebelion.org\/noticia.php?id=109277\"> noticia.php?id=109277 <\/a><\/u><\/p>\n<p align=\"JUSTIFY\">[3] Amenazas incluidas. El caso de la ex regidora Itziar Gonz\u00e1lez, a ra\u00edz del caso del hotel Palau, es un ejemplo que ense\u00f1a.<\/p>\n<p align=\"JUSTIFY\">\n<p align=\"CENTER\">\n","protected":false},"excerpt":{"rendered":"<p>6-07-2010 \u00bfDebe asistir la ciudadan\u00eda de izquierda a la manifestaci\u00f3n del 10 de julio en Barcelona? (I) Dos observaciones iniciales.<\/p>\n","protected":false},"author":9,"featured_media":0,"comment_status":"open","ping_status":"open","sticky":false,"template":"","format":"standard","meta":{"footnotes":""},"categories":[2],"tags":[],"class_list":["post-1397","post","type-post","status-publish","format-standard","hentry","category-nacionalismo"],"aioseo_notices":[],"_links":{"self":[{"href":"https:\/\/espai-marx.net\/index.php?rest_route=\/wp\/v2\/posts\/1397","targetHints":{"allow":["GET"]}}],"collection":[{"href":"https:\/\/espai-marx.net\/index.php?rest_route=\/wp\/v2\/posts"}],"about":[{"href":"https:\/\/espai-marx.net\/index.php?rest_route=\/wp\/v2\/types\/post"}],"author":[{"embeddable":true,"href":"https:\/\/espai-marx.net\/index.php?rest_route=\/wp\/v2\/users\/9"}],"replies":[{"embeddable":true,"href":"https:\/\/espai-marx.net\/index.php?rest_route=%2Fwp%2Fv2%2Fcomments&post=1397"}],"version-history":[{"count":0,"href":"https:\/\/espai-marx.net\/index.php?rest_route=\/wp\/v2\/posts\/1397\/revisions"}],"wp:attachment":[{"href":"https:\/\/espai-marx.net\/index.php?rest_route=%2Fwp%2Fv2%2Fmedia&parent=1397"}],"wp:term":[{"taxonomy":"category","embeddable":true,"href":"https:\/\/espai-marx.net\/index.php?rest_route=%2Fwp%2Fv2%2Fcategories&post=1397"},{"taxonomy":"post_tag","embeddable":true,"href":"https:\/\/espai-marx.net\/index.php?rest_route=%2Fwp%2Fv2%2Ftags&post=1397"}],"curies":[{"name":"wp","href":"https:\/\/api.w.org\/{rel}","templated":true}]}}