{"id":14,"date":"2006-03-12T00:00:00","date_gmt":"2006-03-12T00:00:00","guid":{"rendered":"https:\/\/espai-marx.net\/?p=14"},"modified":"2020-02-11T18:39:51","modified_gmt":"2020-02-11T17:39:51","slug":"dia-de-la-memoria-o-dia-de-la-cancelacion-de-la-memoria-reflexiones-sobre-memoria-y-olvido","status":"publish","type":"post","link":"https:\/\/espai-marx.net\/?p=14","title":{"rendered":"\u00bfD\u00eda de la memoria o d\u00eda de la cancelaci\u00f3n de la memoria? Reflexiones sobre memoria y olvido"},"content":{"rendered":"<p>En el 2000 una ley del Estado italiano institu\u00eda\u00a0 \u00abel d\u00eda de la memoria\u00bb, a celebrarse el 27 de enero, en homenaje de la liberaci\u00f3n de los prisioneros supervivientes en el campo de exterminio de Auschwitz.<\/p>\n<p>En este homenaje los medios de comunicaci\u00f3n de masas han utilizado, en los \u00faltimos a\u00f1os, expresiones del tipo: \u00ab27 de enero de 1945: caen las verjas de Auschwitz\u00bb o bien: \u00abLas verjas de Auschwitz, abiertas por los aliados\u00bb, es decir, los ingleses, estadounidenses y franceses. E incluso es brit\u00e1nico el carro armado de la homenajeada pel\u00edcula La vida es bella de Benigni, ganadora del Oscar 1999.<\/p>\n<p>Hemos protestado recurriendo al testimonio de Primo Levi,\u00a0 superviviente de<\/p>\n<p>ese campo, que describe as\u00ed la llegada de los liberadores:<\/p>\n<p>\u00ab&#8230; La primera patrulla rusa es avistada en el campo hacia el mediod\u00eda del d\u00eda 27 de enero de 1945. [&#8230;] Eran cuatro j\u00f3venes soldados a caballo, que avanzaban cautelosamente, con las ametralladoras al brazo, por la carretera que limitaba el campo. [&#8230;] Cuatro hombres armados, pero no armados contra nosotros, cuatro mensajeros de la paz, de rostros toscos y pueriles bajo los pesados gorros de piel. No saludaban, no sonre\u00edan, parec\u00edan abrumados, m\u00e1s que por la piedad, por un confuso reparo, que sellaba sus labios y ofuscaba sus ojos ante el f\u00fanebre escenario. Era la misma verg\u00fcenza que nosotros conoc\u00edamos tan bien [&#8230;]: la verg\u00fcenza que los alemanes no conocer\u00edan, aquella que siente el justo ante la culpa cometida\u00a0 por otros, y que provoca remordimiento por el simple hecho de existir, por haber sido introducida de forma irrevocable en el mundo de las cosas que existen&#8230;.\u00bb (1)<\/p>\n<p>Recuperada as\u00ed la memoria, se ha admitido que s\u00ed, efectivamente, a Auschwitz llegaron los rusos.<\/p>\n<p>Pero&#8230;\u00bfpor qu\u00e9 tanta amnesia? \u00bfPor qu\u00e9, justo en el d\u00eda de la memoria, se comete esta ofensa contra aquellos j\u00f3venes soldados?<\/p>\n<p>Porque de otro modo se habr\u00eda tenido que reconocer en su turbaci\u00f3n, en su sentimiento de verg\u00fcenza libre de toda culpa, el s\u00edmbolo que representaba Auschwitz\u00a0 ante su mirada at\u00f3nita: la cima infranqueable entre dos concepciones opuestas del mundo que entraban en contacto. De una lado, la concepci\u00f3n del mundo basada en la ideolog\u00eda fascista del odio y del racismo, en la perversa ideolog\u00eda revanchista de la conquista de los territorios ajenos, por medio de la eliminaci\u00f3n o la reducci\u00f3n a la esclavitud de las pueblos que se consideran inferiores, en nombre de un obsceno culto a la superioridad de una raza elegida. Del otro, la concepci\u00f3n del mundo basada en los ideales del comunismo, de la fraternidad entre los hombres, de la abolici\u00f3n de la explotaci\u00f3n del hombre por el hombre, de la sustituci\u00f3n de la esclavitud del trabajo asalariado por la libre asociaci\u00f3n de los productores.<\/p>\n<p>De esto no se quiere hablar, dado que, por el contrario, y especialmente en los \u00faltimos tiempos, se ha arraigado el uso de la innoble ecuaci\u00f3n entre una y otra visi\u00f3n del mundo: comunismo = nazismo, y que, recientemente, la asamblea parlamentaria del Consejo de Europa en Estrasburgo ha debatido una condena a los reg\u00edmenes comunistas a propuesta del Partido Popular Europeo, el mismo que un a\u00f1o atr\u00e1s hab\u00eda pedido que, junto con los s\u00edmbolos del nazismo, \u00a1se prohibiera el de la hoz y el martillo!<\/p>\n<p>De aquellos j\u00f3venes soldados del Ej\u00e9rcito Rojo, lanzados a una ofensiva victoriosa a trav\u00e9s de la Europa del Este que les llevar\u00eda hasta Berl\u00edn a izar la bandera roja de la URSS sobre el Reichstag, no se quiere hablar, porque de hacerlo ser\u00eda necesario recordar el precio de aquella victoria: m\u00e1s de 20 millones de muertos, de los cuales cerca de la mitad eran civiles y prisioneros de guerra asesinados y torturados por los nazis en los territorios sovi\u00e9ticos ocupados, y m\u00e1s de 40 millones de heridos y mutilados. Los nazis destruyeron 1.710 ciudades, m\u00e1s de 70.000 pueblos y villas, 32.000 empresas industriales, 98.000 koljoses, 1.876 sovjoses. Hicieron saltar 65.000 kil\u00f3metros de l\u00edneas ferroviarias, da\u00f1aron o se llevaron 16.000 locomotoras y 428.000 vagones.<\/p>\n<p>Ser\u00eda necesario recordar el exterminio sistem\u00e1tico de los ciudadanos sovi\u00e9ticos en los territorios ocupados y en las ciudades asediadas. \u00ab&#8230;. tan solo en Leningrado, asediada durante 900 d\u00edas, se calcula que los muertos de hambre fueron 632.258&#8230;y, siempre en Leningrado, los muertos por los bombardeos, excluyendo a los militares, fueron 16.747 y los heridos 33.782.\u00bb (2).<\/p>\n<p>Ser\u00eda necesario recordar que para los prisioneros de guerra sovi\u00e9ticos \u00ab&#8230;en general prevalece el principio, enunciado en varias ordenanzas alemanas, seg\u00fan el cual \u00abel soldado sovi\u00e9tico ha perdido todo derecho a ser tratado como un soldado honesto\u00bb. Lo cual significaba [&#8230;]: eliminaci\u00f3n instant\u00e1nea de los heridos y de aquellos que no pod\u00edan seguir las marchas de traslado; utilizaci\u00f3n de los prisioneros v\u00e1lidos en los trabajos forzados y asesinato cuando ca\u00edan extenuados&#8230;\u00bb (3)<\/p>\n<p>Ser\u00eda necesario recordar que \u00abde los 16.000 prisioneros sovi\u00e9ticos enviados al campo de Auschwitz, fueron encontrados con vida, el d\u00eda de la liberaci\u00f3n del campo, tan solo 96.\u00bb (4) Ser\u00eda necesario recordar, por lo dem\u00e1s, que Gran Breta\u00f1a y los Estados Unidos aplazaron reiteradamente la prometida apertura del segundo frente en la Europa occidental (el desembarco de las tropas anglo-americanas en Normand\u00eda en junio de 1944), dando prioridad a la conquista de posiciones estrat\u00e9gicas en otras partes del mundo y dejando que la URSS se enfrentara sola a la mayor fuerza de choque de los ej\u00e9rcitos nazis. El grueso de la Wehrmacht, de hecho, se hab\u00eda desplegado contra los sovi\u00e9ticos: 179 divisiones alemanas, 16 divisiones h\u00fangaras y otras tropas (en total m\u00e1s de 3 millones de hombres), mientras que contra ingleses y americanos se desplegaban 107 divisiones. De esto no se quiere hablar, porque equivaldr\u00eda a reconocer que el pueblo sovi\u00e9tico, con su dedicaci\u00f3n y sacrificio, salv\u00f3 a Europa del peligro nazi.<\/p>\n<p>De esto no se quiere hablar, porque habr\u00eda que reconocer la admiraci\u00f3n por la resistencia \u00e9pica de las ciudades asediadas y la contraofensiva del Ej\u00e9rcito Rojo, que tom\u00f3 la iniciativa en la liberaci\u00f3n de Stalingrado (2 de febrero de 1943), admiraci\u00f3n expresada\u00a0 incluso por los enemigos hist\u00f3ricos de la sociedad socialista: por el mismo Churchill(que en su tiempo hab\u00eda exhortado a sofocar el comunismo desde la cuna), por el rey Jorge de Gran Breta\u00f1a que otorg\u00f3 a Stalingrado una \u00abEspada de Honor\u00bb y por el presidente de los Estados Unidos, Roosevelt, que hizo entrega de un \u00abdiploma de honor\u00bb a los heroicos defensores de la ciudad, convertida en s\u00edmbolo de resistencia contra el nazismo.<\/p>\n<p>De esto no se quiere hablar porque har\u00eda falta sobre todo recordar que la derrota de los nazis en Stalingrado alent\u00f3 la resistencia de los partisanos en los territorios europeos ocupados y restituy\u00f3 la esperanza a los pueblos oprimidos por el nazismo.<\/p>\n<p>\u00abLos \u00e9xitos sovi\u00e9ticos en la guerra, la victoria de Stalingrado, su peso decisivo desde el punto de vista militar, han tenido un eco difuso entre las masas y la pol\u00edtica internacional. La admiraci\u00f3n y la simpat\u00eda por la Uni\u00f3n sovi\u00e9tica, la estima por Stalin, se han convertido en sentimiento y patrimonio del antifascismo, tambi\u00e9n del no comunista.\u00bb (5)<\/p>\n<p>De esto no se quiere hablar. Si as\u00ed fuese, habr\u00eda que recordar que esta admiraci\u00f3n y este reconocimiento quedaron bien pronto liquidados. Ya la conferencia de Postdam (julio-agosto 1945) que habr\u00eda tenido que decidir el futuro de la Alemania derrotada y sentar las bases para una paz duradera, marc\u00f3 un brusco giro en la actitud que los Estados Unidos, fuertes en aquellos d\u00edas tras el \u00e9xito de la primera explosi\u00f3n nuclear en Fort Alamo, ten\u00edan ante la URSS.<\/p>\n<p>Habr\u00eda que recordar que el in\u00fatil (el emperador de Jap\u00f3n hab\u00eda iniciado los contactos diplom\u00e1ticos para acordar la rendici\u00f3n) y por tanto doblemente criminal bombardeo nuclear, que elimin\u00f3 la ciudad de Hiroshima y Nagasaki y provoc\u00f3 de inmediato 300.000 muertos, fue una advertencia a la Uni\u00f3n Sovi\u00e9tica. Y no solo esto. La supremac\u00eda en la posesi\u00f3n de armamento nuclear, por lo menos mientras los Estados Unidos tuvieron el monopolio, fue el trasfondo de los planes secretos de destrucci\u00f3n de la URSS, que fueron urdidos entre 1948 y 1957 por los estados mayores del gobierno de los Estados Unidos, con el sustancial apoyo de Gran Breta\u00f1a. (6).<\/p>\n<p>Ser\u00eda necesario recordar que la guerra fr\u00eda, declarada oficialmente en 1946 con el c\u00e9lebre discurso de Churchill en Fulton, USA: (\u00abDesde Stettino en el B\u00e1ltico a Trieste en el Adri\u00e1tico, un tel\u00f3n de acero ha ca\u00eddo sobre el continente\u00bb) y definitivamente\u00a0 sancionada con el mensaje al Congreso de los Estados Unidos del presidente Truman en el que se lanza la famosa teor\u00eda sobre la divisi\u00f3n entre el mundo \u00ablibre\u00bb (es decir, el de las democracias burguesas) y el mundo sujeto \u00aba un poder desp\u00f3tico impuesto por el terror\u00bb(es decir, el de los Estados socialistas).<\/p>\n<p>Ser\u00eda necesario recordar el bloqueo militar, econ\u00f3mico y cultural impuesto durante muchos a\u00f1os a la Uni\u00f3n Sovi\u00e9tica, un cerco que hizo mucho m\u00e1s dif\u00edcil el trabajo de reconstrucci\u00f3n de su econom\u00eda.<\/p>\n<p>Por eso de todo esto no se quiere hablar.<\/p>\n<p>2\u00a0\u00a0\u00a0\u00a0 En ocasi\u00f3n del \u00bb d\u00eda de la memoria\u00bb tambi\u00e9n este a\u00f1o se han multiplicado las iniciativas para celebrarlo y, aunque la mayor parte se ha dedicado a la Shoah, se ha empezado a recordar los \u00abexterminios olvidados\u00bb. As\u00ed la C\u00e1mara del Trabajo de Mil\u00e1n ha recordado, en una sesi\u00f3n vespertina en su sede, la matanza de los Rom y de los Sinti en los campos de concentraci\u00f3n nazis. Una iniciativa loable, especialmente en una ciudad tan poco hospitalaria con estas minor\u00edas, perseguidas de un campamento a otro mediante el incendio doloso o la demolici\u00f3n de sus improvisadas barracas o las redadas \u00abmanu militari\u00bb de las \u00abfuerzas del orden\u00bb.<\/p>\n<p>A\u00fan as\u00ed, \u00e9ste no es el \u00fanico exterminio olvidado. Seg\u00fan las estad\u00edsticas de la ANED (Asociaci\u00f3n Nacional de exDeportados pol\u00edticos en los campos nazis), los deportados italianos en los campos de exterminio nazis fueron cerca de 44.000. De ellos 8.000 eran jud\u00edos, 12.000 eran obreros (muchos de las f\u00e1bricas de Tur\u00edn, de Sesto San Giovanni y de las vidrier\u00edas de Empoli y sus alrededores), arrestados y deportados tras las huelgas de 1944, 2.750 eran mujeres (600 de Lombardia). Volvieron alrededor de 4.000, menos del 10% del total.<\/p>\n<p>\u00bfPor qu\u00e9, en el d\u00eda de la memoria, no se ha realizado ninguna celebraci\u00f3n expresamente dedicada a recordar a los 12.000 obreros, m\u00e1s de un cuarto del total de deportados?<\/p>\n<p>\u00bfNo se quiere hablar de esto, quiz\u00e1s, porque, como dice un manido lugar com\u00fan, la clase obrera es una categor\u00eda obsoleta? (A no ser que, en un sobresalto, se est\u00e9 obligado a reconocer su existencia, cuando decenas de miles de trabajadores del metal invaden las plazas y bloquean las v\u00edas de comunicaci\u00f3n para exigir el fin de su convenio, caducado hace 13 meses).<\/p>\n<p>No se quiere hablar de esto, sobre todo, porque de hacerlo ser\u00eda preciso recordar que \u00ab.. ha sido la clase obrera, han sido los trabajadores los que han rendido a la Resistencia el mayor tributo en t\u00e9rminos de sacrificio, sangre e ideas. Los trabajadores se encontraron con que eran los protagonistas, la fuerza principal de la Resistencia, no por casualidad, sino porque su posici\u00f3n en la sociedad italiana les llev\u00f3 a la cabecera de la gran batalla contra el fascismo y para la reconquista de la libertad, para la renovaci\u00f3n social de Italia&#8230;\u00bb (7).<\/p>\n<p>Con las huelgas de 1943 y con la huelga general de 1944 la clase obrera dio un espaldarazo determinante a la ocupaci\u00f3n nazi y al colaboracionismo fascista, abriendo el camino de la insurrecci\u00f3n general del 25 de abril de 1945.<\/p>\n<p>En el d\u00eda de la memoria, no se quiere hablar de los 12.000 obreros deportados, porque de hacerlo ser\u00eda necesario recordar que los mismos patronos que hab\u00edan entregado a los verdugos nazis y fascistas las vanguardias de la lucha, destin\u00e1ndolas a la tortura, el fusilamiento o la deportaci\u00f3n a los campos de exterminio, esos mismos patronos, salidos despu\u00e9s de la Liberaci\u00f3n de sus c\u00f3modos refugios helv\u00e9ticos, y una vez reasegurados del desarme de los partisanos impuesto por los aliados, aislaron, persiguieron y despidieron a los mismos obreros que con las armas hab\u00edan salvado a las f\u00e1bricas de la destrucci\u00f3n de los nazis en retirada y se las hab\u00edan restituido indemnes.<\/p>\n<p>\u00abLa f\u00e1brica no tiene que ser una prisi\u00f3n\u00bb denunciaba Pietro Secchia en un discurso al Senado el 13 de marzo de 1953. \u00abEn Mil\u00e1n, la sociedad Montecatini tiene a sueldo a centenares de guardias armados de la polic\u00eda y de las ex brigadas negras, que trabajan en los establecimientos para registrar a los obreros a la entrada y a la salida, para hurgar en sus casillas en b\u00fasqueda de una octavilla sindical, comunista o socialista, para impedir que la comisi\u00f3n interna durante las horas de trabajo pueda hablar con los obreros, para escuchar si los obreros hablan de pol\u00edtica, para controlarlos incluso cuando van al cuarto de ba\u00f1o. En Mil\u00e1n, el pasado diciembre, un propietario de una empresa, ciudadano extranjero por lo dem\u00e1s, despidi\u00f3 a dos obreras aduciendo, abierta y descaradamente, que hab\u00edan participado en el Congreso de la C\u00e1mara de Trabajo.[&#8230;] Esto es el fascismo que vuelve&#8230;.\u00bb (8)\u00a0 Pero de esto no se quiere hablar.\u00a0\u00a0\u00a0\u00a0 3<\/p>\n<p>Cuando se habla de los deportados en los campos de exterminio es justo recordar a los homosexuales (los \u00abtri\u00e1ngulos rosas\u00bb), que sufrieron indeciblemente y a menudo encontraron la muerte, y m\u00e1s ahora que el Vaticano incluye a estos ciudadanos en sus renovadas excomulgaciones y pretende limitar sus derechos civiles.<\/p>\n<p>Pero hay tambi\u00e9n otra \u00abcategor\u00eda\u00bb de internos en los campos, los \u00abtri\u00e1ngulos rojos\u00bb, los detenidos pol\u00edticos, a veces calificados eufem\u00edsticamente como \u00abopositores al r\u00e9gimen\u00bb o simplemente olvidados. De los centenares de miles de detenidos en los campos de concentraci\u00f3n y en las c\u00e1rceles fascistas y nazis, de torturados y condenados a muerte, de fusilados, de ahorcados, incluso de guillotinados, no se habla o se habla entre dientes: los antifascistas, los comunistas,\u00a0 los partisanos, que desde todos los rincones de Europa rescataron el honor de nuestro pa\u00eds invadido, ocupado, gobernado por siervos colaboracionistas. Es una infamia denigrarlos y es una vileza olvidarlos.<\/p>\n<p>Es un deber hablar de ellos para honrarlos. Empecemos por la situaci\u00f3n m\u00e1s dif\u00edcil que tuvieron que afrontar: la Alemania nazi. El nazismo, que ocupa el primer lugar en el n\u00famero de lutos y en el alcance de la ruina que caus\u00f3 en los pa\u00edses ocupados, hab\u00eda primero instaurado un r\u00e9gimen de terror en su propio pa\u00eds.<\/p>\n<p>Es necesario, sobre todo, recordar que en el macabro listado de los campos de concentraci\u00f3n y exterminio, cuyos nombres son tan tristemente conocidos en todo el mundo, a menudo no se incluyen algunos campos de concentraci\u00f3n menos notorios, que sin embargo constelaron el territorio de muchos pa\u00edses, tanto los de r\u00e9gimen fascista, como los ocupados por los fascistas y los nazis (9).<\/p>\n<p>Los m\u00e1s importantes surgieron en Alemania con el ascenso al poder de Hitler.<\/p>\n<p>\u00abLos primeros campos de concertaci\u00f3n surgieron como hongos durante el primer a\u00f1o de gobierno de Hitler: a finales de 1933 hab\u00eda ya medio centenar, casi todos instaurados por las SA para dar a sus v\u00edctimas una buena paliza y pedir un rescate a sus parientes o a sus amistades por una suma proporcional a sus posibilidades.\u00bb (10) \u00abPoco despu\u00e9s de la purga de R\u00f6hm (11), Hitler puso los campos de concentraci\u00f3n bajo control de las SS (Schutz-Staffeln, \u00abEscuadras de Protecci\u00f3n\u00bb) que se pusieron a organizarlos con la eficiencia y absoluta falta de piedad que caracterizan a este cuerpo elegido. El servicio de guardia fue confiado en exclusiva a las unidades \u00abCabezas de muerto\u00bb, cuyos miembros se reclutaban entre los nazis m\u00e1s fan\u00e1ticos y llevaban la conocida insignia de la calavera en la casaca negra (12).<\/p>\n<p>\u00abLos [campos] m\u00e1s importantes eran (hasta el inicio de la guerra, momento en el que se extienden tambi\u00e9n a los territorios ocupados): Dachau en Munich, Buchenwald en Weimar, Sachsenhausen [&#8230;] en Berl\u00edn, Ravensbr\u00fcck en Meclemburgo (para mujeres) y, despu\u00e9s de la ocupaci\u00f3n de Austria en 1938, Mauthausen en Linz. Estos nombres, junto a los de Auschwitz, Belsec e Treblinka, campos que se crearon algo m\u00e1s tarde en Polonia, estaban destinados a ser demasiado familiares en casi todo el mundo.\u00bb(13) En ellos, aunque su finalidad todav\u00eda no era el exterminio, reinaba un r\u00e9gimen de terror. Valga de ejemplo un art\u00edculo del reglamento del campo de Dachau (despu\u00e9s trasladado al resto de los campos):<\/p>\n<p>\u00abArt. 11. Ser\u00e1 ahorcado como agitador cualquiera que haga pol\u00edtica, de discursos, instigue, forme asociaciones, se demore con otros; aqu\u00e9l que, con el fin de proporcionar a la propaganda de la oposici\u00f3n episodios de atrocidad, recoja informaciones verdaderas o falsas sobre el campo de concentraci\u00f3n, recopile estas noticias, las conserve, hable de ellas a otros, las propague a escondidas a visitantes extranjeros, etc\u00e9tera\u00bb (14).<\/p>\n<p>Por detenerse en el ejemplo de Alemania, se calcula que desde el inicio al fin del r\u00e9gimen hitleriano, se realizaron 32.000 ejecuciones capitales (con sentencia de tribunal civil o militar) de ciudadanos del Reich condenados por oposici\u00f3n al nazismo y a la guerra nazi o por deserci\u00f3n de la misma. Hay que tener en cuenta que esta cifra es irrelevante respecto al n\u00famero de ciudadanos que murieron, de forma violenta o no, por motivos pol\u00edticos o raciales; los detenidos en los campos de concentraci\u00f3n, de los que alrededor de medio mill\u00f3n no volvieron; los sorprendidos por la Gestapo, las SS, las SA, asesinados al ser arrestados o durante el interrogatorio; los militares, en los pa\u00edses ocupados, ajusticiados por haberse unido a los partisanos (15).<\/p>\n<p>En los libros de historia y en la propaganda burguesa no se olvida citar el intento de golpe de estado para propiciar la ca\u00edda del r\u00e9gimen nazi, que deber\u00eda haberse iniciado con un\u00a0 atentado para asesinar a Hitler. Es el conocido complot del 20 de julio de 1944, urdido por las altas jerarqu\u00edas militares y exponentes de la burgues\u00eda imperialista. Como es sabido, el complot fall\u00f3 y en cualquier caso, si hubiera tenido \u00e9xito, se hubiera limitado a sustituir el nazismo por un r\u00e9gimen autoritario, militarista, que pretend\u00eda restablecer las viejas relaciones de alianza con las potencias imperialistas en clave antisovi\u00e9tica.<\/p>\n<p>Lo que se debe recordar, por el contrario, es que este r\u00e9gimen de terror no impidi\u00f3 la formaci\u00f3n y la acci\u00f3n de grupos pol\u00edticos clandestinos. Adem\u00e1s del grupo denominado la \u00abRosa blanca\u00bb, el m\u00e1s conocido por su inspiraci\u00f3n \u00e9tico-religiosa y la radicalidad de sus objetivos, por el impacto emotivo de la extremada juventud y de la determinaci\u00f3n que llev\u00f3 al sacrificio a sus protagonistas, hubo numerosos grupos pol\u00edticos clandestinos que operaron en el interior, en coordinaci\u00f3n con la emigraci\u00f3n en el exterior. De sus heroicos intentos no se habla casi nunca, dando pie, a partir del amplio respaldo de masas que efectivamente tuvo el r\u00e9gimen nazi, al menos hasta su derrota final, al lugar com\u00fan alemanes = nazis, profundamente injusto para todos aquellos valientes que osaron oponerse en condiciones dificil\u00edsimas.<\/p>\n<p>El nazismo hab\u00eda destruido todas las organizaciones de la clase obrera, pero a\u00fan as\u00ed, en los primeros dos a\u00f1os de poder hitleriano hubo muchas huelgas en las principales f\u00e1bricas, por motivos econ\u00f3micos (a causa del recorte de los salarios), pero tambi\u00e9n de contenido pol\u00edtico, contra los despidos de obreros non gratos al r\u00e9gimen y en solidaridad con los perseguidos pol\u00edticos. El partido comunista, obligado a pasar a la clandestinidad, no ces\u00f3 nunca de operar en el interior, y al hilo del VII Congreso de la Internacional Comunista, impuls\u00f3 la formaci\u00f3n de un \u00abfrente unido\u00bb con el partido socialdem\u00f3crata, que hab\u00eda superado su tradicional anticomunismo con el manifiesto de Praga de 1934. Los v\u00ednculos con la emigraci\u00f3n, compuesta sobre todo por intelectuales que trataban de representar, frente al mundo entero, <i>das beste Deutschland<\/i>, lo mejor de Alemania, funcionaron con la difusi\u00f3n de prensa ilegal, realizada en el exterior, al menos hasta que Checoslovaquia fue invadida por las tropas del Tercer Reich.<\/p>\n<p>Hubo intentos, incluso consistentes, de coordinaci\u00f3n entre los diversos grupos de la resistencia. Citamos, a t\u00edtulo de ejemplo, el n\u00facleo anti-nazi m\u00e1s importante, de indudable influencia comunista, que se form\u00f3 antes del estallido de la guerra. El grupo fue denominado por la polic\u00eda nazi Rote Kapelle, \u00aborquesta roja\u00bb.<\/p>\n<p>\u00abEl car\u00e1cter pol\u00edtico de la Rote Kapelle se puede definir como frente popular de amplio espectro antifascista; su principal actividad fue la propaganda y la solidaridad con los perseguidos pol\u00edticos y raciales, pero tambi\u00e9n el apoyo activo a los movimientos de resistencia en los territorios ocupados por los nazis. Tras la agresi\u00f3n contra la Uni\u00f3n Sovi\u00e9tica, el grupo intensific\u00f3 la actividad de propaganda y lleg\u00f3 incluso a establecer contacto radiof\u00f3nico con la URSS.\u00bb (16). La violenta represi\u00f3n por parte de la Gestapo, con sesenta condenas a muerte, puso fin a la valiente actividad del grupo.<\/p>\n<p>Recordemos finalmente, aunque sea de forma breve, que los s\u00fabitos reveses de las fuerzas armadas alemanas pusieron en crisis el respaldo al nazismo de los sectores menos politizados y concienciados de la poblaci\u00f3n, favoreciendo las acciones de propaganda contra la guerra y de sabotaje de la producci\u00f3n de material b\u00e9lico. \u00ab\u00a1La derrota de Hitler no es nuestra derrota, sino nuestra victoria!\u00bb era la consigna de un importante grupo comunista de Hamburgo, de composici\u00f3n mayoritariamente obrera, promotor de la organizaci\u00f3n comunista centralizada con la reagrupaci\u00f3n de varios n\u00facleos clandestinos. Tambi\u00e9n esta red fue desmantelada en septiembre de 1944, con la condena a muerte de sus principales dirigentes y centenares de otras condenas que dan testimonio de su amplitud.<\/p>\n<p>Pero de esto no se quiere hablar porque el sacrificio de sangre, la heroica actividad de los antifascistas, tras la ca\u00edda de Hitler, la derrota del ej\u00e9rcito hitleriano, el fracaso de las ideolog\u00edas nazis, hubiera debido llevar al renacimiento de una Alemania libre y democr\u00e1tica. Habr\u00eda que recordar que las solemnes declaraciones firmadas en Postdam el 2 de agosto de 1945, por parte de los aliados occidentales y la Uni\u00f3n Sovi\u00e9tica, que ocupaban respectivamente el territorio occidental y oriental de Alemania, parec\u00edan reconocer estos principios. En ellas se afirmaba: \u00abEl militarismo alem\u00e1n y el nazismo ser\u00e1n extirpados y los Aliados adoptar\u00e1n de com\u00fan acuerdo, en el presente y el porvenir, las medidas necesarias para que Alemania no pueda volver a amenazar a sus vecinos y a la paz mundial. No est\u00e1 entre las intenciones de los Aliados el destruir o reducir a la esclavitud al pueblo alem\u00e1n. La intenci\u00f3n de los Aliados es dar al pueblo alem\u00e1n la facultad de rehacer su propia vida sobre bases democr\u00e1ticas y pac\u00edficas.\u00bb (17)<\/p>\n<p>Esta declaraci\u00f3n implicaba la depuraci\u00f3n de las instituciones y de la administraci\u00f3n de la nueva Alemania de todos aquellos que hab\u00edan apoyado el nazismo y, especialmente, en la medida en que era evidente que sin el apoyo de las grandes corporaciones industriales Hitler nunca habr\u00eda alcanzado el poder, los firmantes se comprometieron a \u00abeliminar los actuales excesos de concentraci\u00f3n de poder econ\u00f3mico que, [en Alemania] se caracteriza en particular por los carteles, trusts y otros organismos de car\u00e1cter monopol\u00edstico.\u00bb (18)<\/p>\n<p>De esto no se quiere hablar porque los acuerdos de Postdam fueron violados por las potencias occidentales.<\/p>\n<p>Los expertos de la comisi\u00f3n del Gobierno Militar americano en Alemania, que deb\u00eda haberse ocupado de la \u00abdescartelizaci\u00f3n\u00bb, renunciaron uno tras otro, denunciando que las injerencias de altos cargos del gobierno y de las principales sociedades capitalistas estadounidenses hab\u00edan impedido que la comisi\u00f3n alcanzara los objetivos para los cuales hab\u00eda sido constituida; sus maniobras, por el contrario, hab\u00edan impedido que los principales industriales y banqueros alemanes que hab\u00edan dado apoyo a Hitler fueran llevados a los tribunales, en la medida en que se sosten\u00eda que \u00abquien hab\u00eda ayudado a Hitler era el mejor colaborador de los Americanos en la lucha contra el bolchevismo\u00bb (19).<\/p>\n<p>En lo que respecta a la desnazificaci\u00f3n, es conocido el reclutamiento de las SS en los servicios de inteligencia estadounidenses, al igual que es conocida la operaci\u00f3n ODESSA (Organizaci\u00f3n de los Veteranos de las SS) que permiti\u00f3 la salida de los bienes materiales de los nazis fuera de Europa y cre\u00f3 las redes de fuga de las SS. \u00abDesde cualquier rinc\u00f3n de Alemania los senderos de la fuga llevaban a Menningen, en Baviera, despu\u00e9s a Roma y, finalmente, v\u00eda mar, a las numerosas colonias para nazis que se hab\u00edan creado en el hemisferio sur.\u00bb(20)<\/p>\n<p>De todo esto no se quiere hablar porque habr\u00eda que recordar que la guerra fr\u00eda ya se hab\u00eda declarado y que ten\u00eda repercusiones en todos los \u00e1mbitos. Por este motivo, por ejemplo, en las zonas ocupadas por los ingleses y los americanos, la prensa alemana, por disposici\u00f3n de las autoridades de la ocupaci\u00f3n que en la pr\u00e1ctica la controlaban, hab\u00eda adquirido tonos y contenidos violentamente anticomunistas, comparables a los que estaban en boga durante el r\u00e9gimen nazi.<\/p>\n<p>Con estas premisas, la conferencia de Londres entre las potencias vencedoras, que hubiera debido llegar a un acuerdo para el futuro de Alemania, se hizo fracasar. El proyecto de unificaci\u00f3n de Alemania fue relegado y, por el contrario \u00ab&#8230; el 7 de junio de 1948, los ministros de exteriores de los Estados Unidos, Gran Breta\u00f1a, Francia, B\u00e9lgica y Holanda decidieron unilateralmente la formaci\u00f3n de un gobierno de la Alemania Occidental y once d\u00edas m\u00e1s tarde procedieron a una reforma monetaria tambi\u00e9n unilateral que romp\u00eda la unidad econ\u00f3mica de Alemania.\u00bb (21)<\/p>\n<p>De todo esto no se quiere hablar porque ser\u00eda necesario recordar que el esp\u00edritu con el cual la URSS hab\u00eda sostenido que no se hiciera pagar al pueblo alem\u00e1n las culpas del nazismo era el mismo que, al acabar la primera guerra mundial, hab\u00eda inspirado el tratado de Rapallo, no un simple tratado comercial entre Alemania y la Rep\u00fablica Sovi\u00e9tica, sino el intento, por parte de esta \u00faltima, de tender una mano al pueblo alem\u00e1n, postrado por las condiciones impuestas por la paz de Versalles, en nombre del principio del internacionalismo proletario que deb\u00eda guiar las relaciones entre los pueblos. En Postdam, as\u00ed como en Rapallo, el objetivo de los Sovi\u00e9ticos era evitar que en la Alemania derrotada se desarrollaran los sentimientos de rencor y desquite, las malas hierbas del nacionalismo reaccionario y el revanchismo, que hab\u00edan constituido el caldo de cultivo del nazismo.<\/p>\n<p>De todo esto no se quiere hablar porque ser\u00eda necesario denunciar la responsabilidad de las potencias occidentales a la hora de hacer fracasar los principios reafirmados en Postdam, conducentes a la creaci\u00f3n de una Alemania unida, democr\u00e1tica y pac\u00edfica que hiciera finalmente realidad los ideales de los patriotas que hab\u00edan osado desafiar al r\u00e9gimen nazi y hab\u00edan tenido que pagar con sufrimientos indecibles esta elecci\u00f3n. Los intereses de los gobiernos occidentales y los grandes monopolios prevalecieron en el intento de hacer de Alemania Occidental un basti\u00f3n contra la Uni\u00f3n Sovi\u00e9tica y el comunismo.<\/p>\n<p>Alemania Oriental se constituy\u00f3 como Rep\u00fablica Democr\u00e1tica Alemana tan solo en 1949, y en ella fue posible establecer las bases de una sociedad democr\u00e1tica, inspirada en la justicia social y en la fraternidad entre los pueblos.\u00a0\u00a0\u00a0\u00a0 4<\/p>\n<p>Ante la imposibilidad de hacerlo en el espacio de un art\u00edculo, remitimos a la obra m\u00e1s citada (22) para una rese\u00f1a de las formas de represi\u00f3n y de la Resistencia en los pa\u00edses europeos ocupados por los nazis y los fascistas durante la segunda guerra mundial, en presencia o no de gobiernos colaboracionistas. En esta ultima parte de nuestro escrito nos detendremos en las especificidades de la situaci\u00f3n en nuestro pa\u00eds, y, en este marco, en el papel de los deportados pol\u00edticos.<\/p>\n<p>En Italia hubo dos centros de internamiento para la deportaci\u00f3n a los campos de exterminio en Alemania o las zonas ocupadas por los nazis: Borgo San Dalmazzo (Cuneo) y Fossoli di Carpi (Modena). Un campo de concentraci\u00f3n de las SS fue instituido en Risiera di San Sabba (Trieste), en la zona bajo administraci\u00f3n militar alemana, donde funcionaron los hornos crematorios. (23)<\/p>\n<p>De los 44.000 italianos deportados a los campos, 8.383 deportados pol\u00edticos fueron asesinados o murieron de extenuaci\u00f3n por los trabajos forzados (24). Para ellos, los se\u00f1alados con el tri\u00e1ngulo rojo, en el d\u00eda de la memoria, no hay ning\u00fan homenaje en particular. Y sin embargo, ellos representaban en los campos los sectores m\u00e1s conscientes de la revuelta contra el fascismo: les animaba no solo la desesperada voluntad de sobrevivir, sino la certeza de haber hecho una elecci\u00f3n justa, la esperanza y la voluntad de construir una sociedad radicalmente distinta. Al igual que en la Resistencia armada de la que hablaremos en breve, los detenidos pol\u00edticos antifascistas y, sobre todo, comunistas, que ven\u00edan de la experiencia de la clandestinidad, del exilio, de la guerra espa\u00f1ola, del confinamiento y las c\u00e1rceles fascistas, llevaban con ellos, a\u00fan en el r\u00e9gimen brutal de los campos de concentraci\u00f3n, la conciencia de la dignidad humana y la solidaridad.<\/p>\n<p>En esos campos, en los que se peleaba por una zanahoria,\u00a0 \u00ab&#8230; guardo en mi mente magn\u00edficos recuerdos de solidaridad, cuando (&#8230;) al hermano agonizante se le da el \u00faltimo trozo de pan para que a\u00fan pueda vivir un cuarto de hora; cuando los compa\u00f1eros, los comunistas especialmente, organizan entre ellos el \u00abcolectivo\u00bb y se ven obligados (es una obligaci\u00f3n que ellos mismos se imponen) a dar al colectivo todo el pan, toda la sopa que tienen y repartirla entre los compa\u00f1eros, de modo que el que m\u00e1s tenga pueda compartirlo con los dem\u00e1s\u00bb (25).<\/p>\n<p>Pero no se quiere recordar estas cosas. En un contexto de criminalizaci\u00f3n de los comunistas, no es conveniente rastrear la g\u00e9nesis de la Resistencia y la insurrecci\u00f3n popular.<\/p>\n<p>\u00abNunca hubo -lo hemos dicho otras veces- ni en Mil\u00e1n, ni en ninguna otra localidad, ese fen\u00f3meno que quiz\u00e1s ahora se quiere idealizar, el fen\u00f3meno de un pa\u00eds que al ser invadido por los alemanes es capaz de romper con la lacra de veinte a\u00f1os de dictadura y coger las armas contra los ocupantes y los traidores fascistas. [&#8230;] No hubo, en modo alguno, ese enrolamiento espont\u00e1neo en las formaciones partisanas. Las dificultades a vencer no eran pocas, especialmente al principio. El pa\u00eds estaba ocupado por los alemanes y se sab\u00eda hasta qu\u00e9 punto estaban armados y eran feroces. Ellos lo ten\u00edan todo y nosotros no ten\u00edamos nada. Sin base de operaciones, sin armas, no solo sin carros armados, sino tambi\u00e9n sin fusiles, sin pistolas&#8230; sin medios para empezar ninguna guerra. [&#8230;] Hacerlo parec\u00eda una locura, y de hecho muchos nos tildaron de locos\u00bb [26].<\/p>\n<p>Esos \u00ablocos\u00bb eran los cuadros del Partido Comunista Italiano, el \u00fanico partido que durante el r\u00e9gimen fascista hab\u00eda conservado una direcci\u00f3n en el interior. Sus cuadros entraban en Italia de forma clandestina, hac\u00edan de enlace entre la direcci\u00f3n en el exterior y los grupos de militantes que hab\u00edan permanecido en el pa\u00eds, introduciendo la prensa y la propaganda ilegal, volviendo a tejer la organizaci\u00f3n del partido y del movimiento sindical disueltos durante el r\u00e9gimen fascista.<\/p>\n<p>\u00ab&#8230; Nosotros nos quedamos en Italia, trabajamos en Italia, porque nosotros somos el partido de la clase obrera italiana y la clase obrera italiana no est\u00e1 en Francia, ni en China, ni en Australia, est\u00e1 en Italia. Nos quedamos en Italia, trabajamos en Italia porque no pensamos que la derrota del fascismo sea posible sin la intervenci\u00f3n de las masas trabajadoras y sin la direcci\u00f3n obrera de esta intervenci\u00f3n.\u00bb (27)<\/p>\n<p>Hab\u00eda sido una elecci\u00f3n justa, que solo al cabo de algunos a\u00f1os fue seguida por otros movimientos antifascistas que acabaron convenci\u00e9ndose de la necesidad de reemprender la lucha organizada en Italia (28). Una elecci\u00f3n que sent\u00f3 las bases del papel fundamental que jug\u00f3 el PCI, en el marco del CNL (Comit\u00e9 Nacional de Liberaci\u00f3n) de cara a la transformaci\u00f3n de los grupos iniciales de fugitivos, que se hab\u00edan echado al monte despu\u00e9s del 8 de septiembre de 1943 para sustraerse al reclutamiento en el ej\u00e9rcito de la Rep\u00fablica de Sal\u00f3 y evitar las batidas alemanas, en destacamentos, brigadas y finalmente en un ej\u00e9rcito partisano.<\/p>\n<p>\u00abSe sabe que alrededor de la mitad de los efectivos de combate de los partisanos italianos se encuadraron en las Brigadas de asalto Garibaldi, en cuanto a los \u00abgapistas\u00bb, es decir a los audaces terroristas [sic! Evidentemente para Spriano este t\u00e9rmino no ten\u00eda su actual connotaci\u00f3n demonizada.\u00a0 Ndr.] que compon\u00edan los Grupos de acci\u00f3n patri\u00f3tica, es un hecho universalmente reconocido que eran comunistas alrededor del 80-90%, por no hablar de la direcci\u00f3n de las luchas y las huelgas de la clase obrera. Es as\u00ed que un ej\u00e9rcito de decenas de miles de personas es impulsado y despu\u00e9s organizado y conducido en combate por uno u otro cuadro comunista forjado tras diez, quince, veinte a\u00f1os de militancia en la clandestinidad, en la prisi\u00f3n, en la emigraci\u00f3n. Este es el dato que parece una demostraci\u00f3n perfecta de la famosa afirmaci\u00f3n estalinista seg\u00fan la cual \u00ablos cuadros lo deciden todo\u00bb (29).<\/p>\n<p>De todo esto no se quiere hablar. Porque de hacerlo, ser\u00eda necesario recordar que las actuales corrientes revisionistas y reaccionarias que van desde la cr\u00edtica a la \u00abret\u00f3rica\u00bb de la Resistencia hasta su denigraci\u00f3n, desde la comprensi\u00f3n de los \u00abmuchachos de Sal\u00f3\u00bb a la condena por la exposici\u00f3n del cad\u00e1ver de Mussolini y sus jerifaltes en plaza Loreto, no son nuevas, que la denigraci\u00f3n y la criminalizaci\u00f3n de la Resistencia comenzaron mucho tiempo atr\u00e1s, a partir de la disoluci\u00f3n de las formaciones partisanas, de la desautorizaci\u00f3n del CNL, de la restauraci\u00f3n en el poder de los monopolios capitalistas y de las fuerzas pol\u00edticas que los representan. Tendencias reaccionarias que, ya en curso desde 1947, se recrudecieron despu\u00e9s de las elecciones del 18 de abril de 1948, cuando con todos los medios de propaganda, de terror y de corrupci\u00f3n y con el apoyo del Vaticano y de los Estados Unidos, la Democracia Cristiana conquist\u00f3 la mayor\u00eda del Parlamento y el gobierno de nuestro pa\u00eds.<\/p>\n<p>El compendio m\u00e1s completo de la criminalizaci\u00f3n de la lucha partisana, respaldado por una puntual documentaci\u00f3n, fue planteado y denunciado con fuerza por Pietro Secchia en su discurso ante el Senado del 2 de octubre de 1948, al cual nos remitimos para completar la informaci\u00f3n. (30)<\/p>\n<p>Veamos los puntos m\u00e1s destacados. Pietro Secchia exhort\u00f3 sobre todo a los parlamentarios que se sentaban en los bancos del gobierno a asumir la responsabilidad de las \u00f3rdenes emanadas del CLN el d\u00eda despu\u00e9s de la Liberaci\u00f3n, suscritas por los representantes de todos los partidos que formaban parte de este comit\u00e9.<\/p>\n<p>Vale la pena, para refrescar la memoria de los desmemoriados y para informar a los m\u00e1s j\u00f3venes, reproducir por entero el decreto emanado, en la prefectura dirigida por Riccardo Lombardi, por parte del CLNAI (Comit\u00e9 de Liberaci\u00f3n Nacional de la Alta Italia), en su primer acto, en el momento de la insurrecci\u00f3n victoriosa y la Liberaci\u00f3n:<\/p>\n<p>\u00abEl Comit\u00e9 de Liberaci\u00f3n Nacional de la Alta Italia, delegado del \u00fanico gobierno legal italiano, en nombre del pueblo y de los Voluntarios por la Libertad, asume todos los poderes de administraci\u00f3n y de gobierno para la continuaci\u00f3n de la guerra de Liberaci\u00f3n en el flanco de las Naciones Unidas, por la eliminaci\u00f3n de los \u00faltimos restos del fascismo y por la tutela de los derechos democr\u00e1ticos. Los italianos deben darle pleno apoyo. Todos los fascistas deben hacer acto de rendici\u00f3n a las autoridades del Comit\u00e9 de Liberaci\u00f3n Nacional y entregar las armas. Aquellos que se resistan ser\u00e1n tratados como enemigos de la patria y como tales ser\u00e1n exterminados (El subrayado es de la redacci\u00f3n).<\/p>\n<p>Firmado: el CLNAI. Palacio de la Prefettura 26.4.1945. Luigi Longo (Gallo) del Partido Comunista Italiano, Emilio Sereni del Partido Comunista Italiano, Ferruccio Parri del Partito de Acci\u00f3n, Leo Valiani del Partito de Acci\u00f3n, Achille Marazza del Partido de la Democracia Cristiana, Augusto De Gasperi del Partido de la Democracia Cristiana, Giustino Arpesani del Partido Liberal Italiano, Filippo Jacini del Partido Liberal Italiano, Rodolfo Morandi del Partido Socialista de Unidad Popular, Sandro Pertini del Partido Socialista de Unidad Popular.<\/p>\n<p>Los firmantes de un decreto tan contundente, difundido en decenas de miles de copias, a un pueblo en armas -denunciaba Secchia- deben asumir la responsabilidad y defender a los partisanos que ajusticiaron a los fascistas, a los esp\u00edas, a aquellos que hab\u00edan colaborado con los nazis para llevar a cabo los m\u00e1s execrables delitos. Por el contrario, los partisanos fueron incriminados, arrestados y detenidos ilegalmente en las casernas de los \u00abcarabinieri\u00bb, donde eran sometidos a malos tratos y torturas e incluso se les obligaba a cavar las fosas donde se enterraban a los ajusticiados. Que no se trataba de casos aislados est\u00e1 demostrado por el alto n\u00famero de partisanos recluidos y encarcelados durante largos per\u00edodos. Solamente en la provincia de Modena, de 18.411 partisanos combatientes, 3.500, el 20%, fueron interrogados en 18 meses. La infame acusaci\u00f3n era siempre la misma: homicidio por rapi\u00f1a. Una acusaci\u00f3n que en la inmensa mayor\u00eda de los casos se desestimaba durante la instrucci\u00f3n o bien acababa en absoluci\u00f3n tras el proceso judicial. Pero no hab\u00eda ning\u00fan tipo de resarcimiento por las humillaciones, los malos tratos y las injustas detenciones sufridas por los partisanos, sino que, todo lo contrario, la prensa reaccionaria, que se hab\u00eda apresurado a enfangarlos, se guardaba muy bien despu\u00e9s de hacerles justicia.<\/p>\n<p>Pietro Secchia, con un listado detallado de los arrestos ilegales, los malos\u00a0 tratos, las torturas y las encarcelaciones, acusaba abiertamente a la\u00a0 pol\u00edtica del gobierno, y en particular al Ministerio de Interior, a cuyo \u00a0frente estaba Scelba, de ser conscientemente responsable de la persecuci\u00f3n\u00a0 de los partisanos.<\/p>\n<p>Igualmente firme fue la denuncia del parlamentario comunista, en el mismo\u00a0 discurso al Senado, acerca de la composici\u00f3n de las fuerzas policiales.\u00a0 Despu\u00e9s de haber recordado que los cerca de 5.500 partisanos que hab\u00edan sido\u00a0 reclutados para las fuerzas de la polic\u00eda despu\u00e9s de la Liberaci\u00f3n hab\u00edan\u00a0 sido, uno a uno, alejados por su presunta incapacidad de ser imparciales,\u00a0 Secchia denunciaba que los hombres \u00abimparciales\u00bb, designados por el ministro\u00a0 de Interior eran, en un porcentaje notable \u00ab&#8230;ex-miembros de la polic\u00eda\u00a0 fascista, \u00abex-repubblichini\u00bb, ex-capos de la OVRA. Entre ellos hay por tanto\u00a0 muchas de aquellas dign\u00edsimas personas que durante veinte a\u00f1os han servido\u00a0 fielmente al r\u00e9gimen de Mussolini, responsables de innumerables delitos\u00a0 urdidos y consumados durante las dos d\u00e9cadas fascistas&#8230;\u00bb (32).<\/p>\n<p>Pietro Secchia conclu\u00eda su acta de acusaci\u00f3n contra el gobierno con la\u00a0 denuncia de la reanudaci\u00f3n del fichaje policial a los pol\u00edticos, no solo en\u00a0 las comisar\u00edas, sino tambi\u00e9n con la creaci\u00f3n del \u00abRegistro Pol\u00edtico Central\u00bb\u00a0 del Ministerio de Interior. Los calificativos m\u00e1s que elocuentes utilizados\u00a0 para fichar a los partisanos y militantes comunistas y socialistas eran:\u00a0 \u00abviolentos, pol\u00edticos, capaces de actos de terrorismo\u00bb. De todo esto no se\u00a0 quiere hablar.\u00a0\u00a0\u00a0\u00a0\u00a0\u00a0\u00a0\u00a0 5<\/p>\n<p>Hemos abierto esta rese\u00f1a de recuerdos y hechos con una fecha oficial, el 27\u00a0 de enero, establecida por ley como el \u00abd\u00eda de la memoria\u00bb. Terminamos con\u00a0 otra fecha a la que se ha dado mucho relieve, aunque un solo sentido, por\u00a0 parte de los principales medios de comunicaci\u00f3n. Se trata de la instituci\u00f3n,\u00a0 a propuesta de la Alianza Nacional, del denominado \u00abd\u00eda del recuerdo\u00bb, a\u00a0 celebrarse el 10 de febrero (fecha de la ratificaci\u00f3n del Tratado de Par\u00eds\u00a0 de 1947, seg\u00fan el cual Italia tuvo que ceder a Yugoslavia una gran parte de\u00a0 Istria) para conmemorar la tragedia de las \u00abfobie\u00bb y el \u00e9xodo de la\u00a0 poblaci\u00f3n italiana de los territorios que pasaban a jurisdicci\u00f3n yugoslava.\u00a0 El intento de los proponentes fascistas es evidente: contraponer a los\u00a0 cr\u00edmenes nazis (redimensionados, cuando no simplemente negados) los cr\u00edmenes\u00a0 de los partisanos de Tito y por extensi\u00f3n del \u00abr\u00e9gimen\u00bb comunista que se\u00a0 instaurar\u00eda en Yugoslavia. En este intento tampoco falta un punto nost\u00e1lgico\u00a0 de revanchismo por las \u00abtierras irredentas\u00bb.<\/p>\n<p>Pero lo que no deber\u00eda se tan evidente es la aceptaci\u00f3n por parte del\u00a0 presidente de la Rep\u00fablica y de los pol\u00edticos de todos los colores, derecha,\u00a0 centro e \u00abizquierda\u00bb revisionista, de una historia demediada, que se inicia\u00a0 en 1945 y extiende un manto de olvido sobre la discriminaci\u00f3n y la\u00a0 desnacionalizaci\u00f3n que sufrieron los pueblos eslavos a manos de los\u00a0 gobiernos mon\u00e1rquico-fascistas en el per\u00edodo de entreguerras, sobre la\u00a0 invasi\u00f3n nazi y fascista de Yugoslavia durante la segunda guerra mundial,\u00a0 sobre los estragos de la poblaci\u00f3n eslovena, sobre las represalias de los\u00a0 \u00abcamisas negras\u00bb, sobre las deportaciones a los campos de concentraci\u00f3n,\u00a0 entre otros el tristemente famoso de Arbe.<\/p>\n<p>Esta evidente falsificaci\u00f3n de la historia acaba por respaldar el infame\u00a0 paralelismo entre nazismo y comunismo y, en nombre de la condena a la\u00a0 violencia \u00abvenga de quien venga\u00bb, pone en el mismo plano a carniceros y\u00a0 victimas, proponiendo una paz sin verdad ni justicia.\u00a0\u00a0\u00a0 No podemos abrir aqu\u00ed otro cap\u00edtulo para reconstruir la otra mitad de la\u00a0 historia, instrumentalmente ocultada por parte de la mayor\u00eda de los medios\u00a0 de informaci\u00f3n (con algunas loables excepciones (33)) convertidos ahora en\u00a0 meg\u00e1fono de la propaganda anticomunista.<\/p>\n<p>Solo podemos remitir a las numerosas investigaciones hist\u00f3ricas que han\u00a0 reconstruido el contexto hist\u00f3rico en el que se desarrollaron aquellos\u00a0 tr\u00e1gicos hechos.<\/p>\n<p>Hemos mencionado la fecha del 10 de febrero, que deber\u00eda hacer de contrapeso\u00a0 del 27 de enero, para subrayar la exhortaci\u00f3n innumerablemente repetida\u00a0 (v\u00e9ase la intervenci\u00f3n de Fassino en el Corriere della sera del 9 de febrero\u00a0 de 2006) a construir la as\u00ed denominada memoria \u00abcompartida\u00bb, que pasando por\u00a0 la condena a todos los \u00abtotalitarismos\u00bb, pusiera las bases de una Europa\u00a0 democr\u00e1tica de donde seria erradicado el racismo y las discriminaciones\u00a0 \u00e9tnicas y religiosas. Por tanto, la imagen de una sociedad ideal, en la cual\u00a0 triunfe el respeto de los \u00abderechos humanos\u00bb y en la cual los cr\u00edmenes y los\u00a0 errores del siglo que acaba de pasar no se repitan \u00abnunca m\u00e1s\u00bb.<\/p>\n<p>No nos sorprende que Fassino, Violante y socios, que desde hace tiempo han\u00a0 abjurado de los ideales comunistas, extraigan esta moraleja de los hechos\u00a0 del pasado. A otros que a\u00fan se tienen por comunistas querr\u00edamos pedirles que\u00a0 se abstengan de tanta hipocres\u00eda y que miren a su alrededor, que aprendan de\u00a0 la realidad que les rodea aqu\u00ed y ahora.<\/p>\n<p>El apoyo directo e indirecto de los estados de la Uni\u00f3n Europea, el aval de\u00a0 la ONU a las guerras desencadenadas por los Estados Unidos en nombre de la\u00a0 paz y de la democracia, primero en la ex Yugoslavia, en Irak despu\u00e9s, no han\u00a0 conseguido la pacificaci\u00f3n de estas zonas, pero s\u00ed que han reforzado las\u00a0 divisiones \u00e9tnicas y religiosas. Los estragos nazis se han reproducido en\u00a0 los bombardeos \u00abquir\u00fargicos\u00bb que tanto da\u00f1o han hecho a las poblaciones\u00a0 civiles, que han destruido ciudades, pa\u00edses, centros productivos y\u00a0 estructuras esenciales para la supervivencia. Las prisiones de Guant\u00e1namo y\u00a0 de Abu-Ghraib, los secuestros de los presuntos \u00abterroristas\u00bb, su deportaci\u00f3n\u00a0 clandestina a lugares de tortura desconocidos, han hecho revivir todas las\u00a0 pr\u00e1cticas extrajudiciales, los malos tratos y los asesinatos alegales\u00a0 propios de los reg\u00edmenes nazi-fascistas. No hace falta reivindicar la\u00a0 concepci\u00f3n materialista y dial\u00e9ctica de la historia, la realidad habla como\u00a0 un libro abierto.<\/p>\n<p>La l\u00f3gica del imperialismo es la l\u00f3gica inscrita en el modo de producci\u00f3n\u00a0 capitalista: la del m\u00e1ximo beneficio. Por ello los grupos imperialistas\u00a0 estadounidenses, europeos, asi\u00e1ticos etc., y sus gobiernos est\u00e1n dispuestos\u00a0 a fomentar guerras civiles, a exacerbar los conflictos \u00e9tnicos- religiosos\u00a0 en los pa\u00edses ex coloniales para as\u00ed explotar mejor sus enormes riquezas\u00a0 naturales; est\u00e1n dispuestos a azuzar las reivindicaciones nacionalistas para\u00a0 crear el m\u00e1ximo de dependencia econ\u00f3mica y pol\u00edtica de los pa\u00edses que\u00a0 formaron parte de la Uni\u00f3n Sovi\u00e9tica y del campo socialista, est\u00e1n\u00a0 dispuestos a asediar econ\u00f3micamente y a minar con cualquier medio, incluso\u00a0 incitando a la subversi\u00f3n interna, la integridad de los pa\u00edses \u00abdel eje del\u00a0 mal\u00bb, es decir, los pa\u00edses culpables de revindicar su soberan\u00eda nacional y\u00a0 su autonom\u00eda en las relaciones econ\u00f3micas. Sobre ellos, sobre Cuba, sobre\u00a0 Venezuela, sobre Corea del Norte, planea de continuo la amenaza de invasi\u00f3n\u00a0 armada. En lo que respecta a Siria, y sobre todo a Ir\u00e1n, ya se han dado los\u00a0 primeros pasos para preparar una nueva guerra de agresi\u00f3n, una vez m\u00e1s con\u00a0 el t\u00e1cito acuerdo de la UE y con el aval de la ONU que, por impotencia y\u00a0 sumisi\u00f3n a USA, se parece cada vez m\u00e1s a la Sociedad de las Naciones, s\u00facubo\u00a0 de las potencias imperialistas occidentales y fallida con el estallido de la\u00a0 segunda guerra mundial.<\/p>\n<p>Por todo esto, si es justo hacer hincapi\u00e9 en la consigna \u00abAhora y siempre\u00a0 Resistencia\u00bb, si hemos de rebatir las regurgitaciones nazi-fascistas, hemos\u00a0 de ser conscientes de que el nazismo y el fascismo non son m\u00e1s que la forma\u00a0 m\u00e1s extrema de ordenamiento de los estados capitalistas; hemos de ser\u00a0 conscientes de que resistencia hoy significa lucha antiimperialista.<\/p>\n<p>En nuestro pa\u00eds y en Europa significa luchar contra las formas de opresi\u00f3n y\u00a0 explotaci\u00f3n capitalista, por el derecho al trabajo, a la vivienda, a la\u00a0 educaci\u00f3n, a la salud, por la defensa de las libertades fundamentales. A\u00a0 escala internacional (esta vez denominada, a prop\u00f3sito, \u00abglobal\u00bb) significa\u00a0 luchar contra todas las guerras imperialistas, significa alinearse con\u00a0 determinaci\u00f3n del lado de la resistencia del pueblo iraqu\u00ed, del pueblo\u00a0 palestino y de todos los pueblos que luchan por su independencia y su\u00a0 liberaci\u00f3n.<\/p>\n<p>En el internacionalismo proletario revive el aut\u00e9ntico esp\u00edritu de la\u00a0 Resistencia y solo con la victoria contra el imperialismo se recuperar\u00e1 la\u00a0 esperanza de un futuro de paz y de justicia social y la realizaci\u00f3n de los\u00a0 ideales por los cuales lucharon y murieron los comunistas y los\u00a0 antifascistas en el mundo entero.<\/p>\n<p>Adriana Chiaia<\/p>\n<p>Mil\u00e1n, 13 de febrero de 2006<\/p>\n<p>Notas<\/p>\n<p>[1]\u00a0 Primo Levi, La tregua, Einaudi, Torino, 1963, pp. 9-11.<\/p>\n<p>[2]\u00a0 Lettere di condannati a morte della Resistenza europea, Einaudi editori,\u00a0 1954, p. 693.<\/p>\n<p>[3]\u00a0 Ibidem,\u00a0 p. 695.<\/p>\n<p>[4]\u00a0 Ibidem, p. 696.<\/p>\n<p>[5]\u00a0 Paolo Spriano, Storia del Partito Comunista Italiano. V. La Resistenza.\u00a0 Togliatti e il partito nuovo. Einaudi, Torino, 1975, p.78.<\/p>\n<p>[6]\u00a0 Filippo Gaja, Il secolo corto. La filosofia del bombardamento. La storia da\u00a0 riscrivere, Maquis Editorial, Milano, 1994, pp. 62 y siguientes.<\/p>\n<p>[7]\u00a0 Pietro Secchia, \u00abLotta armata e lotta di massa a Milano\u00bb en Fascismo e\u00a0 antifascismo (1936-1948). Leziomi e testimonianze, Feltrinelli, Milano,\u00a0 1962, p. 610.<\/p>\n<p>[8]\u00a0 Pietro Secchia, La resistenza accusa. 1945-1973, Gabriele Mazzotta editor,\u00a0 Milano, 1973, pp. 176-177.<\/p>\n<p>[9]\u00a0 Sobre la g\u00e9nesis hist\u00f3rica y la ubicaci\u00f3n geogr\u00e1fica de los campos de\u00a0 concentraci\u00f3n y de exterminio, v\u00e9ase: Sterminio in Europa tra due guerre\u00a0 mondiali, folleto a cargo de la Asociaci\u00f3n Nacional ex-Deportados pol\u00edticos\u00a0 en los campos Nazis\u00a0 (ANED), Milano, via Bagutta 12. Reproducci\u00f3n en formato\u00a0 reducido de una muestra de 40 paneles, a disposici\u00f3n de las escuelas y de\u00a0 las asociaciones.<\/p>\n<p>[10] William L. Shirer, Storia del Terzo Reich, Giulio Einaudi editore,\u00a0 1962, p. 297.<\/p>\n<p>[11] R\u00f6hm, comandante de las SA (Sturm-Abteilungen, Tropas de Asalto) fue\u00a0 aasesinado en Monaco-Stadelheim junto con cerca de 120 capos de las SA.<\/p>\n<p>[12] Storia del Terzo Reich, Op. cit., p. 298.<\/p>\n<p>[13] Ibidem, p.298.<\/p>\n<p>[14] Ibidem, pp. 298- 299.<\/p>\n<p>[15] Datos extraidos de: Lettere di condannati a morte della Resistenza\u00a0 europea. Op. cit. pp. 240-241.<\/p>\n<p>[16] Enzo Collotti, La Germania nazista. Dalla repubblica di Weimar al\u00a0 crollo del Reich hitleriano, Einaudi, 1962, p. 294. Obra a la que remitimos\u00a0 para un relato m\u00e1s completo de la oposici\u00f3n al nazismo.<\/p>\n<p>[17] Il secolo\u00a0 corto,\u00a0 Op. cit., p. 280.<\/p>\n<p>[18] Ibidem, p. 280.<\/p>\n<p>[19] Citado en: Il secolo corto, Op. cit., p. 281, a la que remitimos para\u00a0 mayores detalles.<\/p>\n<p>[20] Ibidem, p.259.<\/p>\n<p>[21] Ibidem, p.284.<\/p>\n<p>[22] Lettere di condannati a morte della Resistenza europea, Op. cit.<\/p>\n<p>[23] Sobre la particularidad\u00a0 de este campo de concentraci\u00f3n, sobre sus\u00a0 m\u00faltiples funciones, tanto como para ser definido como un \u00abmicrocosmos\u00bb de\u00a0 las diversas formas de represi\u00f3n nazis, v\u00e9ase la rese\u00f1a\u00a0 \u00abLa deportazione\u00a0 dalla Risiera di San Sabba\u00bb, di Tristano Matta, en Atti del convegno di\u00a0 Trieste sulle tragedie del Confine orientale, jornada celebrada en clausura\u00a0 del\u00a0 XIII Congreso de ANED, Trieste, septiembre 2004.<\/p>\n<p>[24] Seg\u00fan los datos de la Enciclopedia Italiana, Ap\u00e9ndice II, entrada\u00a0 \u00abCampi di concentramento\u00bb.<\/p>\n<p>[25] Fascismo e antifascismo (1936-1948). Lezioni e testimonianze, Op. cit.,\u00a0 Testimonio de Piero Caleffi: \u00abI campi di sterminio\u00bb,\u00a0 p.435.<\/p>\n<p>[26] Ibidem, Testimonio de Pietro Secchia: \u00abLotta armata e lotta di massa a\u00a0 Milano\u00bb,\u00a0 p.601.<\/p>\n<p>[27] Palmiro Togliatti, \u00abIl nostro partito\u00bb en Lo Stato operaio, n.3, marzo\u00a0 1928. Citado en La Resistenza accusa, Op. cit., p.364.<\/p>\n<p>[28] De los\u00a0 4.671 condenados\u00a0 del Tribunal especial, 4.030 eran comunistas,\u00a0 13 socialistas, 42 pertenec\u00edan al movimento Giustizia e Libert\u00e0, 22\u00a0 an\u00e1rquistas, 6 republicanos, 323 antifascistas sin otra filiaci\u00f3n, 203\u00a0 antifascistas y patriotas eslovenos y 32 objetores de conciencia por motivos\u00a0 religiosos. Ibidem, Nota a p. 360.<\/p>\n<p>[29] Storia del Partito Comunista Italiano. V. La Resistenza. Togliatti e il\u00a0 partito nuovo, Op. cit., p.58.<\/p>\n<p>[30] La resistenza accusa 1945 &#8211; 1973. Op. cit., pp. 66-96.<\/p>\n<p>[31] Ibidem, p.70.<\/p>\n<p>[32] Ibidem, p.84.<\/p>\n<p>[33] V\u00e9ase, por ejemplo, Il manifesto del 10 febrero 2006, que publica la\u00a0 clarificadora entrevista de Galliano Fogar, historiador del Instituto para\u00a0 la Historia del Movimento de Liberaci\u00f3n\u00a0 en Friuli &#8211; Venezia Giulia.<\/p>\n","protected":false},"excerpt":{"rendered":"<p>En el 2000 una ley del Estado italiano institu\u00eda  &quot;el d\u00eda de la memoria&quot;, a celebrarse el 27 de enero, en homenaje de la liberaci\u00f3n de los prisioneros supervivientes en el campo de exterminio de Auschwitz. <\/p>\n<p>En este homenaje los medios de comunicaci\u00f3n de masas han utilizado, en los \u00faltimos a\u00f1os, expresiones del tipo: &quot;27 de enero de 1945: caen las verjas de Auschwitz&quot; o bien: &quot;Las verjas de Auschwitz, abiertas por los aliados&quot;, es decir, los ingleses, estadounidenses y franceses. E incluso es brit\u00e1nico el carro armado de la homenajeada pel\u00edcula La vida es bella de Benigni, ganadora del Oscar 1999. <\/p>\n<p>    Hemos protestado recurriendo al testimonio de Primo Levi,  superviviente de <\/p>\n<p>ese campo, que describe as\u00ed la llegada de los liberadores: <\/p>\n<p>&quot;&#8230; La primera patrulla rusa es avistada en el campo hacia el mediod\u00eda del d\u00eda 27 de enero de 1945. [&#8230;] Eran cuatro j\u00f3venes soldados a caballo, que avanzaban cautelosamente, con las ametralladoras al brazo, por la carretera que limitaba el campo. [&#8230;] Cuatro hombres armados, pero no armados contra nosotros, cuatro mensajeros de la paz, de rostros toscos y pueriles bajo los pesados gorros de piel. No saludaban, no sonre\u00edan, parec\u00edan abrumados, m\u00e1s que por la piedad, por un confuso reparo, que sellaba sus labios y ofuscaba sus ojos ante el f\u00fanebre escenario. Era la misma verg\u00fcenza que nosotros conoc\u00edamos tan bien [&#8230;]: la verg\u00fcenza que los alemanes no conocer\u00edan, aquella que siente el justo ante la culpa cometida  por otros, y que provoca remordimiento por el simple hecho de existir, por haber sido introducida de forma irrevocable en el mundo de las cosas que existen&#8230;.&quot; (1) <\/p>\n<p>Recuperada as\u00ed la memoria, se ha admitido que s\u00ed, efectivamente, a Auschwitz llegaron los rusos. <\/p>\n","protected":false},"author":9,"featured_media":0,"comment_status":"open","ping_status":"open","sticky":false,"template":"","format":"standard","meta":{"footnotes":""},"categories":[28],"tags":[],"class_list":["post-14","post","type-post","status-publish","format-standard","hentry","category-siglo-xx"],"aioseo_notices":[],"_links":{"self":[{"href":"https:\/\/espai-marx.net\/index.php?rest_route=\/wp\/v2\/posts\/14","targetHints":{"allow":["GET"]}}],"collection":[{"href":"https:\/\/espai-marx.net\/index.php?rest_route=\/wp\/v2\/posts"}],"about":[{"href":"https:\/\/espai-marx.net\/index.php?rest_route=\/wp\/v2\/types\/post"}],"author":[{"embeddable":true,"href":"https:\/\/espai-marx.net\/index.php?rest_route=\/wp\/v2\/users\/9"}],"replies":[{"embeddable":true,"href":"https:\/\/espai-marx.net\/index.php?rest_route=%2Fwp%2Fv2%2Fcomments&post=14"}],"version-history":[{"count":0,"href":"https:\/\/espai-marx.net\/index.php?rest_route=\/wp\/v2\/posts\/14\/revisions"}],"wp:attachment":[{"href":"https:\/\/espai-marx.net\/index.php?rest_route=%2Fwp%2Fv2%2Fmedia&parent=14"}],"wp:term":[{"taxonomy":"category","embeddable":true,"href":"https:\/\/espai-marx.net\/index.php?rest_route=%2Fwp%2Fv2%2Fcategories&post=14"},{"taxonomy":"post_tag","embeddable":true,"href":"https:\/\/espai-marx.net\/index.php?rest_route=%2Fwp%2Fv2%2Ftags&post=14"}],"curies":[{"name":"wp","href":"https:\/\/api.w.org\/{rel}","templated":true}]}}