{"id":1404,"date":"2010-09-16T00:00:00","date_gmt":"2010-09-16T00:00:00","guid":{"rendered":"https:\/\/espai-marx.net\/?p=1404"},"modified":"2019-01-21T18:58:59","modified_gmt":"2019-01-21T18:58:59","slug":"manuel-sacristan-25-anos-despues","status":"publish","type":"post","link":"https:\/\/espai-marx.net\/?p=1404","title":{"rendered":"Manuel Sacrist\u00e1n, 25 a\u00f1os despu\u00e9s"},"content":{"rendered":"<p>    <P LANG='es-ES' CLASS='western' ALIGN=JUSTIFY STYLE='font-weight: normal'> Manuel Sacrist&aacute;n, 25 a&ntilde;os despu&eacute;s.<\/P> <P LANG='es-ES' CLASS='western' ALIGN=JUSTIFY STYLE='font-weight: normal'> <BR> <\/P> <P LANG='es-ES' CLASS='western'>Un marxista revolucionario y realista que adoraba la m&uacute;sica de Mozart.<\/P> <P LANG='es-ES' CLASS='western' ALIGN=JUSTIFY STYLE='font-weight: normal'> \t\t<\/P> <P LANG='es-ES' CLASS='western' ALIGN=JUSTIFY STYLE='font-weight: normal'> Salvador L&oacute;pez Arnal<\/P> <P LANG='es-ES' CLASS='western' ALIGN=JUSTIFY STYLE='font-weight: normal'> <BR> <\/P> <P LANG='en-US' ALIGN=JUSTIFY STYLE='margin-left: 1.27cm; font-weight: normal'> El criterio de Kuhn (las reglas para la resoluci&oacute;n de problemas definidos) y su juicio sobre el marxismo se compenetran muy bien con mi entendimiento de este &uacute;ltimo: <I>el marxismo no es una ciencia, sino la mejor construcci&oacute;n existente del socialismo, el cual es una pretensi&oacute;n de innovaci&oacute;n cultural<\/I>.<\/P> <P LANG='en-US' ALIGN=JUSTIFY STYLE='margin-left: 1.27cm; font-weight: normal'> \t\t\t\tManuel Sacrist&aacute;n<\/P> <P LANG='es-ES' CLASS='western' ALIGN=JUSTIFY STYLE='font-weight: normal'> <BR> <\/P> <P LANG='en-US' ALIGN=JUSTIFY STYLE='text-indent: 1.25cm; font-weight: normal'> Leyendo el <I>Kunst und Koexistenz. Beitrag zu einer marxistischen &Auml;sthetike<\/I> [Arte y coexistencia. Contribuci&oacute;n a una est&eacute;tica marxista], el traductor castellano de la obra de Ernst Fischer anotaba: &ldquo;[&hellip;] La clave est&aacute; en el ideol&oacute;gico &ldquo;so&ntilde;arse a s&iacute; misma&rdquo; del final: se supone un arquetipo ut&oacute;pico, la archiutop&iacute;a de La HUMANIDAD, y como uno es s&oacute;lo prehumano -y a&uacute;n peque&ntilde;o-burgu&eacute;s- no tiene a mano para descubrir la utop&iacute;a m&aacute;s que los casos a los que el t&oacute;pico cultural siente como &ldquo;sublimes&rdquo; y &ldquo;sobrehumanos&rdquo;, dicho sea con perd&oacute;n de Mozart, el m&uacute;sico que me es m&aacute;s querido [1]. El culturalismo peque&ntilde;o-burgu&eacute;s no se da cuenta de la autocontradicci&oacute;n en que incurre: Mozart es tan pre-hombre como Robespierre. Por tanto, la prehumanidad es ya LA HUMANIDAD&rdquo;.<\/P> <P LANG='en-US' ALIGN=JUSTIFY STYLE='text-indent: 1.25cm; font-weight: normal'> Esa contradicci&oacute;n, prosegu&iacute;a el traductor y comentarista del fil&oacute;sofo austr&iacute;aco, se deb&iacute;a al uso de &ldquo;ideas plat&oacute;nicas hegelianamente pseudohistorizadas&rdquo; y al abusivo uso de &lsquo;sentido&rsquo;. Sentido era un atributo que otorgaba la inserci&oacute;n en una estructura teleol&oacute;gica, &ldquo;principalmente la de la acci&oacute;n humana&rdquo;. Por ello ten&iacute;a tanto sentido la acci&oacute;n de pol&iacute;ticos y artistas. No lo ten&iacute;an, en cambio, entidades aisladas como &ldquo;la humanidad&rdquo; o &ldquo;la vida&rdquo;. &ldquo;Ante la extinci&oacute;n de la humanidad, o incluso de las condiciones de la vida propia de este planeta, &iquest;qu&eacute; &ldquo;sentido&rdquo; arquet&iacute;pico tiene <I>Die Zauberfl&ouml;te<\/I> (y es la pieza de m&uacute;sica que m&aacute;s me importa <I>en<\/I> el mundo)?&rdquo;, se preguntaba el traductor de Ernst Fischer.<\/P> <P LANG='en-US' ALIGN=JUSTIFY STYLE='font-weight: normal'>\tLa negativa a aceptar que los seres humanos son lo que y como son, conclu&iacute;a el germanista espa&ntilde;ol sobrino de exiliados republicanos, y que con ello ya hab&iacute;a bastante para enfrentarse a tiran&iacute;as y aberraciones era &ldquo;la base de todas las memeces y todas los desvar&iacute;os de los ide&oacute;logos progresistas.&rdquo;<\/P> <P LANG='es-ES' ALIGN=JUSTIFY STYLE='font-weight: normal'>\tA&ntilde;os m&aacute;s tarde, entrevistado por la revista <I>Argumentos<\/I> durante su estancia en M&eacute;xico en el curso acad&eacute;mico 1982-1983, se expresaba con no menor contundencia sobre este v&eacute;rtice: &ldquo;[&hellip;] Probablemente una de las cosas que haya que conservar de Lenin sea el realismo: la revoluci&oacute;n la hacen los seres humanos que hay, como son. El que quiera armon&iacute;a celestial, que se vaya al cielo (Eso se puede decir tambi&eacute;n acad&eacute;micamente. F&iacute;jese: &quot;Como ya ense&ntilde;ara el c&eacute;lebre fil&oacute;sofo prusiano Immanuel Kant, la pol&iacute;tica no tiene por objeto hacer a los hombres santos, sino conseguir que su vida en sociedad sea justa&quot;.)<\/P> <P LANG='es-ES' CLASS='western' ALIGN=JUSTIFY STYLE='text-indent: 1.27cm; font-weight: normal'> El realismo pol&iacute;tico que toca realidad y que, a un tiempo, no pierde pie ni permite la renuncia ni la ubicaci&oacute;n del olvido en horizontes y finalidades de transformaci&oacute;n social de orientaci&oacute;n socialista, aspirando a una mayor justicia en la vida de las sociedades humanas, fue una constante en el pensar y hacer del traductor de <I>Arte y coexistencia<\/I>. Desde siempre, sin por ello desconocer los propios errores, las dudas inevitables ante encrucijadas de enorme complejidad ni las vanas enso&ntilde;aciones que, en ocasiones nada infrecuentes, hab&iacute;an acechado a las diversas tradiciones emancipatorias.<\/P> <P LANG='es-ES' CLASS='western' ALIGN=JUSTIFY STYLE='text-indent: 1.27cm; font-weight: normal'> Hoy se cumple un cuarto de siglo del fallecimiento de un marxista revolucionario que no claudic&oacute;, que sin ensayar ceguera alguna, nunca renunci&oacute; a las finalidades socialistas y que, precisamente por ello, apreci&oacute; destacadamente el realismo pol&iacute;tico no entregado. El 27 de agosto de 1985, de regreso a casa, momentos despu&eacute;s de haber finalizado una sesi&oacute;n de di&aacute;lisis en un dispensario p&uacute;blico pr&oacute;ximo a su domicilio de la Diagonal barcelonesa, un infarto seg&oacute; la vida de Manuel Sacrist&aacute;n. Dos d&iacute;as m&aacute;s tarde, el 29 de agosto, fue enterrado en Guils (Girona), al lado de Giulia Adinolfi.  <\/P> <P LANG='en-US' ALIGN=JUSTIFY STYLE='font-weight: normal'>\tTres d&iacute;as antes de su muerte, 24 de agosto de 1985, el autor de <I>Sobre Marx y marxismo<\/I> hab&iacute;a escrito la que fue su &uacute;ltima carta. La dirigi&oacute; a F&eacute;lix Novales, preso pol&iacute;tico entonces en la c&aacute;rcel de Soria. Novales le hab&iacute;a solicitado ayuda bibliogr&aacute;fica y orientaci&oacute;n intelectual. Sacrist&aacute;n incid&iacute;a de nuevo en la tem&aacute;tica del realismo:<\/P> <P LANG='es-ES' ALIGN=JUSTIFY STYLE='margin-left: 1.25cm; font-weight: normal'> Apreciado amigo,<\/P> <P LANG='es-ES' ALIGN=JUSTIFY STYLE='margin-left: 1.25cm; text-indent: 1.25cm; font-weight: normal'> Me parece que, a pesar de las diferencias, ninguna historia de errores, irrealismos y sectarismos es excepcional en la izquierda espa&ntilde;ola. El que est&eacute; libre de todas esas cosas, que tire la primera piedra. Estoy seguro de que no habr&aacute; pedrea.<\/P> <P LANG='en-US' ALIGN=JUSTIFY STYLE='margin-left: 1.25cm; text-indent: 1.25cm; font-weight: normal'> Si t&uacute; eres un extra&ntilde;o producto de los 70, otros lo somos de los 40 y te puedo asegurar que no fuimos mucho m&aacute;s realistas. Pero sin que con eso quiera justificar la falta de sentido de la realidad, creo que de las dos cosas tristes con las que empiezas tu carta -la falta de realismo de los unos y el enlodado de los otros- es m&aacute;s triste la segunda que la primera. Y tiene menos arreglo: porque <I>se puede conseguir comprensi&oacute;n de la realidad sin necesidad de demasiados esfuerzos ni cambiar de pensamiento; pero me parece dif&iacute;cil que el que aprende a disfrutar revolc&aacute;ndose en el lodo tenga un renacer posible<\/I>. Una cosa es la realidad y otra la mierda, que es s&oacute;lo una parte de la realidad, compuesta, precisamente, por los que aceptan la realidad moralmente, no s&oacute;lo intelectualmente&hellip;[la cursiva es m&iacute;a].  <\/P> <P LANG='es-ES' ALIGN=JUSTIFY STYLE='margin-left: 1.25cm; text-indent: 1.25cm; font-weight: normal'> <BR> <\/P> <P LANG='es-ES' CLASS='western' ALIGN=JUSTIFY STYLE='font-weight: normal'> \tEl colaborador de <I>Qvadrante<\/I> y <I>Laye<\/I> no disfrut&oacute; revolc&aacute;ndose en el lodo ni, desde luego, acept&oacute; la realidad moralmente [2]. Hasta el final de sus d&iacute;as. Hab&iacute;a dejado el PSUC-PCE a finales de los setenta -o acaso el Partido le dejara a &eacute;l- por divergencias pol&iacute;ticas tras m&aacute;s de dos d&eacute;cadas de compromiso activo y arriesgado. Las tesis defendidas por el  heroico Partido de la resistencia durante los &uacute;ltimos a&ntilde;os del tardofranquismo y durante la transici&oacute;n estaban muy alejadas de sus posiciones. Pero su papel pol&iacute;tico-intelectual, organizativo y activo en el movimiento obrero, en la fundaci&oacute;n de la federaci&oacute;n de ense&ntilde;anza de CC.OO., en los movimientos ecologistas, antinucleares [3], antimilitaristas y antiot&aacute;nicos, en la formaci&oacute;n de aquellas inolvidables revistas rojas de tanta influencia pol&iacute;tico-cultural como fueron <I>Materiales<\/I> y <I>mientras tanto <\/I>[4], fue esencial. Como se&ntilde;alara Miguel Candel, pocos como &eacute;l han pensado y obrado tanto para otros. A pesar de las tragedias familiares que vivi&oacute; (su compa&ntilde;era Giulia Adinolfi falleci&oacute; el 21 de febrero de 1980), a pesar de sus profundos desencuentros pol&iacute;ticos y personales con amigos y compa&ntilde;eros de combate y clandestinidad, a pesar de una situaci&oacute;n acad&eacute;mica que s&oacute;lo alcanz&oacute; seguridad al final de su vida [5], Sacrist&aacute;n pareci&oacute; rejuvenecer en sus &uacute;ltimos a&ntilde;os con fuerzas inusitadas. Algunos de sus amigos y amigas de entonces han comentado que parec&iacute;a que se hubiera reencontrado con su pandilla de amigos de juventud [6].  <\/P> <P LANG='es-ES' CLASS='western' ALIGN=JUSTIFY STYLE='font-weight: normal'> \tSu compromiso comunista, su larga y permanente actividad pol&iacute;tica, coherente con una acepci&oacute;n marxismo que nunca vivi&oacute; esa tradici&oacute;n de pol&iacute;tica revolucionaria como asunto meramente acad&eacute;mico [7], su consciencia de las vacilaciones y renuncias de muchos intelectuales comunistas ya en aquellos a&ntilde;os, no le ceg&oacute; ni le hizo cultivar ninguna dogm&aacute;tica o alguna variante del marxismo escol&aacute;stico. El traductor de <I>El Capital<\/I> practic&oacute; un marxismo sin ismos, al estilo de Rubel. Su arriesgada e inusual militancia en el principal partido de la resistencia antifranquista, su inter&eacute;s filos&oacute;fico por un marxismo abierto y sin Verdades may&uacute;sculas a las que rendir pleites&iacute;a acr&iacute;tica, nunca se enmarcaron en la aceptaci&oacute;n ciega de las p&aacute;ginas de una cosmovisi&oacute;n talm&uacute;dica y escol&aacute;sticamente cultivada. En su concepci&oacute;n, el marxismo era un intento de formular conscientemente, con el mayor rigor y con la mayor limpieza anal&iacute;tica alcanzable, los supuestos y consecuencias del empe&ntilde;o por crear una sociedad y cultura comunistas. Dado que pod&iacute;an cambiar, y cambiaban de hecho, los datos de ese esfuerzo, sus implicaciones f&aacute;cticas, el traductor de Quine, Plat&oacute;n y Luk&aacute;cs cre&iacute;a que ten&iacute;an que cambiar tambi&eacute;n sus supuestos e implicaciones te&oacute;ricas, su horizonte intelectual. El socialismo era, para &eacute;l, una profunda innovaci&oacute;n cultural en la relaci&oacute;n entre los seres humanos y entre estos y la Naturaleza.<\/P> <P LANG='es-ES' CLASS='western' ALIGN=JUSTIFY STYLE='text-indent: 1.25cm; font-weight: normal'> Esa fue una de sus &uacute;ltimas e importantes tareas: contribuir a una reorientaci&oacute;n de la tradici&oacute;n y de sus categor&iacute;as centrales, en momentos en que una gran parte del movimiento obrero internacional segu&iacute;a manteni&eacute;ndose en pie de paz, combate y alternativa, acorde con las urgencias ecol&oacute;gicas, la crisis del sistema patriarcal, la fuerte irrupci&oacute;n del militarismo y el armamento nuclear, el resquebrajamiento cada vez m&aacute;s patente del entonces denominado &ldquo;socialismo real&rdquo; y las nuevas y desbrindadas arremetidas de un capitalismo belicista dispuesto a la victoria final y al estruendo de sus ruidosos tambores y trompetas.<\/P> <P LANG='es-ES' ALIGN=JUSTIFY STYLE='font-weight: normal'>\tEn el paso final de un art&iacute;culo escrito con ocasi&oacute;n del primer centenario del revolucionario de Tr&eacute;veris, &ldquo;&iquest;Qu&eacute; Marx se leer&aacute; en el siglo XXI?&rdquo; [8], el director de <I>mientras tanto<\/I> apuntaba que por detr&aacute;s de tanta lectura e interpretaci&oacute;n de la obra marxiana se ubicaba una cuesti&oacute;n pol&iacute;tica central: si la naturaleza del socialismo era hacer lo mismo que el capitalismo, aunque mejor, o bien, por el contrario, consist&iacute;a en vivir otra cosa. Para &eacute;l, para el traductor de m&aacute;s de 29.000 p&aacute;ginas del griego, italiano, alem&aacute;n, franc&eacute;s, ingl&eacute;s y catal&aacute;n, cuya labor socr&aacute;tica, como se&ntilde;alara Joaquim Sempere, tan decisiva fue en la formaci&oacute;n pol&iacute;tico-intelectual de varias generaciones universitarias y ciudadanas, la resoluci&oacute;n de la disyunci&oacute;n no ofrec&iacute;a ninguna duda: hab&iacute;a que vivir otra cosa y hab&iacute;a que combatir por conseguirla, buscando nuevas sendas y haci&eacute;ndolo junto con los otros, como &eacute;l mismo apuntara en la carta de presentaci&oacute;n de &ldquo;Zetein&rdquo; aquella inolvidable colecci&oacute;n de la editorial Ariel que tambi&eacute;n &eacute;l dirigi&oacute;.<\/P> <P LANG='es-ES' CLASS='western' ALIGN=JUSTIFY STYLE='font-weight: normal'> \tVeinticinco a&ntilde;os despu&eacute;s de su fallecimiento, su forma de entender la tradici&oacute;n marxista y muchas de sus aportaciones siguen vivas, demandando lecturas documentadas, consistentes y renovadoras, que tomen pie en ellas para transitar nuevos caminos de reflexi&oacute;n y acci&oacute;n. Su legado, en absoluto agotado o reducible al de un digno,  honorable y admirado anticuario, puede resumirse en tres categor&iacute;as centrales: amor, estudio y lucha. Cr&iacute;tico literario, teatral y musical, traductor, profesor, amante del saber cient&iacute;fico, conferenciante, editor, agitador cultural, l&oacute;gico, epistem&oacute;logo, pol&iacute;tico y soci&oacute;logo de la ciencia, fil&oacute;sofo, marx&oacute;logo,&hellip; estas son algunas de las caras del poliedro Sacrist&aacute;n, un poliedro que tuvo su n&uacute;cleo esencial en el cultivo y abono de un marxismo comprometido en la tarea que era urgente proponerse &ldquo;para que tras esta noche oscura de la crisis de una civilizaci&oacute;n despuntara una humanidad m&aacute;s justa en una Tierra habitable, en vez de un inmenso reba&ntilde;o de atontados ruidosos en un estercolero qu&iacute;mico, farmac&eacute;utico y radiactivo&rdquo;.  <\/P> <P LANG='es-ES' CLASS='western' ALIGN=JUSTIFY STYLE='text-indent: 1.25cm; font-weight: normal'> Le gustaba conocer las cosas, iba en serio [9]. No hay teor&iacute;a, escribi&oacute; en una ocasi&oacute;n, si es buena teor&iacute;a, que no se prolongue en techn&eacute;. Pero eso, prosegu&iacute;a el lector y admirador de Neurath y Harich, &ldquo;es una cosa y otra es que hay que manipular menos y acariciar m&aacute;s la naturaleza&rdquo;. Y lo esencial, y acaso parad&oacute;jico, era que la t&eacute;cnica de acariciar deb&iacute;a basarse en la misma teor&iacute;a que &ldquo;posibilita la t&eacute;cnica del violar y destruir&rdquo;. No podemos ponernos a contemplar, coment&oacute; en otra ocasi&oacute;n, por debajo de la fuerza de nuestros ojos.<\/P> <P LANG='es-ES' CLASS='western' ALIGN=JUSTIFY STYLE='text-indent: 1.25cm; font-weight: normal'> Manipular menos, acariciar m&aacute;s, sin pretender contemplar por debajo de la fuerza de nuestra mirada. Hic Rhodus, hic salta! Es tema de nuestra hora, como a Sacrist&aacute;n gustaba decir. Sin pesimismos, sin abonar desesperanzas. Con versos de Guillevic que &eacute;l mismo cit&oacute; en una conferencia sobre ciencia y pol&iacute;tica socialista:<\/P> <P LANG='es-ES' CLASS='western' ALIGN=JUSTIFY STYLE='margin-left: 2.5cm; font-weight: normal'> Nous n&rsquo;avons jamais dit<\/P> <P LANG='es-ES' CLASS='western' ALIGN=JUSTIFY STYLE='margin-left: 2.5cm; font-weight: normal'> Que vivre c&rsquo;est facile<\/P> <P LANG='es-ES' CLASS='western' ALIGN=JUSTIFY STYLE='margin-left: 2.5cm; font-weight: normal'> Et que c&rsquo;est simple de s&rsquo;aimer&#8230;<\/P> <P LANG='es-ES' CLASS='western' ALIGN=JUSTIFY STYLE='margin-left: 2.5cm; font-weight: normal'> Ce sera tellement autre chose<\/P> <P LANG='es-ES' CLASS='western' ALIGN=JUSTIFY STYLE='margin-left: 2.5cm; font-weight: normal'> Alors. Nous esp&eacute;rons<\/P> <P LANG='es-ES' CLASS='western' ALIGN=JUSTIFY STYLE='margin-left: 2.5cm; font-weight: normal'> <BR> <\/P> <P LANG='es-ES' CLASS='western' ALIGN=JUSTIFY STYLE='text-indent: 1.25cm; font-weight: normal'> <BR> <\/P> <P LANG='es-ES' ALIGN=JUSTIFY><I><B>Notas<\/B><\/I><\/P> <P LANG='en-US' ALIGN=JUSTIFY STYLE='font-weight: normal'>[1] En una conversaci&oacute;n con Jordi Guiu y Antoni Munn&eacute;, fechada en 1979, Sacrist&aacute;n confesaba su amor por la cultura germana y por Mozart, broma y cr&iacute;tica pol&iacute;tica incluidas, en los siguientes t&eacute;rminos: &ldquo;[&hellip;] Una de las motivaciones era &eacute;sta: entender cosa alemana, cosa que les pasa a los alemanes. Entender cosa que les pasa a los alemanes es entender cosa que me pasa a m&iacute;, porque tengo un buen elemento de cultura alemana asimilada. No s&eacute;&hellip; si aqu&iacute; ganara [Enrique] L&iacute;ster y hubiera que perder la nacionalidad por disidente, supongo yo que la nacionalidad primera que se me ocurrir&iacute;a pedir ser&iacute;a la austr&iacute;aca. Muy probablemente lo primero que se me ocurrir&iacute;a ser&iacute;a ser austr&iacute;aco para poder tener que ver con Mozart&rdquo;.<\/P> <P LANG='es-ES' CLASS='western' ALIGN=JUSTIFY STYLE='font-weight: normal'>  [2] Para una lectura moralmente infame, l&oacute;gicamente falaz y pol&iacute;ticamente reaccionaria de esta carta de Manuel Sacrist&aacute;n, alejada a&ntilde;os-luz de cualquier empe&ntilde;o de comprensi&oacute;n razonable de lo comentado, v&eacute;ase Francesc-Marc &Aacute;lvaro, <I>Los asesinos de Franco<\/I>, La esfera de los Libros (varias ediciones). No es imposible que un antiguo compa&ntilde;ero de Partido de Sacrist&aacute;n, Josep Termes, reafirmara o abonara la bondad y correcci&oacute;n de esa lectura falsaria.<\/P> <P LANG='es-ES' CLASS='western' ALIGN=JUSTIFY STYLE='font-weight: normal'> [3] Especialmente en el CANC, el Comit&eacute; Antinuclear de Catalunya, junto a V&iacute;ctor R&iacute;os, Paco Fern&aacute;ndez Buey, Miguel Candel y Antoni Dom&egrave;nech entre otros.<\/P> <P LANG='es-ES' CLASS='western' ALIGN=JUSTIFY STYLE='font-weight: normal'> [4] Adem&aacute;s de tres n&uacute;meros extraordinarios, se publicaron 12 n&uacute;meros de Materiales. <I>Mientras tanto<\/I>, que tiene actualmente un bolet&iacute;n electr&oacute;nico mensual, sigue public&aacute;ndose.<\/P> <P LANG='es-ES' CLASS='western' ALIGN=JUSTIFY STYLE='font-weight: normal'> [5] De sus casi veinte a&ntilde;os de profesor universitario &ndash;recu&eacute;rdese que durante unos diez a&ntilde;os estuvo expulsado de la Universidad de Barcelona-, s&oacute;lo durante tres o cuatro de estos a&ntilde;os fue Sacrist&aacute;n profesor de la Facultad de Filosof&iacute;a. Durante el tiempo restante fue profesor no numerario de la Facultad de Econ&oacute;micas. Sacrist&aacute;n fue nombrado catedr&aacute;tico extraordinario en 1984, con efectos legales, creo recordar, desde 1983.<\/P> <P LANG='es-ES' CLASS='western' ALIGN=JUSTIFY STYLE='font-weight: normal'> [6] V&eacute;anse las declaraciones de Dolors Folch para los documentales de Xavier Juncosa, &ldquo;Integral Sacrist&aacute;n&rdquo;, Barcelona, Editorial El Viejo Topo, 2006.<\/P> <P LANG='es-ES' CLASS='western' ALIGN=JUSTIFY STYLE='font-weight: normal'> [7] As&iacute; finalizada Sacrist&aacute;n su art&iacute;culo sobre &ldquo;Jesuitas y dial&eacute;ctica&rdquo;, un escrito de 1960, uno de sus primeros trabajos marxistas: &ldquo;[&hellip;] Marxismo y dial&eacute;ctica real -incluyendo para el fil&oacute;sofo ese &uacute;ltimo y decisivo punto de su reinserci&oacute;n revolucionaria (es decir: dial&eacute;ctico-cualitativa) en el mundo- son inseparables. <I>Lo que quiere decir -perm&iacute;tasenos dar pie a posible pol&eacute;mica al final de esta nota- que un fil&oacute;sofo marxista s&oacute;lo puede ser un militante comunista, porque no hay marxismo de mera erudici&oacute;n<\/I>&rdquo; [la cursiva es m&iacute;a].<\/P> <P LANG='es-ES' CLASS='western' ALIGN=JUSTIFY STYLE='font-weight: normal'> [8] Manuel Sacrist&aacute;n, <I>Pacifismo, ecologismo y pol&iacute;tica alternativa<\/I>, Barcelona, Icaria (edici&oacute;n P&uacute;blico), 2009, p. 168.<\/P> <P LANG='en-US' ALIGN=JUSTIFY STYLE='font-weight: normal'>[9] En la citada entrevista con Munn&eacute; y Guiu para <I>El Viejo Topo<\/I>, Sacrist&aacute;n se aproximaba a esta noci&oacute;n en los t&eacute;rminos siguientes: &ldquo;[&hellip;] Por &ldquo;ir en serio&rdquo; entiendo no precisamente tener necesariamente ideas ciegas -la ceguera nunca es seria: es hist&eacute;rica, que es distinto- ni tampoco necesariamente ideas radicales. Con las mismas f&oacute;rmulas te&oacute;ricas de Ulrike Meinhof se puede ser perfectamente un botarate. No es nada serio, no se trata de eso. Se trata de la concreci&oacute;n de su vida, del fen&oacute;meno singular. No se trata de las tesis, que pueden ser, por un lado, disparatadas y, por otro, objeto de profesi&oacute;n perfectamente inaut&eacute;ntica, a lo intelectual&rdquo;. A lo que a&ntilde;ad&iacute;a l&iacute;neas m&aacute;s arriba: &ldquo;Intentaba entender la locura satisfecha del grupo Baader-Meinhof como negativo de la locura satisfecha de los partidos comunistas occidentales. Era otra clase de locura, pero era s&oacute;lo el negativo de la misma locura, de la misma falta de sentido com&uacute;n&rdquo;.<\/P> <P LANG='es-ES' CLASS='western' ALIGN=JUSTIFY STYLE='font-weight: normal'> <BR> <\/P>  <\/p>\n","protected":false},"excerpt":{"rendered":"<p>Manuel Sacrist&aacute;n, 25 a&ntilde;os despu&eacute;s. Un marxista revolucionario y realista que adoraba la m&uacute;sica de Mozart. Salvador L&oacute;pez Arnal El<\/p>\n","protected":false},"author":4,"featured_media":1405,"comment_status":"open","ping_status":"open","sticky":false,"template":"","format":"standard","meta":{"footnotes":""},"categories":[10],"tags":[],"class_list":["post-1404","post","type-post","status-publish","format-standard","has-post-thumbnail","hentry","category-manuel-sacristan"],"aioseo_notices":[],"_links":{"self":[{"href":"https:\/\/espai-marx.net\/index.php?rest_route=\/wp\/v2\/posts\/1404","targetHints":{"allow":["GET"]}}],"collection":[{"href":"https:\/\/espai-marx.net\/index.php?rest_route=\/wp\/v2\/posts"}],"about":[{"href":"https:\/\/espai-marx.net\/index.php?rest_route=\/wp\/v2\/types\/post"}],"author":[{"embeddable":true,"href":"https:\/\/espai-marx.net\/index.php?rest_route=\/wp\/v2\/users\/4"}],"replies":[{"embeddable":true,"href":"https:\/\/espai-marx.net\/index.php?rest_route=%2Fwp%2Fv2%2Fcomments&post=1404"}],"version-history":[{"count":0,"href":"https:\/\/espai-marx.net\/index.php?rest_route=\/wp\/v2\/posts\/1404\/revisions"}],"wp:featuredmedia":[{"embeddable":true,"href":"https:\/\/espai-marx.net\/index.php?rest_route=\/wp\/v2\/media\/1405"}],"wp:attachment":[{"href":"https:\/\/espai-marx.net\/index.php?rest_route=%2Fwp%2Fv2%2Fmedia&parent=1404"}],"wp:term":[{"taxonomy":"category","embeddable":true,"href":"https:\/\/espai-marx.net\/index.php?rest_route=%2Fwp%2Fv2%2Fcategories&post=1404"},{"taxonomy":"post_tag","embeddable":true,"href":"https:\/\/espai-marx.net\/index.php?rest_route=%2Fwp%2Fv2%2Ftags&post=1404"}],"curies":[{"name":"wp","href":"https:\/\/api.w.org\/{rel}","templated":true}]}}