{"id":14046,"date":"2023-07-21T05:00:46","date_gmt":"2023-07-21T04:00:46","guid":{"rendered":"https:\/\/espai-marx.net\/?p=14046"},"modified":"2023-07-21T03:38:11","modified_gmt":"2023-07-21T02:38:11","slug":"la-chispa-tras-los-incendios-que-arrasan-francia-un-brutal-legado-colonial","status":"publish","type":"post","link":"https:\/\/espai-marx.net\/?p=14046","title":{"rendered":"La chispa tras los incendios que arrasan Francia: un brutal legado colonial"},"content":{"rendered":"<p>El s\u00e1bado 1 de julio de 2023, una gran multitud <a href=\"https:\/\/www.lemonde.fr\/societe\/article\/2023\/07\/01\/rage-contenue-et-douleur-aux-funerailles-de-nahel-m-a-nanterre_6180165_3224.html\" target=\"_blank\" rel=\"nofollow noopener noreferrer\" shape=\"rect\">se congreg\u00f3<\/a> en el interior y los alrededores de la mezquita Ibn Badis de Nanterre, Francia, donde se vel\u00f3 y posteriormente se enterr\u00f3 a un joven de 17 a\u00f1os, Nahel M. Nahel M, de ascendencia argelina y tunecina, quien fue asesinado por un polic\u00eda durante un control de tr\u00e1fico. Estaba <a href=\"https:\/\/www.leparisien.fr\/faits-divers\/nice-le-policier-auteur-du-tir-mortel-place-en-garde-a-vue-08-09-2022-NC2H6WQYJRHOZJWXXBCGY63YYE.php\" target=\"_blank\" rel=\"nofollow noopener noreferrer\" shape=\"rect\">claro<\/a> que el polic\u00eda no hab\u00eda actuado en defensa propia, sino que hab\u00eda disparado al joven a sangre fr\u00eda. Una ola de indignaci\u00f3n recorri\u00f3 el pa\u00eds, con protestas y disturbios en toda Francia. El presidente franc\u00e9s, Emmanuel Macron, envi\u00f3 a las fuerzas de seguridad para frenar las protestas, lo que enardeci\u00f3 a los manifestantes, cuyos niveles de ira contra la polic\u00eda est\u00e1n alt\u00edsimos. El rechazo hacia la polic\u00eda se reafirm\u00f3 por el <a href=\"https:\/\/www.ladepeche.fr\/2023\/06\/30\/mort-de-nahel-se-disant-en-guerre-des-syndicats-de-police-appellent-au-combat-contre-les-nuisibles-et-les-hordes-sauvages-11312729.php\" target=\"_blank\" rel=\"nofollow noopener noreferrer\" shape=\"rect\">lenguaje<\/a> de los sindicatos policiales (Alliance Police Nationale y UNSA), que calificaron a los manifestantes de \u00abalima\u00f1as\u00bb y \u00abhordas salvajes\u00bb y dijeron que \u00abya no basta con llamar a la calma; hay que imponerla\u00bb. Se trata de una acci\u00f3n de guerra de la polic\u00eda francesa contra la poblaci\u00f3n procedente de las antiguas colonias.<\/p>\n<p>El presidente Macron <a href=\"https:\/\/www.youtube.com\/watch?v=AGhHNqX1b1E\" target=\"_blank\" rel=\"nofollow noopener noreferrer\" shape=\"rect\">calific\u00f3<\/a> de \u00abinexplicable\u00bb el asesinato de Nahel M, pero es un enunciado poco cre\u00edble. El racismo contra las personas de ascendencia \u00e1rabe y africana en Francia se ha \u00abnormalizado\u00bb, como algo que ocurre y ya no llama la atenci\u00f3n. Cuando el Ministerio del Interior franc\u00e9s <a href=\"https:\/\/www.cncdh.fr\/publications\/les-essentiels-du-rapport-2021-sur-la-lutte-contre-le-racisme-lantisemitisme-et-la\" target=\"_blank\" rel=\"nofollow noopener noreferrer\" shape=\"rect\">dio a conocer<\/a> las cifras de agresiones y asesinatos racistas de 2021, la Comisi\u00f3n Nacional Consultiva de Derechos Humanos de Francia (CNCDH) dijo que la situaci\u00f3n era \u00abalarmante\u00bb. Sophie Eliz\u00e9on, jefa de la delegaci\u00f3n interministerial para la lucha contra el racismo, el antisemitismo y el odio anti-LGBT (DILCRAH) <a href=\"https:\/\/www.euractiv.com\/section\/non-discrimination\/news\/new-plans-coming-to-fight-overwhelming-racism-in-france\/\" target=\"_blank\" rel=\"nofollow noopener noreferrer\" shape=\"rect\">declar\u00f3 que<\/a>: \u00abLo que se est\u00e1 reportando desde el terreno es la exacerbaci\u00f3n de [comportamientos] descarados\u00bb. El asesinato de Nahel M, en este contexto, es absolutamente explicable como el resultado de una toxicidad social general hacia las minor\u00edas y que se expresa a trav\u00e9s de las fuerzas policiales. No es de extra\u00f1ar que la Oficina del Alto Comisionado de las Naciones Unidas para los Derechos Humanos <a href=\"https:\/\/news.un.org\/en\/story\/2023\/06\/1138247\" target=\"_blank\" rel=\"nofollow noopener noreferrer\" shape=\"rect\">dijera<\/a>: \u00abEste es un momento para que el pa\u00eds aborde seriamente las profundas cuestiones del racismo y la discriminaci\u00f3n en el cumplimiento de la ley\u00bb.<\/p>\n<p><strong>Problemas profundos de colonialismo<\/strong><\/p>\n<p>Francia nunca lleg\u00f3 a asumir realmente su herencia colonial ni su mentalidad colonial. Los colonizadores franceses llegaron a Am\u00e9rica en el siglo XVI y, cien a\u00f1os despu\u00e9s, establecieron una serie de plantaciones en el Caribe que funcionaban con una econom\u00eda basada en la esclavitud. En el coraz\u00f3n de la empresa colonial francesa se encontraba la isla de La Espa\u00f1ola, la mitad de la actual Hait\u00ed, y de donde el Imperio franc\u00e9s obtuvo un enorme volumen de su considerable riqueza. La actitud de Francia hacia sus colonias y sus ansias de libertad se resume en la historia de Hait\u00ed. Cuando la poblaci\u00f3n afrodescendiente de Hait\u00ed se alz\u00f3 en una gran rebeli\u00f3n en 1791, Francia, que bull\u00eda con su propia Revoluci\u00f3n de 1789, neg\u00f3 a los haitianos su libertad y luch\u00f3 hasta 1804 para privar a Hait\u00ed de su independencia. Incluso despu\u00e9s de que Hait\u00ed derrotara a los plantadores franceses, el Estado franc\u00e9s \u2013 con el pleno respaldo de los Estados Unidos \u2013 oblig\u00f3 al Gobierno haitiano en 1825 a pagar una enorme <a href=\"https:\/\/www.lemonde.fr\/international\/article\/2022\/05\/23\/haiti-comment-la-france-a-oblige-son-ancienne-colonie-a-lui-verser-des-indemnites-compensatoires_6127378_3210.html\" target=\"_blank\" rel=\"nofollow noopener noreferrer\" shape=\"rect\">indemnizaci\u00f3n<\/a> de 150 millones de francos franceses, que Hait\u00ed no pag\u00f3 hasta 1947 al Citibank (que compr\u00f3 la deuda despu\u00e9s de 1888).<\/p>\n<p>La reticencia de Francia a permitir que sus propias pretensiones universales (<em>Libert\u00e9, Egalit\u00e9, Fraternit\u00e9<\/em> \u2013 la frase de la revoluci\u00f3n que fue el <a href=\"https:\/\/www.conseil-constitutionnel.fr\/le-bloc-de-constitutionnalite\/texte-integral-de-la-constitution-du-4-octobre-1958-en-vigueur\" target=\"_blank\" rel=\"nofollow noopener noreferrer\" shape=\"rect\">centro<\/a> de la Constituci\u00f3n de 1958 de la Tercera Rep\u00fablica \u2013) tuvieran eco en las colonias se extendi\u00f3 desde 1804 en Hait\u00ed hasta las guerras <strong>contra<\/strong> la liberaci\u00f3n nacional por parte de los franceses (desde Argelia hasta Vietnam) en los a\u00f1os cincuenta y sesenta. Esta es una <a href=\"https:\/\/unesdoc.unesco.org\/ark:\/48223\/pf0000065575_fre\" target=\"_blank\" rel=\"nofollow noopener noreferrer\" shape=\"rect\">historia<\/a> tan espantosa que, descarada y directamente, no se les ense\u00f1a a los estudiantes franceses. Si se pregunta a un estudiante franc\u00e9s cu\u00e1ntos argelinos murieron a causa de la brutalidad del r\u00e9gimen franc\u00e9s durante la guerra de liberaci\u00f3n (1954-1962), dif\u00edcilmente podr\u00eda dar con la cifra real, que supera el mill\u00f3n; tampoco sabr\u00eda que cuando treinta mil argelinos se manifestaron en Par\u00eds el 17 de octubre de 1961, la polic\u00eda francesa <a href=\"https:\/\/www.histoire-immigration.fr\/integration-et-xenophobie\/le-17-octobre-1961-a-paris-une-demonstration-algerienne-un-massacre-colonial\" target=\"_blank\" rel=\"nofollow noopener noreferrer\" shape=\"rect\">asesin\u00f3<\/a> \u2013 por lo menos \u2013 a un centenar de ellos y arroj\u00f3 sus cuerpos al r\u00edo Sena, al tiempo que deten\u00eda al menos a catorce mil personas. Esta es una historia no reconocida, y una historia colonial no reconocida confunde al p\u00fablico franc\u00e9s que, por lo tanto, no est\u00e1 preparado para las estructuras coloniales que se afirman a trav\u00e9s de la fuerza policial y a trav\u00e9s de las continuas aventuras coloniales de Francia.<\/p>\n<p>En el transcurso de los \u00faltimos seis meses, los Gobiernos de Burkina Faso y Mali han <a href=\"https:\/\/www.counterpunch.org\/2022\/05\/20\/is-this-the-end-of-the-french-project-in-africas-sahel\/\" target=\"_blank\" rel=\"nofollow noopener noreferrer\" shape=\"rect\">expulsado<\/a> a las tropas francesas. Argumentan que la intervenci\u00f3n francesa de 2013, supuestamente contra Al Qaeda, en realidad intensific\u00f3 la inestabilidad en la regi\u00f3n y que Francia en realidad se asoci\u00f3 con grupos secesionistas contra los Estados nacionales. Un creciente sentimiento antifranc\u00e9s y antioccidental se extiende desde estos pa\u00edses del Sahel africano hacia el norte, hasta Argelia y Marruecos, donde el presidente Macron ha sido abucheado durante sus recientes visitas. La confianza est\u00e1 creciendo en la regi\u00f3n del norte de \u00c1frica, donde la gente tiene ahora muy claro que las intervenciones francesas no son por el bien del pueblo africano, sino por los estrechos intereses de Francia. Por ejemplo, los franceses <a href=\"https:\/\/mronline.org\/2022\/12\/02\/malis-bbreak-with-france-is-a-symptom-of-cracks-in-the-transatlantic-alliance-the-forty-eighth-newsletter-2022\/\" target=\"_blank\" rel=\"nofollow noopener noreferrer\" shape=\"rect\">siguen<\/a> acuartelando la ciudad de Arlit, en N\u00edger, no por razones de misi\u00f3n civilizadora, sino para alimentar los reactores nucleares franceses; un tercio de todas las bombillas de Francia funcionan con el uranio de Arlit. En las antiguas colonias francesas existe un sentimiento antifranc\u00e9s generalizado, ahora exacerbado por el asesinato de un ni\u00f1o de ascendencia tunecina y argelina.<\/p>\n<p><strong>La deuda y la carga francesa<\/strong><\/p>\n<p>Pocos d\u00edas antes del asesinato de Nahel M, el presidente Macron fue el anfitri\u00f3n de la Cumbre de Par\u00eds para un <a href=\"https:\/\/focus2030.org\/Summit-for-a-New-Global-Financing-Pact-towards-more-commitments-to-meet-the\" target=\"_blank\" rel=\"nofollow noopener noreferrer\" shape=\"rect\">Nuevo Pacto Financiero Mundial<\/a>. La idea de esta cumbre parti\u00f3 de la Primera Ministra de Barbados, Mia Mottley, quien sugiri\u00f3 que los pa\u00edses especialmente vulnerables al clima \u2013 principalmente los Estados insulares de baja altitud \u2013 necesitaban acceder m\u00e1s f\u00e1cilmente al financiamiento para compensar los peligros de la subida del nivel del mar. Mottley hab\u00eda argumentado que el coste de la mitigaci\u00f3n \u2013 construir diques \u2013 y los costes de las cat\u00e1strofes, as\u00ed como el elevado coste de los pr\u00e9stamos para energ\u00eda verde, hac\u00edan imposible que pa\u00edses como Barbados se protegieran o emprendieran el tipo de transici\u00f3n necesaria a medida que aumentaban los desastres clim\u00e1ticos. \u00abLo que se requiere de nosotros\u00bb, <a href=\"https:\/\/www.barrons.com\/news\/barbados-pm-urges-absolute-transformation-of-finance-system-b4ccafd\" target=\"_blank\" rel=\"nofollow noopener noreferrer\" shape=\"rect\">dijo<\/a> Mottley, \u00abes una transformaci\u00f3n absoluta, y no una reforma, de nuestras instituciones\u00bb.<\/p>\n<p>La cumbre de Macron sobre el Pacto Financiero fue tan hueca como las promesas de reformar la polic\u00eda francesa o las actitudes coloniales de Francia hacia los Estados africanos. Akinwumi Adesina, el jefe del Banco Africano de Desarrollo, <a href=\"https:\/\/www.africanews.com\/2023\/06\/23\/paris-summit-afdb-president-urges-rich-countries-to-keep-financial-commitments\/\" target=\"_blank\" rel=\"nofollow noopener noreferrer\" shape=\"rect\">dijo<\/a> que \u00abs\u00f3lo \u00c1frica pierde entre 7.000 y 15.000 millones de d\u00f3lares al a\u00f1o a causa del cambio clim\u00e1tico, y eso va a aumentar a&#8230; casi 50.000 millones de d\u00f3lares al a\u00f1o en 2040. As\u00ed que el mundo tiene que cumplir su compromiso, los pa\u00edses desarrollados, de los 100.000 millones de d\u00f3lares\u00bb que han prometido. Seg\u00fan Adesina, se han incumplido las obligaciones y promesas de los tratados realizadas al menos desde 2009. \u00abEs una cantidad de dinero muy peque\u00f1a comparada con la magnitud del problema, pero al no cumplirla se ha creado una crisis de confianza en los pa\u00edses en desarrollo\u00bb.<\/p>\n<p>Macron y el presidente entrante del Banco Mundial, Ajay Banga, pronunciaron discursos que sonaban como si hubieran podido pronunciarse hace m\u00e1s de una d\u00e9cada. El mismo lenguaje, las mismas desgastadas promesas. \u00abEsperanza y optimismo\u00bb, <a href=\"https:\/\/www.theguardian.com\/world\/2023\/jun\/23\/paris-climate-finance-summit-fails-to-deliver-debt-forgiveness-plan\" target=\"_blank\" rel=\"nofollow noopener noreferrer\" shape=\"rect\">dijo<\/a> Banga, ante un p\u00fablico que no se sent\u00eda esperanzado ni optimista. Al menos Macron puso sobre la mesa algunas sugerencias tangibles, como un impuesto global sobre el transporte mar\u00edtimo, sobre la aviaci\u00f3n y sobre los ricos para recaudar 5.000 millones de d\u00f3lares para un fondo de p\u00e9rdidas y da\u00f1os. Es poco probable que el sector empresarial, que tiene influencia en la Organizaci\u00f3n Mar\u00edtima Internacional (que se ocupar\u00e1 de los impuestos sobre el transporte mar\u00edtimo), permita un aumento de la fiscalidad en este sector.<\/p>\n<p>El Secretario General de la ONU, Antonio Guterres, apunt\u00f3 directamente al residuo de la mentalidad colonial y la estructura neocolonial cuando se trata de financiamiento. Los Derechos Especiales de Giro (DEG) del Fondo Monetario Internacional est\u00e1n disponibles para paliar el impacto negativo de la crisis permanente de la deuda y aportar la tan necesaria financiaci\u00f3n de emergencia a los pa\u00edses m\u00e1s pobres. Pero incluso en este caso, <a href=\"https:\/\/www.un.org\/sg\/en\/content\/sg\/statement\/2023-06-22\/secretary-generals-remarks-the-paris-summit-new-global-financing-pact-bilingual-and-scroll-down-for-all-english-and-all-french\" target=\"_blank\" rel=\"nofollow noopener noreferrer\" shape=\"rect\">dijo<\/a> Guterres, la Uni\u00f3n Europea \u2013 con una poblaci\u00f3n total de 447 millones de personas \u2013 recibi\u00f3 160.000 millones de d\u00f3lares en DEG, mientras que el continente africano \u2013 con una poblaci\u00f3n total de 1.200 millones de personas \u2013 s\u00f3lo recibi\u00f3 34.000 millones de d\u00f3lares en DEG. \u00abUn ciudadano europeo recibi\u00f3 en promedio casi 13 veces m\u00e1s que un ciudadano africano\u00bb, se\u00f1al\u00f3 Guterres. \u00abTodo esto se hizo seg\u00fan las reglas. Pero seamos realistas: estas reglas se han vuelto profundamente inmorales\u00bb. Podr\u00eda haber estado hablando del c\u00f3digo policial franc\u00e9s.<\/p>\n<p>&nbsp;<\/p>\n<p>Este art\u00edculo fue producido para <a href=\"https:\/\/globetrotter.media\/\" target=\"_blank\" rel=\"nofollow noopener noreferrer\" shape=\"rect\">Globetrotter<\/a>. Vijay Prashad es un historiador, editor y periodista indio. Es miembro de la redacci\u00f3n y corresponsal en jefe de Globetrotter. Es editor en jefe de <a href=\"https:\/\/mayday.leftword.com\/\" target=\"_blank\" rel=\"nofollow noopener noreferrer\" shape=\"rect\">LeftWord Books<\/a> y director del <a href=\"https:\/\/thetricontinental.org\/es\/\" target=\"_blank\" rel=\"nofollow noopener noreferrer\" shape=\"rect\">Instituto Tricontinental de Investigaci\u00f3n Social<\/a>. Tambi\u00e9n es miembro senior no-residente del <a href=\"https:\/\/tinyurl.com\/y2hdjcpo\" target=\"_blank\" rel=\"nofollow noopener noreferrer\" shape=\"rect\">Instituto Chongyang de Estudios Financieros<\/a> de la Universidad Renmin de China. Ha escrito m\u00e1s de 20 libros, entre ellos <a href=\"https:\/\/thenewpress.com\/books\/darker-nations\" target=\"_blank\" rel=\"nofollow noopener noreferrer\" shape=\"rect\"><em>The Darker Nations<\/em><\/a> y <a href=\"https:\/\/www.versobooks.com\/products\/2292-the-poorer-nations\" target=\"_blank\" rel=\"nofollow noopener noreferrer\" shape=\"rect\"><em>The Poorer Nations<\/em><\/a>. Sus \u00faltimos libros son <a href=\"https:\/\/www.haymarketbooks.org\/books\/1869-struggle-makes-us-human\" target=\"_blank\" rel=\"nofollow noopener noreferrer\" shape=\"rect\"><em>Struggle Makes Us Human: Learning from Movements for Socialism<\/em><\/a> y <a href=\"https:\/\/thenewpress.com\/books\/withdrawal\" target=\"_blank\" rel=\"nofollow noopener noreferrer\" shape=\"rect\"><em>The Withdrawal: Iraq, Libya, Afghanistan, and the Fragility of U.S. Power<\/em><\/a> (con Noam Chomsky).<\/p>\n<p><b>Fuente:<\/b> Globetrotter<\/p>\n","protected":false},"excerpt":{"rendered":"<p>El s\u00e1bado 1 de julio de 2023, una gran multitud se congreg\u00f3 en el interior y los alrededores de la<\/p>\n","protected":false},"author":5,"featured_media":14047,"comment_status":"open","ping_status":"open","sticky":false,"template":"","format":"standard","meta":{"footnotes":""},"categories":[2025,1555],"tags":[],"class_list":["post-14046","post","type-post","status-publish","format-standard","has-post-thumbnail","hentry","category-francia","category-imperialismo"],"aioseo_notices":[],"_links":{"self":[{"href":"https:\/\/espai-marx.net\/index.php?rest_route=\/wp\/v2\/posts\/14046","targetHints":{"allow":["GET"]}}],"collection":[{"href":"https:\/\/espai-marx.net\/index.php?rest_route=\/wp\/v2\/posts"}],"about":[{"href":"https:\/\/espai-marx.net\/index.php?rest_route=\/wp\/v2\/types\/post"}],"author":[{"embeddable":true,"href":"https:\/\/espai-marx.net\/index.php?rest_route=\/wp\/v2\/users\/5"}],"replies":[{"embeddable":true,"href":"https:\/\/espai-marx.net\/index.php?rest_route=%2Fwp%2Fv2%2Fcomments&post=14046"}],"version-history":[{"count":0,"href":"https:\/\/espai-marx.net\/index.php?rest_route=\/wp\/v2\/posts\/14046\/revisions"}],"wp:featuredmedia":[{"embeddable":true,"href":"https:\/\/espai-marx.net\/index.php?rest_route=\/wp\/v2\/media\/14047"}],"wp:attachment":[{"href":"https:\/\/espai-marx.net\/index.php?rest_route=%2Fwp%2Fv2%2Fmedia&parent=14046"}],"wp:term":[{"taxonomy":"category","embeddable":true,"href":"https:\/\/espai-marx.net\/index.php?rest_route=%2Fwp%2Fv2%2Fcategories&post=14046"},{"taxonomy":"post_tag","embeddable":true,"href":"https:\/\/espai-marx.net\/index.php?rest_route=%2Fwp%2Fv2%2Ftags&post=14046"}],"curies":[{"name":"wp","href":"https:\/\/api.w.org\/{rel}","templated":true}]}}