{"id":14058,"date":"2023-07-24T05:00:05","date_gmt":"2023-07-24T04:00:05","guid":{"rendered":"https:\/\/espai-marx.net\/?p=14058"},"modified":"2023-07-23T20:57:43","modified_gmt":"2023-07-23T19:57:43","slug":"manual-contra-el-negacionismo-climatico-en-la-decada-axial","status":"publish","type":"post","link":"https:\/\/espai-marx.net\/?p=14058","title":{"rendered":"Manual contra el negacionismo clim\u00e1tico en la d\u00e9cada axial"},"content":{"rendered":"<p class=\"section__body\"><em>Son tres los argumentos que se suelen dar para afirmar que el calentamiento global se debe a causas naturales: los ciclos orbitales o de Milankovi\u0107, los ciclos solares y los volcanes. Los tres han sido refutados.<\/em><\/p>\n<p>Las cosechas se pierden en media Espa\u00f1a y en muchos otros lugares entre sequ\u00edas sempiternas e inundaciones catastr\u00f3ficas que recorren el mundo entero. Los fen\u00f3menos extremos se suceden cada vez con mayor virulencia provocando que expresiones tales como <em>incendios de sexta generaci\u00f3n<\/em>, <em>granizadas de nivel cuatro<\/em> o <em>medicanes <\/em>(huracanes en el Mediterr\u00e1neo), se normalicen en lugares en los que no eran habituales. <a href=\"https:\/\/ctxt.es\/es\/20230601\/Firmas\/43302\/Juan-Bordera-corrientes-oceanos-cambio-climatico-calentamiento-el-nino.htm\" target=\"_blank\" rel=\"noopener\">Los oc\u00e9anos arden con temperaturas fuera de toda l\u00f3gica<\/a>, dejando anonadada a la comunidad cient\u00edfica.<\/p>\n<p>\u00bfQu\u00e9 tienen en com\u00fan <a href=\"https:\/\/twitter.com\/MrJackLowe\/status\/1678034706560892928\" target=\"_blank\" rel=\"noopener\">India, Turqu\u00eda, Reino Unido o Espa\u00f1a<\/a>? Que conviven en ese espacio que hay entre un mar hirviendo de calor acumulado y un cielo sobrecargado de <em>progreso<\/em>. Y la energ\u00eda retenida durante d\u00e9cadas en los oc\u00e9anos no se pierde, se est\u00e1 transformando. Mientras tanto, una camarilla de sabiondos y eruditas sigue tratando de negar lo innegable, de negociar con lo innegociable. De convertirse en kafkianos sesgos de confirmaci\u00f3n con peque\u00f1as patas.<\/p>\n<p class=\"p1\">Hasta este julio hist\u00f3rico, el d\u00eda m\u00e1s caluroso jam\u00e1s registrado se produjo en 2016, con 16,92\u00baC de temperatura media en todo el planeta. El lunes 3 de julio esa cifra fue superada (17,01\u00baC) pero se trat\u00f3 del r\u00e9cord m\u00e1s breve posible, porque dur\u00f3 exactamente un d\u00eda. El martes 4 de julio y el mi\u00e9rcoles 5 el registro fue pulverizado por un nuevo r\u00e9cord que se repiti\u00f3 \u201317,18\u00baC\u2013, y el jueves 6 otro m\u00e1s, 17,23\u00baC. Durante los d\u00edas siguientes, hasta el 13 de julio, la temperatura ha seguido manteni\u00e9ndose por encima del r\u00e9cord anterior. <a href=\"https:\/\/abcnews.go.com\/US\/4th-july-breaks-record-highest-temperature-measured\/story?id=100702850\" target=\"_blank\" rel=\"noopener\">Once d\u00edas seguidos para la historia<\/a>. Y todav\u00eda podr\u00edan batirse nuevos r\u00e9cords, ya que los picos de temperatura se suelen alcanzar en la segunda quincena de julio.<\/p>\n<p>Los sucesos son tan graves, evidentes y recurrentes que ya nadie puede negar el cambio clim\u00e1tico. Sin embargo, demasiada gente no comprende a\u00fan ni la urgencia ni la gravedad del asunto, debido al poco trabajo de pedagog\u00eda realizado por los grandes medios de comunicaci\u00f3n, que no le otorgan al tema la importancia que tiene.<\/p>\n<p>Ante la oleada de fen\u00f3menos abruptos (y en los pr\u00f3ximos meses veremos todav\u00eda unos cuantos m\u00e1s) las intentonas de desviar el debate clim\u00e1tico van siendo m\u00e1s sutiles y elaboradas. Ahora se trata de insinuar que \u201cno estamos seguros de las causas\u201d, que \u201cson ciclos naturales\u201d, y otros sinsentidos por el estilo. Por desgracia, podemos encontrar ejemplos tanto en la supuesta izquierda, <a href=\"https:\/\/www.voltairenet.org\/article219422.html\" target=\"_blank\" rel=\"noopener\">como es el caso del fundador de Red Voltaire, Thierry Meyssan<\/a>, como tambi\u00e9n, por supuesto, en <em>la derecha de las macetas en los balcones,<\/em> y sobre todo entre la ultraderecha, donde los negacionistas son a\u00fan m\u00e1s comunes.<\/p>\n<p>En una entrevista reciente, la antiabortista de Vox, Mar\u00eda de los Llanos Mass\u00f3 Linares, flamante presidenta de les Corts Valencianes gracias al pacto con el PP dec\u00eda: \u201cUna cosa es el cambio clim\u00e1tico, y otra cosa es que sea antropog\u00e9nico, o sea, que el hombre sea el culpable del cambio clim\u00e1tico. El cambio clim\u00e1tico ha existido desde que existe la Tierra, desde que existe el clima. Es que ahora, como no se estudia, pues no se sabe. Pero las glaciaciones han existido siempre. Esas fases han existido siempre\u201d. Otros miembros de ese partido han realizado declaraciones similares.<\/p>\n<p>Curiosamente tanto Meyssan como Mass\u00f3 \u2013con posicionamientos ideol\u00f3gicos aparentemente antag\u00f3nicos\u2013 se dan la mano para intentar contradecir algo que no admite discusi\u00f3n cient\u00edfica alguna. Cualquiera que no busque reafirmar su sesgo de confirmaci\u00f3n, y analice los datos, puede comprobar que el cambio clim\u00e1tico actual, de una velocidad inaudita, es de origen indudablemente antropog\u00e9nico.<\/p>\n<p><strong>Me negar\u00e1s tres veces, Mass\u00f3<\/strong><\/p>\n<p>Tres son los argumentos que se suelen dar para afirmar que el calentamiento global se debe a causas naturales. Los ciclos orbitales o de\u00a0 Milankovi\u0107 (a los que se refiere tambi\u00e9n Meyssan), los ciclos solares y los volcanes.<\/p>\n<p>Bien, desmontemos los tres para proporcionar argumentos a quien se tenga que enfrentar a estas posiciones cada vez m\u00e1s arrinconadas y residuales, pero que parecen resistirse a claudicar. Todos conocemos (y quiz\u00e1 queremos) a alguien que se niega a comprender el enorme peligro que suponen este tipo de declaraciones, especialmente cuando vienen de \u201cresponsables\u201d pol\u00edticos.<\/p>\n<p><strong>Ciclos de Milankovi\u0107<\/strong><\/p>\n<p>La historia del genio Milutin Milankovi\u0107 merecer\u00eda mucho m\u00e1s reconocimiento. Sin ordenador ni calculadora alguna fue capaz de estimar y demostrar que los cambios c\u00edclicos en el clima se deb\u00edan principalmente a tres factores, tres grandes ciclos orbitales que operan en una escala de tiempo geol\u00f3gica: precesi\u00f3n (26.000 a\u00f1os), oblicuidad del eje de la Tierra (41.000 a\u00f1os) y excentricidad de la \u00f3rbita (dos ciclos superpuestos, uno con una duraci\u00f3n de 100.000 a\u00f1os y otro de 413.000).<\/p>\n<p>Estos tres ciclos son los responsables directos de los cambios clim\u00e1ticos naturales, debido a que aumentan o disminuyen el balance radiativo de la Tierra. Tambi\u00e9n pueden influir circunstancialmente otros factores end\u00f3genos, como las erupciones volc\u00e1nicas, y ex\u00f3genos, como los cometas.<\/p>\n<p>Con los cambios clim\u00e1ticos ocurre como con los incendios: existen algunos naturales y otros provocados. Las variaciones orbitales son responsables de que una mayor o menor cantidad de radiaci\u00f3n solar llegue a la superficie de la Tierra, siendo las responsables directas de los ciclos glaciales e interglaciales, y de la evidente periodicidad de las mismas.<\/p>\n<p>Verlo gr\u00e1ficamente ayuda a comprender la relaci\u00f3n innegable que existe, en estos \u00faltimos 800.000 a\u00f1os, sobre todo con el ciclo de excentricidad de la \u00f3rbita de nuestro planeta \u2013debido a que no s\u00f3lo el Sol tira gravitacionalmente de la Tierra, sino que tambi\u00e9n lo hacen J\u00fapiter o Saturno, la \u00f3rbita y la cantidad de radiaci\u00f3n var\u00edan\u2013, convirti\u00e9ndola en la principal responsable de la alternancia entre glaciaciones y periodos interglaciares m\u00e1s c\u00e1lidos en este \u00faltimo mill\u00f3n de a\u00f1os.<\/p>\n<p><a href=\"https:\/\/espai-marx.net\/wp-content\/uploads\/2023\/07\/negacionismo1.jpg\"><img loading=\"lazy\" decoding=\"async\" class=\"wp-image-14061 aligncenter\" src=\"https:\/\/espai-marx.net\/wp-content\/uploads\/2023\/07\/negacionismo1.jpg\" alt=\"\" width=\"500\" height=\"300\" srcset=\"https:\/\/espai-marx.net\/wp-content\/uploads\/2023\/07\/negacionismo1.jpg 960w, https:\/\/espai-marx.net\/wp-content\/uploads\/2023\/07\/negacionismo1-300x180.jpg 300w, https:\/\/espai-marx.net\/wp-content\/uploads\/2023\/07\/negacionismo1-768x460.jpg 768w\" sizes=\"auto, (max-width: 500px) 100vw, 500px\" \/><\/a><\/p>\n<p>Dos cosas llaman poderosamente la atenci\u00f3n en la gr\u00e1fica. La primera es la m\u00e1s obvia: temperatura y CO2 se entrelazan en una dependencia mutua incuestionable: cuando aumenta la temperatura, aumenta la concentraci\u00f3n de CO2, y viceversa.<\/p>\n<p>Durante millones de a\u00f1os, ha sido la radiaci\u00f3n solar la que aumentaba la temperatura y eso provocaba el aumento de la concentraci\u00f3n de CO2\u00a0en la atm\u00f3sfera, mientras que en la actualidad es justo al rev\u00e9s. Al aumentar la concentraci\u00f3n de CO2 es \u00e9ste\u00a0el que provoca el aumento de la temperatura. Es qu\u00edmica b\u00e1sica. Es innegable. Es rid\u00edculo que a\u00fan haya gente pretendiendo negarlo.<\/p>\n<p>La otra cuesti\u00f3n que llama la atenci\u00f3n de la gr\u00e1fica es quiz\u00e1 m\u00e1s interesante, sobre todo para Mass\u00f3, que disertaba sobre las glaciaciones: los periodos c\u00e1lidos \u2013los picos en la gr\u00e1fica\u2013 suelen producirse cada 100.000 a\u00f1os. 100.000 a\u00f1os. \u00bfD\u00f3nde hemos visto esa cifra antes? Efectivamente, en el ciclo de la excentricidad de la \u00f3rbita.<\/p>\n<p>Los periodos c\u00e1lidos, como la \u00e9poca actual conocida como Holoceno, esa que ha visto florecer a todas las civilizaciones conocidas, suelen durar poco, y ya nos estar\u00edamos acercando ahora a un periodo fr\u00edo, de no ser por el enorme experimento que estamos haciendo con la atm\u00f3sfera. Nos dirigimos aceleradamente hacia <a href=\"https:\/\/www.pnas.org\/doi\/10.1073\/pnas.1810141115\" target=\"_blank\" rel=\"noopener\">un lugar que ser\u00eda el final del trayecto<\/a> para la civilizaci\u00f3n tal y como la conocemos.<\/p>\n<p>En el estudio enlazado, uno de los m\u00e1s importantes quiz\u00e1 de los \u00faltimos a\u00f1os, se apunta claramente a que los bucles de realimentaci\u00f3n har\u00e1n que nos saltemos esos ciclos naturales y dirijamos la Tierra a un estado que este equipo, formado por muchos de los mejores cient\u00edficos del planeta, denominaron Tierra Cocedero, o Tierra Invernadero. Est\u00e1 claro que nada bueno ocurrir\u00e1 si llegamos a ese punto de no retorno, del cual estamos cerca. Los autores en 2018 lo cifraron en alrededor de 2\u00baC. Viendo la velocidad que lleva el proceso, es m\u00e1s probable que est\u00e9 por debajo que por arriba.<a class=\"photoViewer\" title=\"\" href=\"https:\/\/ctxt.es\/images\/cms-image-000032526.jpg\">\u00a0<\/a><\/p>\n<figure id=\"attachment_14060\" aria-describedby=\"caption-attachment-14060\" style=\"width: 500px\" class=\"wp-caption aligncenter\"><a href=\"https:\/\/espai-marx.net\/wp-content\/uploads\/2023\/07\/negacionismo2.jpg\"><img loading=\"lazy\" decoding=\"async\" class=\"wp-image-14060\" src=\"https:\/\/espai-marx.net\/wp-content\/uploads\/2023\/07\/negacionismo2-1024x561.jpg\" alt=\"\" width=\"500\" height=\"274\" srcset=\"https:\/\/espai-marx.net\/wp-content\/uploads\/2023\/07\/negacionismo2-1024x561.jpg 1024w, https:\/\/espai-marx.net\/wp-content\/uploads\/2023\/07\/negacionismo2-300x164.jpg 300w, https:\/\/espai-marx.net\/wp-content\/uploads\/2023\/07\/negacionismo2-768x420.jpg 768w, https:\/\/espai-marx.net\/wp-content\/uploads\/2023\/07\/negacionismo2.jpg 1200w\" sizes=\"auto, (max-width: 500px) 100vw, 500px\" \/><\/a><figcaption id=\"caption-attachment-14060\" class=\"wp-caption-text\">Fuente: <a href=\"https:\/\/www.pnas.org\/doi\/10.1073\/pnas.1810141115\">PNAS<\/a><\/figcaption><\/figure>\n<p><strong>Ciclos solares<\/strong><\/p>\n<p>Durante los \u00faltimos miles de a\u00f1os, la actividad solar ha ido oscilando, alterando con ello la radiaci\u00f3n que incide sobre la Tierra y, l\u00f3gicamente la temperatura. Las fluctuaciones en la cantidad de energ\u00eda emitida por el sol afectan a la luminosidad y al viento solar o campo magn\u00e9tico, y ambas est\u00e1n interrelacionadas con efectos visibles como las manchas solares. A pesar de estas fluctuaciones, el valor medio de la radiaci\u00f3n solar, 1366 W\/m\u00b2, apenas cambia: las fluctuaciones producidas por el ciclo de las manchas solares no van m\u00e1s all\u00e1 de 1 W\/m\u00b2. La variaci\u00f3n solar m\u00e1s importante es la de los ciclos de las manchas solares y tiene 11 a\u00f1os de duraci\u00f3n hasta que se retorna al mismo valor de manchas y de radiaci\u00f3n. Hay otros ciclos de mayor duraci\u00f3n, sobre todo el ciclo de Gleissberg, con un per\u00edodo de 72 a 83 a\u00f1os, causante del famoso M\u00ednimo de Maunder que origin\u00f3 la Peque\u00f1a Edad de Hielo. Pero cuando uno superpone la evoluci\u00f3n de las temperaturas y de la actividad solar resulta evidente que no guardan <a href=\"https:\/\/earthobservatory.nasa.gov\/world-of-change\/Solar\" target=\"_blank\" rel=\"noopener\">ninguna relaci\u00f3n con lo ocurrido en el \u00faltimo siglo<\/a>.<\/p>\n<figure id=\"attachment_14059\" aria-describedby=\"caption-attachment-14059\" style=\"width: 501px\" class=\"wp-caption aligncenter\"><a href=\"https:\/\/espai-marx.net\/wp-content\/uploads\/2023\/07\/negacionismo3.jpg\"><img loading=\"lazy\" decoding=\"async\" class=\"wp-image-14059\" src=\"https:\/\/espai-marx.net\/wp-content\/uploads\/2023\/07\/negacionismo3.jpg\" alt=\"\" width=\"501\" height=\"296\" srcset=\"https:\/\/espai-marx.net\/wp-content\/uploads\/2023\/07\/negacionismo3.jpg 960w, https:\/\/espai-marx.net\/wp-content\/uploads\/2023\/07\/negacionismo3-300x177.jpg 300w, https:\/\/espai-marx.net\/wp-content\/uploads\/2023\/07\/negacionismo3-768x454.jpg 768w\" sizes=\"auto, (max-width: 501px) 100vw, 501px\" \/><\/a><figcaption id=\"caption-attachment-14059\" class=\"wp-caption-text\">Temperatura vs. actividad solar. \/ Fuente:\u00a0<a href=\"https:\/\/climate.nasa.gov\/climate_resources\/189\/graphic-temperature-vs-solar-activity\/\">NASA<\/a><\/figcaption><\/figure>\n<p><strong>Volcanes<\/strong><\/p>\n<p>El efecto de los volcanes en el clima es muy variable. Dado que emiten gases de efecto invernadero (vapor de agua, \u00f3xidos de carbono y azufre, etc.) contribuyen a calentar la atm\u00f3sfera, como ha sido el caso <a href=\"https:\/\/www.nationalgeographic.com.es\/ciencia\/efectos-volcan-tonga-atmosfera-podrian-durar-hasta-5-anos_18624\" target=\"_blank\" rel=\"noopener\">del volc\u00e1n submarino de Tonga en 2022<\/a>. Al emitir part\u00edculas, cenizas y aerosoles, aumentan la fracci\u00f3n de radiaci\u00f3n solar que es reflejada hacia el espacio exterior, como fue el caso del <a href=\"https:\/\/es.wikipedia.org\/wiki\/A%C3%B1o_sin_verano\" target=\"_blank\" rel=\"noopener\">volc\u00e1n Tambora que gener\u00f3 todo un a\u00f1o sin verano<\/a> con grandes fracasos en las cosechas por falta de calor suficiente. El que predomine uno u otro efecto depende de cada volc\u00e1n, pero la alteraci\u00f3n de las erupciones es temporal y, pasados unos a\u00f1os (excepcionalmente cuatro o cinco), su impacto en la temperatura local o global se desvanece. Como en el caso de los ciclos orbitales, que ocurren en escalas de miles de a\u00f1os, o en el de los ciclos solares, que ocurren en la escala de d\u00e9cadas, los volcanes son una fuente de variaci\u00f3n clim\u00e1tica natural que no guarda ninguna relaci\u00f3n con lo observado en el \u00faltimo siglo. No hay <a href=\"https:\/\/www.ipcc.ch\/report\/ar6\/wg1\/downloads\/outreach\/IPCC_AR6_WGI_SummaryForAll_Spanish.pdf\" target=\"_blank\" rel=\"noopener\">modelo f\u00edsico del clima capaz de reconstruir la historia clim\u00e1tica<\/a> desde mediados del siglo XX hasta el presente sin tener en cuenta el efecto, conocido como forzamiento radiativo, de los gases de efecto invernadero emitidos en grandes cantidades al quemar combustibles f\u00f3siles. No hay nadie que con la ciencia en una mano, pueda negar esto, aunque tenga una biblia en la otra.<\/p>\n<p>A pesar de la evidencia cient\u00edfica, es m\u00e1s c\u00f3modo creer las opiniones de Mass\u00f3 o de Meyssan y sus ideas tan convenientes al inmovilismo de los grandes poderes econ\u00f3micos que llevan d\u00e9cadas financiando <em>think tanks<\/em> y comprando \u201ccient\u00edficos\u201d para poder seguir con sus industrias. <a href=\"https:\/\/drexel.edu\/news\/archive\/2013\/december\/climate-change\" target=\"_blank\" rel=\"noopener\">Solo en Estados Unidos se invierten cientos de millones de d\u00f3lares para financiar el negacionismo.<\/a><\/p>\n<p>Al menos Meyssan reconoce <a href=\"https:\/\/www.voltairenet.org\/article219422.html\" target=\"_blank\" rel=\"noopener\">carecer de ning\u00fan conocimiento sobre el estudio del clima<\/a>. Pero mientras algunos opinan sin saber, millones de personas en todo el mundo abandonan sus hogares por fallos en las cosechas o directamente por temperaturas incompatibles con la fisiolog\u00eda humana. El cambio clim\u00e1tico golpea la vida de muchas personas, y tenemos que escuchar a responsables pol\u00edticos hablar con suma negligencia sobre una cuesti\u00f3n de vida o muerte.<\/p>\n<p>Mientras las evidencias y los desastres se acumulan, en esa Espa\u00f1a que <em>decolora hacia el blanco y negro<\/em> damos p\u00e1bulo a teor\u00edas estramb\u00f3ticas y supercher\u00edas baratas como las de <a href=\"https:\/\/www.huffingtonpost.es\/tiempo\/polemica-participacion-jorge-rey-jornadas-universitarias-moreno-bonilla.html\" target=\"_blank\" rel=\"noopener\"><em>El ni\u00f1o meteor\u00f3logo de las caba\u00f1uelas,<\/em>\u00a0que participar\u00e1 en un acto de la Universidad CEU San Pablo junto al presidente de Andaluc\u00eda Juan Moreno Bonilla<\/a><em>.<\/em><\/p>\n<p>El fil\u00f3sofo aleman Karl Jaspers defini\u00f3 la Era Axial \u2013el tiempo-eje\u2013 como el momento en el que \u201clos cimientos espirituales de la humanidad se establecieron simult\u00e1nea e independientemente en China, India, Persia, Judea y Grecia\u201d. Del 800 a.C. al 200 a.C., en apenas 600 a\u00f1os, se construyeron muchos de los marcos de pensamiento que a\u00fan perviven. Estamos en una suerte de \u2018d\u00e9cada axial\u2019 de la que ya hemos recorrido casi una tercera parte. O usamos el tiempo restante para ganarle la batalla a la pseudociencia y a los intereses econ\u00f3micos, o vamos a pagarlo muy caro durante los pr\u00f3ximos siglos.<\/p>\n<p>En esta \u2018d\u00e9cada axial\u2019 las decisiones deben tomarse de la manera m\u00e1s cient\u00edfica posible, con la participaci\u00f3n de la ciudadan\u00eda y dejando al margen a los poderes econ\u00f3micos por sus evidentes conflictos de inter\u00e9s. Solo as\u00ed evitaremos caer en el mismo error de siempre y en el agujero infernal de una Tierra Cocedero que ya deja sentir su calor creciente.<\/p>\n<p>Fuente: <em>CTXT<\/em>, <span class=\"fecha\">16\/07\/2023<\/span> (<a href=\"https:\/\/ctxt.es\/es\/20230701\/Firmas\/43502\/Juan-Bordera-Fernando-Valladares-Antonio-Turiel-cambio-climatico-negacionismo-crisis-ecologica.htm\">https:\/\/ctxt.es\/es\/20230701\/Firmas\/43502\/Juan-Bordera-Fernando-Valladares-Antonio-Turiel-cambio-climatico-negacionismo-crisis-ecologica.htm<\/a>)<\/p>\n","protected":false},"excerpt":{"rendered":"<p>Son tres los argumentos que se suelen dar para afirmar que el calentamiento global se debe a causas naturales: los<\/p>\n","protected":false},"author":5,"featured_media":14062,"comment_status":"open","ping_status":"open","sticky":false,"template":"","format":"standard","meta":{"footnotes":""},"categories":[1564],"tags":[],"class_list":["post-14058","post","type-post","status-publish","format-standard","has-post-thumbnail","hentry","category-crisis-ecologica"],"aioseo_notices":[],"_links":{"self":[{"href":"https:\/\/espai-marx.net\/index.php?rest_route=\/wp\/v2\/posts\/14058","targetHints":{"allow":["GET"]}}],"collection":[{"href":"https:\/\/espai-marx.net\/index.php?rest_route=\/wp\/v2\/posts"}],"about":[{"href":"https:\/\/espai-marx.net\/index.php?rest_route=\/wp\/v2\/types\/post"}],"author":[{"embeddable":true,"href":"https:\/\/espai-marx.net\/index.php?rest_route=\/wp\/v2\/users\/5"}],"replies":[{"embeddable":true,"href":"https:\/\/espai-marx.net\/index.php?rest_route=%2Fwp%2Fv2%2Fcomments&post=14058"}],"version-history":[{"count":0,"href":"https:\/\/espai-marx.net\/index.php?rest_route=\/wp\/v2\/posts\/14058\/revisions"}],"wp:featuredmedia":[{"embeddable":true,"href":"https:\/\/espai-marx.net\/index.php?rest_route=\/wp\/v2\/media\/14062"}],"wp:attachment":[{"href":"https:\/\/espai-marx.net\/index.php?rest_route=%2Fwp%2Fv2%2Fmedia&parent=14058"}],"wp:term":[{"taxonomy":"category","embeddable":true,"href":"https:\/\/espai-marx.net\/index.php?rest_route=%2Fwp%2Fv2%2Fcategories&post=14058"},{"taxonomy":"post_tag","embeddable":true,"href":"https:\/\/espai-marx.net\/index.php?rest_route=%2Fwp%2Fv2%2Ftags&post=14058"}],"curies":[{"name":"wp","href":"https:\/\/api.w.org\/{rel}","templated":true}]}}