{"id":14104,"date":"2023-08-12T09:04:29","date_gmt":"2023-08-12T08:04:29","guid":{"rendered":"https:\/\/espai-marx.net\/?p=14104"},"modified":"2023-08-12T09:04:29","modified_gmt":"2023-08-12T08:04:29","slug":"niger-el-cuarto-pais-del-sahel-que-sufre-un-golpe-de-estado-antioccidental","status":"publish","type":"post","link":"https:\/\/espai-marx.net\/?p=14104","title":{"rendered":"N\u00edger: el cuarto pa\u00eds del Sahel que sufre un golpe de Estado antioccidental"},"content":{"rendered":"<p>A las 3 de la madrugada del 26 de julio de 2023, la guardia presidencial <a href=\"https:\/\/www.sudouest.fr\/international\/afrique\/niger-tentative-de-coup-d-etat-le-president-bazoum-retenu-par-la-garde-presidentielle-16079831.php\" target=\"_blank\" rel=\"nofollow noopener noreferrer\" shape=\"rect\">detuvo<\/a> al presidente Mohamed Bazoum en Niamey, capital de N\u00edger. Las tropas, dirigidas por el general de brigada Abdourahmane Tchiani, cerraron las fronteras del pa\u00eds y declararon toque de queda. El golpe de Estado fue condenado inmediatamente por la <a href=\"https:\/\/twitter.com\/ecowas_cedeao\/status\/1684182770556215296\" target=\"_blank\" rel=\"nofollow noopener noreferrer\" shape=\"rect\">Comunidad Econ\u00f3mica de los Estados de \u00c1frica Occidental<\/a>, por la <a href=\"https:\/\/twitter.com\/_AfricanUnion\/status\/1684200742209347590\" target=\"_blank\" rel=\"nofollow noopener noreferrer\" shape=\"rect\">Uni\u00f3n Africana<\/a> y por la <a href=\"https:\/\/twitter.com\/JosepBorrellF\/status\/1684196127300521988\" target=\"_blank\" rel=\"nofollow noopener noreferrer\" shape=\"rect\">Uni\u00f3n Europea<\/a>. Francia y los Estados Unidos, que tienen bases militares en N\u00edger, declararon que segu\u00edan de cerca la situaci\u00f3n. Un enfrentamiento entre el ej\u00e9rcito \u2013 que se declar\u00f3 pro-Bazoum \u2013 y la guardia presidencial amenaz\u00f3 la capital, pero pronto se desvaneci\u00f3. El 27 de julio, el general Abdou Sidikou Issa, del ej\u00e9rcito, emiti\u00f3 un <a href=\"https:\/\/www.lemonde.fr\/afrique\/article\/2023\/07\/28\/au-niger-le-rapport-de-force-tourne-en-faveur-des-putschistes_6183686_3212.html\" target=\"_blank\" rel=\"nofollow noopener noreferrer\" shape=\"rect\">comunicado<\/a> en el que dec\u00eda que aceptaba la situaci\u00f3n para \u201cevitar un enfrentamiento mortal entre las distintas fuerzas que&#8230; podr\u00eda provocar un ba\u00f1o de sangre\u201d. El general de brigada Tchiani sali\u00f3 en televisi\u00f3n el 28 de julio <a href=\"https:\/\/www.youtube.com\/watch?v=jsG_Czi88n8\" target=\"_blank\" rel=\"nofollow noopener noreferrer\" shape=\"rect\">para anunciar<\/a> que era el nuevo presidente del Consejo Nacional para la Salvaguarda de la Patria (Conseil National pour la Sauvegarde de la Patrie o CNSP).<\/p>\n<p>El Golpe en N\u00edger sigue a otros similares en Mal\u00ed (agosto de 2020 y mayo de 2021), Burkina Faso (enero de 2022 y septiembre de 2022) y Guinea (septiembre de 2021). Cada uno de estos Golpes fue liderado por oficiales militares enfadados por la presencia de tropas francesas y estadounidenses y por las permanentes crisis econ\u00f3micas infligidas a sus pa\u00edses. Esta regi\u00f3n de \u00c1frica \u2013 el Sahel \u2013 se ha enfrentado a una cascada de <a href=\"https:\/\/peoplesdispatch.org\/2022\/05\/19\/is-this-the-end-of-the-french-project-in-africas-sahel\/\" target=\"_blank\" rel=\"nofollow noopener noreferrer\" shape=\"rect\">crisis<\/a>: la desecaci\u00f3n de la tierra debido a la cat\u00e1strofe clim\u00e1tica, el aumento de la militancia isl\u00e1mica debido a la guerra de la OTAN de 2011 en Libia, el aumento de las redes de contrabando para traficar con armas, seres humanos y drogas a trav\u00e9s del desierto, la apropiaci\u00f3n de los recursos naturales \u2013 incluido el uranio y el oro \u2013 por parte de empresas occidentales que simplemente no han pagado lo suficiente por estas riquezas, y el atrincheramiento de las fuerzas militares occidentales mediante la construcci\u00f3n de bases y el funcionamiento de estos ej\u00e9rcitos con impunidad.<\/p>\n<p>Dos d\u00edas despu\u00e9s del golpe, el CNSP <a href=\"https:\/\/airinfoagadez.com\/2023\/07\/28\/niger-qui-sont-les-10-officiers-auteurs-de-la-declaration-du-putsch\/\" target=\"_blank\" rel=\"nofollow noopener noreferrer\" shape=\"rect\">anunci\u00f3<\/a> los nombres de los diez oficiales que lo dirigen. Proceden de todo el abanico de las fuerzas armadas, desde el ej\u00e9rcito (general Mohamed Toumba) a la fuerza a\u00e9rea (coronel mayor Amadou Abouramane), pasando por la polic\u00eda nacional (subdirector general Assahaba Ebankawel). A estas alturas est\u00e1 claro que uno de los miembros m\u00e1s influyentes del CNSP es el general Salifou Mody, antiguo jefe del Estado Mayor de las Fuerzas Armadas y l\u00edder del Consejo Supremo para la Restauraci\u00f3n de la Democracia, que dirigi\u00f3 el golpe de Estado de febrero de 2010 contra el presidente Mamadou Tandja y que gobern\u00f3 N\u00edger hasta que el predecesor de Bazoum, Mahamadou Issoufou, gan\u00f3 las elecciones presidenciales de 2011. Durante el mandato de Issoufou, el Gobierno de los Estados Unidos <a href=\"https:\/\/theintercept.com\/2018\/08\/21\/us-drone-base-niger-africa\/\" target=\"_blank\" rel=\"nofollow noopener noreferrer\" shape=\"rect\">construy\u00f3<\/a> en Agadez la mayor base de aviones no tripulados del mundo y las fuerzas especiales francesas <a href=\"https:\/\/www.lepoint.fr\/monde\/niger-13-blesses-dans-l-attentat-sur-le-site-areva-d-arlit-23-05-2013-1671373_24.php\" target=\"_blank\" rel=\"nofollow noopener noreferrer\" shape=\"rect\">acuartelaron<\/a> la ciudad de Irlit en nombre de la empresa minera de uranio Orano (anteriormente parte de Areva).<\/p>\n<p>Es importante se\u00f1alar que el general Salifou Mody es percibido como un miembro influyente del CNSP dada su influencia en el ej\u00e9rcito y sus contactos internacionales. El 28 de febrero de 2023, Mody se reuni\u00f3 con el jefe del Estado Mayor Conjunto de los Estados Unidos, el general Mark Milley, durante la Conferencia de Jefes de Defensa Africanos celebrada en Roma para <a href=\"https:\/\/www.jcs.mil\/Media\/News\/News-Display\/Article\/3315386\/readout-of-chairman-of-the-joint-chiefs-of-staff-general-mark-a-milleys-meeting\/\" target=\"_blank\" rel=\"nofollow noopener noreferrer\" shape=\"rect\">discutir<\/a> \u201cla estabilidad regional, incluida la cooperaci\u00f3n antiterrorista y la lucha continua contra el extremismo violento en la regi\u00f3n\u201d. El 9 de marzo, Mody visit\u00f3 Mal\u00ed para <a href=\"https:\/\/time.news\/the-president-of-the-transition-assimi-goita-received-the-chief-of-staff-of-the-nigerien-army-info-mali\/\" target=\"_blank\" rel=\"nofollow noopener noreferrer\" shape=\"rect\">reunirse<\/a> con el coronel Assimi Go\u00efta y con el Jefe del Estado Mayor del ej\u00e9rcito maliense, <a href=\"https:\/\/tinyurl.com\/22je4ck3\" target=\"_blank\" rel=\"nofollow noopener noreferrer\" shape=\"rect\">general Oumar Diarra<\/a>, con el fin de reforzar la cooperaci\u00f3n militar entre N\u00edger y Mal\u00ed. Unos d\u00edas m\u00e1s tarde, el 16 de marzo, el Secretario de Estado estadounidense Antony Blinken <a href=\"https:\/\/www.state.gov\/secretary-travel\/travel-to-ethiopia-and-niger-march-14-17-2023\/\" target=\"_blank\" rel=\"nofollow noopener noreferrer\" shape=\"rect\">visit\u00f3<\/a> N\u00edger para reunirse con Bazoum. En lo que muchos en N\u00edger percibieron como una marginaci\u00f3n de Mody, \u00e9ste fue <a href=\"https:\/\/tinyurl.com\/46x9zav8\" target=\"_blank\" rel=\"nofollow noopener noreferrer\" shape=\"rect\">nombrado<\/a> el 1 de junio embajador de N\u00edger en los Emiratos \u00c1rabes Unidos. Se dice en Niamey que Mody es la voz en el o\u00eddo del general de brigada Tchiani, jefe de Estado titular.<\/p>\n<p><b>Corrupci\u00f3n y Occidente<\/b><\/p>\n<p>Una fuente muy bien informada en N\u00edger nos dice que la raz\u00f3n por la que los militares actuaron contra Bazoum es que \u201ces un corrupto, un pe\u00f3n de Francia. Los nigerinos estaban hartos de \u00e9l y de su banda. Est\u00e1n deteniendo a los miembros del sistema depuesto, que malversaron fondos p\u00fablicos, muchos de los cuales se han refugiado en embajadas extranjeras\u201d. El tema de la corrupci\u00f3n planea sobre N\u00edger, un pa\u00eds con uno de los yacimientos de uranio m\u00e1s lucrativos del mundo. La \u201ccorrupci\u00f3n\u201d de la que se habla en N\u00edger no tiene que ver con peque\u00f1os sobornos de funcionarios del Gobierno, sino con toda una estructura \u2013 desarrollada durante la dominaci\u00f3n colonial francesa \u2013 que impide a N\u00edger establecer la soberan\u00eda sobre sus materias primas y sobre su desarrollo.<\/p>\n<p>En el centro de la \u201ccorrupci\u00f3n\u201d se encuentra la denominada \u201cempresa conjunta\u201d entre N\u00edger y Francia llamada <i>Soci\u00e9t\u00e9 des mines de l\u2019A\u00efr<\/i> (Soma\u00efr), que posee y explota la industria del uranio en el pa\u00eds. Sorprendentemente, el 85% de Soma\u00efr es propiedad de la Comisi\u00f3n de Energ\u00eda At\u00f3mica de Francia y de dos empresas francesas, mientras que s\u00f3lo el 15% pertenece al Gobierno de N\u00edger. N\u00edger <a href=\"https:\/\/www.world-nuclear.org\/information-library\/country-profiles\/countries-g-n\/niger.aspx\" target=\"_blank\" rel=\"nofollow noopener noreferrer\" shape=\"rect\">produce<\/a> m\u00e1s del 5% del uranio mundial, pero su uranio es de muy alta calidad. La mitad de los <a href=\"https:\/\/www.imf.org\/en\/Publications\/CR\/Issues\/2019\/07\/22\/Niger-2019-Article-IV-Consultation-Fourth-Review-Under-the-Extended-Credit-Facility-and-48514\" target=\"_blank\" rel=\"nofollow noopener noreferrer\" shape=\"rect\">ingresos de exportaci\u00f3n<\/a> de N\u00edger proceden de las ventas de uranio, petr\u00f3leo y oro. Una de cada tres bombillas en Francia <a href=\"https:\/\/www.oxfam.org\/en\/press-releases\/areva-niger-who-benefiting-uranium\" target=\"_blank\" rel=\"nofollow noopener noreferrer\" shape=\"rect\">funciona<\/a> con uranio de N\u00edger, al mismo tiempo que el 42% de la poblaci\u00f3n del pa\u00eds africano <a href=\"https:\/\/www.worldbank.org\/en\/country\/niger\/overview\" target=\"_blank\" rel=\"nofollow noopener noreferrer\" shape=\"rect\">viv\u00eda<\/a> por debajo del umbral de la pobreza. Los nigerinos llevan d\u00e9cadas viendo c\u00f3mo su riqueza se les escapa de las manos. Como muestra de la debilidad del Gobierno, a lo largo de la \u00faltima d\u00e9cada, N\u00edger ha perdido m\u00e1s de 906 millones de d\u00f3lares en s\u00f3lo diez casos de arbitraje presentados por empresas multinacionales ante el <a href=\"https:\/\/icsid.worldbank.org\/\" target=\"_blank\" rel=\"nofollow noopener noreferrer\" shape=\"rect\">Centro Internacional de Arreglo de Diferencias Relativas a Inversiones<\/a> y la <a href=\"https:\/\/iccwbo.org\/\" target=\"_blank\" rel=\"nofollow noopener noreferrer\" shape=\"rect\">C\u00e1mara de Comercio Internacional<\/a>.<\/p>\n<p>Francia dej\u00f3 de utilizar el franco en 2002, cuando pas\u00f3 al sistema del euro. Sin embargo, catorce antiguas colonias francesas siguieron utilizando la Communaut\u00e9 Financi\u00e9re Africaine (CFA), que proporciona inmensas ventajas a Francia (el 50% de las reservas de estos pa\u00edses deben mantenerse en el Tesoro franc\u00e9s y las devaluaciones de la CFA por parte de Francia \u2013 <a href=\"https:\/\/www.jeuneafrique.com\/mag\/367583\/economie-entreprises\/devaluation-franc-cfa-spectre-de-1994\/\" target=\"_blank\" rel=\"nofollow noopener noreferrer\" shape=\"rect\">como en 1994<\/a> \u2013 tienen efectos catastr\u00f3ficos en los pa\u00edses que la utilizan). En 2015, el presidente de Chad, Idriss D\u00e9by Itno, <a href=\"https:\/\/www.afrik.com\/idriss-deby-appelle-les-pays-africains-a-se-debarrasser-du-franc-cfa\" target=\"_blank\" rel=\"nofollow noopener noreferrer\" shape=\"rect\">dijo<\/a> que el CFA \u201ctira de las econom\u00edas africanas hacia abajo\u201d y que \u201chab\u00eda llegado el momento de cortar el cord\u00f3n que impide a \u00c1frica desarrollarse\u201d. Ahora se habla, en todo el Sahel, no s\u00f3lo de la retirada de las tropas francesas \u2013 como ha ocurrido en <a href=\"https:\/\/peoplesdispatch.org\/2023\/01\/25\/burkina-faso-ejects-french-troops\/\" target=\"_blank\" rel=\"nofollow noopener noreferrer\" shape=\"rect\">Burkina Faso<\/a> y en <a href=\"https:\/\/peoplesdispatch.org\/2023\/02\/22\/the-french-are-going-but-the-war-in-the-sahel-continues\/\" target=\"_blank\" rel=\"nofollow noopener noreferrer\" shape=\"rect\">Mal\u00ed<\/a> \u2013, sino de una ruptura con el control econ\u00f3mico franc\u00e9s sobre la regi\u00f3n.<\/p>\n<p><b>El nuevo no alineamiento<\/b><\/p>\n<p>En la Cumbre Rusia-\u00c1frica 2023, celebrada en julio, el presidente de Burkina Faso, Ibrahim Traor\u00e9, luci\u00f3 una boina roja que recordaba el uniforme del asesinado l\u00edder socialista de su pa\u00eds, Thomas Sankara. Traor\u00e9 reaccion\u00f3 con dureza a la condena de los golpes militares en el Sahel, incluso a la reciente <a href=\"https:\/\/www.jeuneafrique.com\/1466115\/politique\/au-burkina-faso-ibrahim-traore-va-recevoir-une-mission-de-lunion-africaine\/\" target=\"_blank\" rel=\"nofollow noopener noreferrer\" shape=\"rect\">visita<\/a> a su pa\u00eds de una delegaci\u00f3n de la Uni\u00f3n Africana. \u201cUn esclavo que no se rebela no merece compasi\u00f3n\u201d, <a href=\"https:\/\/www.youtube.com\/watch?v=_ztLT-_gzww\" target=\"_blank\" rel=\"nofollow noopener noreferrer\" shape=\"rect\">afirm\u00f3<\/a>. \u201cLa Uni\u00f3n Africana debe dejar de condenar a los africanos que deciden luchar contra sus propios reg\u00edmenes t\u00edteres de Occidente\u201d.<\/p>\n<p>En febrero, Burkina Faso acogi\u00f3 una reuni\u00f3n en la que participaron los Gobiernos de Mal\u00ed y Guinea. En el orden del d\u00eda figura la creaci\u00f3n de una nueva <a href=\"https:\/\/www.jeuneafrique.com\/1414195\/politique\/le-burkina-faso-et-le-mali-bientot-unis-dans-une-federation\/\" target=\"_blank\" rel=\"nofollow noopener noreferrer\" shape=\"rect\">federaci\u00f3n<\/a> de estos Estados. Es probable que N\u00edger sea invitado a estas conversaciones.<\/p>\n<p>&nbsp;<\/p>\n<p><b>Vijay Prashad<\/b> es un historiador, editor y periodista indio. Es miembro de la redacci\u00f3n y corresponsal en jefe de <mark id=\"highlight\" class=\"I_ZkchTG\">Globetrotter<\/mark>. Es editor en jefe de <a href=\"https:\/\/mayday.leftword.com\/\" target=\"_blank\" rel=\"nofollow noopener noreferrer\" shape=\"rect\">LeftWord Books<\/a> y director del <a href=\"https:\/\/thetricontinental.org\/es\/\" target=\"_blank\" rel=\"nofollow noopener noreferrer\" shape=\"rect\">Instituto Tricontinental de Investigaci\u00f3n Social<\/a>. Ha escrito m\u00e1s de 20 libros, entre ellos <a href=\"https:\/\/thenewpress.com\/books\/darker-nations\" target=\"_blank\" rel=\"nofollow noopener noreferrer\" shape=\"rect\"><i>The Darker Nations<\/i><\/a> y <a href=\"https:\/\/www.versobooks.com\/products\/2292-the-poorer-nations\" target=\"_blank\" rel=\"nofollow noopener noreferrer\" shape=\"rect\"><i>The Poorer Nations<\/i><\/a>. Sus \u00faltimos libros son <a href=\"https:\/\/www.haymarketbooks.org\/books\/1869-struggle-makes-us-human\" target=\"_blank\" rel=\"nofollow noopener noreferrer\" shape=\"rect\"><i>Struggle Makes Us Human: Learning from Movements for Socialism<\/i><\/a> y <a href=\"https:\/\/thenewpress.com\/books\/withdrawal\" target=\"_blank\" rel=\"nofollow noopener noreferrer\" shape=\"rect\"><i>The Withdrawal: Iraq, Libya, Afghanistan, and the Fragility of U.S. Power<\/i><\/a> (con Noam Chomsky).<\/p>\n<p><b>Kambale Musavuli<\/b>, natural de la Rep\u00fablica Democr\u00e1tica del Congo (RDC), es una destacada voz pol\u00edtica y cultural congole\u00f1a. Residente en Accra (Ghana), es analista pol\u00edtico del Centro de Investigaci\u00f3n sobre el Congo-Kinshasa.<\/p>\n<p><b>Fuente:<\/b> <mark id=\"highlight\" class=\"I_ZkchTG\">Globetrotter<\/mark><\/p>\n","protected":false},"excerpt":{"rendered":"<p>A las 3 de la madrugada del 26 de julio de 2023, la guardia presidencial detuvo al presidente Mohamed Bazoum<\/p>\n","protected":false},"author":5,"featured_media":14105,"comment_status":"open","ping_status":"open","sticky":false,"template":"","format":"standard","meta":{"footnotes":""},"categories":[40,29,2041],"tags":[],"class_list":["post-14104","post","type-post","status-publish","format-standard","has-post-thumbnail","hentry","category-africa","category-internacional","category-niger"],"aioseo_notices":[],"_links":{"self":[{"href":"https:\/\/espai-marx.net\/index.php?rest_route=\/wp\/v2\/posts\/14104","targetHints":{"allow":["GET"]}}],"collection":[{"href":"https:\/\/espai-marx.net\/index.php?rest_route=\/wp\/v2\/posts"}],"about":[{"href":"https:\/\/espai-marx.net\/index.php?rest_route=\/wp\/v2\/types\/post"}],"author":[{"embeddable":true,"href":"https:\/\/espai-marx.net\/index.php?rest_route=\/wp\/v2\/users\/5"}],"replies":[{"embeddable":true,"href":"https:\/\/espai-marx.net\/index.php?rest_route=%2Fwp%2Fv2%2Fcomments&post=14104"}],"version-history":[{"count":0,"href":"https:\/\/espai-marx.net\/index.php?rest_route=\/wp\/v2\/posts\/14104\/revisions"}],"wp:featuredmedia":[{"embeddable":true,"href":"https:\/\/espai-marx.net\/index.php?rest_route=\/wp\/v2\/media\/14105"}],"wp:attachment":[{"href":"https:\/\/espai-marx.net\/index.php?rest_route=%2Fwp%2Fv2%2Fmedia&parent=14104"}],"wp:term":[{"taxonomy":"category","embeddable":true,"href":"https:\/\/espai-marx.net\/index.php?rest_route=%2Fwp%2Fv2%2Fcategories&post=14104"},{"taxonomy":"post_tag","embeddable":true,"href":"https:\/\/espai-marx.net\/index.php?rest_route=%2Fwp%2Fv2%2Ftags&post=14104"}],"curies":[{"name":"wp","href":"https:\/\/api.w.org\/{rel}","templated":true}]}}