{"id":14127,"date":"2023-08-25T07:27:04","date_gmt":"2023-08-25T06:27:04","guid":{"rendered":"https:\/\/espai-marx.net\/?p=14127"},"modified":"2023-08-28T10:15:12","modified_gmt":"2023-08-28T09:15:12","slug":"nueva-bibliografia-tambien-provisional-de-francisco-fernandez-buey-de-salvador-lopez-arnal","status":"publish","type":"post","link":"https:\/\/espai-marx.net\/?p=14127","title":{"rendered":"Nueva bibliograf\u00eda (tambi\u00e9n provisional) de Francisco Fern\u00e1ndez Buey de Salvador L\u00f3pez Arnal"},"content":{"rendered":"<p><em>En el aniversario del fallecimiento de Francisco Fern\u00e1ndez Buey, y como colof\u00f3n al homenaje de Espai Marx a su figura a trav\u00e9s de la publicaci\u00f3n durante un a\u00f1o de una selecci\u00f3n de sus escritos realizada por Salvador L\u00f3pez Arnal, nos complace ofrecer una nueva obra que hemos incorporado a nuestra biblioteca de Els Arbres de Fahrenheit: una actualizaci\u00f3n de la bibliograf\u00eda completa de Paco Fern\u00e1ndez Buey publicada en <\/em>mientras tanto<em> hace diez a\u00f1os. Es trabajo, una vez m\u00e1s de Salvador L\u00f3pez Arnal, del que presentamos a continuaci\u00f3n el pr\u00f3logo a esta obra, as\u00ed como su acceso gratuito.<\/em><\/p>\n<p>&nbsp;<\/p>\n<p>En 2013, un a\u00f1o despu\u00e9s del fallecimiento de Francisco Fern\u00e1ndez Buey (1943-2012), el profesor Jordi Mir Garc\u00eda (UPF) y el autor de esta nota publicamos en <em>mientras tanto<\/em> (n\u00ba 119, Homenaje a FFB (1943-2013), pp. 155-201) una primera aproximaci\u00f3n bibliogr\u00e1fica a su obra, a la obra de uno de los fil\u00f3sofos espa\u00f1oles m\u00e1s relevantes en este \u00faltimo medio siglo, un autor, prol\u00edfico desde joven, esencial en la tradici\u00f3n marxista espa\u00f1ola, europea e iberoamericana. Remarcamos en nuestro trabajo la provisionalidad, las claras limitaciones del intento. Quedaba mucho por investigar, mirar y comprobar.<\/p>\n<p>Diez a\u00f1os despu\u00e9s, esta nueva aproximaci\u00f3n sigue lejos de ser definitiva. Sigue quedando mucho trabajo por hacer. Por ejemplo, apenas hay nada en ella de los textos escritos por el autor en tiempos de clandestinidad, en revistas de organizaciones (especialmente, PSUC y PCE) de la lucha antifranquista.<\/p>\n<p>Lo que aporta este nuevo intento: he actualizado la bibliograf\u00eda con las nuevas ediciones de libros y art\u00edculos, he corregido algunas referencias err\u00f3neas, he ampliado algunas secciones, incluyo enlaces de las \u00faltimas ediciones o reediciones de algunos de sus art\u00edculos, notas y presentaciones, etc. Pero de nuevo, insisto, sigue quedando mucho por mirar y comprobar. Puedo asegurar, salvo error por mi parte, que en este nuevo intento quedan recogidas todas las aportaciones del autor (\u00a1fueron muchas!) a <em>El Pa\u00eds<\/em> o a <em>mientras tanto<\/em>, una de las revistas que el autor m\u00e1s hizo suyas, pero no tengo la misma certeza en el caso de publicaciones como <em>El signo del gorri\u00f3n<\/em>, <em>El Ciervo<\/em>, <em>En pie de paz<\/em>, <em>Noticias obreras<\/em> o <em>El Viejo Topo<\/em>, por ejemplo.<\/p>\n<p>De los apartados incluidos en esta aproximaci\u00f3n tal vez el de entrevistas es el que exige mayor ampliaci\u00f3n y correcci\u00f3n. Lo mismo puede afirmarse del apartado \u00abVideos, grabaciones\u00bb.<\/p>\n<p>Las siglas AFFB remiten a \u00abArchivo Francisco Fern\u00e1ndez Buey\u00bb, que, a su vez, refiere a su documentaci\u00f3n en papel (Biblioteca de la UPF) o a la informatizada.<\/p>\n<p>Sugerencia: si el lector\/a encuentra alguna referencia err\u00f3nea o alguna ausencia, agradecer\u00e9 enormemente sus indicaciones. Dejo mi correo electr\u00f3nico para ello: salarnal@gmail.com. Gracias.\u00a0 [Pr\u00f3logo del autor]<\/p>\n<p>Descarga:<br \/>\n<a href=\"https:\/\/espai-marx.net\/elsarbres\/wp-content\/uploads\/2023\/08\/Nueva-bibliografia-de-Francisco-Fernandez-Buey_portada3.pdf\">Nueva bibliografi\u0301a de Francisco Ferna\u0301ndez Buey<\/a> [Pdf]<\/p>\n","protected":false},"excerpt":{"rendered":"<p>En el aniversario del fallecimiento de Francisco Fern\u00e1ndez Buey, y como colof\u00f3n al homenaje de Espai Marx a su figura<\/p>\n","protected":false},"author":5,"featured_media":9146,"comment_status":"open","ping_status":"open","sticky":false,"template":"","format":"standard","meta":{"footnotes":""},"categories":[1948],"tags":[],"class_list":["post-14127","post","type-post","status-publish","format-standard","has-post-thumbnail","hentry","category-francisco-fernandez-buey"],"aioseo_notices":[],"_links":{"self":[{"href":"https:\/\/espai-marx.net\/index.php?rest_route=\/wp\/v2\/posts\/14127","targetHints":{"allow":["GET"]}}],"collection":[{"href":"https:\/\/espai-marx.net\/index.php?rest_route=\/wp\/v2\/posts"}],"about":[{"href":"https:\/\/espai-marx.net\/index.php?rest_route=\/wp\/v2\/types\/post"}],"author":[{"embeddable":true,"href":"https:\/\/espai-marx.net\/index.php?rest_route=\/wp\/v2\/users\/5"}],"replies":[{"embeddable":true,"href":"https:\/\/espai-marx.net\/index.php?rest_route=%2Fwp%2Fv2%2Fcomments&post=14127"}],"version-history":[{"count":0,"href":"https:\/\/espai-marx.net\/index.php?rest_route=\/wp\/v2\/posts\/14127\/revisions"}],"wp:featuredmedia":[{"embeddable":true,"href":"https:\/\/espai-marx.net\/index.php?rest_route=\/wp\/v2\/media\/9146"}],"wp:attachment":[{"href":"https:\/\/espai-marx.net\/index.php?rest_route=%2Fwp%2Fv2%2Fmedia&parent=14127"}],"wp:term":[{"taxonomy":"category","embeddable":true,"href":"https:\/\/espai-marx.net\/index.php?rest_route=%2Fwp%2Fv2%2Fcategories&post=14127"},{"taxonomy":"post_tag","embeddable":true,"href":"https:\/\/espai-marx.net\/index.php?rest_route=%2Fwp%2Fv2%2Ftags&post=14127"}],"curies":[{"name":"wp","href":"https:\/\/api.w.org\/{rel}","templated":true}]}}