{"id":14140,"date":"2023-08-29T05:00:48","date_gmt":"2023-08-29T04:00:48","guid":{"rendered":"https:\/\/espai-marx.net\/?p=14140"},"modified":"2023-08-29T00:01:01","modified_gmt":"2023-08-28T23:01:01","slug":"si-no-es-ahora-sera-despues","status":"publish","type":"post","link":"https:\/\/espai-marx.net\/?p=14140","title":{"rendered":"Si no es ahora, ser\u00e1 despu\u00e9s"},"content":{"rendered":"<p>Queridos lectores:<\/p>\n<p>Durante estos d\u00edas se ha hablado mucho sobre la eventual detenci\u00f3n del brazo Atl\u00e1ntico de la Corriente de Lazo Meridional (AMOC por sus siglas en ingl\u00e9s: <i>Atlantic Meridional Overturning Current<\/i>). No me entretendr\u00e9 aqu\u00ed en explicarles que es la MOC y su brazo Atl\u00e1ntico: para saber m\u00e1s sobre ello, pueden leer este <a href=\"https:\/\/twitter.com\/AEMET_Esp\/status\/1684151187959054337\">excelente hilo divulgativo en Twitter<\/a> (o X, le dicen ahora) de la Agencia Estatal de Meteorolog\u00eda de Espa\u00f1a.<\/p>\n<p>La raz\u00f3n por la que ha cobrado tanto inter\u00e9s ahora lo que pueda estar pasando con la AMOC es por <a href=\"https:\/\/www.nature.com\/articles\/s41467-023-39810-w\">la reciente publicaci\u00f3n de un art\u00edculo<\/a> que, usando un m\u00e9todo novedoso para la identificaci\u00f3n de puntos cr\u00edticos, se\u00f1ala que esta corriente marina podr\u00eda detenerse por completo en alg\u00fan momento del siglo XXI.<\/p>\n<p>La preocupaci\u00f3n por la posible detenci\u00f3n de la AMOC no es algo nuevo: durante los \u00faltimos 20 a\u00f1os se han publicado numerosos an\u00e1lisis sobre su posible ralentizaci\u00f3n, y en realidad los primeros avisos de que tal cosa podr\u00eda pasar datan de hace unos 60 a\u00f1os. Sin embargo, este a\u00f1o estos avisos cobran una especial importancia por culpa de lo que est\u00e1 sucediendo en el oc\u00e9ano global y en particular en el Atl\u00e1ntico Norte. Y es que la temperatura de la superficie del mar est\u00e1 llegando a valores nunca vistos.<\/p>\n<div class=\"separator\"><a href=\"https:\/\/espai-marx.net\/wp-content\/uploads\/2023\/08\/oisst2.1_natlan1_sst_day.png\"><img loading=\"lazy\" decoding=\"async\" class=\"aligncenter size-full wp-image-14141\" src=\"https:\/\/espai-marx.net\/wp-content\/uploads\/2023\/08\/oisst2.1_natlan1_sst_day.png\" alt=\"\" width=\"640\" height=\"407\" srcset=\"https:\/\/espai-marx.net\/wp-content\/uploads\/2023\/08\/oisst2.1_natlan1_sst_day.png 640w, https:\/\/espai-marx.net\/wp-content\/uploads\/2023\/08\/oisst2.1_natlan1_sst_day-300x191.png 300w\" sizes=\"auto, (max-width: 640px) 100vw, 640px\" \/><\/a>En estos momentos, la temperatura promedio de todo el Atl\u00e1ntico Norte est\u00e1 aproximadamente 1,4\u00baC por encima de la media de referencia (tomada como el promedio entre los a\u00f1os 1982 y 2011). Hasta ahora las temperaturas del mar estaban movi\u00e9ndose tanto hacia arriba como hacia abajo de esa media (aunque en los \u00faltimos a\u00f1os decant\u00e1ndose siempre en la direcci\u00f3n hacia arriba) en torno a unos 0,6\u00baC; por tanto, una desviaci\u00f3n de 1,4\u00baC es m\u00e1s que significativa, sobre todo para un \u00fanico a\u00f1o. Eso sucede, adem\u00e1s, en un a\u00f1o en el que la temperatura del aire en superficie (se toma la referencia de 2 metros) est\u00e1 en m\u00e1ximos hist\u00f3ricos y seguramente en el valor m\u00e1s alto de los \u00faltimos 100.000 a\u00f1os, aproximadamente 1,72\u00baC por encima de la media preindustrial y por tanto dejando atr\u00e1s el l\u00edmite de 1,5\u00baC que se hab\u00eda propuesto en <a href=\"https:\/\/www.un.org\/es\/climatechange\/paris-agreement\">los Acuerdos de Par\u00eds sobre el clima<\/a>.<\/div>\n<p>Este calentamiento tan an\u00f3malo y repentino del Atl\u00e1ntico Norte podr\u00eda ser un s\u00edntoma de la detenci\u00f3n de la AMOC, as\u00ed que la publicaci\u00f3n del art\u00edculo arriba mencionado b\u00e1sicamente ha echado m\u00e1s le\u00f1a a un fuego que ya ard\u00eda con bastante intensidad.<\/p>\n<p>Se tiene que decir que los modelos del IPCC (CMIP6) no contemplan la posibilidad de un colapso de la AMOC en este siglo como un evento probable. Sin embargo, <a href=\"https:\/\/www.realclimate.org\/index.php\/archives\/2023\/07\/what-is-happening-in-the-atlantic-ocean-to-the-amoc\/\">como explica el profesor Stefan Rahmstorf<\/a> (quien es una referencia mundial en el estudio de la AMOC), los modelos del IPCC le atribuyen a la AMOC una estabilidad excesivamente elevada, como pone de manifiesto que en los modelos del IPCC solo comienza a aparecer una zona de enfriamento al sur de Groenlandia (s\u00edntoma de ralentizaci\u00f3n de la AMOC) para calentamientos globales de m\u00e1s de 2\u00baC cuando, en realidad, ya estamos observando esa anomal\u00eda desde hace a\u00f1os con calentamientos de aproximadamente 1\u00baC.<\/p>\n<div class=\"separator\"><a href=\"https:\/\/espai-marx.net\/wp-content\/uploads\/2023\/08\/IPCC-cold-blob-1536x442-1.jpg\"><img loading=\"lazy\" decoding=\"async\" class=\"aligncenter size-full wp-image-14142\" src=\"https:\/\/espai-marx.net\/wp-content\/uploads\/2023\/08\/IPCC-cold-blob-1536x442-1.jpg\" alt=\"\" width=\"640\" height=\"184\" srcset=\"https:\/\/espai-marx.net\/wp-content\/uploads\/2023\/08\/IPCC-cold-blob-1536x442-1.jpg 640w, https:\/\/espai-marx.net\/wp-content\/uploads\/2023\/08\/IPCC-cold-blob-1536x442-1-300x86.jpg 300w\" sizes=\"auto, (max-width: 640px) 100vw, 640px\" \/><\/a><\/div>\n<div class=\"separator\"><a href=\"https:\/\/espai-marx.net\/wp-content\/uploads\/2023\/08\/IPCC-AR6-TS.3-cold-blob-forecasts-1536x709-1.jpg\"><img loading=\"lazy\" decoding=\"async\" class=\"aligncenter size-full wp-image-14143\" src=\"https:\/\/espai-marx.net\/wp-content\/uploads\/2023\/08\/IPCC-AR6-TS.3-cold-blob-forecasts-1536x709-1.jpg\" alt=\"\" width=\"640\" height=\"295\" srcset=\"https:\/\/espai-marx.net\/wp-content\/uploads\/2023\/08\/IPCC-AR6-TS.3-cold-blob-forecasts-1536x709-1.jpg 640w, https:\/\/espai-marx.net\/wp-content\/uploads\/2023\/08\/IPCC-AR6-TS.3-cold-blob-forecasts-1536x709-1-300x138.jpg 300w\" sizes=\"auto, (max-width: 640px) 100vw, 640px\" \/><\/a>Esta estabilizaci\u00f3n excesiva de la AMOC en los modelos clim\u00e1ticos nos dejaba bastante desarmados para entender cu\u00e1les son las posibles consecuencias de la detenci\u00f3n de esta corriente marina fundamental para la redistribuci\u00f3n del calor en el planeta. Tenemos como referencia qu\u00e9 sucedi\u00f3 en otras \u00e9pocas geol\u00f3gicas cuando se detuvo la AMOC, pero las circunstancias eran muy diferentes, sobre todo porque hab\u00eda menos gases de efecto invernadero en la atm\u00f3sfera. En cualquier caso, todo parece indicar que si la AMOC finalmente se detiene, las consecuencias para la vida en el planeta, y particularmente en Europa, ser\u00edan muy dr\u00e1sticas.<\/div>\n<p>La AMOC lleva agua c\u00e1lida del Golfo de M\u00e9xico hasta Noruega y en el camino va desprendiendo calor y humedad, que hacen que Europa, a pesar de estar en latitudes bastante elevadas, sea un continente con un clima bastante benigno. Este agua despu\u00e9s retrocede hacia Groenlandia, desprendiendo m\u00e1s calor, hasta que se enfr\u00eda lo suficiente para volverse m\u00e1s densa y hundirse en el mar, y circular a una profundidad de unos 1000 metros o m\u00e1s. Precisamente, su detenci\u00f3n anticipa que Europa se volver\u00eda un continente m\u00e1s fr\u00edo y m\u00e1s seco, y tambi\u00e9n que el oc\u00e9ano profundo reducir\u00eda su ventilaci\u00f3n, habiendo menos ox\u00edgeno y causando una mortandad masiva de la vida marina. Adem\u00e1s, el aumento continuado de la temperatura superficial del mar garantiza que se producir\u00e1n tormentas cada vez m\u00e1s violentas y destructivas. Pero la cosa va mucho m\u00e1s all\u00e1. En los escenarios m\u00e1s extremos, el planeta se convertir\u00eda en dos enorme zonas polares y una zona central recalentada. Porque otro de los problemas asociados a la detenci\u00f3n de la AMOC, que es uno de los puntos de no retorno del sistema planetario, es que puede desencadenar que se sobrepasen otros puntos de no retorno, desestabilizando el clima del planeta hasta convertirlo en algo irreconocible pero sin duda extremo y muy probablemente incompatible con la vida humana.<\/p>\n<p>No tenemos certeza de qu\u00e9 es lo que pasar\u00e1 exactamente si la AMOC colapsa, en buena medida porque nuestros modelos num\u00e9ricos son muy conservadores y tienden a privilegiar configuraciones que se parecen a nuestro clima actual y a penalizar aquellos estados que se desv\u00edan mucho de ello. Es precisamente esa contradicci\u00f3n entre los modelos y la realidad a lo que se agarra la nueva oleada negacionista que asola el planeta y particularmente Espa\u00f1a para negar la mayor y dar por hecho que lo que se dice son exageraciones. En realidad no comprenden que los modelos, por construcci\u00f3n, predicen una evoluci\u00f3n continua y suave, y por eso tienen dificultades para modelizar correctamente lo que son cambios abruptos, transiciones de fase. Como norma general, <a href=\"https:\/\/ustednoselocree.com\/background-climatico\/otros\/mucho-peor-de-lo-esperado\/\">los modelos clim\u00e1ticos pecan de optimistas, no de todo lo contrario<\/a>.<\/p>\n<p>Tampoco estamos completamente seguros de si lo que estamos viendo es un s\u00edntoma de la ralentizaci\u00f3n y eventualmente detenci\u00f3n de la AMOC. Existen diversos factores, con gravedad diferente, que podr\u00edan explicar la anomal\u00eda de este a\u00f1o, aunque en suma la tendencia a la subida de la temperatura del mar debida al Cambio Clim\u00e1tico garantiza que, tarde o temprano, llegar\u00edamos al escenario de colapso de la AMOC.<\/p>\n<p>Aqu\u00e9llos que han comprendido la gravedad de la situaci\u00f3n est\u00e1n, como es natural, muy alarmados y angustiados esperando a que la ciencia diga la \u00faltima palabra sobre este nuevo sobresalto en la salud del planeta. Para la mayor\u00eda de la poblaci\u00f3n, el posible colapso de la AMOC es algo completamente ajeno a sus vidas y por supuesto motivo de poco inter\u00e9s y preocupaci\u00f3n.<\/p>\n<p>Durante los pr\u00f3ximos meses y a\u00f1os, los ocean\u00f3grafos nos dedicaremos a hacer mediciones masivamente, mejorar modelos, procesar datos, analizarlos exhaustivamente, cruzarlos con datos de los meteor\u00f3logos, paleoclimat\u00f3logos, bi\u00f3logos marinos, etc, con la intenci\u00f3n de entender mejor qu\u00e9 est\u00e1 pasando. Y tras ese intenso trabajo, que llevar\u00e1 mucho tiempo, se emitir\u00e1 un veredicto. Y habr\u00e1 dos posibilidades. La primera, que AMOC se est\u00e1 ralentizando o colapsando ya. La segunda, que eso todav\u00eda no ha sucedido y que lo que observamos es una anomal\u00eda transitoria.<\/p>\n<p>En el primer caso, dar\u00e1 igual lo que digamos, porque seguramente los efectos del colapso de la AMOC se habr\u00e1n hecho m\u00e1s que evidentes para el com\u00fan de la poblaci\u00f3n. En el caso concreto de Europa, tendremos inviernos m\u00e1s fr\u00edos, m\u00e1s sequ\u00eda y tormentas cada vez m\u00e1s destructivas, en un proceso que con el paso de los a\u00f1os ir\u00e1 a peor, hasta que lleguemos a un punto de estabilidad que ser\u00e1 la nueva normalidad, y que sin duda implicar\u00e1 el desplazamiento de millones de seres humanos hacia zonas m\u00e1s habitables.<\/p>\n<p>En el segundo caso, toda esta discusi\u00f3n parecer\u00e1 el t\u00edpico culebr\u00f3n de un verano, la gente no le prestar\u00e1 la m\u00e1s m\u00ednima atenci\u00f3n y seguir\u00e1 con sus diarios quehaceres. Todo seguir\u00e1 igual. Seguiremos emitiendo CO2 a la atm\u00f3sfera como si no hubiera ma\u00f1ana, lo cual precisamente garantiza que no habr\u00e1 ma\u00f1ana.<\/p>\n<p>Porque \u00e9sta es la conclusi\u00f3n. Con nuestra manera de actuar, estamos garantizando que este desastre en ciernes se acabe materializando.<\/p>\n<p>Si no es ahora, ser\u00e1 despu\u00e9s.<\/p>\n<p>Con nuestra actitud indolente, con la obstinaci\u00f3n en no cambiar el rumbo como sociedad, estamos garantizando que suceder\u00e1n los peores escenarios. El susto de este a\u00f1o deber\u00eda de servir para hacernos reflexionar, para movernos a cambiar. Si no lo hacemos, \u00bfqu\u00e9 creemos que nos va a pasar?<\/p>\n<p>Recuerden: Si no es ahora, ser\u00e1 despu\u00e9s.<\/p>\n<p>Salu2.<\/p>\n<p>AMT<\/p>\n<p><b>Post Data:<\/b> Hace un par de a\u00f1os me grabaron en una larga entrevista, al final de la cual coment\u00e1bamos sobre el proceso que ya entonces comenzaba a ser evidente, y las posibles consecuencias que tendr\u00eda la detenci\u00f3n de la AMOC (en el v\u00eddeo referida como circulaci\u00f3n termohalina). Espero que les interese.<\/p>\n<p><iframe loading=\"lazy\" title=\"El fin de la agricultura\" width=\"800\" height=\"450\" src=\"https:\/\/www.youtube.com\/embed\/vVDMNenHR5E?feature=oembed\" frameborder=\"0\" allow=\"accelerometer; autoplay; clipboard-write; encrypted-media; gyroscope; picture-in-picture; web-share\" referrerpolicy=\"strict-origin-when-cross-origin\" allowfullscreen><\/iframe><\/p>\n<p>Fuente: <em>The Oil Crash<\/em>, 29-7-2023 (<a href=\"https:\/\/crashoil.blogspot.com\/2023\/07\/si-no-es-ahora-sera-despues.html\">https:\/\/crashoil.blogspot.com\/2023\/07\/si-no-es-ahora-sera-despues.html<\/a>)<\/p>\n","protected":false},"excerpt":{"rendered":"<p>Queridos lectores: Durante estos d\u00edas se ha hablado mucho sobre la eventual detenci\u00f3n del brazo Atl\u00e1ntico de la Corriente de<\/p>\n","protected":false},"author":5,"featured_media":14144,"comment_status":"open","ping_status":"open","sticky":false,"template":"","format":"standard","meta":{"footnotes":""},"categories":[9,1564],"tags":[],"class_list":["post-14140","post","type-post","status-publish","format-standard","has-post-thumbnail","hentry","category-ciencia","category-crisis-ecologica"],"aioseo_notices":[],"_links":{"self":[{"href":"https:\/\/espai-marx.net\/index.php?rest_route=\/wp\/v2\/posts\/14140","targetHints":{"allow":["GET"]}}],"collection":[{"href":"https:\/\/espai-marx.net\/index.php?rest_route=\/wp\/v2\/posts"}],"about":[{"href":"https:\/\/espai-marx.net\/index.php?rest_route=\/wp\/v2\/types\/post"}],"author":[{"embeddable":true,"href":"https:\/\/espai-marx.net\/index.php?rest_route=\/wp\/v2\/users\/5"}],"replies":[{"embeddable":true,"href":"https:\/\/espai-marx.net\/index.php?rest_route=%2Fwp%2Fv2%2Fcomments&post=14140"}],"version-history":[{"count":0,"href":"https:\/\/espai-marx.net\/index.php?rest_route=\/wp\/v2\/posts\/14140\/revisions"}],"wp:featuredmedia":[{"embeddable":true,"href":"https:\/\/espai-marx.net\/index.php?rest_route=\/wp\/v2\/media\/14144"}],"wp:attachment":[{"href":"https:\/\/espai-marx.net\/index.php?rest_route=%2Fwp%2Fv2%2Fmedia&parent=14140"}],"wp:term":[{"taxonomy":"category","embeddable":true,"href":"https:\/\/espai-marx.net\/index.php?rest_route=%2Fwp%2Fv2%2Fcategories&post=14140"},{"taxonomy":"post_tag","embeddable":true,"href":"https:\/\/espai-marx.net\/index.php?rest_route=%2Fwp%2Fv2%2Ftags&post=14140"}],"curies":[{"name":"wp","href":"https:\/\/api.w.org\/{rel}","templated":true}]}}