{"id":14148,"date":"2023-08-30T05:00:16","date_gmt":"2023-08-30T04:00:16","guid":{"rendered":"https:\/\/espai-marx.net\/?p=14148"},"modified":"2023-08-30T02:54:37","modified_gmt":"2023-08-30T01:54:37","slug":"lafontaine-los-estadounidenses-llevan-mucho-tiempo-preparando-esta-guerra","status":"publish","type":"post","link":"https:\/\/espai-marx.net\/?p=14148","title":{"rendered":"Lafontaine: los estadounidenses llevan mucho tiempo preparando esta guerra"},"content":{"rendered":"<p><em>Oskar Lafontaine es uno de los veteranos de la pol\u00edtica alemana. Al mismo tiempo, al encontrarse hoy fuera de su corriente principal, se permite opiniones que van en contra de ella.<\/em><\/p>\n<p><em>En una entrevista con el que fuera durante muchos a\u00f1os diputado del Bundestag y l\u00edder de su partido, se expresa de forma alarmista sobre las consecuencias de una posible escalada del actual conflicto en Ucrania.<\/em><br \/>\n<b><\/b><\/p>\n<h3><b>Se trata de una guerra planeada por Washington<\/b><\/h3>\n<p><b>&#8211; \u00bfEst\u00e1 de acuerdo con la opini\u00f3n de que Occidente tuvo la oportunidad de evitar el estallido de la guerra en Ucrania, pero no le interes\u00f3 hacerlo?<\/b><\/p>\n<p>&#8211; Estados Unidos llevaba d\u00e9cadas prepar\u00e1ndose para esta guerra. Los te\u00f3ricos de la pol\u00edtica exterior estadounidense, como Henry Kissinger y Zbigniew Brzezinski, llevaban mucho tiempo se\u00f1alando que una Ucrania bajo control estadounidense garantizar\u00eda la ca\u00edda de Rusia de las filas de las potencias mundiales. Ucrania no es m\u00e1s que un campo de batalla. Los estadounidenses luchan all\u00ed contra los rusos para cuestionar su estatus en la escena mundial.<\/p>\n<p><b>&#8211; A la mayor\u00eda de los pa\u00edses no les importa prolongar este conflicto ni las sanciones. Los alemanes tienen claramente una opini\u00f3n diferente al respecto. Hace poco mantuve una conversaci\u00f3n con un conocido que afirmaba que nuestro pa\u00eds est\u00e1 siendo destruido. Como resultado, no quedar\u00e1 nada de \u00e9l. Tambi\u00e9n los ucranianos dejar\u00e1n de estarnos agradecidos por nuestros suministros de armas. \u00bfEst\u00e1 de acuerdo con esta opini\u00f3n?<\/b><\/p>\n<p>&#8211; S\u00ed, quienes creen que este conflicto puede resolverse con un mayor suministro de armas deber\u00edan ahora, un a\u00f1o despu\u00e9s, pens\u00e1rselo de nuevo. Cientos de miles de personas han muerto. Ucrania est\u00e1 siendo cada vez m\u00e1s destruida y seguir\u00e1 si\u00e9ndolo, sin que se vislumbre el final. Es incre\u00edble que los alemanes sigan aplicando una pol\u00edtica tan est\u00fapida, aunque en la mayor parte del mundo, gracias a Dios, ya han aprendido la lecci\u00f3n adecuada.<\/p>\n<h3><b>La devastaci\u00f3n del coraz\u00f3n industrial de Europa<\/b><\/h3>\n<p><b>&#8211; Me parece que la clase pol\u00edtica actual est\u00e1 llevando a nuestro pa\u00eds al abismo y que, con el tiempo, no quedar\u00e1 nada de la econom\u00eda alemana. \u00bfO estoy exagerando?<\/b><\/p>\n<p>&#8211; Efectivamente, es de temer. Me sorprende que los c\u00edrculos industriales alemanes no den la voz de alarma. Se puede llegar a la conclusi\u00f3n de que la participaci\u00f3n de las empresas estadounidenses en la gesti\u00f3n de la industria alemana es tan grande que no hay oposici\u00f3n posible. Hablando de la necesidad de desmantelar NordStream, Biden insinu\u00f3 que los estadounidenses planeaban destruir este gasoducto energ\u00e9tico vital para Alemania, mientras Scholz permanec\u00eda a su lado con cara de perro azotado.<\/p>\n<div>\n<p>Alemania es una econom\u00eda industrializada y este tipo de pa\u00edses siempre deben preocuparse por la competitividad de los precios de los recursos energ\u00e9ticos. Mientras tanto, por decir algo, el efecto de la guerra en Ucrania es que sus precios en Alemania son mucho m\u00e1s altos que en Estados Unidos, por ejemplo. Si tenemos en cuenta que el objetivo de la pol\u00edtica estadounidense era llevar a Alemania a un conflicto con Rusia, est\u00e1 claro que este objetivo se ha logrado en gran medida. Est\u00e1 claro que ya no mantenemos buenas relaciones con Rusia. Este es el mayor error del actual gobierno y, por tanto, lo mejor ser\u00eda que desapareciera cuanto antes. Este error consiste en que ha destruido de un plumazo lo que muchos gobiernos sucesivos, empezando por el de Adenauer, han ido construyendo en las relaciones con Rusia. Por tanto, o Alemania se va al garete, o se puede apartar a este gobierno del poder y formar uno que entienda que necesitamos recursos energ\u00e9ticos baratos y que hay que reconstruir la cooperaci\u00f3n econ\u00f3mica con Rusia.<\/p>\n<h3><b>Escalada y China en la diana<\/b><\/h3>\n<p><b>&#8211; Occidente y Estados Unidos persiguen objetivos diferentes. Pero, \u00bfhasta d\u00f3nde est\u00e1n dispuestos a llegar? \u00bfPodemos realmente temer una guerra mundial, una amenaza nuclear, una guerra real en Europa?<\/b><\/p>\n<p>&#8211; S\u00ed, en este caso s\u00ed podemos temer una escalada de los conflictos regionales, esta vez al continente europeo. Un elemento constante de la pol\u00edtica estadounidense es el deseo de seguir siendo la \u00fanica superpotencia mundial. Un pa\u00eds que quiere ser la \u00fanica superpotencia mundial entrar\u00e1 inevitablemente en conflicto con aquellos que tambi\u00e9n quieren ser superpotencias, como China, Rusia y pronto India.<\/p>\n<div dir=\"ltr\">\n<p>Adem\u00e1s, si Rusia y Estados Unidos llegan a enfrentarse directamente, se producir\u00e1 una conflagraci\u00f3n en todo el mundo. Ese riesgo siempre existe y tambi\u00e9n es el caso en relaci\u00f3n con el conflicto ucraniano, pues tenemos claro que la situaci\u00f3n est\u00e1 siendo seguida de cerca por China, que ya se ve indirectamente arrastrada a ella. Estados Unidos est\u00e1 tratando la actual guerra en Ucrania como una fase preparatoria para una confrontaci\u00f3n con China. Hace unas semanas, pod\u00edamos leer en un informe de la RAND Corporation que el conflicto en Ucrania debe detenerse para que los estadounidenses puedan prepararse para un enfrentamiento con su principal adversario, que, seg\u00fan los autores de este an\u00e1lisis, es China.<\/p>\n<h3><b>La hora de una Europa independiente<\/b><\/h3>\n<p><b>&#8211; Los principales medios de comunicaci\u00f3n alemanes est\u00e1n actualmente preocupados por difundir narrativas pol\u00edticas dirigidas. \u00bfEsta interacci\u00f3n entre los medios y el mundo pol\u00edtico no deja indefensa a la opini\u00f3n p\u00fablica?<\/b><\/p>\n<p>&#8211; Yo dir\u00eda que si esta propaganda de los que est\u00e1n en el poder contin\u00faa -y probablemente lo har\u00e1- la gente deber\u00eda tomar las calles en masa y preguntar: \u00ab\u00bfCu\u00e1ndo acabar\u00e1 esto de una vez? No podemos permitir que nuestro pa\u00eds corra semejante peligro. Si efectivamente estalla una guerra paneuropea, todo el mundo comprender\u00e1 que esto no puede seguir as\u00ed, porque nuestra primera preocupaci\u00f3n debe ser la seguridad de nuestro propio pa\u00eds. S\u00f3lo hay una soluci\u00f3n: Europa debe recuperar su independencia y poner fin a su participaci\u00f3n en las guerras estadounidenses en todo el mundo. Ya no se puede negar que el Senado estadounidense, todo el Congreso, est\u00e1 bajo el control de la industria armament\u00edstica. Y es la que se preocupa de que, en tiempos de guerras, agitaci\u00f3n social y miseria para millones de personas, los intereses de la mayor\u00eda no pasen a primer plano.<\/p>\n<p><em>Entrevistado por Tom J. Wellbrock<\/em><\/p>\n<p>Oskar Lafontaine (nacido en 1943) es un pol\u00edtico alem\u00e1n, Primer Ministro del Sarre de 1985 a 1998, Presidente del Partido Socialdem\u00f3crata de Alemania (SPD) de 1995 a 1999, Ministro de Finanzas (1998-1999). Fue uno de los fundadores y copresidentes del Partido de Izquierda (die Linke), cuyas filas abandon\u00f3 en 2022.<\/p>\n<p>Fuente: <em>Mysl Polska<\/em>, 25-7-2023 (<a href=\"https:\/\/myslpolska.info\/2023\/07\/25\/lafontaine-amerykanie-szykowali-ta-wojne-od-dawna\/\">https:\/\/myslpolska.info\/2023\/07\/25\/lafontaine-amerykanie-szykowali-ta-wojne-od-dawna\/<\/a>)<\/p>\n<\/div>\n<\/div>\n","protected":false},"excerpt":{"rendered":"<p>Oskar Lafontaine es uno de los veteranos de la pol\u00edtica alemana. Al mismo tiempo, al encontrarse hoy fuera de su<\/p>\n","protected":false},"author":5,"featured_media":14149,"comment_status":"open","ping_status":"open","sticky":false,"template":"","format":"standard","meta":{"footnotes":""},"categories":[1922,41,1814,1829],"tags":[],"class_list":["post-14148","post","type-post","status-publish","format-standard","has-post-thumbnail","hentry","category-alemania","category-europa","category-rusia","category-ucrania"],"aioseo_notices":[],"_links":{"self":[{"href":"https:\/\/espai-marx.net\/index.php?rest_route=\/wp\/v2\/posts\/14148","targetHints":{"allow":["GET"]}}],"collection":[{"href":"https:\/\/espai-marx.net\/index.php?rest_route=\/wp\/v2\/posts"}],"about":[{"href":"https:\/\/espai-marx.net\/index.php?rest_route=\/wp\/v2\/types\/post"}],"author":[{"embeddable":true,"href":"https:\/\/espai-marx.net\/index.php?rest_route=\/wp\/v2\/users\/5"}],"replies":[{"embeddable":true,"href":"https:\/\/espai-marx.net\/index.php?rest_route=%2Fwp%2Fv2%2Fcomments&post=14148"}],"version-history":[{"count":0,"href":"https:\/\/espai-marx.net\/index.php?rest_route=\/wp\/v2\/posts\/14148\/revisions"}],"wp:featuredmedia":[{"embeddable":true,"href":"https:\/\/espai-marx.net\/index.php?rest_route=\/wp\/v2\/media\/14149"}],"wp:attachment":[{"href":"https:\/\/espai-marx.net\/index.php?rest_route=%2Fwp%2Fv2%2Fmedia&parent=14148"}],"wp:term":[{"taxonomy":"category","embeddable":true,"href":"https:\/\/espai-marx.net\/index.php?rest_route=%2Fwp%2Fv2%2Fcategories&post=14148"},{"taxonomy":"post_tag","embeddable":true,"href":"https:\/\/espai-marx.net\/index.php?rest_route=%2Fwp%2Fv2%2Ftags&post=14148"}],"curies":[{"name":"wp","href":"https:\/\/api.w.org\/{rel}","templated":true}]}}