{"id":14183,"date":"2023-09-06T05:00:20","date_gmt":"2023-09-06T04:00:20","guid":{"rendered":"https:\/\/espai-marx.net\/?p=14183"},"modified":"2023-09-06T02:32:29","modified_gmt":"2023-09-06T01:32:29","slug":"reanudacion-de-nuestro-seminario-sobre-el-barroco-jesuita-novohispano","status":"publish","type":"post","link":"https:\/\/espai-marx.net\/?p=14183","title":{"rendered":"Reanudaci\u00f3n de nuestro seminario \u00abJordi Torrent Bestit\u00bb"},"content":{"rendered":"<div>\n<p><strong><em>El barroco jesuita novohispano: la forja de un M\u00e9xico posible<\/em> de Ram\u00f3n Kuri Camacho<br \/>\n<\/strong><\/p>\n<\/div>\n<div>\n<p>Tras la pausa estival \u2013en el hemisferio norte\u2013 retomamos en Espai Marx nuestro seminario \u00abJordi Torrent Bestit\u00bb, centrado en este libro de Ram\u00f3n Kuri Camacho, en el que presenta un estudio del <em>ethos<\/em> barroco elaborado despu\u00e9s del Concilio de Trento, y la importancia que tuvo el pensamiento filos\u00f3fico desarrollado por los jesuitas de la Nueva Espa\u00f1a, basado en la obra de Francisco de Su\u00e1rez. Esta cultura barroca no consiste en un artificio art\u00edstico, sino que fue el intento de constituir una civilizaci\u00f3n moderna en el siglo XVll-XVIII, diferente y alternativa a la modernidad liberal. El papel de Su\u00e1rez es el de ser un pensador fundamental de la filosof\u00eda moderna, asentado sobre la idea filos\u00f3fica de que el ser humano carece de naturaleza previa, es causa sui, \u00abcausa libre\u00bb. Abre la posibilidad de pensar los mundos posibles que es el tema de Leibniz, de Wolff, de Hegel, el de la historicidad humana. En palabras del mismo Kuri Camacho en la introducci\u00f3n: \u00abLa doctrina del saber medio o scientia conditionata (como prefer\u00eda llamarla Su\u00e1rez) y el arbitrio humano como topos de libertad, ser\u00e1n el punto de partida del barroco jesuita entendido como capacidad creativa y forma nueva de incidir sobre la realidad. Sin duda que toda esta doctrina jugar\u00e1 un papel fundamental en un aspecto asaz olvidado de la Compa\u00f1\u00eda de Jes\u00fas: su intento de construir en la Nueva Espa\u00f1a un modelo alternativo de modernidad, a la modernidad espont\u00e1nea y ciega de la acumulaci\u00f3n del capital, progreso y raz\u00f3n aut\u00f3noma\u00bb.<\/p>\n<p><strong>Funcionamiento del seminario<\/strong><\/p>\n<\/div>\n<div>\n<p>Pr\u00f3xima sesi\u00f3n (8\u00aa): 7 de Septiembre del 2023. Hora peninsular espa\u00f1ola: 18:00. Hora de Buenos Aires: 14:00. Hora de M\u00e9xico: 11:00 El texto a leer va de las p\u00e1ginas 189 a la 222.<\/p>\n<p>Las sesiones se celebran cada 14 d\u00edas, en jueves alternos, a la misma hora. No hay sesiones presenciales f\u00edsicas. Toda participaci\u00f3n es a distancia, v\u00eda Zoom. El enlace se enviar\u00e1 a todos los participantes unos minutos antes de la hora de inicio. Tambi\u00e9n se podr\u00e1n seguir las sesiones y discusiones a trav\u00e9s de la plataforma <a href=\"https:\/\/espai-marx.net\/academia\/\">Academia<\/a>. El acceso al curso en esta plataforma en esta direcci\u00f3n: <a href=\"https:\/\/espai-marx.net\/academia\/index.php\/curso\/nuevo-seminario-jordi-torrent-bestit-el-barroco-jesuita-novohispano-la-forja-de-un-mexico-posible-de-ramon-kuri-camacho\/\">https:\/\/espai-marx.net\/academia\/index.php\/curso\/nuevo-seminario-jordi-torrent-bestit-el-barroco-jesuita-novohispano-la-forja-de-un-mexico-posible-de-ramon-kuri-camacho\/<\/a><\/p>\n<p>La sistem\u00e1tica de las sesiones consiste en que de forma rotatoria y voluntaria, por parte de los asistentes al seminario se realice la lectura directa, o bien el resumen-comentario de una determinada cantidad de p\u00e1ginas fijadas de antemano, de forma que se procede a comentar-discutir por parte de cualquier participante que lo desee, de forma lib\u00e9rrima, espont\u00e1nea y sin turno de palabras preestablecido el texto en cuesti\u00f3n.<\/p>\n<p><strong>Inscripci\u00f3n<\/strong><\/p>\n<p>La inscripci\u00f3n es gratuita. Para participar en este seminario puedes escribir a: <a href=\"mailto:contacto@espai-marx.net\">contacto@espai-marx.net<\/a><\/p>\n<p><strong>Descarga del libro<\/strong><\/p>\n<p>La Universidad Veracruzana ofrece gratuitamente la descarga de esta obra: <a href=\"https:\/\/libros.uv.mx\/index.php\/UV\/catalog\/book\/BI206\"><em>El barroco jesuita novohispano: la forja de un M\u00e9xico posible\u00a0<\/em><\/a><\/p>\n<p>&nbsp;<\/p>\n<\/div>\n","protected":false},"excerpt":{"rendered":"<p>El barroco jesuita novohispano: la forja de un M\u00e9xico posible de Ram\u00f3n Kuri Camacho Tras la pausa estival \u2013en el<\/p>\n","protected":false},"author":5,"featured_media":13454,"comment_status":"open","ping_status":"open","sticky":false,"template":"","format":"standard","meta":{"footnotes":""},"categories":[1569,1969,19,8,17,869],"tags":[],"class_list":["post-14183","post","type-post","status-publish","format-standard","has-post-thumbnail","hentry","category-arte","category-barroco-novohispano-2023","category-cultura","category-filosofia","category-historia","category-seminarios"],"aioseo_notices":[],"_links":{"self":[{"href":"https:\/\/espai-marx.net\/index.php?rest_route=\/wp\/v2\/posts\/14183","targetHints":{"allow":["GET"]}}],"collection":[{"href":"https:\/\/espai-marx.net\/index.php?rest_route=\/wp\/v2\/posts"}],"about":[{"href":"https:\/\/espai-marx.net\/index.php?rest_route=\/wp\/v2\/types\/post"}],"author":[{"embeddable":true,"href":"https:\/\/espai-marx.net\/index.php?rest_route=\/wp\/v2\/users\/5"}],"replies":[{"embeddable":true,"href":"https:\/\/espai-marx.net\/index.php?rest_route=%2Fwp%2Fv2%2Fcomments&post=14183"}],"version-history":[{"count":0,"href":"https:\/\/espai-marx.net\/index.php?rest_route=\/wp\/v2\/posts\/14183\/revisions"}],"wp:featuredmedia":[{"embeddable":true,"href":"https:\/\/espai-marx.net\/index.php?rest_route=\/wp\/v2\/media\/13454"}],"wp:attachment":[{"href":"https:\/\/espai-marx.net\/index.php?rest_route=%2Fwp%2Fv2%2Fmedia&parent=14183"}],"wp:term":[{"taxonomy":"category","embeddable":true,"href":"https:\/\/espai-marx.net\/index.php?rest_route=%2Fwp%2Fv2%2Fcategories&post=14183"},{"taxonomy":"post_tag","embeddable":true,"href":"https:\/\/espai-marx.net\/index.php?rest_route=%2Fwp%2Fv2%2Ftags&post=14183"}],"curies":[{"name":"wp","href":"https:\/\/api.w.org\/{rel}","templated":true}]}}