{"id":14252,"date":"2023-09-16T05:00:32","date_gmt":"2023-09-16T04:00:32","guid":{"rendered":"https:\/\/espai-marx.net\/?p=14252"},"modified":"2023-09-16T01:35:12","modified_gmt":"2023-09-16T00:35:12","slug":"curso-sobre-ciencia-de-la-logica-de-hegel","status":"publish","type":"post","link":"https:\/\/espai-marx.net\/?p=14252","title":{"rendered":"Curso sobre <i>Ciencia de la l\u00f3gica<\/i> de Hegel"},"content":{"rendered":"<p><span class=\"yt-core-attributed-string yt-core-attributed-string--white-space-pre-wrap\"><span class=\"yt-core-attributed-string--link-inherit-color\">Grabaciones en audio del curso \u00abHegel. <em>Ciencia de la L\u00f3gica<\/em> (1812 &#8211; 1816)\u00bb impartido entre el 24 de agosto y el 14 de diciembre de 2016 por el profesor Carlos P\u00e9rez Soto, autor de los libros <em>Sobre Hegel<\/em> (2008) y <em>Desde Hegel<\/em> (2010). Esta actividad se realiz\u00f3 en dependencias de la Universidad Arcis, en Santiago de Chile.<br \/>\n<\/span><\/span><\/p>\n<p>Lista de reproducci\u00f3n en Youtube: <a href=\"https:\/\/www.youtube.com\/playlist?list=PLVWaqGPEIxSufSQHQFtCIj9zo0EZNVE4g\">https:\/\/www.youtube.com\/playlist?list=PLVWaqGPEIxSufSQHQFtCIj9zo0EZNVE4g<\/a><\/p>\n<h3><strong>Sesiones<\/strong><\/h3>\n<p><strong>1. Presentaci\u00f3n<\/strong><\/p>\n<p><span class=\"yt-core-attributed-string yt-core-attributed-string--white-space-pre-wrap\"><span class=\"yt-core-attributed-string--link-inherit-color\">La primera clase del curso trata sobre la presentaci\u00f3n del libro <em>Ciencia de la l\u00f3gica<\/em> de G. H. Hegel.<br \/>\n<\/span><\/span><\/p>\n<p><iframe loading=\"lazy\" title=\"\u00abPresentaci\u00f3n del libro &quot;Ciencia de la l\u00f3gica&quot; de G. H. Hegel\u00bb - Carlos P\u00e9rez Soto (24.08.2016)\" width=\"800\" height=\"450\" src=\"https:\/\/www.youtube.com\/embed\/VVUF-1puqvc?list=PLVWaqGPEIxSufSQHQFtCIj9zo0EZNVE4g\" frameborder=\"0\" allow=\"accelerometer; autoplay; clipboard-write; encrypted-media; gyroscope; picture-in-picture; web-share\" referrerpolicy=\"strict-origin-when-cross-origin\" allowfullscreen><\/iframe><\/p>\n<p><strong>2. \u00abAlgunos puntos previos y especificaci\u00f3n del plan de lectura\u00bb, Carlos P\u00e9rez Soto (31.08.16)\u00a0<\/strong><\/p>\n<p><span class=\"yt-core-attributed-string yt-core-attributed-string--white-space-pre-wrap\"><span class=\"yt-core-attributed-string--link-inherit-color\">En esta clase del curso se tratan algunos puntos previos antes de las grandes articulaciones de la l\u00f3gica en general, adem\u00e1s de avanzar en el plan de lectura del libro. <\/span><\/span><\/p>\n<p><iframe loading=\"lazy\" title=\"\u00abAlgunos puntos previos y especificaci\u00f3n del plan de lectura\u00bb, Carlos P\u00e9rez Soto (31.08.16)\" width=\"800\" height=\"450\" src=\"https:\/\/www.youtube.com\/embed\/mWskHdL743Q?feature=oembed\" frameborder=\"0\" allow=\"accelerometer; autoplay; clipboard-write; encrypted-media; gyroscope; picture-in-picture; web-share\" referrerpolicy=\"strict-origin-when-cross-origin\" allowfullscreen><\/iframe><\/p>\n<p><strong>3. \u00abEl ser, la nada y [parte de] el devenir\u00bb &#8211; Carlos P\u00e9rez Soto (07.09.16)<\/strong><\/p>\n<p><span class=\"yt-core-attributed-string yt-core-attributed-string--white-space-pre-wrap\"><span class=\"yt-core-attributed-string--link-inherit-color\">Esta clase trata sobre las partes A [Ser], B (Nada) y fracci\u00f3n de C (Devenir) del cap\u00edtulo primero (El Ser), de la secci\u00f3n primera (Determinidad) del libro primero (El Ser [1812]) de la <em>Ciencia de la L\u00f3gica<\/em>.<\/span><\/span><\/p>\n<p><iframe loading=\"lazy\" title=\"\u00abEl ser, la nada y [parte de] el devenir\u00bb - Carlos P\u00e9rez Soto (07.09.16)\" width=\"800\" height=\"450\" src=\"https:\/\/www.youtube.com\/embed\/tzPJHqRMmpc?feature=oembed\" frameborder=\"0\" allow=\"accelerometer; autoplay; clipboard-write; encrypted-media; gyroscope; picture-in-picture; web-share\" referrerpolicy=\"strict-origin-when-cross-origin\" allowfullscreen><\/iframe><\/p>\n<p><strong>4. \u00abEl devenir\u00bb &#8211; Carlos P\u00e9rez Soto (28.09.16)<\/strong><\/p>\n<p><span class=\"yt-core-attributed-string yt-core-attributed-string--white-space-pre-wrap\"><span class=\"yt-core-attributed-string--link-inherit-color\">Esta clase trata sobre la parte C (Devenir) del cap\u00edtulo primero (El Ser), de la secci\u00f3n primera (Determinidad) del libro primero (El Ser [1812]) de la <em>Ciencia de la L\u00f3gica<\/em>.<\/span><\/span><\/p>\n<p><iframe loading=\"lazy\" title=\"\u00abEl devenir\u00bb - Carlos P\u00e9rez Soto (28.09.16)\" width=\"800\" height=\"450\" src=\"https:\/\/www.youtube.com\/embed\/LDKqVasQtZI?feature=oembed\" frameborder=\"0\" allow=\"accelerometer; autoplay; clipboard-write; encrypted-media; gyroscope; picture-in-picture; web-share\" referrerpolicy=\"strict-origin-when-cross-origin\" allowfullscreen><\/iframe><\/p>\n<p><strong> 5. \u00cdndice \u00abDoctrina de la esencia\u00bb y descripci\u00f3n secci\u00f3n \u00abLa esencia como reflexi\u00f3n&#8230;\u00bb (15.10.16)<\/strong><\/p>\n<p><span class=\"yt-core-attributed-string yt-core-attributed-string--white-space-pre-wrap\"><span class=\"yt-core-attributed-string--link-inherit-color\">En esta clase:<br \/>\n&#8211; se revisa, en general, el \u00edndice del libro segundo \u00abDoctrina de la esencia\u00bb (1813) y, en particular, el \u00edndice de su secci\u00f3n primera \u00abLa esencia como reflexi\u00f3n dentro de ella misma\u00bb; y,<br \/>\n&#8211; se describe de qu\u00e9 trata esta secci\u00f3n primera en su primer (\u00abLa apariencia\u00bb) y segundo cap\u00edtulo (\u00abLas esencialidades o las determinaciones-de-reflexi\u00f3n\u00bb).<\/span><\/span><\/p>\n<p><iframe loading=\"lazy\" title=\"\u00cdndice \u00abDoctrina de la esencia\u00bb y descripci\u00f3n secci\u00f3n \u00abLa esencia como reflexi\u00f3n...\u00bb\" width=\"800\" height=\"450\" src=\"https:\/\/www.youtube.com\/embed\/S0LS_KRogcQ?feature=oembed\" frameborder=\"0\" allow=\"accelerometer; autoplay; clipboard-write; encrypted-media; gyroscope; picture-in-picture; web-share\" referrerpolicy=\"strict-origin-when-cross-origin\" allowfullscreen><\/iframe><\/p>\n<p><strong>6. Introducci\u00f3n y \u00abLa Identidad\u00bb en cap. \u00abLas esencialidades&#8230;\u00bb &#8211; Carlos P\u00e9rez Soto (12.10.16)\u00a0<\/strong><\/p>\n<p><span class=\"yt-core-attributed-string yt-core-attributed-string--white-space-pre-wrap\"><span class=\"yt-core-attributed-string--link-inherit-color\">En esta clase se comenta y lee del \u00abLibro Segundo. La Doctrina de la Esencia (1813)\u00bb las siguientes partes:<br \/>\n&#8211; Introducci\u00f3n del cap\u00edtulo segundo \u00abLas esencialidades o las determinaciones-de-reflexi\u00f3n\u00bb;<br \/>\n&#8211; Apartado \u00abA. La Identidad\u00bb del cap\u00edtulo segundo \u00abLas esencialidades o las determinaciones-de-reflexi\u00f3n\u00bb. <\/span><\/span><\/p>\n<p><iframe loading=\"lazy\" title=\"Introducci\u00f3n y \u00abLa Identidad\u00bb en cap. \u00abLas esencialidades...\u00bb - Carlos P\u00e9rez Soto (12.10.16)\" width=\"800\" height=\"450\" src=\"https:\/\/www.youtube.com\/embed\/gCtGgH4VfWM?feature=oembed\" frameborder=\"0\" allow=\"accelerometer; autoplay; clipboard-write; encrypted-media; gyroscope; picture-in-picture; web-share\" referrerpolicy=\"strict-origin-when-cross-origin\" allowfullscreen><\/iframe><\/p>\n<p><strong> 7. Parte de \u00abB. La diferencia\u00bb del cap. \u00abLas esencialidades&#8230;\u00bb &#8211; Carlos P\u00e9rez Soto (26.10.16)<\/strong><\/p>\n<p><span class=\"yt-core-attributed-string yt-core-attributed-string--white-space-pre-wrap\"><span class=\"yt-core-attributed-string--link-inherit-color\">En esta clase se comenta y lee del \u00abLibro Segundo. La Doctrina de la Esencia (1813)\u00bb las siguientes partes:<br \/>\n&#8211; Numeral \u00ab1. La diferencia absoluta\u00bb del apartado \u00abB. La Diferencia\u00bb correspondiente al cap\u00edtulo segundo \u00abLas esencialidades o las determinaciones-de-reflexi\u00f3n\u00bb.<br \/>\n&#8211; Parte de numeral \u00ab2. La diversidad\u00bb del apartado \u00abB. La Diferencia\u00bb correspondiente al cap\u00edtulo segundo \u00abLas esencialidades o las determinaciones-de-reflexi\u00f3n\u00bb.<\/span><\/span><\/p>\n<p><iframe loading=\"lazy\" title=\"Parte de \u00abB. La diferencia\u00bb del cap. \u00abLas esencialidades...\u00bb - Carlos P\u00e9rez Soto (26.10.16)\" width=\"800\" height=\"450\" src=\"https:\/\/www.youtube.com\/embed\/Jjcku-RczAU?feature=oembed\" frameborder=\"0\" allow=\"accelerometer; autoplay; clipboard-write; encrypted-media; gyroscope; picture-in-picture; web-share\" referrerpolicy=\"strict-origin-when-cross-origin\" allowfullscreen><\/iframe><\/p>\n<p><strong>8. \u00ab3. La oposici\u00f3n\u00bb de \u00abB. La diferencia\u00bb, cap. \u00abLas esencialidades&#8230;\u00bb &#8211; Carlos P\u00e9rez Soto (16.11.16)\u00a0<\/strong><\/p>\n<p><span class=\"yt-core-attributed-string yt-core-attributed-string--white-space-pre-wrap\"><span class=\"yt-core-attributed-string--link-inherit-color\">En esta clase se comenta y lee del \u00abLibro Segundo. La Doctrina de la Esencia (1813)\u00bb el numeral \u00ab3. La oposici\u00f3n\u00bb del apartado \u00abB. La Diferencia\u00bb correspondiente al cap\u00edtulo segundo \u00abLas esencialidades o las determinaciones-de-reflexi\u00f3n\u00bb. <\/span><\/span><\/p>\n<p><iframe loading=\"lazy\" title=\"\u00ab3. La oposici\u00f3n\u00bb de \u00abB. La diferencia\u00bb, cap. \u00abLas esencialidades...\u00bb - Carlos P\u00e9rez Soto (16.11.16)\" width=\"800\" height=\"450\" src=\"https:\/\/www.youtube.com\/embed\/6UtxkW7rEvA?feature=oembed\" frameborder=\"0\" allow=\"accelerometer; autoplay; clipboard-write; encrypted-media; gyroscope; picture-in-picture; web-share\" referrerpolicy=\"strict-origin-when-cross-origin\" allowfullscreen><\/iframe><\/p>\n<p><strong>9. Carlos P\u00e9rez Soto &#8211; C. \u00abLa contradicci\u00f3n\u00bb (parte final) (14.12.16)\u00a0<\/strong><\/p>\n<p><span class=\"yt-core-attributed-string yt-core-attributed-string--white-space-pre-wrap\"><span class=\"yt-core-attributed-string--link-inherit-color\">En esta clase se lee y comenta las \u00faltimas p\u00e1ginas de la Parte C \u00abLa Contradicci\u00f3n\u00bb correspondiente al cap\u00edtulo segundo \u00abLas esencialidades o las determinaciones-de-reflexi\u00f3n\u00bb.<\/span><\/span><\/p>\n<p><iframe loading=\"lazy\" title=\"Carlos P\u00e9rez Soto - C. \u00abLa contradicci\u00f3n\u00bb (parte final) (14.12.16)\" width=\"800\" height=\"450\" src=\"https:\/\/www.youtube.com\/embed\/AoQCvJNSj2Q?feature=oembed\" frameborder=\"0\" allow=\"accelerometer; autoplay; clipboard-write; encrypted-media; gyroscope; picture-in-picture; web-share\" referrerpolicy=\"strict-origin-when-cross-origin\" allowfullscreen><\/iframe><\/p>\n","protected":false},"excerpt":{"rendered":"<p>Grabaciones en audio del curso \u00abHegel. Ciencia de la L\u00f3gica (1812 &#8211; 1816)\u00bb impartido entre el 24 de agosto y<\/p>\n","protected":false},"author":5,"featured_media":11170,"comment_status":"open","ping_status":"open","sticky":false,"template":"","format":"standard","meta":{"footnotes":""},"categories":[8,1545,833],"tags":[],"class_list":["post-14252","post","type-post","status-publish","format-standard","has-post-thumbnail","hentry","category-filosofia","category-g-w-f-hegel","category-videos"],"aioseo_notices":[],"_links":{"self":[{"href":"https:\/\/espai-marx.net\/index.php?rest_route=\/wp\/v2\/posts\/14252","targetHints":{"allow":["GET"]}}],"collection":[{"href":"https:\/\/espai-marx.net\/index.php?rest_route=\/wp\/v2\/posts"}],"about":[{"href":"https:\/\/espai-marx.net\/index.php?rest_route=\/wp\/v2\/types\/post"}],"author":[{"embeddable":true,"href":"https:\/\/espai-marx.net\/index.php?rest_route=\/wp\/v2\/users\/5"}],"replies":[{"embeddable":true,"href":"https:\/\/espai-marx.net\/index.php?rest_route=%2Fwp%2Fv2%2Fcomments&post=14252"}],"version-history":[{"count":0,"href":"https:\/\/espai-marx.net\/index.php?rest_route=\/wp\/v2\/posts\/14252\/revisions"}],"wp:featuredmedia":[{"embeddable":true,"href":"https:\/\/espai-marx.net\/index.php?rest_route=\/wp\/v2\/media\/11170"}],"wp:attachment":[{"href":"https:\/\/espai-marx.net\/index.php?rest_route=%2Fwp%2Fv2%2Fmedia&parent=14252"}],"wp:term":[{"taxonomy":"category","embeddable":true,"href":"https:\/\/espai-marx.net\/index.php?rest_route=%2Fwp%2Fv2%2Fcategories&post=14252"},{"taxonomy":"post_tag","embeddable":true,"href":"https:\/\/espai-marx.net\/index.php?rest_route=%2Fwp%2Fv2%2Ftags&post=14252"}],"curies":[{"name":"wp","href":"https:\/\/api.w.org\/{rel}","templated":true}]}}