{"id":14267,"date":"2023-09-19T05:00:45","date_gmt":"2023-09-19T04:00:45","guid":{"rendered":"https:\/\/espai-marx.net\/?p=14267"},"modified":"2023-09-18T13:39:56","modified_gmt":"2023-09-18T12:39:56","slug":"nuevo-seminario-del-seminario-el-capital-sarriko-marx-y-la-economia-politica-escritos-de-juventud","status":"publish","type":"post","link":"https:\/\/espai-marx.net\/?p=14267","title":{"rendered":"Nuevo seminario del Seminario El Capital Sarriko : \u00abMarx y la Econom\u00eda Pol\u00edtica: escritos de juventud\u00bb"},"content":{"rendered":"<p>Los amigos del Seminario El Capital de Sarriko, en Bilbao, inician un nuevo seminario. Desde sus or\u00edgenes, han conformado un espacio, abierto a todo el mundo, para la lectura colectiva de los cl\u00e1sicos del marxismo.<\/p>\n<p>El seminario comienza en 2015 con un peque\u00f1o grupo de alumnos y Joaqu\u00edn Arriola. Antes, en el programa pre-Bolonia, exist\u00eda una asignatura optativa de econom\u00eda marxista en la que Joaqu\u00edn Arriola era profesor titular. Esta asignatura era de las m\u00e1s demandadas en la Facultad de Econom\u00eda y Empresa de la UPV-EHU de Sarriko. Todos los a\u00f1os llenaba el cupo de alumnos establecido para las asignaturas optativas. El plan de Bolonia expuls\u00f3 a la econom\u00eda pol\u00edtica marxista del programa oficial de estudios. Para compensar esta carencia, se puso en marcha este seminario extracurricular, basado en la lectura y an\u00e1lisis de varios textos de Marx y de Engels.<\/p>\n<p>En <a href=\"https:\/\/www.youtube.com\/@seminarioelcapitalsarriko1327\">su canal de Youtube<\/a> se pueden encontrar las grabaciones de alguno de sus seminarios anteriores: \u00abLa cuesti\u00f3n de partido\u00bb, \u00abLos Grundrisse y el cap\u00edtulo VI in\u00e9dito\u00bb, \u00abPrincipios de la l\u00f3gica dial\u00e9ctica\u00bb, \u00abMarxismo y cuesti\u00f3n de la mujer\u00bb, \u00abTeor\u00edas sobre la plusval\u00eda\u00bb, \u00abEl origen de la familia, la propiedad privada y el estado\u00bb, \u00abDel socialismo ut\u00f3pico al socialismo cient\u00edfico\u00bb y, naturalmente, los dedicados al libro que da nombre al seminario: \u00abEl Capital\u00bb.<\/p>\n<p>A partir de este septiembre se inicia el dedicado a <strong>Marx y la Econom\u00eda Pol\u00edtica: escritos de juventud.<\/strong><\/p>\n<p><b>Inicio: Martes 19 de septiembre 2023,\u00a0 7:00 pm (UTC+1)<\/b><\/p>\n<p><b>Las sesiones son semanales, presenciales y en l\u00ednea.<\/b><\/p>\n<p><b>El enlace para las sesiones en l\u00ednea se puede obtener escribiendo a <a class=\"yiv0733784582moz-txt-link-abbreviated\" href=\"mailto:sarrikomarxismo@gmail.com\" target=\"_blank\" rel=\"nofollow noopener noreferrer\" shape=\"rect\">sarrikomarxismo@gmail.com<\/a><\/b><\/p>\n<p><b>\u00a0Textos de lectura: <\/b><\/p>\n<p>1.\u00a0\u00a0\u00a0\u00a0\u00a0 Adolfo S\u00e1nchez V\u00e1zquez: <i>El joven Marx. Los manuscritos de 1844<\/i>. UNAM, Ediciones La Jornada, Editorial Itaca. M\u00e9xico DF 2003 (cap\u00edtulos I, II, VIII y IX)<\/p>\n<p>2.\u00a0\u00a0\u00a0\u00a0\u00a0\u00a0 Friedrich Engels: <i>Esbozo de cr\u00edtica de la econom\u00eda pol\u00edtica<\/i>, en C. Marx-F. Engels, Escritos econ\u00f3micos varios. Ed. Grijalbo, M\u00e9xico DF 1966<\/p>\n<p>3.\u00a0\u00a0\u00a0\u00a0\u00a0\u00a0 Karl Marx: <i>Manuscritos de econom\u00eda y filosof\u00eda<\/i>. Alianza Editorial, Madrid 2003 (completo)<\/p>\n<p>4.\u00a0\u00a0\u00a0\u00a0\u00a0\u00a0 Karl Marx: <i>Los cuadernos de Paris<\/i>. Ediciones ERA, M\u00e9xico DF 1980 (a partir de la p\u00e1gina 99)<\/p>\n<p>5.\u00a0\u00a0\u00a0\u00a0\u00a0\u00a0 Karl Marx: <i>Filosof\u00eda de la Miseria<\/i>. Siglo XXI, M\u00e9xico DF 1987 (completo)<\/p>\n<p>6.\u00a0\u00a0\u00a0\u00a0\u00a0\u00a0 Karl Marx: <i>Notas marginales al Tratado de Econom\u00eda Pol\u00edtica de A. Wagner<\/i>. Cuadernos de Pasado y Presente n\u00ba 97, M\u00e9xico DF 1982<\/p>\n<p>Cada martes se van leyendo unas 20 p\u00e1ginas de los textos seleccionados hasta completar la lectura (ya est\u00e1n distribuidas por d\u00edas).<\/p>\n<p><a href=\"https:\/\/espai-marx.net\/wp-content\/uploads\/2023\/09\/ubuMKmN6TlMQiyp6.jpg\"><img loading=\"lazy\" decoding=\"async\" class=\"aligncenter  wp-image-14268\" src=\"https:\/\/espai-marx.net\/wp-content\/uploads\/2023\/09\/ubuMKmN6TlMQiyp6-724x1024.jpg\" alt=\"\" width=\"450\" height=\"636\" srcset=\"https:\/\/espai-marx.net\/wp-content\/uploads\/2023\/09\/ubuMKmN6TlMQiyp6-724x1024.jpg 724w, https:\/\/espai-marx.net\/wp-content\/uploads\/2023\/09\/ubuMKmN6TlMQiyp6-212x300.jpg 212w, https:\/\/espai-marx.net\/wp-content\/uploads\/2023\/09\/ubuMKmN6TlMQiyp6-768x1086.jpg 768w, https:\/\/espai-marx.net\/wp-content\/uploads\/2023\/09\/ubuMKmN6TlMQiyp6-1086x1536.jpg 1086w, https:\/\/espai-marx.net\/wp-content\/uploads\/2023\/09\/ubuMKmN6TlMQiyp6.jpg 1131w\" sizes=\"auto, (max-width: 450px) 100vw, 450px\" \/><\/a><\/p>\n","protected":false},"excerpt":{"rendered":"<p>Los amigos del Seminario El Capital de Sarriko, en Bilbao, inician un nuevo seminario. Desde sus or\u00edgenes, han conformado un<\/p>\n","protected":false},"author":5,"featured_media":14270,"comment_status":"open","ping_status":"open","sticky":false,"template":"","format":"standard","meta":{"footnotes":""},"categories":[1544,869],"tags":[],"class_list":["post-14267","post","type-post","status-publish","format-standard","has-post-thumbnail","hentry","category-karl-marx","category-seminarios"],"aioseo_notices":[],"_links":{"self":[{"href":"https:\/\/espai-marx.net\/index.php?rest_route=\/wp\/v2\/posts\/14267","targetHints":{"allow":["GET"]}}],"collection":[{"href":"https:\/\/espai-marx.net\/index.php?rest_route=\/wp\/v2\/posts"}],"about":[{"href":"https:\/\/espai-marx.net\/index.php?rest_route=\/wp\/v2\/types\/post"}],"author":[{"embeddable":true,"href":"https:\/\/espai-marx.net\/index.php?rest_route=\/wp\/v2\/users\/5"}],"replies":[{"embeddable":true,"href":"https:\/\/espai-marx.net\/index.php?rest_route=%2Fwp%2Fv2%2Fcomments&post=14267"}],"version-history":[{"count":0,"href":"https:\/\/espai-marx.net\/index.php?rest_route=\/wp\/v2\/posts\/14267\/revisions"}],"wp:featuredmedia":[{"embeddable":true,"href":"https:\/\/espai-marx.net\/index.php?rest_route=\/wp\/v2\/media\/14270"}],"wp:attachment":[{"href":"https:\/\/espai-marx.net\/index.php?rest_route=%2Fwp%2Fv2%2Fmedia&parent=14267"}],"wp:term":[{"taxonomy":"category","embeddable":true,"href":"https:\/\/espai-marx.net\/index.php?rest_route=%2Fwp%2Fv2%2Fcategories&post=14267"},{"taxonomy":"post_tag","embeddable":true,"href":"https:\/\/espai-marx.net\/index.php?rest_route=%2Fwp%2Fv2%2Ftags&post=14267"}],"curies":[{"name":"wp","href":"https:\/\/api.w.org\/{rel}","templated":true}]}}