{"id":14286,"date":"2023-09-22T05:00:22","date_gmt":"2023-09-22T04:00:22","guid":{"rendered":"https:\/\/espai-marx.net\/?p=14286"},"modified":"2023-09-22T01:54:25","modified_gmt":"2023-09-22T00:54:25","slug":"joaquin-araujo-la-subida-de-las-temperaturas-y-las-sequias-anuncian-un-no-muy-lejano-colapso-hidrico","status":"publish","type":"post","link":"https:\/\/espai-marx.net\/?p=14286","title":{"rendered":"Joaqu\u00edn Araujo: la subida de las temperaturas y las sequ\u00edas anuncian un no muy lejano colapso h\u00eddrico"},"content":{"rendered":"<p><em>Joaqu\u00edn Ara\u00fajo es un naturista, escritor y periodista espa\u00f1ol que ha dedicado gran parte de su vida a concienciar a la humanidad sobre los peligros y sufrimientos que puede acarrear la degradaci\u00f3n ecol\u00f3gica del planeta. En esta estaci\u00f3n estival del hemisferio norte, con todas las alarmas encendidas por el imparable ascenso de las temperaturas y la carest\u00eda h\u00eddrica, hablamos con \u00e9l sobre la amenaza del cambio clim\u00e1tico.<\/em><\/p>\n<p><strong>La comunidad cient\u00edfica lleva mucho tiempo alertando sobre los efectos del cambio clim\u00e1tico en nuestro planeta. A pesar de ello, muchas personas no son conscientes de la realidad escondida tras tales advertencias. Me gustar\u00eda construir la entrevista desde lo m\u00e1s elemental. \u00bfC\u00f3mo definir\u00eda usted el proceso de cambio clim\u00e1tico?<\/strong><\/p>\n<p>Como una tragedia. Hay varias amenazas de colapso ambiental que se manifiestan con clara intensidad desde hace a\u00f1os. Me parece muy preocupante que las personas que pueden ponerle fin a este problema no tomen en consideraci\u00f3n los datos disponibles. Est\u00e1n mostrando una absoluta falta de comprensi\u00f3n y de sentido com\u00fan ante \u00e9l.<\/p>\n<p>Aunque muchos ciudadanos de a pie tambi\u00e9n son responsables de lo que est\u00e1 ocurriendo. A lo largo de los \u00faltimos 40 a\u00f1os, hemos conseguido incrementar la concienciaci\u00f3n respecto al significado de la situaci\u00f3n ecol\u00f3gica del planeta, pero muchas voluntades individuales siguen estando demasiado adormecidas.<\/p>\n<p>Ahora mismo, todos tendr\u00edamos que estar tomando la iniciativa de ahorrar agua y sufrimiento a la humanidad y al mundo por nuestra cuenta.<\/p>\n<p><strong>\u00bfCu\u00e1les ser\u00e1n las consecuencias si decidimos no hacerlo?<\/strong><\/p>\n<p>Ya las estamos observando. La m\u00e1s obvia es el aumento de las temperaturas. El verano pasado hemos vivido una de las mayores olas de calor de la historia. Este mes de abril hemos tenido unas temperaturas que estaban 8 y 9 grados por encima de lo normal. Y, a principios de junio, la taiga siberiana alcanzaba los 40 grados\u2026<\/p>\n<p>Estos hechos son muy reveladores y confirman las preocupantes tesis de los cient\u00edficos. El del calor no es un asunto balad\u00ed, porque es nefasto para muchos procesos biol\u00f3gicos y exige una inmensa utilizaci\u00f3n del agua por parte de la vegetaci\u00f3n. Adem\u00e1s, el que la subida de las temperaturas venga acompa\u00f1ada de sequ\u00edas anuncia un no muy lejano colapso h\u00eddrico.<\/p>\n<p><strong>\u00bfEstamos a tiempo de revertir la situaci\u00f3n?<\/strong><\/p>\n<p>Si yo le hiciera caso a la informaci\u00f3n t\u00e9cnico-cient\u00edfica que tengo, podr\u00eda afirmar que esto no tiene soluci\u00f3n y que vamos a ser testigos de una serie de cataclismos naturales. Aun as\u00ed, yo, como militante, campesino y persona que ha dedicado su vida a la defensa del medioambiente, no me rindo.<\/p>\n<p>Para m\u00ed, esto no se reduce a una cuesti\u00f3n de racionalidad cient\u00edfica. Creo que, a base de observar lo que nos est\u00e1 ocurriendo y lo que puede ocurrirnos, acabaremos por conformar una voluntad animada, entusiasmada y sentimental que har\u00e1 que nos volvamos c\u00f3mplices de la vida y de la naturaleza.<\/p>\n<p>De hecho, como dec\u00eda antes, las primeras manifestaciones de gravedad ya se est\u00e1n dando. La reducci\u00f3n de la productividad biol\u00f3gica del verano pasado o la p\u00e9rdida de casi la mitad de lo que se cultiva en Espa\u00f1a esta primavera son solo algunos de los s\u00edntomas que nos revelan la terrible enfermedad que est\u00e1 sufriendo nuestro planeta. Deber\u00edamos temerla m\u00e1s.<\/p>\n<p><strong>\u00bfPodremos adaptar nuestro modo de vida a los da\u00f1os que ya hemos causado?<\/strong><\/p>\n<p>No solo es posible, sino que tambi\u00e9n es necesario y urgente. Yo ya no planto determinados tipos de \u00e1rboles porque s\u00e9 que se van a morir. Tampoco cultivo con el calendario convencional de las tierras medias de este pa\u00eds. Ahora siembro plantas m\u00e1s resistentes, y lo hago con un mes o mes y medio de adelanto a las fechas que eleg\u00eda con anterioridad.<\/p>\n<p>Dicho lo cual, tenemos que ser conscientes de que la adaptaci\u00f3n del conjunto de la sociedad es otra de las necesidades que debemos satisfacer para frenar el proceso de cambio clim\u00e1tico. Debemos ser m\u00e1s austeros en el gasto de energ\u00eda y agua por nuestra propia voluntad, no porque otros nos impongan esa misma obligaci\u00f3n. Y, al final, tendremos que acostumbrarnos a viajar y consumir mucho menos.<\/p>\n<p><strong>Hace unos minutos, hablaba usted de las sequ\u00edas provocadas por la escasez de lluvias. \u00bfQu\u00e9 efectos tendr\u00e1 esta \u00faltima sobre el planeta a corto, medio y largo plazo?<\/strong><\/p>\n<p>El agua es la columna que soporta la totalidad de la existencia. Esto es algo que suele pasar inadvertido, pero, si este l\u00edquido nos empieza a faltar, la vida tendr\u00e1 cada vez menos capacidad para multiplicarse. Hay que tener en cuenta que es la potenciaci\u00f3n absoluta de todo lo que hacemos, sea abstracto, intelectual, material, f\u00edsico o imaginativo. Dependemos de ella.<\/p>\n<p><strong>La pronta desaparici\u00f3n de las masas heladas del \u00c1rtico y el Ant\u00e1rtico es un tema que tiene relaci\u00f3n con el asunto del que hablamos. \u00bfDe qu\u00e9 modo alterar\u00e1 nuestra existencia su disoluci\u00f3n?<\/strong><\/p>\n<p>El 80% del agua dulce del globo tiene forma de hielo. Cuando las placas polares se derritan, todo ese material ser\u00e1 vertido en el oc\u00e9ano, que sufrir\u00e1 cambios enormes en sus niveles de salinidad y pH. A consecuencia de ello, las corrientes marinas ser\u00e1n alteradas y se crear\u00e1n otros desajustes de importancia planetaria.<\/p>\n<p>Asimismo, la comunidad cient\u00edfica ha podido deducir que el nivel del mar subir\u00e1 entre 12 y 30 metros, por lo que varias de las ciudades m\u00e1s grandes del mundo ser\u00e1n anegadas y desaparecer\u00e1n. La posibilidad de que esto \u00faltimo suceda es \u00ednfima a un corto o medio plazo, aunque, a la larga, ocurrir\u00e1.<\/p>\n<p><strong>Otro problema del cambio clim\u00e1tico es el de la contaminaci\u00f3n. \u00bfQu\u00e9 medidas podemos tomar contra ella?<\/strong><\/p>\n<p>Hay cien tipos distintos de contaminaci\u00f3n. Las maneras de hacerle frente son igual de numerosas. Sin duda, la m\u00e1s nociva es la atmosf\u00e9rica, que es producida por el uso de combustibles f\u00f3siles y la consecuente liberaci\u00f3n de CO2 en el medioambiente. La erradicaci\u00f3n de ese tipo de poluci\u00f3n pasa por dejar de utilizar esta clase de energ\u00edas.<\/p>\n<p>Llevamos advirtiendo sobre ello desde hace 45 a\u00f1os. Sab\u00edamos lo que se nos ven\u00eda encima desde hace tiempo, y, aun as\u00ed, muchas personas se han exaltado por las t\u00edmidas proposiciones referentes a la b\u00fasqueda de una salida del modelo energ\u00e9tico basado en el petr\u00f3leo, el carb\u00f3n y el gas.<\/p>\n<p>La urgencia de la situaci\u00f3n clim\u00e1tica es tal que las instituciones gubernamentales nacionales e internacionales ya deber\u00edan haber tomado medidas radicales para solucionar el problema, pero siempre son aplazadas.<\/p>\n<p><strong>Usted ha defendido muchas veces la posibilidad de convertir el actual modelo energ\u00e9tico en uno caracterizado por las energ\u00edas limpias. \u00bfCu\u00e1l ser\u00eda la manera m\u00e1s adecuada de gestionar esa transformaci\u00f3n?<\/strong><\/p>\n<p>Tendr\u00eda que hacerse desde abajo hacia arriba. La utilizaci\u00f3n de la e\u00f3lica a escala comunitaria o municipal es imposible, aunque la fotovoltaica podr\u00eda ser organizada y administrada por cooperativas sin ning\u00fan problema. Lo m\u00e1s ecol\u00f3gico ser\u00eda que cada vivienda tuviera sus propios paneles. As\u00ed se evitar\u00eda el gasto que implica todo transporte de energ\u00eda.<\/p>\n<p>La gesti\u00f3n se realizar\u00eda de forma directa, ya que el empresario ser\u00eda el consumidor y el consumidor, el empresario. Parece que est\u00e9 hablando de una utop\u00eda. Sin embargo, este sistema ya est\u00e1 en marcha en algunos lugares. A nivel individual, por ejemplo, mi casa lleva funcionando con energ\u00eda solar 25 a\u00f1os. Y, desde hace unos 10, me ahorro los costes que conllevar\u00eda ser cliente de las empresas que utilizan gas natural para generar electricidad.<\/p>\n<p>El principal reto a superar en la transici\u00f3n es el de evitar que esta sea controlada por los grandes grupos financieros y los fondos de pensiones internacionales, pues lo \u00fanico que les importa son los beneficios econ\u00f3micos que obtengan a trav\u00e9s de ella.<\/p>\n<p>En cambio, si el desarrollo del plan se salda con la destrucci\u00f3n de m\u00e1s naturaleza, no se van a asustar. Por lo tanto, la soluci\u00f3n de este problema consiste en promover una excelente planificaci\u00f3n territorial y en fomentar la participaci\u00f3n de toda la ciudadan\u00eda en el proceso de conversi\u00f3n.<\/p>\n<p><strong>Usted es conocido por su defensa del ecologismo y, en particular, por las labores de reforestaci\u00f3n que ha ejercido con el apoyo de diversas entidades solidarias durante las \u00faltimas d\u00e9cadas. \u00bfCu\u00e1n importante es el desarrollo de la vida boscosa para la supervivencia de nuestra especie?<\/strong><\/p>\n<p>El bosque es el conjunto de la mayor cantidad de relaciones biol\u00f3gicas y el principal aliado de la humanidad. Es eficiente, eficaz y gratuito. Si alguien planta un \u00e1rbol es porque cree en el futuro. Es una tarea complicada\u2026 Se necesitan muchos m\u00e1s en el mundo.<\/p>\n<p>Pero son indispensables para mantener la vida, el clima y las temperaturas. Hasta controlan el nivel de C02 en la atm\u00f3sfera\u2026 Es imposible dar con algo que haga tantas cosas beneficiosas al mismo tipo.<\/p>\n<p><strong>Usted es uno de los m\u00e1s prestigiosos naturistas sitos en Espa\u00f1a. Le avalan sus muchos a\u00f1os de experiencia y activismo, as\u00ed como las numerosas obras y art\u00edculos que ha escrito sobre la naturaleza a lo largo de su vida. Aun as\u00ed, se define a s\u00ed mismo, antes que nada, como campesino. \u00bfPor qu\u00e9?<\/strong><\/p>\n<p>Porque considero que el hecho de serlo tiene mucha m\u00e1s val\u00eda que cualquier otro t\u00edtulo o premio que esta sociedad absurdamente competitiva me pueda proporcionar. Es una reivindicaci\u00f3n con la que busco denunciar las injusticias morales y econ\u00f3micas a las que muchos de mis hom\u00f3logos se ven sometidos.<\/p>\n<p>En realidad, el agricultor es un creador de vida y el responsable de alimentar al resto de sus conciudadanos. En consecuencia, se le debe un respeto que muy pocos le han guardado hasta ahora.<\/p>\n<p><strong>A lo largo de su vida, ha publicado m\u00e1s de un centenar de libros que hablan sobre la vida natural mediante un lenguaje po\u00e9tico. \u00bfCu\u00e1les son los motivos que le llevaron a ello?<\/strong><\/p>\n<p>Quer\u00eda ser consecuente con la naturaleza. Esta no se expresa mediante palabras, aunque s\u00ed que usa un lenguaje: la poes\u00eda. Uno no puede hablar del atardecer, del vuelo de las aves o de la conducta de las hormigas sin utilizarla, ya que se corresponde con la fascinante capacidad de la vida para embellecer y sostener al mundo.<\/p>\n<h5>Jayro S\u00e1nchez es periodista espa\u00f1ol<\/h5>\n<p>Fuente: <em>Globalter<\/em> (<a href=\"https:\/\/globalter.com\/joaquin-araujo-la-subida-de-las-temperaturas-y-las-sequias-anuncian-un-no-muy-lejano-colapso-hidrico\/\">https:\/\/globalter.com\/joaquin-araujo-la-subida-de-las-temperaturas-y-las-sequias-anuncian-un-no-muy-lejano-colapso-hidrico\/<\/a>)<\/p>\n","protected":false},"excerpt":{"rendered":"<p>Joaqu\u00edn Ara\u00fajo es un naturista, escritor y periodista espa\u00f1ol que ha dedicado gran parte de su vida a concienciar a<\/p>\n","protected":false},"author":5,"featured_media":14287,"comment_status":"open","ping_status":"open","sticky":false,"template":"","format":"standard","meta":{"footnotes":""},"categories":[1564],"tags":[],"class_list":["post-14286","post","type-post","status-publish","format-standard","has-post-thumbnail","hentry","category-crisis-ecologica"],"aioseo_notices":[],"_links":{"self":[{"href":"https:\/\/espai-marx.net\/index.php?rest_route=\/wp\/v2\/posts\/14286","targetHints":{"allow":["GET"]}}],"collection":[{"href":"https:\/\/espai-marx.net\/index.php?rest_route=\/wp\/v2\/posts"}],"about":[{"href":"https:\/\/espai-marx.net\/index.php?rest_route=\/wp\/v2\/types\/post"}],"author":[{"embeddable":true,"href":"https:\/\/espai-marx.net\/index.php?rest_route=\/wp\/v2\/users\/5"}],"replies":[{"embeddable":true,"href":"https:\/\/espai-marx.net\/index.php?rest_route=%2Fwp%2Fv2%2Fcomments&post=14286"}],"version-history":[{"count":0,"href":"https:\/\/espai-marx.net\/index.php?rest_route=\/wp\/v2\/posts\/14286\/revisions"}],"wp:featuredmedia":[{"embeddable":true,"href":"https:\/\/espai-marx.net\/index.php?rest_route=\/wp\/v2\/media\/14287"}],"wp:attachment":[{"href":"https:\/\/espai-marx.net\/index.php?rest_route=%2Fwp%2Fv2%2Fmedia&parent=14286"}],"wp:term":[{"taxonomy":"category","embeddable":true,"href":"https:\/\/espai-marx.net\/index.php?rest_route=%2Fwp%2Fv2%2Fcategories&post=14286"},{"taxonomy":"post_tag","embeddable":true,"href":"https:\/\/espai-marx.net\/index.php?rest_route=%2Fwp%2Fv2%2Ftags&post=14286"}],"curies":[{"name":"wp","href":"https:\/\/api.w.org\/{rel}","templated":true}]}}