{"id":14294,"date":"2023-09-24T05:00:30","date_gmt":"2023-09-24T04:00:30","guid":{"rendered":"https:\/\/espai-marx.net\/?p=14294"},"modified":"2023-09-24T01:42:56","modified_gmt":"2023-09-24T00:42:56","slug":"lectura-con-lagrimas","status":"publish","type":"post","link":"https:\/\/espai-marx.net\/?p=14294","title":{"rendered":"Lectura con l\u00e1grimas"},"content":{"rendered":"<p>Rese\u00f1a de: Mario Amor\u00f3s, <i>La vida es eterna. Biograf\u00eda de V\u00edctor Jara<\/i>, Barcelona, Penguin Random House Grupo Editorial, 2023, 401 p\u00e1ginas<\/p>\n<p><a href=\"https:\/\/espai-marx.net\/wp-content\/uploads\/2023\/09\/mario-amoroso-victor-jara.jpg\"><img loading=\"lazy\" decoding=\"async\" class=\"alignleft  wp-image-14295\" src=\"https:\/\/espai-marx.net\/wp-content\/uploads\/2023\/09\/mario-amoroso-victor-jara.jpg\" alt=\"\" width=\"200\" height=\"311\" srcset=\"https:\/\/espai-marx.net\/wp-content\/uploads\/2023\/09\/mario-amoroso-victor-jara.jpg 322w, https:\/\/espai-marx.net\/wp-content\/uploads\/2023\/09\/mario-amoroso-victor-jara-193x300.jpg 193w\" sizes=\"auto, (max-width: 200px) 100vw, 200px\" \/><\/a>Si Chile sigue muy metido en su coraz\u00f3n. Si le duelen (y no es cualquier dolor) los resultados de la elecciones chilenas de mayo de 2023. Si el 11 de septiembre sigue siendo para usted, esencialmente, el 11 de septiembre chileno. Si nunca ha habitado en usted el olvido de la granza poli\u00e9tica de Salvador Allende y si siguen siendo imborrables aquellas palabras pronunciadas en la ma\u00f1ana de aquel d\u00eda: \u00abAnte estos hechos, solo me cabe decirle a los trabajadores: yo no voy a renunciar. Colocado en un tr\u00e1nsito hist\u00f3rico, pagar\u00e9 con mi vida la lealtad del pueblo y les digo que tengo la certeza de que la semila que entregaremos a la conciencia digna de miles y miles de chilenos no podr\u00e1 ser segada definitivamente. Tienen la fuerza, podr\u00e1n avasallarnos, pero no se detienen los procesos sociales ni con el crimen ni con la fuerza. La historia es nuestra y la hacen los pueblos.\u00bb Si quieren saber por qu\u00e9 V\u00edctor Jara es uno de los s\u00edmbolos universales de la canci\u00f3n revolucionaria en su sentido m\u00e1s profundo, y que entre 1969 y 1973 grab\u00f3 sus principales discos: \u00abPongo en tus manos abiertas\u00bb (homenaje a Luis Emilio Recabarren, fundador del PC de Chile), \u00abCanto libre\u00bb, \u00abEl derecho de vivir en paz\u00bb (tributo a la lucha del pueblo vietnamita), \u00abLa poblaci\u00f3n\u00bb y las canciones del p\u00f3stumo Manifiesto. Si Amanda es para usted m\u00e1s que el nombre de una amiga o de una compa\u00f1era y se sigue emocionando escuchando \u00abEt recordo Amanda\u00bb de Raimon-V\u00edctor Jara: \u00abA m\u00ed me estremece siempre cantar \u2018Te recuerdo Amanda\u2019; me produce un estado de emoci\u00f3n que, aunque la cante mil veces, mil veces la siento igual\u00bb (1973). Si para usted, como para Jara, Violeta Parra es una cantautora de dimensiones inconmensurables (a la altura, no por debajo, de otros grandes de la m\u00fasica como Leonard Cohen o Bob Dylan). Si le resulta admirable que el autor de \u00abPlegaria de un labrador\u00bb rechazara la generosa oferta de una empresa para dirigir el musical <i>Hair<\/i> por considerarlo alienante. Si tambi\u00e9n sigue pensando (con alg\u00fan matiz no esencial) que la canci\u00f3n aut\u00e9ntica, la revolucionaria, tiene que intentar cambiar al ser humano para que este cambie el sistema de explotaci\u00f3n y marginaci\u00f3n. Si a usted no le deja indiferente el testimonio escrito de Silvio Rodr\u00edguez para el libro de Mario Amor\u00f3s: \u00abUn a\u00f1o despu\u00e9s lo asesinaron con sa\u00f1a, pero aquella vileza no fue lo que lo inmortaliz\u00f3. Ya V\u00edctor era un cantor eterno por la exquisita calidad est\u00e9tica y \u00e9tica de sus canciones\u00bb. Si siguen teniendo muy presente en su coraz\u00f3n enrojecido los nombres de Luis Corval\u00e1n, Volodia Teitelboim y Gladys Mar\u00edn. Si no ha olvidado nunca las im\u00e1genes de aquella grandiosa pel\u00edcula: <em>La batatalla de Chile<\/em> (ni tampoco <em>La espiral<\/em> o <em>Missing<\/em>). Si le siguen estremeciendo aquellos versos cantados del Manifiesto: \u00abMi canto es de los andamios\/ para alcanzar las estrellas.\u00bb Si quieren conocer en profundidad la grandeza humana de Joan Jara: \u00abYo era Joan Turner hasta 1973, pero cuando sal\u00ed de Chile con mi pasaporte brit\u00e1nico estaba all\u00ed el nombre de Joan Jara. Y decid\u00ed que ese iba a ser mi nombre desde entonces, porque me daba fuerzas para hablar de mi conexi\u00f3n con Chile y de V\u00edctor\u00bb. Si quieren emocionarse con el grito de Amanda Jara. Si quieren conocer la dign\u00edsima historia de un poema inacabado, \u00abEstadio Chile\u00bb: \u00abCanto. Que mal me sales\/ cuando tengo que cantar espanto.\/ Espanto como el que vivo\/ como el que muero, espanto\/ de verme entre tantos y tantos\/ momentos de infinito\/ en que el silencio y el grito son las metas\/ de este canto.\/ Lo que nunca vi\/ lo que he sentido y lo que siento\/ har\u00e1 brotar el momento\u2026\u00bb Si quieren recordar la opini\u00f3n de V\u00edctor Jara sobre el significado de la palabra \u00abPatria\u00bb: \u00abPatria es amor a mi hogar, a mi mujer, a mis hijas. Es amor a la tierra que me ha ayudado a vivir; es el amor a la educaci\u00f3n y al trabajo; es amor a los dem\u00e1s, que trabajan por el bienestar com\u00fan; es amor a la justicia como instrumento de equilibrio para la dignidad del hombre; es el amor a la paz para gozar de la vida; el amor de la libertad, no al libre albredr\u00edo, no a la libertad de unos para vivir de otros, sino la libertad de todos. La libertad para que yo exista y existan mis hijas y mi hogar\u2026\u00bb Si quieren saber del concierto celebrado el 9 de mayo de 1974 en el Madison Square Garden de Nueva York, en el evento <i>An evening with Salvador Allende<\/i>, en el que particip\u00f3 Bob Dylan, \u00abquien al d\u00eda siguiente acompa\u00f1\u00f3 a Joan Jara a visitar el MoMA donde entonces se expon\u00eda el Guernica de Picasso\u00bb. Si quieren conocer el testimonio de Jos\u00e9 Navarrete, que entre 1978 y 1980 hizo el servicio militar \u00aben el Regimiento de Ingenieros n.\u00ba 6 Azapa, en las proximidades de Arica, donde coincidi\u00f3 con Pedro Barrientos y Jorge Smith, quienes se jactaron de haber asesinado a V\u00edctor Jara\u00bb. Si quieren rendir homenaje a la librer\u00eda V\u00edctor Jara de Salamanca, al teatro V\u00edctor Jara de la localidad grancanaria de Vetros y a la calle V\u00edctor Jara de Barcelona (al lado de la plaza Karl Marx y de la calle Antonio Machado). Si quieren recordar el homenaje que U2 le rindieron en \u00abOne Tree Hill\u00bb: \u00abJara cant\u00f3 su canci\u00f3n, un arma\/ en las manos del amor.\/ Se sabe que su sangre a\u00fan grita\/ de la tierra\/ Corre como un r\u00edo&#8230;\u00bb Si quieren recordar aquel 4 de septiembre, en la \u00faltima y multitudinaria manifestaci\u00f3n de la UP, cuando Jara sostuvo junto con sus compa\u00f1eros una pancarta que proclamaba: \u00abTrabajadores de la cultura en contra del fascismo\u00bb. Si quieren saber de su 11 de septiembre de 1973, cuando cerca de las once de la ma\u00f1ana, lleg\u00f3 a la Universidad T\u00e9cnica del Estado (UTE), en cuya Secretar\u00eda Nacional de Extensi\u00f3n y Comunicaciones trabajaba desde 1971, tras escuchar el llamamiento a los trabajadores del presidente Allende desde La Moneda y recibir las instrucciones de la direcci\u00f3n de las Juventudes Comunistas, a cuyo Comit\u00e9 Central pertenec\u00eda desde hac\u00eda un a\u00f1o. Si quieren admirarse del valor del joven de 23 a\u00f1os H\u00e9ctor Herra, joven funcionario del Registro Civil, quien confirm\u00f3 la identidad de V\u00edctor Jara, ya asesinado, y avis\u00f3 a Joan Turner, arriesgando su vida, permitiendo que pudiera darle sepultura el 18 de septiembre, ahorrando \u00aba sus seres queridos el sufrimiento infinito, eterno, de los familiares de los detenidos desaparecidos.\u00bb Si quieren conocer con detalle la falsa leyenda del \u00abcantor de las manos cortadas\u00bb. Si conoce la extensa, la extraordinaria obra de Mario Amor\u00f3s. Si sigue considerando imprescindibles sus biograf\u00edas de Pinochet, Neruda, Allende, Miguel Enr\u00edquez (o la de Pasionaria). Si est\u00e1 ansioso por leer <i>Entre la ara\u00f1a y la flecha. La trama civil contra la Unidad Popular. <\/i>Si <i>\u2026<\/i>. Entonces no lo dude, este es su libro, un libro imprescindible para millones de lectores, de Chile, de Espa\u00f1a, del mundo.<\/p>\n<p>L\u00e9anlo y recomi\u00e9ndelo. No les dejar\u00e1 indiferentes.<\/p>\n","protected":false},"excerpt":{"rendered":"<p>Rese\u00f1a de: Mario Amor\u00f3s, La vida es eterna. Biograf\u00eda de V\u00edctor Jara, Barcelona, Penguin Random House Grupo Editorial, 2023, 401<\/p>\n","protected":false},"author":5,"featured_media":14296,"comment_status":"open","ping_status":"open","sticky":false,"template":"","format":"standard","meta":{"footnotes":""},"categories":[8],"tags":[2045,2052,1339,917],"class_list":["post-14294","post","type-post","status-publish","format-standard","has-post-thumbnail","hentry","category-filosofia","tag-cincuenta-anos-despues","tag-la-vida-es-eterna-biografia-de-victor-jara","tag-mario-amoros","tag-resenas"],"aioseo_notices":[],"_links":{"self":[{"href":"https:\/\/espai-marx.net\/index.php?rest_route=\/wp\/v2\/posts\/14294","targetHints":{"allow":["GET"]}}],"collection":[{"href":"https:\/\/espai-marx.net\/index.php?rest_route=\/wp\/v2\/posts"}],"about":[{"href":"https:\/\/espai-marx.net\/index.php?rest_route=\/wp\/v2\/types\/post"}],"author":[{"embeddable":true,"href":"https:\/\/espai-marx.net\/index.php?rest_route=\/wp\/v2\/users\/5"}],"replies":[{"embeddable":true,"href":"https:\/\/espai-marx.net\/index.php?rest_route=%2Fwp%2Fv2%2Fcomments&post=14294"}],"version-history":[{"count":0,"href":"https:\/\/espai-marx.net\/index.php?rest_route=\/wp\/v2\/posts\/14294\/revisions"}],"wp:featuredmedia":[{"embeddable":true,"href":"https:\/\/espai-marx.net\/index.php?rest_route=\/wp\/v2\/media\/14296"}],"wp:attachment":[{"href":"https:\/\/espai-marx.net\/index.php?rest_route=%2Fwp%2Fv2%2Fmedia&parent=14294"}],"wp:term":[{"taxonomy":"category","embeddable":true,"href":"https:\/\/espai-marx.net\/index.php?rest_route=%2Fwp%2Fv2%2Fcategories&post=14294"},{"taxonomy":"post_tag","embeddable":true,"href":"https:\/\/espai-marx.net\/index.php?rest_route=%2Fwp%2Fv2%2Ftags&post=14294"}],"curies":[{"name":"wp","href":"https:\/\/api.w.org\/{rel}","templated":true}]}}