{"id":14299,"date":"2023-09-25T05:00:17","date_gmt":"2023-09-25T04:00:17","guid":{"rendered":"https:\/\/espai-marx.net\/?p=14299"},"modified":"2023-09-25T02:31:04","modified_gmt":"2023-09-25T01:31:04","slug":"escritos-de-juventud-de-marx-primera-sesion-del-seminario-el-capital-sarriko","status":"publish","type":"post","link":"https:\/\/espai-marx.net\/?p=14299","title":{"rendered":"Escritos de juventud de Marx: primera sesi\u00f3n del Seminario El capital Sarriko"},"content":{"rendered":"<p>El seminario dar\u00e1 comienzo esta semana al estudio semanal de los escritos de juventud de Karl Marx: <em>Manuscritos de econom\u00eda y filosof\u00eda<\/em>,\u00a0\u00a0<em>Los cuadernos de Par\u00eds<\/em> o <em>La miseria de la filosof\u00eda<\/em> entre otros. Queremos aprovechar la circunstancia para invitar a toda persona que lo desee a sumarse a ello.<\/p>\n<div><\/div>\n<div style=\"text-align: center;\">Realizada la presentaci\u00f3n la semana pasada, el primer d\u00eda\u00a0 donde trabajaremos los contenidos ser\u00e1 el 26 de septiembre a las 19:00 (UTC+1). Las sesiones se llevaran a cabo en el aula B03 de la Facultad de Econom\u00eda de Sarriko. Tambi\u00e9n es posible seguir estas sesiones mediante el link siguiente.<\/div>\n<div><\/div>\n<div><a href=\"https:\/\/teams.microsoft.com\/l\/meetup-join\/19%3ameeting_OGE5OTcxMzYtZTI0NS00MjZmLWI2ZDAtNzY3Y2MzOTgwY2Qy%40thread.v2\/0?context=%7b%22Tid%22%3a%2283c2d98e-37ae-46c5-a435-b7f2d378a5fe%22%2c%22Oid%22%3a%2285528e76-1efa-418f-ac47-e10dc1cb24c5%22%7d\" target=\"_blank\" rel=\"nofollow noopener noreferrer\">https:\/\/teams.microsoft.com\/l\/meetup-join\/19%3ameeting_OGE5OTcxMzYtZTI0NS00MjZmLWI2ZDAtNzY3Y2MzOTgwY2Qy%40thread.v2\/0?context=%7b%22Tid%22%3a%2283c2d98e-37ae-46c5-a435-b7f2d378a5fe%22%2c%22Oid%22%3a%2285528e76-1efa-418f-ac47-e10dc1cb24c5%22%7d<\/a><\/div>\n<div>\n<div class=\"yiv3386581585gmail_signature\" dir=\"ltr\">\n<div dir=\"ltr\">\n<div dir=\"ltr\">\n<div dir=\"ltr\">\n<div dir=\"ltr\">\n<p>Los materiales que usaremos y el calendario de las sesiones pod\u00e9is encontrarlos en el siguiente enlace:\u00a0<a href=\"https:\/\/drive.google.com\/drive\/folders\/1O8UBPLkuXe-XGLh3sMDjqUrq_gsPaMS1\" target=\"_blank\" rel=\"nofollow noopener noreferrer\">https:\/\/drive.google.com\/drive\/folders\/1O8UBPLkuXe-XGLh3sMDjqUrq_gsPaMS1<\/a><\/p>\n<p>Os animamos a este estudio colectivo del marxismo y a difundirlo entre las posibles personas interesadas.<\/p>\n<p>Saludos,<\/p>\n<\/div>\n<\/div>\n<\/div>\n<\/div>\n<\/div>\n<\/div>\n<div>\n<div class=\"yiv3386581585gmail_signature\" dir=\"ltr\">\n<div dir=\"ltr\">\n<div>\n<div dir=\"ltr\">\n<div dir=\"ltr\">\n<div dir=\"ltr\">\n<p>Seminario de El Capital. UPV-EHU Sarriko<\/p>\n<p><a href=\"https:\/\/espai-marx.net\/wp-content\/uploads\/2023\/09\/cartel_es.jpeg\"><img loading=\"lazy\" decoding=\"async\" class=\"aligncenter size-large wp-image-14300\" src=\"https:\/\/espai-marx.net\/wp-content\/uploads\/2023\/09\/cartel_es-724x1024.jpeg\" alt=\"\" width=\"724\" height=\"1024\" srcset=\"https:\/\/espai-marx.net\/wp-content\/uploads\/2023\/09\/cartel_es-724x1024.jpeg 724w, https:\/\/espai-marx.net\/wp-content\/uploads\/2023\/09\/cartel_es-212x300.jpeg 212w, https:\/\/espai-marx.net\/wp-content\/uploads\/2023\/09\/cartel_es-768x1086.jpeg 768w, https:\/\/espai-marx.net\/wp-content\/uploads\/2023\/09\/cartel_es-1086x1536.jpeg 1086w, https:\/\/espai-marx.net\/wp-content\/uploads\/2023\/09\/cartel_es.jpeg 1131w\" sizes=\"auto, (max-width: 724px) 100vw, 724px\" \/><\/a><\/p>\n<\/div>\n<\/div>\n<\/div>\n<\/div>\n<\/div>\n<\/div>\n<\/div>\n","protected":false},"excerpt":{"rendered":"<p>El seminario dar\u00e1 comienzo esta semana al estudio semanal de los escritos de juventud de Karl Marx: Manuscritos de econom\u00eda<\/p>\n","protected":false},"author":5,"featured_media":14270,"comment_status":"open","ping_status":"open","sticky":false,"template":"","format":"standard","meta":{"footnotes":""},"categories":[1544,869],"tags":[],"class_list":["post-14299","post","type-post","status-publish","format-standard","has-post-thumbnail","hentry","category-karl-marx","category-seminarios"],"aioseo_notices":[],"_links":{"self":[{"href":"https:\/\/espai-marx.net\/index.php?rest_route=\/wp\/v2\/posts\/14299","targetHints":{"allow":["GET"]}}],"collection":[{"href":"https:\/\/espai-marx.net\/index.php?rest_route=\/wp\/v2\/posts"}],"about":[{"href":"https:\/\/espai-marx.net\/index.php?rest_route=\/wp\/v2\/types\/post"}],"author":[{"embeddable":true,"href":"https:\/\/espai-marx.net\/index.php?rest_route=\/wp\/v2\/users\/5"}],"replies":[{"embeddable":true,"href":"https:\/\/espai-marx.net\/index.php?rest_route=%2Fwp%2Fv2%2Fcomments&post=14299"}],"version-history":[{"count":0,"href":"https:\/\/espai-marx.net\/index.php?rest_route=\/wp\/v2\/posts\/14299\/revisions"}],"wp:featuredmedia":[{"embeddable":true,"href":"https:\/\/espai-marx.net\/index.php?rest_route=\/wp\/v2\/media\/14270"}],"wp:attachment":[{"href":"https:\/\/espai-marx.net\/index.php?rest_route=%2Fwp%2Fv2%2Fmedia&parent=14299"}],"wp:term":[{"taxonomy":"category","embeddable":true,"href":"https:\/\/espai-marx.net\/index.php?rest_route=%2Fwp%2Fv2%2Fcategories&post=14299"},{"taxonomy":"post_tag","embeddable":true,"href":"https:\/\/espai-marx.net\/index.php?rest_route=%2Fwp%2Fv2%2Ftags&post=14299"}],"curies":[{"name":"wp","href":"https:\/\/api.w.org\/{rel}","templated":true}]}}