{"id":14313,"date":"2023-09-28T05:00:40","date_gmt":"2023-09-28T04:00:40","guid":{"rendered":"https:\/\/espai-marx.net\/?p=14313"},"modified":"2023-09-27T13:17:00","modified_gmt":"2023-09-27T12:17:00","slug":"novedad-en-nuestra-biblioteca-virtual-allende-el-gobierno-popular","status":"publish","type":"post","link":"https:\/\/espai-marx.net\/?p=14313","title":{"rendered":"Novedad en nuestra biblioteca virtual: <i>Allende. El Gobierno Popular<\/i>"},"content":{"rendered":"<p><a href=\"https:\/\/espai-marx.net\/wp-content\/uploads\/2023\/09\/Screenshot-2023-09-27-at-20-09-24-Allende.-El-Gobierno-Popular.-2023.-IULP.pdf.png\"><img loading=\"lazy\" decoding=\"async\" class=\"alignleft wp-image-14314\" src=\"https:\/\/espai-marx.net\/wp-content\/uploads\/2023\/09\/Screenshot-2023-09-27-at-20-09-24-Allende.-El-Gobierno-Popular.-2023.-IULP.pdf-683x1024.png\" alt=\"\" width=\"200\" height=\"300\" srcset=\"https:\/\/espai-marx.net\/wp-content\/uploads\/2023\/09\/Screenshot-2023-09-27-at-20-09-24-Allende.-El-Gobierno-Popular.-2023.-IULP.pdf-683x1024.png 683w, https:\/\/espai-marx.net\/wp-content\/uploads\/2023\/09\/Screenshot-2023-09-27-at-20-09-24-Allende.-El-Gobierno-Popular.-2023.-IULP.pdf-200x300.png 200w, https:\/\/espai-marx.net\/wp-content\/uploads\/2023\/09\/Screenshot-2023-09-27-at-20-09-24-Allende.-El-Gobierno-Popular.-2023.-IULP.pdf-768x1152.png 768w, https:\/\/espai-marx.net\/wp-content\/uploads\/2023\/09\/Screenshot-2023-09-27-at-20-09-24-Allende.-El-Gobierno-Popular.-2023.-IULP.pdf.png 952w\" sizes=\"auto, (max-width: 200px) 100vw, 200px\" \/><\/a>A\u00f1adimos a nuestra biblioteca virtual Els Arbres de Fahrenheit esta obra<span class=\"yiv7210886568ydp1f2e768byiv3302765911ydpe2acc0b6css-901oao yiv7210886568ydp1f2e768byiv3302765911ydpe2acc0b6css-16my406 yiv7210886568ydp1f2e768byiv3302765911ydpe2acc0b6r-poiln3 yiv7210886568ydp1f2e768byiv3302765911ydpe2acc0b6r-bcqeeo yiv7210886568ydp1f2e768byiv3302765911ydpe2acc0b6r-qvutc0\"> publicaci\u00f3n conjunta de las editoriales que forman parte de la Uni\u00f3n Internacional de Editoriales de Izquierda (IULP, por sus siglas en ingl\u00e9s). Re\u00fane el programa de la Unidad Popular, los principales discursos de Allende, un pr\u00f3logo de Elicura Chihuailaf y una carta de Gladys Marin.<\/span><\/p>\n<p>\u00abRealizamos este libro en el marco de la conmemoraci\u00f3n de los 50 a\u00f1os del Golpe de Estado que trunc\u00f3 el proyecto de la Unidad Popular en Chile. Es un homenaje a la vigencia del pensamiento del Doctor Salvador Allende Gossens (1908-1973), quien fue diputado (1937-1939), ministro de Salubridad, Previsi\u00f3n y Asistencia Social (1939-1942) , senador en cuatro per\u00edodos (entre 1945-1969 y 1969-1973), presidente del Senado (1966-1969), y, finalmente presidente de Chile entre el 3 de noviembre de 1970 y el 11 de septiembre de 1973, fecha de su asesinato.<\/p>\n<p>Descarga: <a href=\"https:\/\/espai-marx.net\/elsarbres\/wp-content\/uploads\/2023\/09\/Allende.-El-Gobierno-Popular.-2023.-IULP-1.pdf\">Allende. El Gobierno Popular. 2023. IULP<\/a> (PDF)<\/p>\n","protected":false},"excerpt":{"rendered":"<p>A\u00f1adimos a nuestra biblioteca virtual Els Arbres de Fahrenheit esta obra publicaci\u00f3n conjunta de las editoriales que forman parte de<\/p>\n","protected":false},"author":5,"featured_media":14315,"comment_status":"open","ping_status":"open","sticky":false,"template":"","format":"standard","meta":{"footnotes":""},"categories":[860,825,17],"tags":[2045],"class_list":["post-14313","post","type-post","status-publish","format-standard","has-post-thumbnail","hentry","category-chile","category-elsarbres","category-historia","tag-cincuenta-anos-despues"],"aioseo_notices":[],"_links":{"self":[{"href":"https:\/\/espai-marx.net\/index.php?rest_route=\/wp\/v2\/posts\/14313","targetHints":{"allow":["GET"]}}],"collection":[{"href":"https:\/\/espai-marx.net\/index.php?rest_route=\/wp\/v2\/posts"}],"about":[{"href":"https:\/\/espai-marx.net\/index.php?rest_route=\/wp\/v2\/types\/post"}],"author":[{"embeddable":true,"href":"https:\/\/espai-marx.net\/index.php?rest_route=\/wp\/v2\/users\/5"}],"replies":[{"embeddable":true,"href":"https:\/\/espai-marx.net\/index.php?rest_route=%2Fwp%2Fv2%2Fcomments&post=14313"}],"version-history":[{"count":0,"href":"https:\/\/espai-marx.net\/index.php?rest_route=\/wp\/v2\/posts\/14313\/revisions"}],"wp:featuredmedia":[{"embeddable":true,"href":"https:\/\/espai-marx.net\/index.php?rest_route=\/wp\/v2\/media\/14315"}],"wp:attachment":[{"href":"https:\/\/espai-marx.net\/index.php?rest_route=%2Fwp%2Fv2%2Fmedia&parent=14313"}],"wp:term":[{"taxonomy":"category","embeddable":true,"href":"https:\/\/espai-marx.net\/index.php?rest_route=%2Fwp%2Fv2%2Fcategories&post=14313"},{"taxonomy":"post_tag","embeddable":true,"href":"https:\/\/espai-marx.net\/index.php?rest_route=%2Fwp%2Fv2%2Ftags&post=14313"}],"curies":[{"name":"wp","href":"https:\/\/api.w.org\/{rel}","templated":true}]}}