{"id":1433,"date":"2010-11-01T00:00:00","date_gmt":"2010-11-01T00:00:00","guid":{"rendered":"https:\/\/espai-marx.net\/?p=1433"},"modified":"2019-01-21T18:58:59","modified_gmt":"2019-01-21T18:58:59","slug":"un-maestro-obrero-en-estado-grave","status":"publish","type":"post","link":"https:\/\/espai-marx.net\/?p=1433","title":{"rendered":"Un maestro obrero en estado grave"},"content":{"rendered":"<p><strong>Un maestro obrero en estado grave<\/strong><\/p>\n<p>\u00a0<\/p>\n<p>Salvador L\u00f3pez Arnal<\/p>\n<p>\u00a0<\/p>\n<p>En el momento que escribo estas l\u00edneas, Marcelino Camacho permanece ingresado en estado grave en un centro hospitalario de Madrid.<\/p>\n<p>No lo conoc\u00ed personalmente. Lo escuch\u00e9 en un par de ocasiones. Una de ellas en Santa Coloma de Gramenet, en un recinto lleno de obreros enrojecidos que aplaud\u00edan sonrientes sus palabras y su modo de estar en el mundo. Hablaba con pasi\u00f3n razonada el entonces secretario general de CC.OO. Los trabajadores y trabajadoras lo escuchaban atentos, meditando sus palabras. Lo consideraban un maestro que ense\u00f1aba con el decir y con el ejemplo. Sab\u00edan que era uno de los suyos.<\/p>\n<p>Algunos no estuvimos de acuerdo con algunas de sus decisiones. No entendimos que las CC.OO. firmaran los Pactos de la Moncloa y, sobre todo, nos pareci\u00f3 injustificada la forma en que se present\u00f3 el acuerdo. Un avance, un paso en la direcci\u00f3n socialista, se lleg\u00f3 a decir. No es imposible que la en\u00e9rgica presi\u00f3n de la direcci\u00f3n del PCE, de la que Camacho formaba parte, fuera una de las razones por las que sindicato tom\u00f3 esa decisi\u00f3n.<\/p>\n<p>Poco despu\u00e9s combati\u00f3 contra los nuevos vientos \u201cmodernizadores\u201d que acecharon y triunfaron en el entonces sindicato de clase, en una organizaci\u00f3n, uno de los movimientos centrales de las movilizaciones contra el fascismo espa\u00f1ol, que pretend\u00eda ser un movimiento socio-pol\u00edtico, un nuevo tipo de organizaci\u00f3n sindical, no un sindicato al estilo cl\u00e1sico.<\/p>\n<p>Camacho combati\u00f3 como pocos \u2013y, mirado desde otra atalaya, como tantos otros- contra la dictadura fascista. Pas\u00f3 a\u00f1os en la c\u00e1rcel. Fue, sigue siendo, junto a otros luchadores \u2013Marcos Ana, Miguel N\u00fa\u00f1ez, Teresa Cuevas- nuestro Nelson Mandela. <\/p>\n<p>Es inimaginable que en su nombre pueda habitar el olvido. Pero esta Espa\u00f1a de todos los demonios no fue justa y sigue siendo injusta con sus ciudadanos m\u00e1s valiosos. De nosotros depende que una nueva infamia no se sume a un caudal ya inconmensurable.<\/p>\n<p>Que este admirable defensor de las libertades ciudadanas, que este mod\u00e9lico luchador comunista, se restablezca. Que el maestro fresador venza, de nuevo, a las fuerzas malignas que le acosan. \u00a1Te debemos tanto, compa\u00f1ero! \u00a1Te necesitamos tanto, camarada!<\/p>\n<p>\u00a0<\/p>\n<p>N1: Mientras el maestro Marcelino Camacho ha sido ingresado en estado grave, el presidente del Banco de Santander, el tortuoso banquero Emilio Bot\u00edn, arremete, cubiertos de aparentes ropajes de austeridad y eficacia, contra el \u201cEstado de las autonom\u00edas\u201d. El l\u00edder del principal partido de la oposici\u00f3n, tal loro parlanch\u00edn, repite las consignas. Es una cara, ciertamente siniestra, de la otra Espa\u00f1a.<\/p>\n<p>\u00a0<\/p>\n<p>N2: Encuesta entre un grupo de estudiantes de segundo curso de un ciclo formativo de inform\u00e1tica en un instituto p\u00fablico de Santa Coloma de Gramenet, j\u00f3venes entre 17 y 22 a\u00f1os, todos ellos de origen obrero y futuros, si la suerte no les es adversa, trabajadores cualificados. J\u00f3venes con diversos intereses culturales y alguna arista pol\u00edtica. \u00bfSab\u00e9is qui\u00e9n es Marcelino Camacho?, se les pregunta. Silencio, nadie conoce a Camacho. Uno de ellos, a quien le suena el nombre, conjetura que tal vez sea un minero. No est\u00e1 seguro. \u201cEfecto colateral\u201d de la Espa\u00f1a que hemos construido. Todos ellos, desde luego, saben quien es Nelson Mandela; todos desconocen la existencia de otro Mandela que naci\u00f3 en un pa\u00eds que Salvador Espriu llam\u00f3, con acierto, la pell de brau.<\/p>\n<p>Otra cara de la misma moneda. La se\u00f1ora Catalina Serrano, la madre de mi compa\u00f1era para ser m\u00e1s preciso, llam\u00f3 ayer a casa por la noche, medio llorosa. \u00bfQu\u00e9 te pasa?, le pregunt\u00f3 su hija. \u00bfNo lo sabes, no lo sabes a\u00fan?, respondi\u00f3 ella, \u201cha fallecido Marcelino Camacho\u201d, a\u00f1adi\u00f3 con llanto contenido. Su hija no sab\u00eda que su madre conoc\u00eda o diera importancia a la vida y muerte de nuestro Mandela. Para la se\u00f1ora Serrano, una persona no especialmente politizada, Camachado era un luchador, un sindicalista cre\u00edble, una persona honesta que hab\u00eda luchado para mejorar las vida de las gentes trabajadoras. Uno de los suyos.<\/p>\n<p>\u00a0<\/p>\n<p>N3: Unas palabras de Joaqu\u00edn Miras, tras la lectura de este texto, que merecen conocerse: \u201c[\u2026] Camacho fue siempre un hombre con conciencia: con conciencia de ser uno m\u00e1s. Por eso vive en un cuarto piso de una barriada, en un piso diminuto. Esa dignidad de la sencillez, tan amable, tan pr\u00f3xima, tan poco sobrecogedora. Estuvimos en desacuerdo, es cierto; \u00e9l tambi\u00e9n fue utilizado.\u201d<\/p>\n<p>\u00a0<\/p>\n<p>N4: Marcelino Camacho falleci\u00f3 el pasado jueves 28 de octubre. Su coraz\u00f3n, su enorme coraz\u00f3n, no consigui\u00f3 latir m\u00e1s. En 1967, lo ha recordado Mario Amor\u00f3s, Camacho fue detenido. Pas\u00f3 nueve -\u00a1nueve!- a\u00f1os en la c\u00e1rcel. Fue condenado en el proceso 1.001. La dictadura fascista \u201cjuzg\u00f3\u201d \u2013\u00a1juzg\u00f3!- en ese proceso a los principales dirigentes de las Comisiones Obreras anticapitalistas y antifranquistas. A su salida de la c\u00e1rcel en 1976, tras la Ley de Amnist\u00eda si no ando errado, Camacho coment\u00f3: \u201cNi nos doblaron, ni nos doblegaron, ni nos van a domesticar\u201d. De nosotros depende que sus palabras sigan teniendo vigencia; de nosotros depende que en su legado no habite el olvido. No volvamos a cometer, una vez m\u00e1s, una injusticia as\u00ed, un disparate tan abisal.<\/p>\n<p>\u00a0<\/p>\n<p>N5: Mi corrector, el de ustedes probablemente tambi\u00e9n, se\u00f1ala la palabra \u201cantifranquistas\u201d como si fuera un error ortogr\u00e1fico. \u00a1Un error ortogr\u00e1fico una de las mejores cosas que ha generado en estos cincuenta a\u00f1os el movimiento obrero y popular ib\u00e9rico!<\/p>\n<p>\u00a0<\/p>\n<p>\u00a0<\/p>\n<p>\u00a0<\/p>\n<p>\u00a0<\/p>\n","protected":false},"excerpt":{"rendered":"<p>Un maestro obrero en estado grave \u00a0 Salvador L\u00f3pez Arnal \u00a0 En el momento que escribo estas l\u00edneas, Marcelino Camacho<\/p>\n","protected":false},"author":4,"featured_media":1434,"comment_status":"open","ping_status":"open","sticky":false,"template":"","format":"standard","meta":{"footnotes":""},"categories":[22,45],"tags":[],"class_list":["post-1433","post","type-post","status-publish","format-standard","has-post-thumbnail","hentry","category-historia-del-movimiento-y-de-la-clase-obrera","category-proletariado-demos-multidud"],"aioseo_notices":[],"_links":{"self":[{"href":"https:\/\/espai-marx.net\/index.php?rest_route=\/wp\/v2\/posts\/1433","targetHints":{"allow":["GET"]}}],"collection":[{"href":"https:\/\/espai-marx.net\/index.php?rest_route=\/wp\/v2\/posts"}],"about":[{"href":"https:\/\/espai-marx.net\/index.php?rest_route=\/wp\/v2\/types\/post"}],"author":[{"embeddable":true,"href":"https:\/\/espai-marx.net\/index.php?rest_route=\/wp\/v2\/users\/4"}],"replies":[{"embeddable":true,"href":"https:\/\/espai-marx.net\/index.php?rest_route=%2Fwp%2Fv2%2Fcomments&post=1433"}],"version-history":[{"count":0,"href":"https:\/\/espai-marx.net\/index.php?rest_route=\/wp\/v2\/posts\/1433\/revisions"}],"wp:featuredmedia":[{"embeddable":true,"href":"https:\/\/espai-marx.net\/index.php?rest_route=\/wp\/v2\/media\/1434"}],"wp:attachment":[{"href":"https:\/\/espai-marx.net\/index.php?rest_route=%2Fwp%2Fv2%2Fmedia&parent=1433"}],"wp:term":[{"taxonomy":"category","embeddable":true,"href":"https:\/\/espai-marx.net\/index.php?rest_route=%2Fwp%2Fv2%2Fcategories&post=1433"},{"taxonomy":"post_tag","embeddable":true,"href":"https:\/\/espai-marx.net\/index.php?rest_route=%2Fwp%2Fv2%2Ftags&post=1433"}],"curies":[{"name":"wp","href":"https:\/\/api.w.org\/{rel}","templated":true}]}}