{"id":1436,"date":"2010-11-14T00:00:00","date_gmt":"2010-11-14T00:00:00","guid":{"rendered":"https:\/\/espai-marx.net\/?p=1436"},"modified":"2020-02-21T16:56:30","modified_gmt":"2020-02-21T15:56:30","slug":"por-un-nuevo-espacio-politico","status":"publish","type":"post","link":"https:\/\/espai-marx.net\/?p=1436","title":{"rendered":"Por un nuevo espacio pol\u00edtico"},"content":{"rendered":"<p class=\"western\" lang=\"es-ES\">Despu\u00e9s de la huelga general del 29-s se hace m\u00e1s evidente la necesidad de una alternativa pol\u00edtica, de un referente pol\u00edtico unitario de la izquierda clasista y anticapitalista Millones de ciudadanos participaron de la jornada, a pesar del contexto desfavorable: La crisis econ\u00f3mica, la desorganizaci\u00f3n del movimiento obrero segmentado y precarizado, la campa\u00f1a de la derecha de acoso y derribo contra los sindicatos. A pesar de todo ello <b>se plasm\u00f3 la capacidad de respuesta del movimiento obrero, y la posibilidad de iniciar una nueva etapa de movilizaci\u00f3n sostenida y ascendente contra los planes de ajuste neoliberal y a favor de una salida a la crisis del capitalismo.<\/b><\/p>\n<p class=\"western\" lang=\"es-ES\" align=\"JUSTIFY\">Despu\u00e9s de a\u00f1os de conciliaci\u00f3n y pactos de las direcciones de CCOO y UGT con el gobierno y la patronal, desprestigio de los sindicatos, nula organizaci\u00f3n aut\u00f3noma de los trabajadores, las direcciones sindicales se han visto abocadas a la convocatoria de huelga general y ha quedado demostrado que el conjunto de <b>los sindicatos siguen siendo las organizaciones de masas con mayor capacidad de influencia, convocatoria y centralidad para los procesos de transformaci\u00f3n. <\/b><\/p>\n<p class=\"western\" lang=\"es-ES\" align=\"JUSTIFY\">Otra cuesti\u00f3n es el papel concreto que en una realidad concreta juegan las dos direcciones sindicales.<\/p>\n<p class=\"western\" lang=\"es-ES\" align=\"JUSTIFY\">Una huelga convocada a destiempo, una vez aprobada la ley en el parlamento, y tras un largo periodo de negociaci\u00f3n con la patronal que cada vez exig\u00eda m\u00e1s sacrificios, era una huelga que corr\u00eda el riesgo de tener poca credibilidad entre los trabajadores. Su utilidad era cuestionada a diario. Y a\u00fan as\u00ed la jornada de huelga del 29-s puede ser un buen inicio o quiz\u00e1s un fatal fin. La pregunta es \u00bfDe quien depende? \u00bfDe las direcciones sindicales?, \u00bfHabr\u00e1 rectificaci\u00f3n por parte del gobierno, as\u00ed, sin m\u00e1s?, \u00bfSe tratar\u00e1 tan solo de negociar un poco mejor la normativa de despliegue de la Reforma laboral?, \u00bfSe tratar\u00e1 de afrontar mejor la negociaci\u00f3n del recorte de las pensiones, el copago en la sanidad p\u00fablica, la disminuci\u00f3n del gasto social, el recorte de los presupuesto de los ayuntamientos y CCAA&#8230;? o m\u00e1s bien\u2026<\/p>\n<p class=\"western\" lang=\"es-ES\" align=\"JUSTIFY\">&#8230;Depende de todos y todas. Depende de que seamos capaces de imponer una salida favorable a los trabajadores y a las clases populares. <b>Depende de una amplia alianza social.<\/b> Una alianza social del mundo del trabajo. No s\u00f3lo de los asalariados de la gran industria, de los trabajadores del sector p\u00fablico, sino tambi\u00e9n de los precarios, parados, estudiantes (futuros trabajadores), comerciantes, peque\u00f1os talleres, profesionales, aut\u00f3nomos y un largo etc&#8230; Una salida democr\u00e1tica a la crisis s\u00f3lo puede darse en el marco de la construcci\u00f3n de una alternativa social, de una alternativa al capitalismo, se trata de reinventar el socialismo.<\/p>\n<p class=\"western\" lang=\"es-ES\" align=\"JUSTIFY\"><b>Una alianza del mundo del trabajo<\/b> frente al mundo de la especulaci\u00f3n, de la econom\u00eda real frente a la ficticia, frente a la dictadura de los mercados, a la dictadura del capital. A\u00fan conociendo el poder de convocatoria, la centralidad del sector sindicalmente organizado, hoy el debate no es s\u00f3lo sindical, los sindicatos juegan un papel importante pero no exclusivo. La alianza tambi\u00e9n es <b>una alianza ciudadana<\/b>, amplia en el debate, porque hoy la soluci\u00f3n no se centra s\u00f3lo en la producci\u00f3n sino tambi\u00e9n en la distribuci\u00f3n, en el consumo sostenible, en la educaci\u00f3n en la gesti\u00f3n del tiempo, en las tareas de reproducci\u00f3n y cuidado en el \u00e1mbito mas familiar.<\/p>\n<p class=\"western\" lang=\"es-ES\" align=\"JUSTIFY\">\u00bfY porque no? Es <b>una alianza entre generaciones<\/b>, no se trata tanto del presente como del futuro, que condiciones de vida de aqu\u00ed a 20, 30, 50 a\u00f1os&#8230;<\/p>\n<p class=\"western\" lang=\"es-ES\" align=\"JUSTIFY\">Con los cambios tecnol\u00f3gicos, \u00bfCon qu\u00e9 nuevas formas de organizaci\u00f3n y de lucha podemos contar?<\/p>\n<p class=\"western\" lang=\"es-ES\" align=\"JUSTIFY\"><b>Una alianza de los pueblos: Por el derecho de autodeterminaci\u00f3n, por el derecho a la independencia, por la libre uni\u00f3n de los pueblos frente a la Europa del capital.<\/b><\/p>\n<p class=\"western\" lang=\"es-ES\" align=\"JUSTIFY\">Los pueblos oprimidos por el Estado espa\u00f1ol tienen un lugar en esta alianza, porque los derechos nacionales s\u00f3lo podr\u00e1n satisfacerse en el marco de la lucha com\u00fan contra el capital y su estado, lo que les sit\u00faa como aliados de la lucha obrera y popular.<\/p>\n<p class=\"western\" lang=\"es-ES\" align=\"JUSTIFY\">Es en este contexto, donde no tan solo los activistas y militantes reivindican o expresan la necesidad de una alternativa pol\u00edtica, la necesidad de una izquierda anticapitalista no institucional y acomodada, un referente de la izquierda clasista, tambi\u00e9n miles de trabajadores lo han expresado en las movilizaciones y en la huelga del 29-S, en el des\u00e1nimo, o en la abstenci\u00f3n electoral&#8230;<\/p>\n<p class=\"western\" lang=\"es-ES\" align=\"JUSTIFY\">Este proyecto pol\u00edtico, debe ser un espacio que concentre las energ\u00edas alternativas al capitalismo, que aglutine a los trabajadores y ciudadanos, que inicie un proceso participativo y democr\u00e1tico, que devuelva el protagonismo al \u201cdemos\u201d, al pueblo. Que se convierta as\u00ed en el constructor de una amplia alianza social anticapitalista, por la democracia participativa y el socialismo.<\/p>\n<p class=\"western\" lang=\"es-ES\" align=\"JUSTIFY\">Un espacio pol\u00edtico que se construya y desarrolle aprendiendo de las iniciativas colectivas, y que al mismo tiempo sea un agente educador, con capacidad para convertirse en el instrumento de intercambio de experiencias anticapitalistas, un espacio constructor del bloque social alternativo, Un espacio que se sit\u00fae como alternativa cultural, socializador de otro forma de vivir, con valores propios.<\/p>\n<p class=\"western\" lang=\"es-ES\" align=\"JUSTIFY\">Un espacio pol\u00edtico que no tenga como objetivo la representaci\u00f3n y la mediaci\u00f3n pol\u00edtica, sino que d\u00e9 prioridad a la organizaci\u00f3n aut\u00f3noma de los trabajadores y ciudadanos, a la construcci\u00f3n de un bloque social anticapitalista, y a un movimiento basado en la democracia directa y participativa.<\/p>\n<p class=\"western\" lang=\"es-ES\" align=\"JUSTIFY\">No se trata de un espacio que se construya en funci\u00f3n de un programa m\u00e1ximo o m\u00ednimo, sino que tenga capacidad de recoger, desarrollar y avanzar en las reivindicaciones y aspiraciones que el propio movimiento democr\u00e1tico plantee, en la realidad concreta de lucha de clases, vaya generando, y sea capaz de profundizar en aquellos puntos, t\u00e1cticas y estrategias que nos hagan avanzar hac\u00eda la construcci\u00f3n del socialismo en nuestro pa\u00eds.<\/p>\n<p class=\"western\" lang=\"es-ES\" align=\"JUSTIFY\">Tenemos que situarnos al nivel de la conciencia social existente, para que, a partir de las diferentes sensibilidades y reivindicaciones elementales (vivienda, trabajo,\u2026) podamos incentivar el desarrollo de la conciencia de clase, incluso desde una cultura com\u00fan (democracia directa, participaci\u00f3n popular\u2026), en contra de la que nos impone el capitalismo.<\/p>\n<p class=\"western\" lang=\"es-ES\" align=\"JUSTIFY\">Hay que reinventarse, no hablamos de construir un partido pol\u00edtico de vanguardia, ni un frente de partidos y grupos coaligados, no hablamos de construir coaliciones electorales, afirmamos la necesidad de un nuevo tipo de espacio pol\u00edtico, m\u00e1s parecido a un movimiento que a un partido cl\u00e1sico:<\/p>\n<p class=\"western\" lang=\"es-ES\" align=\"JUSTIFY\">Creemos que algo de esto se expresa ya en muchas localidades y barrios de Catalu\u00f1a. En las alternativas municipalistas, en asambleas de barrio, en espacios pol\u00edticos territoriales&#8230; las CAV, LAS CUP\u00b4s Gent de gramanet, Les trobades alternatives del Maresme, la trobada alternativa de 9 barris y muchas otras experiencias locales que hoy no conocemos, pero que existen. Experiencias que corren el peligro de cerrarse en propuestas localistas por la falta de una coordinaci\u00f3n y reflexi\u00f3n general.<\/p>\n<p class=\"western\" lang=\"es-ES\" align=\"JUSTIFY\">El debate no es exclusivamente si desde arriba o desde abajo, sino Como se construye ese referente pol\u00edtico que necesitamos:<\/p>\n<p class=\"western\" lang=\"es-ES\" align=\"JUSTIFY\"><b>Primero<\/b>.- Ha de ser el referente y a la vez constructor de esa amplia alianza social, de esa amplia base social, de ese movimiento democr\u00e1tico porque hoy no existe el sujeto pol\u00edtico, esta por construir.<\/p>\n<p class=\"western\" lang=\"es-ES\" align=\"JUSTIFY\"><b>Segundo.<\/b>&#8211; Para nosotros tiene m\u00e1s importancia el proceso de organizaci\u00f3n de los trabajadores y ciudadan\u00eda que no los procesos de representaci\u00f3n, es decir de mediaci\u00f3n, porque \u00e9sta s\u00f3lo tiene sentido cuando hay un movimiento un colectivo a representar.<\/p>\n<p class=\"western\" lang=\"es-ES\" align=\"JUSTIFY\"><b>Tercero.-<\/b> No se trata de construir una propuesta, o una coalici\u00f3n electoral sino un espacio pol\u00edtico unitario, que tiene que ir mucho m\u00e1s all\u00e1. Las elecciones s\u00f3lo son un medio para llegar a los lugares donde normalmente nos cuesta llegar. Ni m\u00e1s, ni menos. No despreciamos la representaci\u00f3n parlamentaria, pero somos conscientes de que ning\u00fan parlamento acabar\u00e1 con el capitalismo.<\/p>\n<p class=\"western\" lang=\"es-ES\" align=\"JUSTIFY\"><b>Cuarto<\/b>.- Si el espacio pol\u00edtico se dota de una propuesta electoral, esta tiene que estar subordinada al espacio pol\u00edtico y al movimiento democr\u00e1tico, con medidas concretas: revocabilidad de los cargos (que tendr\u00e1n que rendir cuentas ante las bases), limite en la duraci\u00f3n de las representaciones, limite de las representaciones al cargo de portavoz, un sueldo que equivalga al salario medio que cobran los trabajadores&#8230;<\/p>\n<p class=\"western\" lang=\"es-ES\" align=\"JUSTIFY\"><b>Quinto.-<\/b> Para construir no s\u00f3lo hay que generar reivindicaciones a modo de plataformas frente a las instituciones del estado sino generar un proceso de construcci\u00f3n de alternativas, creando nexos, intercambiando experiencias, construyendo una red entre las alternativas. Se trata de actividad, participaci\u00f3n, red solidaria.<\/p>\n<p class=\"western\" lang=\"es-ES\" align=\"JUSTIFY\"><b>Sexto<\/b>.-Un espacio pol\u00edtico que internamente se dote de la metodolog\u00eda, estructura e instrumentos para un funcionamiento plenamente democr\u00e1tico, donde se impulse la participaci\u00f3n, la iniciativa, el debate, donde el protagonismo y el poder de decisi\u00f3n sean de las asambleas y de la participaci\u00f3n de las bases.<\/p>\n<p class=\"western\" lang=\"es-ES\" align=\"JUSTIFY\"><b>S\u00e9ptimo.-<\/b> Pensamos m\u00e1s bien en un proceso, a corto plazo, de promoci\u00f3n y coordinaci\u00f3n de asambleas democr\u00e1ticas de la izquierda anticapitalista en el territorio. Donde imperen m\u00e1s los procesos de coordinaci\u00f3n que de direcci\u00f3n.<\/p>\n<p class=\"western\" lang=\"es-ES\" align=\"JUSTIFY\"><b>Octavo<\/b>.- En un referente-movimiento de estas caracter\u00edsticas no se debe ni negar ni coartar la libertad y existencia de partidos grupos, colectivos, o tendencias, que tendr\u00e1n su vida propia, fuera y en el seno del movimiento.<\/p>\n<p class=\"western\" lang=\"es-ES\" align=\"JUSTIFY\">Se debe generar una din\u00e1mica colectiva basada en una verdadera democracia directa, de debate fraternal, de escuchar para sumar, rechazando vanguardismos, dirigismos y din\u00e1micas grupusculares que han demostrado de sobras su esterilidad.<\/p>\n<p class=\"western\" lang=\"es-ES\" align=\"JUSTIFY\">La participaci\u00f3n siempre tiene que ser personal, para que cualquier ciudadano pueda participar en las mismas condiciones&#8230;<\/p>\n<p class=\"western\" lang=\"es-ES\" align=\"JUSTIFY\"><b>Creemos que la constituci\u00f3n de la coalici\u00f3n electoral DES DE BAIX, hay que valorarla positivamente, como intenci\u00f3n unitaria para acabar con la dispersi\u00f3n, pero entendemos que lo positivo ser\u00eda entender este paso como un inicio para impulsar procesos, de construcci\u00f3n y coordinaci\u00f3n de asambleas democr\u00e1ticas de la izquierda clasista y anticapitalista en el territorio<\/b>. Ser consecuentes con lo que afirman en el manifiesto fundacional, implica volcarse con todas sus fuerzas en el trabajo de construcci\u00f3n del futuro referente pol\u00edtico, y del movimiento asambleario que tiene que nutrirlo.<\/p>\n<p class=\"western\" lang=\"es-ES\" align=\"JUSTIFY\">Por todo ello, la convocatoria de asamblea general de todos los firmantes el 6\/11\/2010 es positiva, pero m\u00e1s interesante nos parecer\u00eda el compromiso de una convocatoria posterior al proceso electoral.<\/p>\n<p class=\"western\" lang=\"es-ES\" align=\"JUSTIFY\"><u><b>L<\/b><\/u><b>a convocatoria de una asamblea general posterior al proceso electoral con dos objetivos:<\/b><\/p>\n<p class=\"western\" lang=\"es-ES\" style=\"margin-left: 1.27cm; text-decoration: none;\" align=\"JUSTIFY\"><b>Realizar un llamamiento a la construcci\u00f3n de asambleas democr\u00e1ticas de la izquierda anticapitalista en el territorio.<\/b><\/p>\n<p class=\"western\" lang=\"es-ES\" style=\"margin-left: 1.27cm; text-decoration: none;\" align=\"JUSTIFY\"><b>Coordinar los trabajos para su desarrollo y coordinaci\u00f3n.<\/b><\/p>\n<p class=\"western\" lang=\"es-ES\" align=\"JUSTIFY\">Fidel Lora, Salva Torres, Enric Mompo, Toni Marco, Rafael Lora, miembros de la Trobada Alternativa de 9 BARRIS, Josep Bel, sindicalista e impulsor de DES DE BAIXi Manuel Marquez, fundador de KAOS EN LA RED i candidato independiente a las listas de DE DES DE BAIX<\/p>\n<p class=\"western\" lang=\"es-ES\" align=\"JUSTIFY\">\n<p class=\"western\" lang=\"es-ES\" align=\"JUSTIFY\">\n<p class=\"western\" lang=\"es-ES\" align=\"JUSTIFY\">\n","protected":false},"excerpt":{"rendered":"<p>Despu\u00e9s de la huelga general del 29-s se hace m\u00e1s evidente la necesidad de una alternativa pol\u00edtica, de un referente<\/p>\n","protected":false},"author":9,"featured_media":0,"comment_status":"open","ping_status":"open","sticky":false,"template":"","format":"standard","meta":{"footnotes":""},"categories":[13,45],"tags":[],"class_list":["post-1436","post","type-post","status-publish","format-standard","hentry","category-la-izquierda-a-debate","category-proletariado-demos-multidud"],"aioseo_notices":[],"_links":{"self":[{"href":"https:\/\/espai-marx.net\/index.php?rest_route=\/wp\/v2\/posts\/1436","targetHints":{"allow":["GET"]}}],"collection":[{"href":"https:\/\/espai-marx.net\/index.php?rest_route=\/wp\/v2\/posts"}],"about":[{"href":"https:\/\/espai-marx.net\/index.php?rest_route=\/wp\/v2\/types\/post"}],"author":[{"embeddable":true,"href":"https:\/\/espai-marx.net\/index.php?rest_route=\/wp\/v2\/users\/9"}],"replies":[{"embeddable":true,"href":"https:\/\/espai-marx.net\/index.php?rest_route=%2Fwp%2Fv2%2Fcomments&post=1436"}],"version-history":[{"count":0,"href":"https:\/\/espai-marx.net\/index.php?rest_route=\/wp\/v2\/posts\/1436\/revisions"}],"wp:attachment":[{"href":"https:\/\/espai-marx.net\/index.php?rest_route=%2Fwp%2Fv2%2Fmedia&parent=1436"}],"wp:term":[{"taxonomy":"category","embeddable":true,"href":"https:\/\/espai-marx.net\/index.php?rest_route=%2Fwp%2Fv2%2Fcategories&post=1436"},{"taxonomy":"post_tag","embeddable":true,"href":"https:\/\/espai-marx.net\/index.php?rest_route=%2Fwp%2Fv2%2Ftags&post=1436"}],"curies":[{"name":"wp","href":"https:\/\/api.w.org\/{rel}","templated":true}]}}