{"id":14362,"date":"2023-10-08T05:00:30","date_gmt":"2023-10-08T04:00:30","guid":{"rendered":"https:\/\/espai-marx.net\/?p=14362"},"modified":"2023-10-08T02:07:54","modified_gmt":"2023-10-08T01:07:54","slug":"pensando-a-contracorriente","status":"publish","type":"post","link":"https:\/\/espai-marx.net\/?p=14362","title":{"rendered":"Pensando a contracorriente"},"content":{"rendered":"<p>Rese\u00f1a de: Juan Torres L\u00f3pez, <i>M\u00e1s dif\u00edcil todav\u00eda<\/i>, Madrid, Deusto, 2023, 205 p\u00e1ginas<\/p>\n<p><a href=\"https:\/\/espai-marx.net\/wp-content\/uploads\/2023\/10\/mas-dificil-todavia-scaled.jpg\"><img loading=\"lazy\" decoding=\"async\" class=\"alignleft  wp-image-14364\" src=\"https:\/\/espai-marx.net\/wp-content\/uploads\/2023\/10\/mas-dificil-todavia-676x1024.jpg\" alt=\"\" width=\"200\" height=\"303\" srcset=\"https:\/\/espai-marx.net\/wp-content\/uploads\/2023\/10\/mas-dificil-todavia-676x1024.jpg 676w, https:\/\/espai-marx.net\/wp-content\/uploads\/2023\/10\/mas-dificil-todavia-198x300.jpg 198w, https:\/\/espai-marx.net\/wp-content\/uploads\/2023\/10\/mas-dificil-todavia-768x1163.jpg 768w, https:\/\/espai-marx.net\/wp-content\/uploads\/2023\/10\/mas-dificil-todavia-1014x1536.jpg 1014w, https:\/\/espai-marx.net\/wp-content\/uploads\/2023\/10\/mas-dificil-todavia-1352x2048.jpg 1352w, https:\/\/espai-marx.net\/wp-content\/uploads\/2023\/10\/mas-dificil-todavia-1320x1999.jpg 1320w, https:\/\/espai-marx.net\/wp-content\/uploads\/2023\/10\/mas-dificil-todavia-scaled.jpg 1690w\" sizes=\"auto, (max-width: 200px) 100vw, 200px\" \/><\/a>Una hermosa idea, magn\u00edficamente expuesta por el autor, merece abrir este rese\u00f1a forzosamente injusta por breve: \u00abLa inteligencia de un individuo\u2026 no se mide por las certezas, sino, como dec\u00eda Kant, por la cantidad de incertidumbres que es capaz de soportar\u00bb.<\/p>\n<p>Para ayuda (y fortuna) de muchos de sus lectores que no somos economistas, Juan Torres L\u00f3pez [JTL] sigue cultivando una arista pol\u00edtico-educativa de gran inter\u00e9s c\u00edvico: la divulgaci\u00f3n seria al alcance de todos los p\u00fablicos con ganas de aprender y tomar consciencia de la situaci\u00f3n. En este caso, JTL intenta demostrar c\u00f3mo las autoridades econ\u00f3micas se equivocaron dos veces: se equivocaron y no supieron darse cuenta de lo que realmente estaba sucediendo con las subidas de precios que comenzaron a producirse a lo largo de 2021, antes de la guerra de Ucrania, la concibieron como una cosa muy pasajera que no iba a tener ninguna importancia y la siguieron tratando como si fuera un fen\u00f3meno de demanda (y no lo era: ten\u00eda \u00abque ver con la pandemia, con el bloqueo de los canales de aprovisionamiento, con la falta de competencia de las empresas, con el poder de mercado de estas, con los costes asociados al cambio clim\u00e1tico, con la especulaci\u00f3n financiera\u2026\u00bb) y m\u00e1s tarde, cuando ya no pod\u00edan negar que la inflaci\u00f3n se hab\u00eda desatado, volvieron a equivocarse a la hora de darle respuesta.<\/p>\n<p>Componen <i>M\u00e1s dif\u00edcil todav\u00eda<\/i> una introducci\u00f3n, cinco cap\u00edtulos y la bibliograf\u00eda (hubiera sido \u00fatil un \u00edndice anal\u00edtico). Les copio los t\u00edtulos: 1. Introducci\u00f3n. Una crisis detr\u00e1s de otra y cada una m\u00e1s complicada que la anterior: una econom\u00eda de v\u00e9rtigo. 2. \u00bfQu\u00e9 est\u00e1 ocurriendo en la econom\u00eda mundial? 3. Errores de la teor\u00eda convencional y de los bancos centrales sobre la naturaleza de la inflaci\u00f3n y sus remedios. 4. Las causas reales de la inflaci\u00f3n actual (especialmente recomendable). 5. Lo que hay detr\u00e1s de la inflaci\u00f3n actual: cinco problemas con tendencia insostenible (ibidem). 6. Riesgo de colapso sin respuestas de cambio efectivas o viables.<\/p>\n<p>El subt\u00edtulo de este nuevo (y excelente) libro del gran economista granadino de izquierdas, que no necesita presentaci\u00f3n, recoge un de sus ideas centrales: \u00abEsta no es una crisis cualquiera: la econom\u00eda mundial puede colapsar y debemos prepararnos para ello.\u00bb Su tesis: \u00abquienes toman las grandes decisiones econ\u00f3micas se est\u00e1n equivocando una vez m\u00e1s a la hora de prevenir los problemas, de reconocer su naturaleza y, como consecuencia de ello, cuando toman decisiones para tratar de resolverlos.\u00bb<\/p>\n<p>JTL se\u00f1ala que su libro \u00abpretende analizar y explicar qu\u00e9 est\u00e1 sucediendo en la econom\u00eda mundial, y no queda m\u00e1s remedio que hacerlo al mismo que se escribe\u00bb. Todo un reto. Pero, se\u00f1ala, \u00abvale la pena asumir el riesgo y afrontar sobre la marcha el an\u00e1lisis de lo que est\u00e1 sucediendo\u00bb por tres razones principales:<\/p>\n<p>1\u00aa. JTL tiene la convicci\u00f3n de que no estamos ante un simple incidente de los mercados, \u00absino ante una crisis econ\u00f3mica que puede tener una gravedad inusitada por su natualeza novedosa, por la probabilidad de que d\u00e9e lugar a un fallo sist\u00e9mico, a un verdadaro colapso, si no recibe tratamiento adecuado\u00bb, y porque, adem\u00e1s, \u00abse produce en un contexto geopol\u00edtico y estrat\u00e9gico cargado de amenazadas y peligros.\u00bb<\/p>\n<p>2\u00aa. El autor de <i>Econofakes<\/i> asume el riesgo de analizar la econom\u00eda mundial sobre la marcha, sin red, porque \u00abcon este libro no pretendo proporcionar necesariamente certidunbres, sino m\u00e1s bien dudas, otras luces, nuevos enfoques y distintas perspectivas de an\u00e1lisis\u00bb. No se trata de pontificar ni de asegurar sino de \u00ababrir las ventanas al pensamiento cr\u00edtico y al saber que se aleja del simplismo y la linealidad que tan a menudo predomina en el an\u00e1lisis de los asuntos econ\u00f3micos.\u00bb<\/p>\n<p>3\u00aa. Una convicci\u00f3n m\u00e1s fuerte que la seguridad intelectual mueve a JTL a arriesgarse a escribir un libro sobre fen\u00f3menos que no han terminado de perfilarse. La siguiennte: \u00abcreo que tener buena informaci\u00f3n, dudar y pensar con nuestra propia cabeza es la mejor forma de estar preparado para hacer frente a una crisis econ\u00f3mica que, directa o indirectamente, y de un modo u otro, siempre nos afecta a todas las personas\u00bb. Solo la ciudadan\u00eda conocemos bien lo que ocurre a nuestro alrededor podremos estar en condiciones no solo de protegernos, \u00absino de influir con acierto y eficacia en el curso de los acontecimientos\u00bb, algo que el autor considera esencial para poder vivir con aut\u00e9ntica libertad y democracia.<\/p>\n<p>En los cinco primeros cap\u00edtulos, recojo un resumen del propio autor, se exponen tres tesis principales: 1. La econom\u00eda mundial \u00abno sufre en la actualidad un simple problema de subida de precios, aun aceptando que \u00e9ste sea importante y que pueda alargarse en el tiempo, algo que ni siquiera es seguro que se produzca.\u00bb 2. Esa subida de precios que estamos sufriendo, sobre todos los sectores m\u00e1s vulnerables, \u00abno est\u00e1 causada solamente por los factores monetarios y coyunturales que se\u00f1alan y a los que pretenden dar respuestas los responsables de la pol\u00edtica econ\u00f3mica y los economistas m\u00e1s convencionales\u00bb. 3. El peligro que amenaza realmente la econom\u00eda mundial \u00abradica en que, detr\u00e1s de la inflaci\u00f3n actual, hay cinco grandes problemas con tendencia insostenible\u00bb. Los siguientes: La Gran recesi\u00f3n, la COVID-19 y la guerra de Ucrania (que no han sido cisnes negroa); el cambio clim\u00e1tico; las finanzas que devoran el capital productivo; la globalizaci\u00f3n ineficiente ante los stocks y el riesgo en aumento; el crecimiento explosivo de la deuda p\u00fablica y privada si no cambia la l\u00f3gica del sistema. \u00abPeligrosos cada uno de ellos por su lado, pero mucho m\u00e1s si\u2026 desencadenan al mismo tiempo sus efectos\u00bb.<\/p>\n<p>En el \u00faltimo cap\u00edtulo, JTL plantea dos problemas adicionales: 1. \u00bfQu\u00e9 consecuencias que puede tener la conjunci\u00f3n de problemas estructurales entrelazados en un sistema complejo, como es el de la econom\u00eda actual? 2. \u00bfPodr\u00eda volver a ocurrir lo que ya sucedi\u00f3 en el siglo XX, \u00abcuando la crisis del petr\u00f3leo de 1973 sirvi\u00f3 de espoleta para desencandenar un cambio de rumbo radical, impulsando a la \u00abrevoluci\u00f3n conservadora\u00bb que respondi\u00f3 a la crisis estructural que hab\u00eda detr\u00e1s de la inflaci\u00f3n de aquel momento?<\/p>\n<p>No se olvida JTL, por supuesto que no, de la cl\u00e1sica conisderaci\u00f3n leninista sobre el qu\u00e9 hacer. Quiz\u00e1, se\u00f1ala, la tarea que haya que emprender para contribuir a poner en marcha un proyecto de cambio frente al caos econ\u00f3mico y social que se avencina sea tambi\u00e9n triple: ayudar a recuperar los reba\u00f1os con buena informaci\u00f3n e inteligencia; hacer todo lo posible para entendernos en alg\u00fan tipo de lengua franca, como por ejemplo la basada en imperativos \u00e9ticos de m\u00ednimos y esenciales para garantizarnos mutuamente el buen vivir y hacer el bien; y recomponer las tribus aceptando la diversidad como lo que es, un valor que nos enriquece y nos hace aut\u00e9nticos seres humanos, es decir, renunciando al totalitarismo y combatiendo con m\u00e1s libertad efectiva y con democracia m\u00e1s aut\u00e9ntica, plenamente inclusiva y deliberante\u00bb.<\/p>\n<p>Cierro con una declaraci\u00f3n del propio autor: \u00absoy optimista por naturaleza y por profesi\u00f3n. Estudio la realidad que tengo a mi alrededor y compruebo que la humanidad es capaz de salir adelante. Y que somos capaces de mejorar la vida de los seres humanos, de resolver los conflictos de maneras pac\u00edficas, de crear riqueza, de avanzar en la justicia\u2026 La prueba es que comparemos situaciones de ahora con las de decenios o centurias anteriores. Sin perjuicio de observar al mismo tiempo que ese cambio ni es perfecto, ni suficiente, ni definitivo. Pero es evidente que los seres humanos somos capaces de cambiarnos a nosotros mismos y a nuestros entornos. Con dificultad. Con pasos atr\u00e1s. Con errores\u2026 Yo soy optimista por naturaleza porque elijo serlo. Otra cosa es, como dec\u00eda Saramago, que \u00abno es que yo sea pesimista, es que el mundo es p\u00e9simo\u00bb.\u00bb<\/p>\n","protected":false},"excerpt":{"rendered":"<p>Rese\u00f1a de: Juan Torres L\u00f3pez, M\u00e1s dif\u00edcil todav\u00eda, Madrid, Deusto, 2023, 205 p\u00e1ginas Una hermosa idea, magn\u00edficamente expuesta por el<\/p>\n","protected":false},"author":5,"featured_media":14363,"comment_status":"open","ping_status":"open","sticky":false,"template":"","format":"standard","meta":{"footnotes":""},"categories":[44],"tags":[1366,2055,917],"class_list":["post-14362","post","type-post","status-publish","format-standard","has-post-thumbnail","hentry","category-economia","tag-juan-torres-lopez","tag-mas-dificil-todavia","tag-resenas"],"aioseo_notices":[],"_links":{"self":[{"href":"https:\/\/espai-marx.net\/index.php?rest_route=\/wp\/v2\/posts\/14362","targetHints":{"allow":["GET"]}}],"collection":[{"href":"https:\/\/espai-marx.net\/index.php?rest_route=\/wp\/v2\/posts"}],"about":[{"href":"https:\/\/espai-marx.net\/index.php?rest_route=\/wp\/v2\/types\/post"}],"author":[{"embeddable":true,"href":"https:\/\/espai-marx.net\/index.php?rest_route=\/wp\/v2\/users\/5"}],"replies":[{"embeddable":true,"href":"https:\/\/espai-marx.net\/index.php?rest_route=%2Fwp%2Fv2%2Fcomments&post=14362"}],"version-history":[{"count":0,"href":"https:\/\/espai-marx.net\/index.php?rest_route=\/wp\/v2\/posts\/14362\/revisions"}],"wp:featuredmedia":[{"embeddable":true,"href":"https:\/\/espai-marx.net\/index.php?rest_route=\/wp\/v2\/media\/14363"}],"wp:attachment":[{"href":"https:\/\/espai-marx.net\/index.php?rest_route=%2Fwp%2Fv2%2Fmedia&parent=14362"}],"wp:term":[{"taxonomy":"category","embeddable":true,"href":"https:\/\/espai-marx.net\/index.php?rest_route=%2Fwp%2Fv2%2Fcategories&post=14362"},{"taxonomy":"post_tag","embeddable":true,"href":"https:\/\/espai-marx.net\/index.php?rest_route=%2Fwp%2Fv2%2Ftags&post=14362"}],"curies":[{"name":"wp","href":"https:\/\/api.w.org\/{rel}","templated":true}]}}