{"id":1437,"date":"2010-11-20T00:00:00","date_gmt":"2010-11-20T00:00:00","guid":{"rendered":"https:\/\/espai-marx.net\/?p=1437"},"modified":"2020-02-21T16:45:06","modified_gmt":"2020-02-21T15:45:06","slug":"la-lengua-y-el-lenguaje-de-las-viboras","status":"publish","type":"post","link":"https:\/\/espai-marx.net\/?p=1437","title":{"rendered":"La lengua y el lenguaje de las v\u00edboras"},"content":{"rendered":"<p>Debe ser un meme familiar. Alicia S\u00e1nchez Camacho se ha puesto nuevamente las botas y el tricornio. Quiere subir puntos en el escalaf\u00f3n de su partido. El mi\u00e9rcoles, 10 de noviembre de 2010, visit\u00f3 un barrio obrero de Santa Coloma de Gramenet, muy cercano a Barcelona [1], para proponer, con guardiacivilesca voz tronante, que los inmigrantes tienen que comprometerse a cumplir las leyes, espa\u00f1olas of course, esas normas que, sabido es, tanto respetan sus correligionarios catalanes y espa\u00f1oles; a respetar, a\u00f1adi\u00f3, \u201clos valores y las costumbres de Espa\u00f1a\u201d (\u00bfy cu\u00e1les ser\u00e1n esos valores y costumbres de Espa\u00f1a-ara\u00f1a) y a aceptar, por si faltara un infame grano de sal, un contrato seg\u00fan el cual tendr\u00e1n dos a\u00f1os para buscar empleo. Si no lo encuentran, si no consiguen un trabajo legal en un pa\u00eds con m\u00e1s de cuatro millones de parados, estar\u00e1n obligados a regresar a su pa\u00eds de origen, por las buenas o bien buscados y acompa\u00f1ados por la guardia civil caminera de la que ella es descendiente y aguerrida defensora. Nos construyen las casas, cuidan a nuestros mayores, riegan el c\u00e9sped de nuestros campos de golf, y cuando ya no nos son \u00fatiles, los condenamos a la econom\u00eda a\u00fan m\u00e1s sumergida o bien los enviamos en un vuelo ch\u00e1rter a sus pa\u00edses de origen. Este el programa de m\u00ednimos del PP de Catalunya, ese partido racista de extrema derecha, para las pr\u00f3ximas elecciones catalanas. Pragmatismo en estado puro, antihumanismo no oculto. Los rasgos m\u00e1s destacados de esa \u201ccultura de emprendedores\u201d que tanto abonan y que quieren generalizar y abonar a\u00fan m\u00e1s en ciclos formativos y en bachilleratos, en la ense\u00f1anza preuniversitaria catalana y espa\u00f1ola.<\/p>\n<p>Tras la aparici\u00f3n en 2006 de Ciudadanos\/Ciutadans y la reciente irrupci\u00f3n de PlataformaxCatalunya, el partido fascista y racista dirigido por el ex de Fuerza Nueva, el PP catal\u00e1n no quiere que se le escape ning\u00fan voto de la extrema derecha. Todo vale por la pasta y por conseguir alg\u00fan diputado. Sin contemplaciones, sin ning\u00fan miramiento.<\/p>\n<p>Por si faltara algo en su t\u00f3xica salsa dise\u00f1ada, se han metido de nuevo en el pantano de las lenguas. La se\u00f1ora Alicia S\u00e1nchez Camacho quiere que todos los inmigrantes aprendan las dos lenguas de Catalunya. Por las buenas o por las malas. Ni que decir tiene que cuando dicen \u201cdos\u201d dicen DOS con voz alzada. Su amor por las lenguas, su amor por la lengua catalana en concreto, es conocido, y su pedagog\u00eda ling\u00fc\u00edstica, de todos es sabido, es mod\u00e9lica.<\/p>\n<p>Su partido est\u00e1 lleno de cuadros y dirigentes que durante a\u00f1os, especialmente en tiempos de silencio y represi\u00f3n, no osaron decir ni una sola palabra en catal\u00e1n. No es improbable que sigan caminando sin nervios, sin inmutarse, por el mismo sendero. No es ninguna maldad se\u00f1alar que probablemente no hayan dicho -porque no han querido- \u201cbon dia\u201d en toda su vida, o s\u00f3lo en los d\u00edas que toca, muy recientemente, cuando est\u00e1 un poco m\u00e1s de moda hablar en catal\u00e1n.<\/p>\n<p>Eso s\u00ed, desde peque\u00f1itos, ya antes del jard\u00edn de infancia, aprendieron a decir con entusiasmo, en coro familiar, aquello de que \u201cBarcelona \u00e9s bona si la bossa sona\u201d. Su bolsa, repleta, sigue sonando, como el cemento armado de su inconmensurable caradura que merecer\u00eda el rechazo ciudadano m\u00e1s en\u00e9rgico en la pr\u00f3xima contienda electoral y la movilizaci\u00f3n activa de toda la ciudadan\u00eda que no est\u00e9 dispuesta a que nadie trate a trabajadores y trabajadoras, especialmente a estas \u00faltimas, que han tenido que dejar, en ocasiones con mucho sufrimiento, sus pa\u00edses de origen como si fueran sucias bestias de carga.<\/p>\n<p>Notas:<\/p>\n<p>[1] http:\/\/www.antena3.com\/especiales\/noticias\/espana\/elecciones-catalanas\/alicia-sanchez-camacho-propone-expulsar-inmigrantes-trabajo_2010111100009.html<\/p>\n","protected":false},"excerpt":{"rendered":"<p>Debe ser un meme familiar. Alicia S\u00e1nchez Camacho se ha puesto nuevamente las botas y el tricornio. Quiere subir puntos<\/p>\n","protected":false},"author":9,"featured_media":0,"comment_status":"open","ping_status":"open","sticky":false,"template":"","format":"standard","meta":{"footnotes":""},"categories":[14],"tags":[],"class_list":["post-1437","post","type-post","status-publish","format-standard","hentry","category-democracia-republica"],"aioseo_notices":[],"_links":{"self":[{"href":"https:\/\/espai-marx.net\/index.php?rest_route=\/wp\/v2\/posts\/1437","targetHints":{"allow":["GET"]}}],"collection":[{"href":"https:\/\/espai-marx.net\/index.php?rest_route=\/wp\/v2\/posts"}],"about":[{"href":"https:\/\/espai-marx.net\/index.php?rest_route=\/wp\/v2\/types\/post"}],"author":[{"embeddable":true,"href":"https:\/\/espai-marx.net\/index.php?rest_route=\/wp\/v2\/users\/9"}],"replies":[{"embeddable":true,"href":"https:\/\/espai-marx.net\/index.php?rest_route=%2Fwp%2Fv2%2Fcomments&post=1437"}],"version-history":[{"count":0,"href":"https:\/\/espai-marx.net\/index.php?rest_route=\/wp\/v2\/posts\/1437\/revisions"}],"wp:attachment":[{"href":"https:\/\/espai-marx.net\/index.php?rest_route=%2Fwp%2Fv2%2Fmedia&parent=1437"}],"wp:term":[{"taxonomy":"category","embeddable":true,"href":"https:\/\/espai-marx.net\/index.php?rest_route=%2Fwp%2Fv2%2Fcategories&post=1437"},{"taxonomy":"post_tag","embeddable":true,"href":"https:\/\/espai-marx.net\/index.php?rest_route=%2Fwp%2Fv2%2Ftags&post=1437"}],"curies":[{"name":"wp","href":"https:\/\/api.w.org\/{rel}","templated":true}]}}