{"id":14439,"date":"2023-10-22T05:00:38","date_gmt":"2023-10-22T04:00:38","guid":{"rendered":"https:\/\/espai-marx.net\/?p=14439"},"modified":"2023-10-22T03:00:47","modified_gmt":"2023-10-22T02:00:47","slug":"por-la-memoria-y-la-dignidad-obrera-10-de-marzo-el-dia-de-la-clase-obrera-gallega","status":"publish","type":"post","link":"https:\/\/espai-marx.net\/?p=14439","title":{"rendered":"Por la memoria y la dignidad obrera: 10 de marzo, el d\u00eda de la clase obrera gallega"},"content":{"rendered":"<p>Rese\u00f1a de Jos\u00e9 G\u00f3mez Al\u00e9n (editor),<i> 10 de marzo. Un conflicto del movimiento obrero gallego por la democracia,<\/i> Gr\u00e1ficas Lar, El Ferrol, 2022<\/p>\n<p><a href=\"https:\/\/espai-marx.net\/wp-content\/uploads\/2023\/10\/10_de_marzo.jpg\"><img loading=\"lazy\" decoding=\"async\" class=\"alignleft  wp-image-14440\" src=\"https:\/\/espai-marx.net\/wp-content\/uploads\/2023\/10\/10_de_marzo.jpg\" alt=\"\" width=\"200\" height=\"300\" srcset=\"https:\/\/espai-marx.net\/wp-content\/uploads\/2023\/10\/10_de_marzo.jpg 600w, https:\/\/espai-marx.net\/wp-content\/uploads\/2023\/10\/10_de_marzo-200x300.jpg 200w\" sizes=\"auto, (max-width: 200px) 100vw, 200px\" \/><\/a>Ha pasado medio siglo, se nos recuerda. <i>10 de marzo. Un conflicto del movimiento obrero gallego por la democracia<\/i> nace en los d\u00edas en que se conmemor\u00f3 el 50 aniversario del 10 de Marzo del 72 \u00abcon clara vocaci\u00f3n did\u00e1ctica y con el fin de situar, en el lugar que le corresponde, aquella lucha heroica que lider\u00f3 la clase obrera organizada por su dignidad, por las libertades y por la democracia en Espa\u00f1a\u00bb. La finalidad de autores y editor: \u00abEl libro que aqu\u00ed se presenta tiene un planteamiento divulgativo y no porta novedades historiogr\u00e1ficas de importancia sobre lo ya publicado a lo largo de los a\u00f1os. Su principal objetivo es contribuir a la conmemoraci\u00f3n del 50\u00ba aniversario del 10 de marzo\u00bb y se hace \u00abrecogiendo algunos trabajos editados con anterioridad, tratando de abarcar la diversidad de textos a nuestra disposici\u00f3n: los historio-gr\u00e1ficos y acad\u00e9micos que incluyen el correspondiente aparato cr\u00edtico de notas a pie y bibliograf\u00eda; los que se basan estrictamente en testimonios\u00bb. Adem\u00e1s, se\u00f1ala el editar, \u00abse incluyen dos novedosos cap\u00edtulos con su correspondiente anexo documental, que en conjunto nos permiten ofrecer a los lectores una visi\u00f3n general de la historia.\u00bb<\/p>\n<p>\u00bfDe qu\u00e9 lucha heroica hablan los autores (Jos\u00e9 G\u00f3mez Al\u00e9n, Xes\u00fas Alonso Montero, Jos\u00e9 G\u00f3mez Al\u00e9n, Rafael Pillado Lista, Jos\u00e9 Torregrosa Rodr\u00edguez) de este libro, muy bien editado, que deberia estar presente en cualquier biblioteca interesada por la historia del movimiento obrero en Espa\u00f1a, en Galicia en particular? De la siguiente:<\/p>\n<p>El conflicto laboral que desde 1971 se estaba desarrollando en la factor\u00eda de Ferrol (entonces \u00abdel Caudillo\u00bb) de la Empresa Nacional Baz\u00e1n alcanzar\u00eda su momento \u00e1lgido el 10 de marzo de 1972. Aquel d\u00eda una manifestaci\u00f3n de varios miles de trabajadores fue interceptada por una compa\u00f1\u00eda de polic\u00eda armada (\u00ablos grises\u00bb) que dispar\u00f3 (con fuego real) indiscriminadamente contra los obreros. La manifestaci\u00f3n se dirig\u00eda pac\u00edficamente hacia el barrio obrero de Caranza en busca de la solidaridad de los obreros que constru\u00edan una nueva barriada y para encontrarse all\u00ed con los trabajadores de Astano. Resultado de la salvaje intervenci\u00f3n policial: dos trabajadores asesinados (Amador Rey Rodr\u00edguez, Daniel Niebla Garc\u00eda), ocho heridos graves (Julio Aneiros Fern\u00e1ndez, V\u00edctor Castro Couce, Claudio Freire Carballo,\u2026) y numerosos heridos leves. La prensa situ\u00f3 entre 12 y 35 los heridos por armas de fuego. Seg\u00fan testimonio de los asistentes, fueron m\u00e1s de un centenar los trabajadores que precisaron atenci\u00f3n m\u00e9dica. Una buena parte de los heridos no pasaron por las instancias sanitarias para evitar el control policial (fueron atendidos en farmacias, casas de practicantes, casa de m\u00e9dicos de confianza).<\/p>\n<p>Componen <i>Un conflicto del movimiento obrero gallego por la democracia<\/i> una presentaci\u00f3n, la introducci\u00f3n, seis cap\u00edtulos (\u00abEl Ferrol y la Baz\u00e1n, ciudad e industria\u00bb, \u00abEl 10 de marzo en la memoria de la clase obrera\u00bb, \u00abLos grandes procesos\u00bb, \u00abXaime Quesada, Acisclo Manzano y la mirada del arte gallego sobre el 10 de marzo,\u2026) , anexos (poemas, documentos y hemeroteca, \u00a1unas 80 p\u00e1ginas los dos \u00faltimos apartados!) y una sucinta presentaci\u00f3n de los autores. Pongo \u00e9nfasis especial en el hermoso cap\u00edtulo de Xes\u00fas Alonso Montero: \u00abLa respuesta de los poetas gallegos a la tragedia, en Ferrol, del 10 de marzo de 1972, con la incursi\u00f3n especial en la obra po\u00e9tica de Rafael B\u00e1rez (1945-1996)\u00bb.<\/p>\n<p>El lector encontrar\u00e1 un resumen de los cap\u00edtulos en las p\u00e1ginas 11-14 de la introducci\u00f3n.<\/p>\n<p>Dos observaciones:<\/p>\n<p>1. Se se\u00f1ala en la presentaci\u00f3n que desde \u00ablas Asociaciones Culturales Fuco Bux\u00e1n y Memoria Hist\u00f3rica Democr\u00e1tica nos hemos propuesto retratar fielmente aquellos episodios y a sus protagonistas -que sufrieron entonces la violencia de sus verdugos y hoy la de quienes fomentan el olvido- para trasmitir sus testimonios, sus c\u00f3digos de valores y de justicia, que consagrar\u00eda la Constituci\u00f3n de 1978\u2026\u00bb Un matiz: desgraciadamente, la Constituci\u00f3n del 78 solo consagr\u00f3, aunque suelen ser olvidados ciertamente, algunos valores y algunos nudos del ideal de justicia que protagoniz\u00f3 el movimiento obrero durante aquellos a\u00f1os (y en tiempos de resistencia y fraternidad anteriores y posteriores).<\/p>\n<p>2. Se afirma en la contraportada que \u00ablas huelgas de 1972 fueron determinantes para el desarrollo de la consciencia social y para el impulso democratizador de los ciudadanos gallegos que, a partir de 1974, alentados por las plataformas unitarias de la oposici\u00f3n democr\u00e1tica, protagonizaron una oleada de movimiento social\u2026\u00bb De los ciudadanos gallegos y de los ciudadanos del conjunto de Espa\u00f1a. Yo mismo, entre muchos otros compa\u00f1eros, soy un ejemplo de ello.<\/p>\n","protected":false},"excerpt":{"rendered":"<p>Rese\u00f1a de Jos\u00e9 G\u00f3mez Al\u00e9n (editor), 10 de marzo. Un conflicto del movimiento obrero gallego por la democracia, Gr\u00e1ficas Lar,<\/p>\n","protected":false},"author":5,"featured_media":14441,"comment_status":"open","ping_status":"open","sticky":false,"template":"","format":"standard","meta":{"footnotes":""},"categories":[22],"tags":[2061,2060,917],"class_list":["post-14439","post","type-post","status-publish","format-standard","has-post-thumbnail","hentry","category-historia-del-movimiento-y-de-la-clase-obrera","tag-10-de-marzo-un-conflicto-del-movimiento-obrero-gallego-por-la-democracia","tag-jose-gomez-alen-editor","tag-resenas"],"aioseo_notices":[],"_links":{"self":[{"href":"https:\/\/espai-marx.net\/index.php?rest_route=\/wp\/v2\/posts\/14439","targetHints":{"allow":["GET"]}}],"collection":[{"href":"https:\/\/espai-marx.net\/index.php?rest_route=\/wp\/v2\/posts"}],"about":[{"href":"https:\/\/espai-marx.net\/index.php?rest_route=\/wp\/v2\/types\/post"}],"author":[{"embeddable":true,"href":"https:\/\/espai-marx.net\/index.php?rest_route=\/wp\/v2\/users\/5"}],"replies":[{"embeddable":true,"href":"https:\/\/espai-marx.net\/index.php?rest_route=%2Fwp%2Fv2%2Fcomments&post=14439"}],"version-history":[{"count":0,"href":"https:\/\/espai-marx.net\/index.php?rest_route=\/wp\/v2\/posts\/14439\/revisions"}],"wp:featuredmedia":[{"embeddable":true,"href":"https:\/\/espai-marx.net\/index.php?rest_route=\/wp\/v2\/media\/14441"}],"wp:attachment":[{"href":"https:\/\/espai-marx.net\/index.php?rest_route=%2Fwp%2Fv2%2Fmedia&parent=14439"}],"wp:term":[{"taxonomy":"category","embeddable":true,"href":"https:\/\/espai-marx.net\/index.php?rest_route=%2Fwp%2Fv2%2Fcategories&post=14439"},{"taxonomy":"post_tag","embeddable":true,"href":"https:\/\/espai-marx.net\/index.php?rest_route=%2Fwp%2Fv2%2Ftags&post=14439"}],"curies":[{"name":"wp","href":"https:\/\/api.w.org\/{rel}","templated":true}]}}