{"id":14461,"date":"2023-10-27T05:00:49","date_gmt":"2023-10-27T04:00:49","guid":{"rendered":"https:\/\/espai-marx.net\/?p=14461"},"modified":"2023-10-27T01:57:59","modified_gmt":"2023-10-27T00:57:59","slug":"ofer-cassif-lucha-contra-el-extremismo-israeli","status":"publish","type":"post","link":"https:\/\/espai-marx.net\/?p=14461","title":{"rendered":"Ofer Cassif lucha contra el extremismo israel\u00ed"},"content":{"rendered":"<div class=\"post-10062 post type-post status-publish format-standard has-post-thumbnail hentry category-categorias category-entrevistas category-formato category-guerra category-homeizq category-medio-oriente category-politica category-posicion tag-israel tag-palestina tag-partido-comunista entry\">\n<article class=\"normal\">\n<div class=\"post-header\">\n<p class=\"post-excerpt\"><strong>Ofer Cassif, miembro israel\u00ed de la Knesset, convers\u00f3 hace un par de a\u00f1os con Jacobin sobre el \u00abpsic\u00f3pata pir\u00f3mano\u00bb Benjamin Netanyahu y por qu\u00e9, como pol\u00edtico jud\u00edo, se uni\u00f3 a la lucha por el socialismo y la liberaci\u00f3n de Palestina.<\/strong><\/p>\n<\/div>\n<\/article>\n<\/div>\n<div class=\"post-content\">\n<p>El doctor Offer Cassif es miembro de la Kn\u00e9set en representaci\u00f3n de la Lista Conjunta, una alianza de los cuatro partidos pol\u00edticos mayoritarios de Israel. Es uno de los pocos miembros jud\u00edos de la alianza y forma parte de la coalici\u00f3n de izquierda <a href=\"https:\/\/es.wikipedia.org\/wiki\/Frente_Democr%C3%A1tico_por_la_Liberaci%C3%B3n_de_Palestina\">Yabha<\/a> (Jadash), grupo \u00e1rabe-israel\u00ed que incluye al Partido Comunista Israel\u00ed.<\/p>\n<p>Cassif milita hace d\u00e9cadas. Fue el primer Israel\u00ed en ir a la c\u00e1rcel por negarse a prestar servicio militar durante la <a href=\"https:\/\/es.wikipedia.org\/wiki\/Primera_Intifada\">Primera Intifada<\/a> en los territorios ocupados. En esa misma \u00e9poca \u2014siendo todav\u00eda muy joven\u2014 se uni\u00f3 al Partido Comunista y se desempe\u00f1\u00f3 como asistente parlamentario de Meir Vilner, una de las figuras m\u00e1s importantes del partido.<\/p>\n<p>En su columna de <i>Haaretz<\/i>, el destacado intelectual de izquierda Gideon Levy describi\u00f3 a Cassif como \u00abuna persona muy importante\u00bb y un \u00abizquierdista de nuevo tipo en la Kn\u00e9set\u00bb, al que no le tiembla la voz cuando hay que sostener una posici\u00f3n decididamente antisionista.<\/p>\n<p>El radicalismo de Cassif lo convirti\u00f3 en uno de los blancos privilegiados de la violencia policial y las amenazas de muerte. Esto, dice Cassif, no le ocurre solo a \u00e9l. La violencia colonial de Israel se vuelve cada vez m\u00e1s contra los jud\u00edos que critican a Benjam\u00edn Netanyahu y las pol\u00edticas de ocupaci\u00f3n.<\/p>\n<p>Cassif convers\u00f3 con Leena Dallasheh sobre la reciente escalada de violencia, el actual <i>impasse <\/i>pol\u00edtico Israel y la campa\u00f1a de Netanyahu para mantener el control del pa\u00eds. Coment\u00f3 tambi\u00e9n cu\u00e1les son las perspectivas de su partido para terminar con el conflicto y puso \u00e9nfasis en la prioridad de terminar con la ocupaci\u00f3n como un primer paso hacia una soluci\u00f3n justa, que tambi\u00e9n deber\u00eda incluir el derecho de los refugiados a retornar al pa\u00eds y garant\u00edas democr\u00e1ticas para los palestinos que viven en Israel.<\/p>\n<p><strong>Podr\u00edamos empezar con un breve panorama de la situaci\u00f3n desde el cese de hostilidades entre Israel y Ham\u00e1s.<\/strong>Mientras la ocupaci\u00f3n contin\u00fae, el cese de hostilidades no cambiar\u00e1 mucho la situaci\u00f3n. Por supuesto, es muy significativo para las personas que sufrieron directamente el derramamiento de sangre que se produjo durante estos d\u00edas. Pero en cuanto al panorama general, no cambi\u00f3 nada. No parece que el gobierno de Israel, espec\u00edficamente Netanyahu y sus matones, est\u00e9n dispuestos a cambiar en lo m\u00e1s m\u00ednimo. Y si cambian algo, me temo que ser\u00e1 para peor. En este sentido, se siente mucha tensi\u00f3n en el aire, especialmente en lugares como la ocupaci\u00f3n de Jerusal\u00e9n Este, el sur de Israel o los territorios ocupados. En esas \u00e1reas no se aprecia ninguna diferencia profunda desde el cese de hostilidades.<\/p>\n<p><strong>Unos d\u00edas atr\u00e1s twitteaste: \u00abNetanyahu inici\u00f3 el ataque para sostener su posici\u00f3n. Debemos decir esto en todas partes y en todos los idiomas\u00bb.<\/strong><\/p>\n<p><strong>Esto se vincula con la pr\u00f3xima pregunta que me gustar\u00eda plantearte, vinculada a la temporalidad de esta \u00faltima ronda de violencia. Como dijiste, la situaci\u00f3n encaja en un patr\u00f3n hist\u00f3rico m\u00e1s amplio, pero esta \u00faltima escalada parece estar vinculada al <i>impasse <\/i>pol\u00edtico de Israel, especialmente a que <a href=\"https:\/\/www.aljazeera.com\/news\/2021\/5\/18\/israel-and-benjamin-netanyahus-war-on-palestine\">Netanyahu no logr\u00f3 formar gobierno y a que su posici\u00f3n en este momento es bastante d\u00e9bil<\/a>. \u00bfPodr\u00edas decirnos algo sobre este aspecto del conflicto?<\/strong><\/p>\n<p>Netanyahu es un psic\u00f3pata piroman\u00edaco. No soy el \u00fanico que piensa as\u00ed. Mucha gente que no es de mi espacio pol\u00edtico estar\u00eda de acuerdo.<\/p>\n<p>Ehud Olmert, anterior primer ministro de Israel, que no es precisamente un izquierdista, advirti\u00f3 hace aproximadamente dos semanas que Netanyahu iniciar\u00eda \u00abun incendio\u00bb, espec\u00edficamente en Jerusal\u00e9n, para mantenerse en el poder. Lo dijo dos o tres d\u00edas antes de que comenzara esta escalada de violencia. Dan Jalutz, anterior Teniente General de la Fuerza A\u00e9rea Israel\u00ed \u2014evidentemente, tampoco estamos frente a un izquierdista\u2014 dijo algo muy parecido. Y ayer o antes de ayer, en el peri\u00f3dico <i>Maariv<\/i>, se public\u00f3 un art\u00edculo que afirmaba que muchas personas en el Linkud, partido de Netanyahu, dicen que el actual primer ministro quiere que el conflicto contin\u00fae para mantenerse en el poder, y que considera que, si Israel ingresa en una quinta ronda de elecciones, la escalada de violencia favorecer\u00e1 su posici\u00f3n.<\/p>\n<p>Efectivamente, pienso que es una especie de estrategia. Como dije, Netanyahu es un psic\u00f3pata piroman\u00edaco y una de las principales caracter\u00edsticas de los psic\u00f3patas es que no nadie les importa. Netanyahu solo quiere permanecer en el poder, en gran medida porque no quiere ser encarcelado [<a href=\"https:\/\/en.wikipedia.org\/wiki\/Trial_of_Benjamin_Netanyahu#:~:text=Police%20recommended%20indictments%20against%20Netanyahu,%2C%20accepting%20bribes%2C%20and%20fraud.&amp;text=Netanyahu's%20trial%20in%20the%20Jerusalem,began%20on%205%20April%202021.\">por corrupci\u00f3n<\/a>].<\/p>\n<p>De nuevo, no se puede ignorar la posibilidad de que el comienzo de esta escalada haya estado directamente vinculado a la p\u00e9rdida del mandato de gobierno de Netanyahu frente al l\u00edder de la oposici\u00f3n, Yair Lapid. Netanyahu sent\u00f3 las bases para esta escalada durante mucho tiempo: en 2019, le orden\u00f3 a la polic\u00eda que colocara rejas en <i>B\u0101b al-\u02bf\u0100m\u016bd<\/i>, la Puerta de Damasco, a sabiendas de que suscitar\u00eda una gran controversia porque se trata de un lugar tradicional donde se re\u00fanen los palestinos j\u00f3venes luego del ayuno. Orden\u00f3 la construcci\u00f3n de las rejas sabiendo la furia que ocasionar\u00eda y lo hizo a prop\u00f3sito.<\/p>\n<p>Tambi\u00e9n est\u00e1 el proyecto de limpieza \u00e9tnica de largo plazo en Sheij Yarrah (aunque no es el \u00fanico barrio afectado). De hecho, esta limpieza \u00e9tnica alcanz\u00f3 niveles mucho m\u00e1s brutales durante los d\u00edas previos a la escalada.<\/p>\n<p>Hay quienes piensan que Itamar Ben-Gvir, miembro de extrema derecha de la Kn\u00e9set y dirigente de la ocupaci\u00f3n, es responsable por incitar a la violencia en Sheij Yarrah, pero yo creo que el verdadero responsable es Netanyahu. Para m\u00ed, Ben-Gvir es solo un delegado. Ben-Gvir fue a Sheij Yarrah e instal\u00f3 sus oficinas en el coraz\u00f3n del barrio palestino, frente a las casas que ser\u00e1n desalojadas y traspasadas a los jud\u00edos. Creo que lo que hizo Netanyahu fue darle los f\u00f3sforos a Ben-Gvir para que inicie el incendio.<\/p>\n<p>Dos d\u00edas antes de que Ham\u00e1s empezara a lanzar los misiles, Netanyahu le dijo a Ben-Gvir: \u00abHay que abandonar Sheij Yarrah. Si no, Ham\u00e1s lanzar\u00e1 misiles en Jerusal\u00e9n\u00bb.<\/p>\n<p>Para los palestinos, especialmente para los musulmanes, la ocupaci\u00f3n de la mezquita de Al-Aqsa fue la gota que rebals\u00f3 el vaso. Lanzaron granadas contra la mezquita siguiendo las \u00f3rdenes de Netanyahu. Y, por supuesto, el otro momento clave fueron las enormes movilizaciones de los denominados \u00ab<a href=\"https:\/\/youtu.be\/zM2fXTkjU2E\">judeonazis<\/a>\u00bb. Los grupos jud\u00edos de extrema derecha <a href=\"https:\/\/es.wikipedia.org\/wiki\/Lehava\">Lehava<\/a> y <a href=\"https:\/\/www.haaretz.com\/israel-news\/.premium.MAGAZINE-anti-arab-group-la-familia-is-only-as-violent-as-israel-s-leaders-allow-it-to-be-1.9146308\">La Familia<\/a> patrullaban las calles de Jerusal\u00e9n buscando palestinos y jud\u00edos de izquierda para golpearlos y someterlos a todo tipo de vejaciones.<\/p>\n<p>Directa o indirectamente, Netanyahu fue el responsable de todo. Estos acontecimientos se desarrollaron justo antes de que Ham\u00e1s comenzara a lanzar misiles a Jerusal\u00e9n. Habr\u00eda que estar ciego para ignorar el v\u00ednculo causal entre las acciones de Netanyahu y la escalada de violencia que se vivi\u00f3.<\/p>\n<p>No tengo dudas de que Netanyahu es responsable del derramamiento de sangre, especialmente en Gaza, aunque no debemos ignorar que tambi\u00e9n muri\u00f3 gente en Israel. Cuando mueren ni\u00f1os \u2014dos en Israel y setenta en Gaza\u2014 se me parte el coraz\u00f3n.<\/p>\n<p>Por supuesto, Israel est\u00e1 matando palestinos desde la <a href=\"https:\/\/es.wikipedia.org\/wiki\/Nakba\">Nakba<\/a>. Pero probablemente esta es la primera vez que la mayor\u00eda de la sociedad \u2014por supuesto, nunca todos los israel\u00edes\u2014 legitima la matanza.<\/p>\n<p><a href=\"https:\/\/es.wikipedia.org\/wiki\/Yeshayahou_Leibowitz\">Yeshayahu Leibowitz<\/a> acu\u00f1\u00f3 el t\u00e9rmino \u00abjudeonazis\u00bb hace cuarenta a\u00f1os. Cuando le preguntaron \u00ab\u00bfC\u00f3mo puede decir eso? \u00bfC\u00f3mo se atreve a utilizar ese t\u00e9rmino? No vamos a construir c\u00e1maras de gas ni a implementar un proyecto de exterminio masivo\u00bb, respondi\u00f3 dos cosas. Primero, dijo, \u00abSi la \u00fanica diferencia entre ustedes y los nazis es que no van a construir c\u00e1maras de gas, estamos en grandes problemas\u00bb. Y luego dijo algo que es m\u00e1s importante para nuestra conversaci\u00f3n: \u00abTal vez no construyan c\u00e1maras de gas ni implementen un plan de exterminio masivo, pero la mentalidad social que domina Israel podr\u00eda llevarlos a eso\u00bb.<\/p>\n<p>Esto es exactamente lo que quiero decir: Netanyahu convirti\u00f3 esta mentalidad \u00abjudeonazi\u00bb, seg\u00fan el t\u00e9rmino de Leibowitz, en un discurso hegem\u00f3nico. Esto es muy peligroso. El asesinato, no solo de palestinos, sino tambi\u00e9n de gente de izquierda, est\u00e1 ganando un nuevo tipo de legitimidad. Hay una movilizaci\u00f3n al frente de mi casa que exige que me expulsen de la ciudad en la que vivo. Alguna gente escribi\u00f3 en las redes sociales que los aviones enviados a bombardear Gaza deber\u00edan arrojar las bombas sobre mi casa. Netanyahu no solo habilita este tipo de discursos y acciones, sino que las incentiva.<\/p>\n<p>El mundo debe entender que Netanyahu se comporta como un psic\u00f3pata frente a los palestinos, pero tambi\u00e9n frente a cualquiera que lo critique. Si uno critica a Netanyahu, se convierte en un traidor y hace no mucho tiempo la traici\u00f3n se castigaba con pena de muerte en Israel.<\/p>\n<p><strong>Me gustar\u00eda que te explayaras un poco sobre la idea de que el movimiento de ocupaci\u00f3n dirigido por Ben-Gvir y sus socios est\u00e1 incursionando m\u00e1s all\u00e1 de la frontera de 1948.<\/strong><\/p>\n<p>Desde hace muchos a\u00f1os \u2014pero, de nuevo, especialmente bajo el gobierno de Netanyahu\u2014 los colonos que viven en los territorios palestinos ocupados \u2014que Israel ocup\u00f3 en 1967\u2014 se creen \u00abamos y se\u00f1ores de la regi\u00f3n\u00bb. Se consideran a s\u00ed mismos amos y se\u00f1ores en el sentido de que no est\u00e1n dispuestos a someterse a ninguna regla. En los territorios ocupados ellos asesinan palestinos, queman sus campos y cortan sus \u00e1rboles. Arrojan piedras y disparan a matar. La ley no parece aplicarse a sus actos.<\/p>\n<p>Leibowitz, a quien mencion\u00e9 antes, escribi\u00f3 un art\u00edculo de septiembre de 1967, pocos meses despu\u00e9s de que comenzara la ocupaci\u00f3n. Dijo entonces que la ocupaci\u00f3n iba a penetrar y destruir al Estado de Israel como a cualquier otro sistema colonial. No lo dijo porque haya sido un profeta. Es lo que ense\u00f1a la historia.<\/p>\n<p>De nuevo, esta actitud colonialista empez\u00f3 a desarrollarse ahora al interior de Israel. Estos fan\u00e1ticos hacen todo lo que mencion\u00e9 antes sin enfrentar ning\u00fan tipo de represalia, mientras el primer ministro se refiere a ellos como si fuesen pioneros y h\u00e9roes. Con el tiempo, terminan dirigiendo esa misma violencia tambi\u00e9n contra los jud\u00edos.<\/p>\n<p>Mi amigo, [el rab\u00ed] Arik Ascherman, fue violentamente atacado por los colonos. Si se les permite atacar a los palestinos, \u00bfpor qu\u00e9 no pueden hacer lo mismo con un activista por los derechos humanos no palestino, aun si es jud\u00edo?<\/p>\n<p>Estos colonos construyeron sus propios \u00abnidos\u00bb en las denominadas \u00abciudades mixtas\u00bb como Acre, Jaffa, Haifa y Lod. Por supuesto, no est\u00e1n ah\u00ed con la perspectiva de construir buenas relaciones con sus vecinos palestinos. Su intenci\u00f3n es sustituir a esos vecinos nativos. Entonces, el potencial para la explosi\u00f3n est\u00e1 ah\u00ed desde hace mucho tiempo.<\/p>\n<p>Lugares como Lod, Jaffa y Acre son las semillas de esta explosi\u00f3n. Solo faltaban las circunstancias adecuadas. Esta atm\u00f3sfera de tipo KKK penetr\u00f3 en Israel a causa de la ocupaci\u00f3n y de las pol\u00edticas del primer ministro. Netanyahu dijo que no permitir\u00e1 que los \u00e1rabes realicen pogromos contra los jud\u00edos, pero no dijo ni una palabra sobre los linchamientos que cometen los jud\u00edos. Esto implica que est\u00e1 bien cuando ellos lo hacen.<\/p>\n<p>Quiero ser muy claro y enfatizar que la violencia contra los civiles es algo que mis amigos y yo rechazamos absolutamente. No importa si son palestinos contra jud\u00edos o jud\u00edos contra palestinos. Estamos en contra de esta atm\u00f3sfera de linchamiento al estilo KKK que avanza en Israel a causa de la ocupaci\u00f3n, espec\u00edficamente a causa de las pol\u00edticas del primer ministro. El que nos opongamos a la violencia contra los palestinos, no implica que apoyemos la violencia contra los jud\u00edos, ni viceversa.<\/p>\n<p>Desafortunadamente, los medios en Israel son muy parciales. Buscan generar la impresi\u00f3n de que hay una divisi\u00f3n entre palestinos y jud\u00edos. Esto no es verdad. La divisi\u00f3n no es entre jud\u00edos y palestinos en Israel ni en ninguna parte. Es entre aquellos que creen en la supremac\u00eda jud\u00eda y aquellos que apoyan la igualdad y la democracia.<\/p>\n<p><strong>Aludiste al sistema colonial que est\u00e1 detr\u00e1s del Estado de Israel. En ese marco, \u00bfc\u00f3mo situar tu propio proyecto pol\u00edtico y el de la Lista Conjunta?<\/strong><\/p>\n<p>Lo m\u00e1s importante en este momento es terminar completamente con la ocupaci\u00f3n de 1967. Este es el c\u00e1ncer que afecta el cuerpo de nuestra sociedad. Muchas de las cosas que vivimos durante estas semanas son el resultado natural de esa ocupaci\u00f3n.<\/p>\n<p>Este proyecto colonial debe ser desmantelado inmediatamente. Aqu\u00ed acuso a la comunidad internacional por guardar silencio durante tantos a\u00f1os y no hacer nada. Quienes guardaron silencio tambi\u00e9n son, en gran medida, culpables por el agravamiento actual de la situaci\u00f3n y la escalada de violencia, porque no hicieron nada serio para terminar con la ocupaci\u00f3n.<\/p>\n<p>Est\u00e1 claro que si la comunidad internacional uniera fuerzas y le dijera a Israel, \u00abSe termin\u00f3 la ocupaci\u00f3n, deben iniciar las negociaciones ya mismo\u00bb, la cosa cambiar\u00eda. La verdad es que Israel no puede sobrevivir sin apoyo internacional.<\/p>\n<p>Para dejarlo en claro, quiero que Israel sobreviva, pero quiero que sea una sociedad democr\u00e1tica y justa, no la entidad colonialista y racista que es. Mi lucha no es contra el Estado de Israel. Es contra las pol\u00edticas que hacen de Israel un Estado racista y colonialista.<\/p>\n<p>Entonces, lo primero que deber\u00eda hacerse es terminar completamente con la ocupaci\u00f3n de 1967, mediante el establecimiento de un Estado Palestino independiente y soberano en Gaza y en la Ribera Occidental, que tenga a Jerusal\u00e9n Este como capital. Tambi\u00e9n debemos encontrar una soluci\u00f3n para los refugiados palestinos que siga las definiciones de las NU sobre el derecho a retorno. Esto es lo primero.<\/p>\n<p>En segundo lugar, hay que plantear que el Estado israel\u00ed \u2014sea cual sea el nombre que asuma\u2014 debe convertirse en un Estado realmente democr\u00e1tico, sin ninguna diferencia entre sus ciudadanos en funci\u00f3n de sus or\u00edgenes \u00e9tnicos, nacionalidad, religi\u00f3n o cualquier otro rasgo. Me impacta cuando muchas autoridades de los Estados m\u00e1s diversos del mundo se refieren a Israel como a una democracia. Todo el mundo sabe que la democracia moderna se funda en un principio b\u00e1sico que es la igualdad.<\/p>\n<p>Podemos debatir qu\u00e9 significa exactamente la igualdad y hasta d\u00f3nde debe llegar. Como comunista, por supuesto, pienso que debe incluir la igualdad en t\u00e9rminos sociales y econ\u00f3micos. Pero el m\u00ednimo que se requiere para hablar de democracia en t\u00e9rminos modernos es la igualdad ciudadana, y el Estado de Israel no garantiza ni siquiera eso.<\/p>\n<p>Todo el mundo dice, \u00abS\u00ed, pero miren, los palestinos que viven en Israel son ciudadanos\u00bb. Frente a esto responder\u00eda dos cosas: en primer lugar, no es del todo cierto, porque existe una enmienda a la legislaci\u00f3n de la Kn\u00e9set de 1985 que impide que se postule a elecciones cualquier lista electoral que no acepte el car\u00e1cter jud\u00edo del Estado. Es verdad que muchas veces las cortes permitieron que algunas listas, con cierta perspectiva cr\u00edtica, participen de las elecciones, pero formalmente la ley no permite que se ponga en cuesti\u00f3n el car\u00e1cter jud\u00edo del Estado.<\/p>\n<p>No es muy distinto del caso de Sud\u00e1frica. Por supuesto, hay matices. Pero en t\u00e9rminos sustanciales, no hay ninguna diferencia, porque en Sud\u00e1frica el Estado se identific\u00f3 y se defini\u00f3 constitucionalmente como un Estado de personas blancas. Y ni siquiera un blanco pod\u00eda cuestionar ese principio. En Israel, el Estado se define como un Estado jud\u00edo, aun si en t\u00e9rminos abstractos dice ser un Estado democr\u00e1tico. Pero es simplemente una contradicci\u00f3n en los t\u00e9rminos.<\/p>\n<p>De nuevo, es una farsa decir que hay igualdad ciudadana en Israel. Israel no tiene una Constituci\u00f3n formal. Las leyes fundamentales de Israel dividen y distinguen entre jud\u00edos y no jud\u00edos, especialmente en el caso de los palestinos. Esto no es solo un asunto legal: es una cuesti\u00f3n social.<\/p>\n<p>Recordemos que en 2015, durante la tarde de las elecciones [en las que la Lista Conjunta estaba ganando muchos votos entre los \u00e1rabes], Netanyahu advirti\u00f3 que las oeneg\u00e9s de izquierda llevaban a los \u00e1rabes en colectivos y estos invad\u00edan <a href=\"https:\/\/www.theguardian.com\/world\/2015\/mar\/17\/binyamin-netanyahu-israel-arab-election\">\u00ablas urnas en masa\u00bb<\/a>. Esto significa, por un lado, que en t\u00e9rminos formales y legales los \u00e1rabes en Israel pueden votar; pero, por otro lado, significa que su voto no es el mismo que el de los jud\u00edos. Entonces, en muchos sentidos \u2014en t\u00e9rminos legales, y especialmente en t\u00e9rminos de cultura pol\u00edtica\u2014 Israel no es una democracia, es una <a href=\"https:\/\/www.upenn.edu\/pennpress\/book\/14250.html\">etnocracia<\/a>.<\/p>\n<p><strong>Hay quienes podr\u00edan pensar que hay una contradicci\u00f3n en este planteo porque, por un lado, tu an\u00e1lisis utiliza un marco colonial y destaca las semejanzas con el apartheid de Sud\u00e1frica. Pero, por otro lado, tu propuesta parece mantenerse en la l\u00ednea de los dos Estados elaborada por <a href=\"https:\/\/es.wikipedia.org\/wiki\/Frente_Democr%C3%A1tico_por_la_Liberaci%C3%B3n_de_Palestina\">Yabha<\/a> y por el Partido Comunista. Muchas personas piensan que esta perspectiva no es viable en la actualidad. \u00bfQu\u00e9 dir\u00edas frente a esas objeciones?<\/strong><\/p>\n<p>Es un viejo debate que resurgi\u00f3 en los \u00faltimos a\u00f1os. Dir\u00eda dos cosas. En primer lugar, en t\u00e9rminos de principios, apoyamos la soluci\u00f3n de los dos Estados porque el pueblo palestino nunca dispuso de derecho a la autodeterminaci\u00f3n y este es un postulado que nosotros mantenemos, siguiendo la tradici\u00f3n de Lenin (antes del Tratado de Brest-Litovsk). Consideramos que el pueblo palestino debe tener el derecho a la autodeterminaci\u00f3n y a un Estado independiente y soberano.<\/p>\n<p>En tiempos de Lenin, hubo debates en torno a la audeterminaci\u00f3n de los ucranianos, por ejemplo, a los que Lenin apoyaba. Y explic\u00f3 que, para que cesen las hostilidades entre dos pueblos en guerra, la autodeterminaci\u00f3n y la libertad nacional es un deber. No hay ninguna posibilidad de conquistar el socialismo en un pa\u00eds en el que existen hostilidades entre dos pueblos. Y esto es lo que planteamos: la autodeterminaci\u00f3n nacional del pueblo palestino no es solo un medio para construir una alianza nacional, sino que es tambi\u00e9n un medio para promover una sociedad socialista.<b>\u00a0<\/b><\/p>\n<p>Hay dos motivos por los que apoyamos la soluci\u00f3n de los dos Estados (y, por supuesto, apoyamos tambi\u00e9n los derechos nacionales de la minor\u00eda palestina en Israel). Nuestro apoyo a la soluci\u00f3n de los dos Estados se funda en esos dos principios: la autodeterminaci\u00f3n y la creaci\u00f3n de una sociedad socialista. No debemos olvidar que los palestinos son nativos.<\/p>\n<p>Ahora bien, no conozco a nadie en mi entorno que rechace ideol\u00f3gicamente la soluci\u00f3n del Estado \u00fanico. Pero todos consideramos que, en las circunstancias actuales, se convertir\u00e1 en otro apartheid. No ser\u00e1 un Estado democr\u00e1tico, porque el poder est\u00e1 en manos de la mayor\u00eda jud\u00eda.<\/p>\n<p>Y aun si no hubiera una mayor\u00eda num\u00e9rica, seguir\u00eda siendo un problema. Asumamos hipot\u00e9ticamente que ma\u00f1ana tenemos un solo Estado, dividido aproximadamente a la mitad (entre el R\u00edo Jord\u00e1n y el Mediterr\u00e1neo, con un n\u00famero m\u00e1s o menos igual de jud\u00edos y palestinos). Entonces, \u00bfqui\u00e9n controla los recursos? \u00bfQui\u00e9n controla las armas? \u00bfQui\u00e9n controla todo? La comunidad jud\u00eda. Y no estoy hablando de individuos: es la <i>comunidad <\/i>jud\u00eda.<\/p>\n<p>Esa situaci\u00f3n no llevar\u00e1 a ninguna forma de igualdad ni a un Estado democr\u00e1tico; llevar\u00e1 a otro r\u00e9gimen de apartheid. Digo que estas es \u00abnuestra perspectiva\u00bb, porque no soy yo quien debe decirles a los palestinos qu\u00e9 deben y qu\u00e9 no deben hacer. Esto es algo en lo que acordamos los palestinos y los jud\u00edos de mi partido.<\/p>\n<p>Pensamos que, pol\u00edticamente, la soluci\u00f3n del Estado \u00fanico pondr\u00e1 en riesgo los intereses de los palestinos, dadas las circunstancias actuales. Pero, en el largo plazo, asumiendo que existan dos Estados y que se trate de algo consentido, nadie rechaza la posibilidad de reunirlos en un Estado federado com\u00fan. No nos oponemos a nada de esto.<\/p>\n<p>La mayor\u00eda de los comunistas de nuestra regi\u00f3n \u2014palestinos y jud\u00edos\u2014 apoyan la soluci\u00f3n de los dos Estados desde mediados de los a\u00f1os 1940.<\/p>\n<p><strong>Comunistas jud\u00edos, no palestinos.<\/strong><\/p>\n<p>No, eso no es cierto. Tambi\u00e9n los palestinos. Se desarroll\u00f3 el debate entre los comunistas \u00e1rabes <a href=\"https:\/\/es.wikipedia.org\/wiki\/Imil_Habibi\">Imil Habibi<\/a>, <a href=\"https:\/\/en.wikipedia.org\/wiki\/Emile_Touma\">Emile Touma<\/a>, <a href=\"https:\/\/en.wikipedia.org\/wiki\/Tawfik_Toubi\">Tawfiq Tubi<\/a> y otros.<\/p>\n<p><strong>Pero eso fue en 1948.<\/strong><\/p>\n<p>No, no, el debate comenz\u00f3 un poco antes. Por supuesto, la posici\u00f3n obedec\u00eda en gran medida a los intereses de la Uni\u00f3n Sovi\u00e9tica. Pero, en t\u00e9rminos hist\u00f3ricos, desde antes de 1948 la mayor\u00eda de los comunistas, no quiero decir todos, apoyan la soluci\u00f3n de los dos Estados. Desde los a\u00f1os 1970, el Frente Democr\u00e1tico por la Liberaci\u00f3n de Palestina apoya la soluci\u00f3n del Estado \u00fanico. El comunista jordano <a href=\"https:\/\/es.wikipedia.org\/wiki\/Nayef_Hawatmeh\">Nayef Hawatmeh<\/a> me dijo: \u00abS\u00ed, siempre apoyamos la soluci\u00f3n del Estado \u00fanico y siempre lo haremos. Pero no rechazamos la posibilidad o la necesidad de una soluci\u00f3n de dos Estados en la transici\u00f3n hacia una situaci\u00f3n de Estado \u00fanico\u00bb.<\/p>\n<p>Ahora bien, el <a href=\"https:\/\/es.wikipedia.org\/wiki\/Partido_del_Pueblo_Palestino\">Partido del Pueblo Palestino<\/a>, comunista, dice: \u00abS\u00ed, todav\u00eda apoyamos la soluci\u00f3n de los dos Estados, pero tambi\u00e9n contemplamos en el largo plazo la soluci\u00f3n de un Estado \u00fanico federado, luego de un per\u00edodo de dos Estados\u00bb.<\/p>\n<p>Entonces, de nuevo, para resumir: apoyamos la soluci\u00f3n de los dos Estados, pero no rechazamos que en el futuro pueda desarrollarse un Estado \u00fanico.<\/p>\n<p><strong>Una \u00faltima pregunta: \u00bfqu\u00e9 cabe esperar luego de este <i>impasse<\/i>?<\/strong><\/p>\n<p>Debemos continuar la lucha. Como dije antes, debemos luchar por la liberaci\u00f3n palestina y contra la ocupaci\u00f3n, que se est\u00e1 volviendo cada vez m\u00e1s brutal. Y, por otro lado, debemos luchar por la igualdad al interior del Estado de Israel. Ese es el camino. No darnos nunca por vencidos, no rendirnos. No suelo citar a Churchill, pero\u2026<\/p>\n<p>Traducci\u00f3n: Valent\u00edn Huarte<br \/>\nFuente: <em>Jacobin lat<\/em>, 30-05-2021 (<a href=\"https:\/\/jacobinlat.com\/2021\/05\/30\/ofer-cassif-lucha-contra-el-extremismo-israeli-desde-la-knesset\/\">https:\/\/jacobinlat.com\/2021\/05\/30\/ofer-cassif-lucha-contra-el-extremismo-israeli-desde-la-knesset\/<\/a>)<\/p>\n<p>Foto de portada: Ofer Cassif en una manifestaci\u00f3n en el barrio de Sheij Yarrah (Jerusal\u00e9n Este) en 2022. \/ Wikimedia Commons<\/p>\n<\/div>\n","protected":false},"excerpt":{"rendered":"<p>Ofer Cassif, miembro israel\u00ed de la Knesset, convers\u00f3 hace un par de a\u00f1os con Jacobin sobre el \u00abpsic\u00f3pata pir\u00f3mano\u00bb Benjamin<\/p>\n","protected":false},"author":5,"featured_media":14462,"comment_status":"open","ping_status":"open","sticky":false,"template":"","format":"standard","meta":{"footnotes":""},"categories":[1928],"tags":[],"class_list":["post-14461","post","type-post","status-publish","format-standard","has-post-thumbnail","hentry","category-palestina"],"aioseo_notices":[],"_links":{"self":[{"href":"https:\/\/espai-marx.net\/index.php?rest_route=\/wp\/v2\/posts\/14461","targetHints":{"allow":["GET"]}}],"collection":[{"href":"https:\/\/espai-marx.net\/index.php?rest_route=\/wp\/v2\/posts"}],"about":[{"href":"https:\/\/espai-marx.net\/index.php?rest_route=\/wp\/v2\/types\/post"}],"author":[{"embeddable":true,"href":"https:\/\/espai-marx.net\/index.php?rest_route=\/wp\/v2\/users\/5"}],"replies":[{"embeddable":true,"href":"https:\/\/espai-marx.net\/index.php?rest_route=%2Fwp%2Fv2%2Fcomments&post=14461"}],"version-history":[{"count":0,"href":"https:\/\/espai-marx.net\/index.php?rest_route=\/wp\/v2\/posts\/14461\/revisions"}],"wp:featuredmedia":[{"embeddable":true,"href":"https:\/\/espai-marx.net\/index.php?rest_route=\/wp\/v2\/media\/14462"}],"wp:attachment":[{"href":"https:\/\/espai-marx.net\/index.php?rest_route=%2Fwp%2Fv2%2Fmedia&parent=14461"}],"wp:term":[{"taxonomy":"category","embeddable":true,"href":"https:\/\/espai-marx.net\/index.php?rest_route=%2Fwp%2Fv2%2Fcategories&post=14461"},{"taxonomy":"post_tag","embeddable":true,"href":"https:\/\/espai-marx.net\/index.php?rest_route=%2Fwp%2Fv2%2Ftags&post=14461"}],"curies":[{"name":"wp","href":"https:\/\/api.w.org\/{rel}","templated":true}]}}