{"id":1451,"date":"2010-11-21T00:00:00","date_gmt":"2010-11-21T00:00:00","guid":{"rendered":"https:\/\/espai-marx.net\/?p=1451"},"modified":"2020-02-21T16:44:16","modified_gmt":"2020-02-21T15:44:16","slug":"tres-escenas-ministeriales-y-un-complemento-academico","status":"publish","type":"post","link":"https:\/\/espai-marx.net\/?p=1451","title":{"rendered":"Tres escenas ministeriales y un complemento acad\u00e9mico"},"content":{"rendered":"<p><em>A prop\u00f3sito del S\u00e1hara, el compromiso y los silencios<\/em><\/p>\n<p><strong>\u00a0<\/strong><\/p>\n<p>&nbsp;<\/p>\n<p>Primera escena: La se\u00f1ora Gonz\u00e1lez-Sinde, la ministra de Cultura del gobierno Zapatero, dice valorar (positivamente) la implicaci\u00f3n de los actores y actrices en la causa del S\u00e1hara. Pero pide a continuaci\u00f3n &#8216;no contribuir a la confusi\u00f3n&#8217; con opiniones de personas que no son expertas. \u00bfImplicaci\u00f3n sin opiniones, implicaci\u00f3n silenciosa, con la boca cerrada para que no entren moscas revoltosas? \u00bfManifestantes que no tengan criterio pol\u00edtico que mueva y alimente su rebeld\u00eda y la de otros? Ella misma, curiosamente, toda una ministra del gobierno de la naci\u00f3n, parece incluirse en ese colectivo inexperto: &#8216;Nuestra responsabilidad en este asunto es lo suficientemente importante y es un tema lo suficientemente delicado como para que los que no somos expertos no hagamos ese papel de opinar y de contribuir a la confusi\u00f3n en lugar de encontrar soluciones&#8217;, ha declarado el 16 de noviembre a Radio Nacional, ratific\u00e1ndose en su singular idea, la antigua, gastada y odiosa teor\u00eda del gobierno e intervenci\u00f3n exclusiva de las \u00e9lites pol\u00edticas, de que la opini\u00f3n de personas inexpertas en el tema contribu\u00edan a la confusi\u00f3n -\u00bfqu\u00e9 confusi\u00f3n, por cierto?- sin aportar soluciones.<\/p>\n<p>Sobre la presencia de ciudadanos \u201cdel mundo de la cultura\u201d junto a algunos dirigentes del PP en la manifestaci\u00f3n del pasado s\u00e1bado en Madrid ha se\u00f1alado, sin controlar su opini\u00f3n, debe ser por tanto experta en el tema, que es una coincidencia que les deber\u00eda hacer pensar. No ha precisado en qu\u00e9 sentido deber\u00edan hacerlo ni cu\u00e1ntos dirigentes conservadores participaron en la protesta ni, desde luego, el sentido de esa participaci\u00f3n netamente marginal. Eso, en su opini\u00f3n de Ministra experta, no es crear confusi\u00f3n.<\/p>\n<p>Uno de estos \u201cexpertos\u201d a los que alude la se\u00f1ora Ministra de Cultura, experto que no aceptar\u00eda de buen grado la interesada denominaci\u00f3n, el catedr\u00e1tico de Historia del Islam en la UAM, Bernab\u00e9 L\u00f3pez Garc\u00eda, ha declarado sin posibilidad de confusi\u00f3n dada su condici\u00f3n: \u201cLa falta de condena [del gobierno] es una verg\u00fcenza monstruosa\u201d [1]. Otro de esos \u201cexpertos\u201d, el catedr\u00e1tico de Derecho Constitucional de la Universidad de Santiago y buen conocedor del S\u00e1hara, Carlos Ruiz Miguel, ha destacado un \u00e1mbito que no deber\u00edamos perder de vista: \u201cMarruecos aspira a crear un escenario israel\u00ed en el S\u00e1hara\u201d. \u00bfQu\u00e9 contorno tiene ese escenario dise\u00f1ado? El de un pa\u00eds, Marruecos, que utiliza de manera totalmente impune la represi\u00f3n para mantener la anexi\u00f3n de un territorio que le fue entregado de forma abyecta.<\/p>\n<p>Segunda escena con escenario ministerial de fondo. La ministra de Asuntos Exteriores estuvo el lunes, 15 de noviembre, en la toma de posesi\u00f3n del n\u00famero dos de su ministerio; a su lado, a su derecha m\u00e1s concretamente, en un segundo plano pero nada oculto, Diego L\u00f3pez Garrido, un ex de Izquierda Unida. Fue el mismo d\u00eda en que el PSOE desautoriz\u00f3 la condena de la actuaci\u00f3n del ej\u00e9rcito y del gobierno de Marruecos por parte de la diputada F\u00e1tima Aburto, la coordinadora del Intergrupo parlamentario para el S\u00e1hara [2]. No parece asegurada su futura presencia en foto y en listas (Tambi\u00e9n se ha manifestado cr\u00edticamente el se\u00f1or Jos\u00e9 Bono. Pero la tercera autoridad del Estado es otra cosa, tiene otra entidad. Llamarle al orden, en su caso, son palabras mayores. Adem\u00e1s, sabido es, el juego pol\u00edtico electoral exige muchas apuestas y diversidad de tonos. Nunca se sabe qu\u00e9 puede pasar en el futuro).<\/p>\n<p>La ministra Trinidad Jim\u00e9nez, su presencia en la Comisi\u00f3n Trilateral debe haberla marcado sustantivamente, no se anduvo por las ramas en la presentaci\u00f3n de su n\u00famero dos. Neg\u00f3 que el gobierno estuviera actuando con tibieza frente a las autoridades marroqu\u00edes [3] y cuestion\u00f3 el nivel de exigencia pol\u00edtica con Espa\u00f1a y, sin decirlo expl\u00edcitamente, con el gobierno y el partido que lo sustenta. \u00bfPor qu\u00e9 esa queja? Por lo que manifest\u00f3 en una entrevista en la cadena SER: \u201clo que no se exige al Frente POLISARIO, que es el representante del pueblo saharaui, se pretende exigir al Gobierno de Espa\u00f1a\u201d.<\/p>\n<p>\u00bfY qu\u00e9 se exige al gobierno de Espa\u00f1a? \u00bfLa ruptura de toda relaci\u00f3n diplom\u00e1tica con el gobierno de Marruecos? \u00bfAlguien ha afirmado una cosa as\u00ed? No es tan s\u00f3lo eso. La m\u00e1xima responsable de la diplomacia espa\u00f1ola, la gran aliada pol\u00edtica madrile\u00f1a del presidente Zapatero, no se ha mordido la lengua. Como experta que es ha recordado que el mismo d\u00eda en que se inici\u00f3 el desmantelamiento del Campamento Dignidad, el Frente POLISARIO estaba reunido \u2013\u201ccenando\u201d ha sido el t\u00e9rmino utilizado por la se\u00f1ora Ministra- con el gobierno de Marruecos en Nueva York. \u00a1Qu\u00e9 desfachatez!, \u00a1qu\u00e9 caradura trilateral!, \u00a1qu\u00e9 prepotencia pol\u00edtica!, \u00a1qu\u00e9 abisal y al\u00e9fica infamia! Por si fuera poco, ha a\u00f1adido sin enrojecer la se\u00f1ora Ministra, ni mover apenas un m\u00fasculo de su cuidado rostro de hormig\u00f3n: Espa\u00f1a siempre \u2013siempre es siempre- ha defendido el derecho de autodeterminaci\u00f3n del pueblo saharaui. Por eso, debe ser por eso, que Espa\u00f1a no ha reconocido a la Rep\u00fablica Democr\u00e1tica Saharaui, cosa que s\u00ed que han hecho m\u00e1s de 80 pa\u00edses.<\/p>\n<p>Vale la pena recordar, aunque desde luego sea innecesario, las recientes declaraciones del representante saharaui en las Naciones Unidas, Ahmed Boukhari. Preguntado, en conversaci\u00f3n con el excelente escritor y periodista Gilberto Lopes sobre c\u00f3mo evaluaba los resultados de la reuni\u00f3n en Nueva York y las perspectivas de las negociaciones que continuar\u00e1n en diciembre, se\u00f1al\u00f3 Boukhari: \u201cHemos acudido a la ronda negociadora para responder positivamente a los esfuerzos que llevaba a cabo la ONU para que el proceso de paz pudiese continuar en la direcci\u00f3n correcta. Pero la decisi\u00f3n marroqu\u00ed de llevar a cabo el asalto contra la poblaci\u00f3n civil saharaui el d\u00eda preciso en que iba a comenzar la ronda nos llev\u00f3 a pensar seriamente en que no val\u00eda la pena participar. Aun as\u00ed, decidimos participar, porque somos gente civilizada que quiere la paz, rechaza la violencia, la guerra. La ronda no supuso ning\u00fan avance sustancial porque Marruecos no quiere que esto avance en la direcci\u00f3n correcta y sobre ella plane\u00f3 el terrible espectro de la brutal intervenci\u00f3n de las fuerzas marroqu\u00edes contra nuestra poblaci\u00f3n civil\u201d [4] [el \u00e9nfasis es m\u00edo]. \u00a1Brutal intervenci\u00f3n contra la poblaci\u00f3n civil! \u00bfNo hay claridad en las palabras del representante saharaui?<\/p>\n<p>Tercer escenario. La primera p\u00e1gina de P\u00fablico de 16 de noviembre [5] se abr\u00eda con estas palabras: \u201cVisita non grata\u201d. Hac\u00eda referencia al encuentro del Ministro de Interior de Marruecos, Ta\u00efb Cherkaoui, con el vicepresidente primero y Ministro del Interior del Gobierno espa\u00f1ol, el se\u00f1or P\u00e9rez Rubalcaba, en Madrid. P\u00fablico suger\u00eda varias preguntas que pod\u00edan formularse, que pod\u00eda formular nuestro Ministro del Interior, al ministro marroqu\u00ed. Estas entre ellas: \u00bfmataron los militares al ciudadano espa\u00f1ol Baby Hamday Buyema? \u00bfSon ciertas las denuncias de torturas realizadas por activistas de diversas ONG? \u00bfPor qu\u00e9 se impone la censura y no se permite a la prensa espa\u00f1ola e internacional informar desde El Aai\u00fan?<\/p>\n<p>Javier Bardem ha a\u00f1adido alguna otra: \u00bfc\u00f3mo puede decir la Ministra de Exteriores que no condena porque no tiene datos oficiales? \u00bfQui\u00e9n se los va a dar entonces? \u00bfQu\u00e9 mensaje se est\u00e1 transmitiendo\u00bf \u00bfQue si usted es un pa\u00eds preferente tiene derecho a matar y torturar? Otras m\u00e1s por si fuera necesario, hoy, una semana despu\u00e9s, cuando seguimos sin conocer los muertos, heridos y detenidos: \u00bfel ciudadano espa\u00f1ol Ahmed Salem Lecuara, que se encontraba en El Aai\u00fan de visita familiar, ha sido agredido por las fuerzas militares marroqu\u00edes durante el asalto? \u00bfHa sido torturado, como \u00e9l mismo afirma, durante los cinco d\u00edas que pas\u00f3 en las dependencias de la Gendarmer\u00eda marroqu\u00ed? \u00bfPor qu\u00e9 no puede abandonar la zona?<\/p>\n<p>Por lo dem\u00e1s, el titular de interior marroqu\u00ed, uno de los m\u00e1ximos responsables pol\u00edticos de lo ocurrido en El Aai\u00fan durante esta \u00faltima semana, alguien que no es en absoluto ajeno al bloqueo informativo impuesto en el S\u00e1hara ni al maltrato sufrido por activistas, como ha recordado Jes\u00fas Mara\u00f1a en P\u00fablico, no se va a dignar comparecer ante la prensa. Alguna pregunta podr\u00eda resultarle inc\u00f3moda. El resto ser\u00e1 silencio una vez m\u00e1s<\/p>\n<p>Es muy improbable que nuestro vicepresidente le haya realizado alguna de esas preguntas. Suele apelarse a la raz\u00f3n de Estado o al necesario equilibrio entre intereses y principios. Habr\u00e1 que preguntarse alguna vez por los interesados intereses de algunos principios.<\/p>\n<p>El jefe del Ejecutivo, por ejemplo, ha hablado de los intereses de Espa\u00f1a. \u00bfQu\u00e9 intereses son esos? \u00bfD\u00f3nde qued\u00f3 aquel Zapatero, ha preguntado Ignacio Escolar olvid\u00e1ndose por un momento de la contrapartida afgana, cuya primera medida como presidente fue ordenar la retirada de las tropas de Irak? Muy lejos, muy lejos.<\/p>\n<p>El complemento acad\u00e9mico. Ram\u00f3n Cotarelo ha se\u00f1alado con fecha 16 de noviembre en su blog [6] que \u201cel asunto de los saharauis lleva camino de convertirse en grave problema para el Gobierno y su partido\u201d. La vergonzosa dejaci\u00f3n de funciones de Espa\u00f1a en 1975, consagrada en unos Acuerdos de Madrid asimismo ignominiosos, ha a\u00f1adido, fue el primer paso para crear una situaci\u00f3n &#8216;palestina&#8217; en la antigua \u201cprovincia\u201d espa\u00f1ola.<\/p>\n<p>El argumento de la izquierda, que es el que le interesa a Cotarelo, consiste, en su opini\u00f3n, \u201cen echar en cara al Gobierno una vez m\u00e1s su pusilanimidad, su incapacidad para hacer frente a las arbitrariedades de Mohammed VI\u201d. Se le acusa de anteponer la raz\u00f3n de Estado a la defensa de los derechos humanos. Desde luego, prosigue el catedr\u00e1tico de ciencias pol\u00edticas, no estar\u00e1 de m\u00e1s que \u201cel Gobierno haga saber al Pr\u00edncipe de los Creyentes que no aprueba sus procedimientos, que exige el fin de la intervenci\u00f3n marroqu\u00ed en El Aai\u00fan as\u00ed como el cumplimiento \u00edntegro de las resoluciones de la ONU\u201d. Pero eso debe decirlo no como Espa\u00f1a \u201csino como Estado miembro de la Uni\u00f3n Europea y debe asimismo anunciar que llevar\u00e1 el asunto al Consejo de Seguridad\u201d.<\/p>\n<p>Claro y rotundo, como quiere la izquierda, de la que Cotarelo parece excluirse en algunos momentos, \u201cpero en un marco de acci\u00f3n multilateral. Espa\u00f1a tiene que evitar llegar a una confrontaci\u00f3n bilateral con Marruecos que es lo que \u00e9ste quiere\u201d. As\u00ed que como no cree, como parece razonable creer, que nadie en la izquierda est\u00e9 interesado en repicar tambores de guerra \u201cquiz\u00e1 sea sabio suspender por un tiempo los juicios condenatorios al Gobierno por justificados que puedan parecer especialmente porque recaen sobre quien ya ha demostrado haberse rendido ante la ofensiva neoliberal\u201d.\u00bfSabio suspender por un tiempo los juicios cr\u00edticos? \u00bfD\u00f3nde est\u00e1 la sabidur\u00eda de esa supuesta prudencia?<\/p>\n<p>Con todo, prosigue, cabe confiar en que el Gobierno tome la iniciativa diplom\u00e1tica en un contexto multilateral y forme una especie de frente de defensa de los saharauis. Conste que, a\u00f1ade Cotarelo, \u201ccomo a la mayor\u00eda de mis paisanos, me gustar\u00eda que el Presidente diera un pu\u00f1etazo sobre la mesa. Pero detr\u00e1s del pu\u00f1etazo tiene que haber una capacidad militar y una voluntad pol\u00edtica para llevarlo a sus \u00faltimas consecuencias. \u00bfLas hay?\u201d.<\/p>\n<p>No las hay y como la acci\u00f3n pol\u00edtica multilateral no parece probable, ni Francia en Europa ni Estados Unidos en el Consejo de Seguridad est\u00e1n por la labor, aqu\u00ed paz, la paz de los cementerios de El Aai\u00fan, y en el cielo gloria, gloria sangrienta. \u00bfY entre cero y el infinito no hay procedimientos efectivos ni actuaciones posible? \u00bfEntre la pasividad, la mentira, la manipulaci\u00f3n, el servilismo, el decir sin decir y el afirmar negando, y el emprenderla a tortas y a bombazos no hay ning\u00fan margen de maniobra? \u00bfMarruecos tienen, pues, impunidad, puede hacer lo que le venga en gana y nosotros chit\u00f3n que el domingo hay partido y que la geopol\u00edtica es muy compleja? Efectivamente, el marco recuerda un escenario israel\u00ed.<\/p>\n<p>Notas:<\/p>\n<p>[1] P\u00fablico, 14 de noviembre de 2010, p. 8.<\/p>\n<p>[2] En la declaraci\u00f3n se expresaba la solidaridad con el pueblo saharaui, el m\u00e1s profundo rechazo de la violencia (sin mayor especificaci\u00f3n), la m\u00e1s en\u00e9rgica condena por la p\u00e9rdida de vidas humanas y se denunciaba la f\u00e9rrea censura. Al pa\u00eds magreb\u00ed ni se le citaba. IB y BNG, con atendibles razones, presentaron enmiendas al texto.<\/p>\n<p>[3] P\u00fablico, 16 de noviembre de 2010, p. 4.<\/p>\n<p>[4] http:\/\/www.rebelion.org\/noticia.php?id=116634<\/p>\n<p>[5] Ibidem, pp.1-6.<\/p>\n<p>[6] http:\/\/cotarelo.blogspot.com\/2010\/11\/perdidos-en-el-desierto.html<\/p>\n<p>Rebeli\u00f3n ha publicado este art\u00edculo con el permiso del autor mediante una licencia de Creative Commons, respetando su libertad para publicarlo en otras fuentes.<\/p>\n","protected":false},"excerpt":{"rendered":"<p>A prop\u00f3sito del S\u00e1hara, el compromiso y los silencios \u00a0 &nbsp; Primera escena: La se\u00f1ora Gonz\u00e1lez-Sinde, la ministra de Cultura<\/p>\n","protected":false},"author":9,"featured_media":1452,"comment_status":"open","ping_status":"open","sticky":false,"template":"","format":"standard","meta":{"footnotes":""},"categories":[40,14],"tags":[],"class_list":["post-1451","post","type-post","status-publish","format-standard","has-post-thumbnail","hentry","category-africa","category-democracia-republica"],"aioseo_notices":[],"_links":{"self":[{"href":"https:\/\/espai-marx.net\/index.php?rest_route=\/wp\/v2\/posts\/1451","targetHints":{"allow":["GET"]}}],"collection":[{"href":"https:\/\/espai-marx.net\/index.php?rest_route=\/wp\/v2\/posts"}],"about":[{"href":"https:\/\/espai-marx.net\/index.php?rest_route=\/wp\/v2\/types\/post"}],"author":[{"embeddable":true,"href":"https:\/\/espai-marx.net\/index.php?rest_route=\/wp\/v2\/users\/9"}],"replies":[{"embeddable":true,"href":"https:\/\/espai-marx.net\/index.php?rest_route=%2Fwp%2Fv2%2Fcomments&post=1451"}],"version-history":[{"count":0,"href":"https:\/\/espai-marx.net\/index.php?rest_route=\/wp\/v2\/posts\/1451\/revisions"}],"wp:featuredmedia":[{"embeddable":true,"href":"https:\/\/espai-marx.net\/index.php?rest_route=\/wp\/v2\/media\/1452"}],"wp:attachment":[{"href":"https:\/\/espai-marx.net\/index.php?rest_route=%2Fwp%2Fv2%2Fmedia&parent=1451"}],"wp:term":[{"taxonomy":"category","embeddable":true,"href":"https:\/\/espai-marx.net\/index.php?rest_route=%2Fwp%2Fv2%2Fcategories&post=1451"},{"taxonomy":"post_tag","embeddable":true,"href":"https:\/\/espai-marx.net\/index.php?rest_route=%2Fwp%2Fv2%2Ftags&post=1451"}],"curies":[{"name":"wp","href":"https:\/\/api.w.org\/{rel}","templated":true}]}}