{"id":14544,"date":"2023-11-14T05:00:55","date_gmt":"2023-11-14T04:00:55","guid":{"rendered":"https:\/\/espai-marx.net\/?p=14544"},"modified":"2023-11-14T00:28:49","modified_gmt":"2023-11-13T23:28:49","slug":"presentacion-de-libro-valor-y-precio-en-marx-de-manuel-martinez-llaneza","status":"publish","type":"post","link":"https:\/\/espai-marx.net\/?p=14544","title":{"rendered":"Presentaci\u00f3n de libro <i>Valor y precio en Marx<\/i> de Manuel Mart\u00ednez Llaneza"},"content":{"rendered":"<p>Presentaci\u00f3n de libro <em>Valor y precio en Marx<\/em> de Manuel Mart\u00ednez Llaneza, con la participaci\u00f3n de Sof\u00eda Garc\u00eda-Hortelano y Ricardo Rodr\u00edguez, en el marco de Los Debates de la Fiesta del PCE, el 1 de octubre de 2023.<\/p>\n<p><iframe title=\"Spotify Embed: Valor y precio en Marx\" style=\"border-radius: 12px\" width=\"100%\" height=\"152\" frameborder=\"0\" allowfullscreen allow=\"autoplay; clipboard-write; encrypted-media; fullscreen; picture-in-picture\" loading=\"lazy\" src=\"https:\/\/open.spotify.com\/embed\/episode\/5170LTb0PWjjJHSz9foFIU?si=a49b3eb5ce1b4c45&#038;nd=1&#038;utm_source=oembed\"><\/iframe><\/p>\n<p>Recordamos que el libro est\u00e1 disponible gratuitamente en formato digital en nuestra biblioteca electr\u00f3nica Els Arbres de Fahrenheit:<\/p>\n<blockquote class=\"wp-embedded-content\" data-secret=\"3udrvAn3rp\"><p><a href=\"https:\/\/espai-marx.net\/elsarbres\/review\/valor-y-precio-en-marx-manuel-martinez-llaneza\/\">Valor y precio en Marx &#8211; Manuel Mart\u00ednez Llaneza<\/a><\/p><\/blockquote>\n<p><iframe loading=\"lazy\" class=\"wp-embedded-content\" sandbox=\"allow-scripts\" security=\"restricted\" style=\"position: absolute; visibility: hidden;\" title=\"\u00abValor y precio en Marx &#8211; Manuel Mart\u00ednez Llaneza\u00bb \u2014 Els arbres de Fahrenheit: biblioteca virtual\" src=\"https:\/\/espai-marx.net\/elsarbres\/review\/valor-y-precio-en-marx-manuel-martinez-llaneza\/embed\/#?secret=Ll7AmSlfBB#?secret=3udrvAn3rp\" data-secret=\"3udrvAn3rp\" width=\"600\" height=\"338\" frameborder=\"0\" marginwidth=\"0\" marginheight=\"0\" scrolling=\"no\"><\/iframe><\/p>\n<p>Alternativamente, se puede conseguir una copia en papel a trav\u00e9s de la <a href=\"https:\/\/www.lulu.com\/shop\/manuel-mart%C3%ADnez-llaneza-and-constantino-b%C3%A9rtolo-and-salvador-l%C3%B3pez-arnal-and-jaime-ramajo-escalera\/valor-y-precio-en-marx\/paperback\/product-mjj46e.html?page=1&amp;pageSize=4\">plataforma Lulu<\/a>.<\/p>\n<p><em><a href=\"https:\/\/espai-marx.net\/wp-content\/uploads\/2023\/11\/valor-y-precio-en-Marx.jpg\"><img loading=\"lazy\" decoding=\"async\" class=\" wp-image-14545 alignleft\" src=\"https:\/\/espai-marx.net\/wp-content\/uploads\/2023\/11\/valor-y-precio-en-Marx.jpg\" alt=\"\" width=\"200\" height=\"300\" srcset=\"https:\/\/espai-marx.net\/wp-content\/uploads\/2023\/11\/valor-y-precio-en-Marx.jpg 384w, https:\/\/espai-marx.net\/wp-content\/uploads\/2023\/11\/valor-y-precio-en-Marx-200x300.jpg 200w\" sizes=\"auto, (max-width: 200px) 100vw, 200px\" \/><\/a>Valor y precio en Marx<\/em> nace de la lectura de <em>El orden de El capital<\/em>, de Carlos Ferna\u0301ndez Liria y Luis Alegre Zahonero (Pensamiento Cri\u0301tico-Akal, 2010) y se acoge a la amable invitacio\u0301n de los autores que en la pa\u0301gina 26 de su libro dan \u00abla bienvenida a todos los juicios fundados en la cri\u0301tica cienti\u0301fica\u00bb.<\/p>\n<p>No es necesario, sin embargo, haber lei\u0301do <em>El orden de El Capital<\/em> para poder entender lo que aqui\u0301 se trata que, aunque adopte en parte la forma de debate, contraste o matizacio\u0301n de lo alli\u0301 escrito, es en realidad presentacio\u0301n y comentario de conceptos ba\u0301sicos de la teori\u0301a econo\u0301mica marxista expuestos en <em>El capital<\/em>. De ninguna manera el objetivo es la pole\u0301mica, sino la aclaracio\u0301n de cuestiones ba\u0301sicas de dicha teori\u0301a.<\/p>\n<p>El objetivo principal del ensayo del doctor Marti\u0301nez Llaneza es tratar de mostrar que no hay contradiccio\u0301n entre la teori\u0301a del valor tal como Marx la formula en el primer libro de <em>El capital<\/em> (valor-trabajo) y las explicaciones que el mismo Marx da sobre la formacio\u0301n de precios en el tercer libro de la misma obra. De paso, precisar tambie\u0301n algunos conceptos.<\/p>\n<p>El autor ha intentado no extender el escrito m\u00e1s all\u00e1 del campo cient\u00edfico, aunque, comenta, \u00abha sido inevitable bordear otros terrenos, lo que no significa que est\u00e9 en desacuerdo, ni tampoco necesariamente de acuerdo, con muchas de sus conclusiones, algunas de ellas extrapolaciones discutibles o injustificadas como las afirmaciones pol\u00edticas e hist\u00f3ricas que ya han sido objeto de debate con los autores a prop\u00f3sito del papel jugado por el PCE en la guerra civil\u00bb .<\/p>\n<p>No se trata de defender a Marx ni de interpretarlo como un or\u00e1culo, se\u00f1ala, \u00abpero la importancia de estas consideraciones es grande en estos momentos en que el pensamiento marxista y la alternativa comunista, que algunos creyeron haber barrido fuera de la historia, resurgen con fuerza creciente, pero no siempre con fundamentos s\u00f3lidos\u00bb. El autor no tiene otra pretensi\u00f3n que ayudar a fortalecerlos.<\/p>\n","protected":false},"excerpt":{"rendered":"<p>Presentaci\u00f3n de libro Valor y precio en Marx de Manuel Mart\u00ednez Llaneza, con la participaci\u00f3n de Sof\u00eda Garc\u00eda-Hortelano y Ricardo<\/p>\n","protected":false},"author":5,"featured_media":14546,"comment_status":"open","ping_status":"open","sticky":false,"template":"","format":"standard","meta":{"footnotes":""},"categories":[44,1544,1552,856],"tags":[],"class_list":["post-14544","post","type-post","status-publish","format-standard","has-post-thumbnail","hentry","category-economia","category-karl-marx","category-marxismo","category-podcast"],"aioseo_notices":[],"_links":{"self":[{"href":"https:\/\/espai-marx.net\/index.php?rest_route=\/wp\/v2\/posts\/14544","targetHints":{"allow":["GET"]}}],"collection":[{"href":"https:\/\/espai-marx.net\/index.php?rest_route=\/wp\/v2\/posts"}],"about":[{"href":"https:\/\/espai-marx.net\/index.php?rest_route=\/wp\/v2\/types\/post"}],"author":[{"embeddable":true,"href":"https:\/\/espai-marx.net\/index.php?rest_route=\/wp\/v2\/users\/5"}],"replies":[{"embeddable":true,"href":"https:\/\/espai-marx.net\/index.php?rest_route=%2Fwp%2Fv2%2Fcomments&post=14544"}],"version-history":[{"count":0,"href":"https:\/\/espai-marx.net\/index.php?rest_route=\/wp\/v2\/posts\/14544\/revisions"}],"wp:featuredmedia":[{"embeddable":true,"href":"https:\/\/espai-marx.net\/index.php?rest_route=\/wp\/v2\/media\/14546"}],"wp:attachment":[{"href":"https:\/\/espai-marx.net\/index.php?rest_route=%2Fwp%2Fv2%2Fmedia&parent=14544"}],"wp:term":[{"taxonomy":"category","embeddable":true,"href":"https:\/\/espai-marx.net\/index.php?rest_route=%2Fwp%2Fv2%2Fcategories&post=14544"},{"taxonomy":"post_tag","embeddable":true,"href":"https:\/\/espai-marx.net\/index.php?rest_route=%2Fwp%2Fv2%2Ftags&post=14544"}],"curies":[{"name":"wp","href":"https:\/\/api.w.org\/{rel}","templated":true}]}}