{"id":14549,"date":"2023-11-15T05:00:04","date_gmt":"2023-11-15T04:00:04","guid":{"rendered":"https:\/\/espai-marx.net\/?p=14549"},"modified":"2023-11-15T01:56:07","modified_gmt":"2023-11-15T00:56:07","slug":"el-final-de-las-estaciones","status":"publish","type":"post","link":"https:\/\/espai-marx.net\/?p=14549","title":{"rendered":"\u00bfEl final de las estaciones?"},"content":{"rendered":"<p align=\"right\"><em>El que por azar pare el mundo, ser\u00e1 su salvador.<\/em><\/p>\n<p align=\"right\">\u00c9mile Zola<\/p>\n<p>Nos enorgullecemos tanto de nuestros enormes avances t\u00e9cnicos que han conformado una especie de credo: la tecnolog\u00eda siempre vendr\u00e1 al rescate del progreso. Pero apenas queremos enfrentar una sensaci\u00f3n cada vez m\u00e1s evidente: esa <em>locomotora de la historia<\/em> en la que viajamos es m\u00e1s bien un tren bala, y va tan r\u00e1pido que apenas le quedan estaciones en las que nos podamos detener la naturaleza y todos los que viajamos en \u00e9l. Lo estamos sintiendo ya: en la piel que suda en las noches de insomnio tropical que se eternizan, en las cosechas que fallan y que suben el precio de la vida, en los incendios, inundaciones, huracanes y granizadas que cada vez cogen m\u00e1s fuerza y se producen con m\u00e1s frecuencia. Y esto es s\u00f3lo el comienzo. Hemos pisado gas tan a fondo que la atm\u00f3sfera se est\u00e1 volviendo irrespirable y las cuatro estaciones ya parecen s\u00f3lo dos. Lo del tren bala est\u00e1 adquiriendo un doble sentido cada vez m\u00e1s perverso.<\/p>\n<p>M\u00e1s madera. M\u00e1s carb\u00f3n. M\u00e1s petr\u00f3leo. M\u00e1s minerales, aunque no haya suficientes para todo. M\u00e1s y m\u00e1s r\u00e1pido. M\u00e1s progreso y por supuesto m\u00e1s crecimiento. Siempre. Hasta el infinito. En consecuencia, las anomal\u00edas y fen\u00f3menos extremos tambi\u00e9n est\u00e1n yendo a m\u00e1s. Y ahora, septiembre ya es un mes m\u00e1s del verano. Y octubre va camino tambi\u00e9n de serlo.<\/p>\n<p><strong>La situaci\u00f3n del clima del planeta es de todo menos corriente<\/strong><\/p>\n<p>Septiembre fue un mes que la historia no podr\u00e1 sino se\u00f1alar y recordar, de un 2023 inolvidable. En Libia, la tormenta Daniel, convertida en verdadero hurac\u00e1n mediterr\u00e1neo por haber atravesado una zona de agua an\u00f3malamente c\u00e1lida, descarg\u00f3 tanta agua en pleno desierto del S\u00e1hara que, en las inundaciones resultantes, perecieron cerca de 10.000 personas, y otras tantas siguen desaparecidas. Es uno de los peores desastres que se recuerdan en el Mediterr\u00e1neo. Pero antes de esa tragedia, la misma tormenta Daniel arras\u00f3 Grecia: en dos d\u00edas cay\u00f3 la lluvia de dos a\u00f1os, y a causa de ello se ha perdido para los pr\u00f3ximos a\u00f1os una cuarta parte de la tierra cultivable.<\/p>\n<p>De la Ant\u00e1rtida llegan noticias terribles: tras concluir el invierno austral, se ha certificado que <a href=\"https:\/\/edition.cnn.com\/2023\/07\/30\/world\/antarctic-sea-ice-winter-record-low-climate-intl\/index.html\" target=\"_blank\" rel=\"noopener\">falta un pedazo de hielo marino del tama\u00f1o de Argentina<\/a>, simplemente porque el mar est\u00e1 demasiado caliente. Peor a\u00fan, ahora sabemos que <a href=\"https:\/\/www.theguardian.com\/environment\/2023\/oct\/23\/rapid-ice-melt-in-west-antarctica-now-inevitable-research-shows\" target=\"_blank\" rel=\"noopener\">la capa de hielo continental que cubre la Ant\u00e1rtida Occidental ha entrado en un proceso de colapso irreversible<\/a> (incluso si detuvi\u00e9ramos en seco las emisiones). S\u00f3lo queda saber si los cinco metros de subida del nivel del mar que implica suceder\u00e1n en unas cuantas d\u00e9cadas, o con suerte en un par de siglos. En el Amazonas, una sequ\u00eda enorme est\u00e1 acelerando un proceso que va a llevar a uno de los sistemas selv\u00e1ticos m\u00e1s cruciales para el equilibrio clim\u00e1tico de la Tierra a <a href=\"https:\/\/www.theguardian.com\/environment\/2023\/oct\/04\/south-american-monsoon-heading-towards-tipping-point-likely-to-cause-amazon-dieback\" target=\"_blank\" rel=\"noopener\">un punto de no retorno a partir del cual su conversi\u00f3n en sabana se tornar\u00e1 irreversible<\/a>. Hay muchas posibilidades de que este 2023 sobrepasemos, temporalmente \u2013o no\u2013, el l\u00edmite de 1,5\u00ba C. Mucho antes de lo previsto, mucho peor de lo esperado en ning\u00fan modelo. Habr\u00e1 que esperar durante a\u00f1os la confirmaci\u00f3n, pero ah\u00ed va el aviso que nos manda la Tierra: no os fieis de los modelos. Esto no va a ser en absoluto lineal ni predecible. Y en Acapulco bien lo saben, tras ser machacados por el hurac\u00e1n Otis, de m\u00e1xima categor\u00eda, y que se form\u00f3 en menos de un d\u00eda esquivando todas las previsiones.<\/p>\n<p>Tampoco las temperaturas que estamos viviendo en Espa\u00f1a \u2013incluso en octubre\u2013 han pasado desapercibidas para casi nadie. En Canarias tuvieron que cancelar las clases. En octubre. <em>El calor y el tiempo de toda la vida<\/em>. Tambi\u00e9n hemos tenido, a menor escala, nuestro Daniel, nuestro Otis: el cicl\u00f3n Bernard se intensific\u00f3 inesperadamente frente a la costa de Portugal, dejando en la provincia de Huelva dos vidas perdidas y p\u00e9rdidas econ\u00f3micas millonarias.<\/p>\n<p>\u00bfDe qu\u00e9 nos hablan todos estos eventos? De la cercan\u00eda de los puntos de no retorno clim\u00e1ticos. Est\u00e1n saltando aceleradamente y antes de lo previsto, desde la teor\u00eda a la realidad m\u00e1s terriblemente cotidiana.<\/p>\n<p>Ante la enormidad de las anomal\u00edas registradas en estos meses, tambi\u00e9n se ha calentado un debate cient\u00edfico: \u00bfa qu\u00e9 debemos achacar el cambio de ritmo que est\u00e1n experimentando tanto los oc\u00e9anos, como el incremento de las temperaturas, como la frecuencia e intensidad de los fen\u00f3menos extremos? El calentamiento global debido a los gases de efecto invernadero se acelera \u2013este <a href=\"https:\/\/www.scientificamerican.com\/article\/september-was-the-most-anomalously-hot-month-ever\/\" target=\"_blank\" rel=\"noopener\">septiembre ha sido el mes m\u00e1s an\u00f3malamente c\u00e1lido de la historia<\/a>\u2013 y es el responsable, pero, \u00bfqu\u00e9 factores circunstanciales est\u00e1n detr\u00e1s del aceler\u00f3n?<\/p>\n<p>Sin duda la clave del desequilibrio se encuentra en el balance. En el desbalance, mejor dicho. En el aumento de la energ\u00eda almacenada por la Tierra. Si la radiaci\u00f3n que entra es superior a la que sale, y cada vez la diferencia se hace mayor, se almacena calor. Blanco y en botella.<\/p>\n<p>Valores peque\u00f1os en este balance radiativo (cinco veces menores que los que tenemos en estos \u00faltimos tres a\u00f1os) sirvieron en el pasado para provocar el deshielo de enormes masas de hielo y producir el cambio de ciclo de glacial a interglacial del planeta entero.<\/p>\n<p>&nbsp;<\/p>\n<div align=\"center\">\n<div class=\"cs_img cs_fl_middle\">\n<p><a href=\"https:\/\/espai-marx.net\/wp-content\/uploads\/2023\/11\/earth-imbalance.jpg\"><img loading=\"lazy\" decoding=\"async\" class=\"aligncenter size-full wp-image-14550\" src=\"https:\/\/espai-marx.net\/wp-content\/uploads\/2023\/11\/earth-imbalance.jpg\" alt=\"\" width=\"529\" height=\"274\" srcset=\"https:\/\/espai-marx.net\/wp-content\/uploads\/2023\/11\/earth-imbalance.jpg 529w, https:\/\/espai-marx.net\/wp-content\/uploads\/2023\/11\/earth-imbalance-300x155.jpg 300w\" sizes=\"auto, (max-width: 529px) 100vw, 529px\" \/><\/a><\/p>\n<\/div>\n<\/div>\n<p>&nbsp;<\/p>\n<p>Sin embargo, en el clima de la Tierra y su maravilloso funcionamiento todo est\u00e1 conectado, as\u00ed que las relaciones son bastante m\u00e1s complejas. La nueva fase en la oscilaci\u00f3n de las aguas del Pac\u00edfico, hacia la parte c\u00e1lida de su ciclo (El Ni\u00f1o), es sin duda uno de los responsables principales del aumento de la temperatura. Pero estamos hablando de una oscilaci\u00f3n natural y c\u00edclica, as\u00ed que no puede ser el principal responsable, al menos directamente, de este a\u00f1o de r\u00e9cords y anomal\u00edas. Adem\u00e1s, es tan solo ahora, en la parte final del a\u00f1o, que est\u00e1 comenzando a tener efecto. No le ha dado tiempo a El Ni\u00f1o a ser el responsable. Asum\u00e1moslo, hemos sido m\u00e1s bien los adultos.<\/p>\n<p>Un grupo de cient\u00edficos parece apuntar m\u00e1s hacia otro factor que ya <a href=\"https:\/\/ctxt.es\/es\/20230601\/Firmas\/43302\/Juan-Bordera-corrientes-oceanos-cambio-climatico-calentamiento-el-nino.htm\" target=\"_blank\" rel=\"noopener\">anotamos en textos anteriores<\/a>: el efecto que est\u00e1 provocando la menor cantidad de aerosoles que hay en la atm\u00f3sfera (sobre todo por la nueva regulaci\u00f3n mar\u00edtima que limita enormemente la contaminaci\u00f3n que emiten los barcos desde 2020). <a href=\"https:\/\/www.nature.com\/articles\/d41586-022-03763-9\" target=\"_blank\" rel=\"noopener\">Este estudio concluye que, sin el efecto de los aerosoles, el calentamiento ser\u00eda entre un 30% y un 50% mayor<\/a>. La incertidumbre sobre el efecto que esto tiene es grande, debido sobre todo a los bucles de realimentaci\u00f3n que provoca. El efecto es directo, por el bloqueo de la radiaci\u00f3n, e indirecto: los aerosoles ayudan a la formaci\u00f3n de nubes que tambi\u00e9n bloquean la radiaci\u00f3n.<\/p>\n<p>En realidad, no es uno u otro factor, sino la suma de todos, y los efectos que provocan, incluida la combinaci\u00f3n entre ellos. Sin embargo, el componente m\u00e1s decisivo en esta ecuaci\u00f3n es casi con toda probabilidad la ralentizaci\u00f3n de las corrientes, tanto <a href=\"https:\/\/www.nature.com\/articles\/s41598-020-66541-5\" target=\"_blank\" rel=\"noopener\">atmosf\u00e9ricas<\/a> como sobre todo oce\u00e1nicas.<\/p>\n<p>Las corrientes atmosf\u00e9ricas (los vientos) son el principal motor de las corrientes oce\u00e1nicas en superficie. <a href=\"https:\/\/blog.creaf.cat\/es\/noticias\/falta-viento-provoca-cambio-climatico-puede-retrasar-caida-hojas-latitudes-altas\/#:~:text=El%20estudio%20publicado%20en%20PNAS%20con%20participaci%C3%B3n%20de,vientos%20se%20han%20calmado%20debido%20al%20cambio%20clim%C3%A1tico.\" target=\"_blank\" rel=\"noopener\">El calentamiento global est\u00e1 frenando los vientos en las latitudes m\u00e1s altas<\/a>, y la falta de viento hace que las aguas del oc\u00e9ano no se mezclen tanto y no haya tanta evaporaci\u00f3n. Combinado esto con la acumulaci\u00f3n de agua dulce proveniente del deshielo \u00e1rtico en la superficie del mar, obtenemos <a href=\"https:\/\/es.wikipedia.org\/wiki\/Circulaci%C3%B3n_de_vuelco_meridional_del_Atl%C3%A1ntico\" target=\"_blank\" rel=\"noopener\">que la AMOC<\/a> (el brazo atl\u00e1ntico y meridional de la gran cinta transportadora del oc\u00e9ano) se est\u00e1 frenando. Y la AMOC es un elemento clave en el funcionamiento del clima global (es lo que hace que Europa Central, a pesar de estar en la misma latitud que Canad\u00e1, tenga un clima m\u00e1s benigno), pero <a href=\"https:\/\/www.nature.com\/articles\/s41561-021-00699-z\" target=\"_blank\" rel=\"noopener\">ahora es cuando m\u00e1s lenta est\u00e1 fluyendo en, como m\u00ednimo, los \u00faltimos 1000 a\u00f1os<\/a>.<\/p>\n<p>La ralentizaci\u00f3n de la AMOC supone una mayor concentraci\u00f3n de calor en la superficie oce\u00e1nica, hecho que a su vez acelera el deshielo en los polos, lo cual acelera la velocidad de todo el ciclo de ralentizaci\u00f3n. Una aut\u00e9ntica espiral de desestabilizaci\u00f3n clim\u00e1tica.<\/p>\n<p>El calor acumulado en la superficie de los oc\u00e9anos implica que hay mucha energ\u00eda potencial disponible para reforzar las tormentas que se originen o simplemente pasen por las zonas de acumulaci\u00f3n. James Hansen, climat\u00f3logo de la NASA ya retirado, habla de <em>supertormentas<\/em>. \u00bfSe imaginan qu\u00e9 supondr\u00e1 que en cada vez m\u00e1s zonas costeras se produzcan con creciente repetitividad huracanes como Otis?<\/p>\n<p>La detenci\u00f3n de la AMOC, adem\u00e1s, desviar\u00e1 el flujo oce\u00e1nico de calor hacia el sur, enfriando las latitudes m\u00e1s norte\u00f1as y desestabilizando todo el hemisferio sur. La Zona de Convergencia Intertropical (ITCZ), donde la circulaci\u00f3n atmosf\u00e9rica del hemisferio norte y sur se encuentran, y cuya posici\u00f3n variable a lo largo del a\u00f1o gobierna la estaci\u00f3n de lluvias en Sudam\u00e9rica, \u00c1frica y Asia, se desviar\u00e1 hacia el sur, desecando la Amazon\u00eda, la selva africana y el sudeste asi\u00e1tico. Ahora piensen en todo el carbono secuestrado por esos grandes bosques que morir\u00edan por falta de precipitaci\u00f3n y que ser\u00eda liberado al morir y pudrirse los \u00e1rboles. O simplemente, que esos bosques dejen de secuestrar tanto carbono como est\u00e1n haciendo ahora, intentando compensar la locura humana. Da v\u00e9rtigo. Y cada vez m\u00e1s estudios, de los m\u00e1s reputados expertos, <a href=\"https:\/\/www.nature.com\/articles\/s41467-023-39810-w\" target=\"_blank\" rel=\"noopener\">apuntan a esta posibilidad para este mismo siglo<\/a>.<\/p>\n<p>No es de extra\u00f1ar que <a href=\"https:\/\/cadenaser.com\/nacional\/2023\/10\/24\/15000-cientificos-de-160-paises-advierten-que-el-cambio-climatico-ha-puesto-ya-en-peligro-la-vida-en-la-tierra-cadena-ser\/\" target=\"_blank\" rel=\"noopener\">cada vez m\u00e1s cient\u00edficos firmen manifiestos en los que admiten que \u00abla vida est\u00e1 en riesgo\u00bb<\/a>; o que Antonio Guterres, Secretario General de la ONU diga que <a href=\"https:\/\/news.un.org\/es\/audio\/2023\/09\/1523842\" target=\"_blank\" rel=\"noopener\">\u00abla era del colapso clim\u00e1tico ha comenzado\u00bb<\/a>. Viendo la dimensi\u00f3n del problema, lo que no se entiende es c\u00f3mo hemos tardado tanto en reconocerlo.<\/p>\n<p><strong>El Ni\u00f1o, cada vez m\u00e1s explosivo<\/strong><\/p>\n<p>Nuestro planeta no es sim\u00e9trico. Hay m\u00e1s tierra emergida en el hemisferio norte y m\u00e1s superficie marina en el hemisferio sur. Eso hace que la insolaci\u00f3n terrestre favorezca una mayor acumulaci\u00f3n de energ\u00eda en el hemisferio sur que en el Norte, porque el agua absorbe de manera m\u00e1s completa la radiaci\u00f3n solar.<\/p>\n<p>Debido a la rotaci\u00f3n de la Tierra, las circulaciones oce\u00e1nica y atmosf\u00e9rica de cada hemisferio pr\u00e1cticamente no intercambian energ\u00eda, son bastante independientes. As\u00ed que cada cierto tiempo se produce un efecto de alcance planetario: El Ni\u00f1o, una perturbaci\u00f3n que se propaga por todo el planeta durante un a\u00f1o completo, de verano a verano, con su punto \u00e1lgido en torno al d\u00eda de Navidad (de ah\u00ed el nombre de \u00abEl Ni\u00f1o\u00bb). Despu\u00e9s de cada Ni\u00f1o, lo normal es (o era) que se produzcan una o dos \u00abNi\u00f1as\u00bb, la oscilaci\u00f3n contraria, que son como el estado normal pero intensificado y que compensan el exceso de correcci\u00f3n de El Ni\u00f1o.<\/p>\n<p>Pero el ciclo El Ni\u00f1o-La Ni\u00f1a tambi\u00e9n est\u00e1 cambiando. Los eventos <a href=\"https:\/\/www.nature.com\/articles\/s41558-023-01801-6#Sec12\" target=\"_blank\" rel=\"noopener\">La Ni\u00f1a son cada vez con m\u00e1s frecuencia multianuales<\/a>, y la fase El Ni\u00f1o, cada vez m\u00e1s explosiva. Esta asimetr\u00eda peligrosa producir\u00e1 impactos m\u00e1s grandes en ambos extremos. Los \u00absuperni\u00f1o\u00bb, adem\u00e1s, se dan con m\u00e1s frecuencia que antes. El \u00faltimo, el de 2015-2016 ya produjo una <a href=\"https:\/\/twitter.com\/JuanBordera\/status\/1674436573692317697\" target=\"_blank\" rel=\"noopener\">anomal\u00eda enorme<\/a> en uno de los sistemas m\u00e1s robustos del Sistema Tierra: la Ant\u00e1rtida.<\/p>\n<p>Una Ant\u00e1rtida cuya situaci\u00f3n ya hemos se\u00f1alado como muy preocupante. Rodeada por la corriente oce\u00e1nica m\u00e1s fuerte de la Tierra (pero que tambi\u00e9n viene ralentiz\u00e1ndose r\u00e1pido) <a href=\"https:\/\/www.nature.com\/articles\/s43247-023-00961-9\" target=\"_blank\" rel=\"noopener\">est\u00e1 entrando en un estado diferente<\/a>: el aumento de la temperatura oce\u00e1nica en superficie acelera el deshielo, lo que genera a su vez un menor albedo (la menor cantidad de hielo cada vez refleja menos energ\u00eda al espacio entrando en un bucle de realimentaci\u00f3n que aumenta tanto la temperatura oce\u00e1nica como el propio deshielo).<\/p>\n<p>\u00bfY cu\u00e1ndo se dio ese primer punto de inflexi\u00f3n en uno de los sistemas m\u00e1s robustos de la Tierra? Justo al terminar El Ni\u00f1o de 2015-2016 (y en ese momento no hab\u00eda apenas influencia de los aerosoles). Tras ese a\u00f1o no se ha vuelto a recuperar, y las anomal\u00edas han continuado creciendo hasta que hemos llegado al siguiente empuj\u00f3n de la criatura: 2023.<\/p>\n<p><a href=\"https:\/\/espai-marx.net\/wp-content\/uploads\/2023\/11\/antartica.jpg\"><img loading=\"lazy\" decoding=\"async\" class=\"aligncenter size-full wp-image-14551\" src=\"https:\/\/espai-marx.net\/wp-content\/uploads\/2023\/11\/antartica.jpg\" alt=\"\" width=\"551\" height=\"285\" srcset=\"https:\/\/espai-marx.net\/wp-content\/uploads\/2023\/11\/antartica.jpg 551w, https:\/\/espai-marx.net\/wp-content\/uploads\/2023\/11\/antartica-300x155.jpg 300w\" sizes=\"auto, (max-width: 551px) 100vw, 551px\" \/><\/a><\/p>\n<p>Todo esto son muy malas noticias. Los vaivenes pronunciados y la inestabilidad son s\u00edntomas de cercan\u00eda a un punto de ruptura, de no retorno, a partir del cual muchos de los sistemas claves para el equilibrio entrar\u00e1n en una cascada de efectos en la que se van a ir derrumbando unos a otros. Ten\u00edamos un clima estable porque los factores decisivos en el equilibrio de ese clima eran estables.<\/p>\n<p>S\u00ed la cantidad de energ\u00eda que absorbe la Tierra aumenta \u2013recordemos que el 90% del exceso de calor acaba (o acababa) en los oc\u00e9anos\u2013, las oscilaciones naturales que se producen, y que se conten\u00edan dentro de la estabilidad del Holoceno, van teniendo m\u00e1s energ\u00eda con la que sorprendernos, e incluso desbordarnos, provocando anomal\u00edas que alimentan el mismo ciclo desestabilizador.<\/p>\n<p>Un c\u00f3ctel de factores (El Ni\u00f1o, menos aerosoles, el peque\u00f1o efecto que haya aportado la erupci\u00f3n de un volc\u00e1n submarino, estar cerca del m\u00e1ximo solar, etc) ha producido una mega inestabilidad como esta de 2023, que presumiblemente ser\u00e1 a\u00fan peor en 2024, al continuar los mismos factores actuando, m\u00e1s la inercia de las emisiones y el desbalance radiativo, que son los verdaderos responsables.<\/p>\n<p>Cuando probablemente en 2025 la fase de El Ni\u00f1o cambie a La Ni\u00f1a, sin duda notaremos un peque\u00f1o respiro. Hasta el siguiente golpe, claro. Y as\u00ed sucesivamente hasta cruzar un umbral cr\u00edtico. Como si una canica fuera empujada con fuerza creciente por un Ni\u00f1o, hasta que la canica va cogiendo impulso, y cae a un nuevo estado.<\/p>\n<p><a href=\"https:\/\/espai-marx.net\/wp-content\/uploads\/2023\/11\/hothouse-earth.jpg\"><img loading=\"lazy\" decoding=\"async\" class=\"aligncenter size-full wp-image-14552\" src=\"https:\/\/espai-marx.net\/wp-content\/uploads\/2023\/11\/hothouse-earth.jpg\" alt=\"\" width=\"530\" height=\"282\" srcset=\"https:\/\/espai-marx.net\/wp-content\/uploads\/2023\/11\/hothouse-earth.jpg 530w, https:\/\/espai-marx.net\/wp-content\/uploads\/2023\/11\/hothouse-earth-300x160.jpg 300w\" sizes=\"auto, (max-width: 530px) 100vw, 530px\" \/><\/a><\/p>\n<p>&nbsp;<\/p>\n<p>Hay que diferenciar, eso s\u00ed, los efectos previsibles a corto, medio y largo plazo.<\/p>\n<p>A corto plazo vamos hacia un aumento de los fen\u00f3menos extremos acentuados por las fluctuaciones naturales (El Ni\u00f1o-La Ni\u00f1a, la Oscilaci\u00f3n Decadal del Pac\u00edfico, la Oscilaci\u00f3n del Atl\u00e1ntico Norte, etc). A medio plazo, como ya hemos se\u00f1alado, vamos a un m\u00e1s que probable colapso de la AMOC (e incluso de la MOC al completo) debido al deshielo polar. Y a largo plazo, de no frenar, <a href=\"https:\/\/www.pnas.org\/doi\/10.1073\/pnas.1810141115\" target=\"_blank\" rel=\"noopener\">a la Tierra Invernadero<\/a>, de la que nos advirtieron hace apenas un lustro algunos de los mejores cient\u00edficos de la Tierra. El punto de no retorno de ambos cambios de fase podr\u00eda darse esta misma d\u00e9cada, aunque los efectos tarden en mostrarse unas cuantas d\u00e9cadas m\u00e1s.<\/p>\n<p>Pero que nadie piense que el clima se ha vuelto loco. Los locos somos nosotros. Los que hemos sostenido y seguimos defendiendo un sistema demente que pretend\u00eda lograr la imposibilidad de crecer eternamente en un planeta finito. Y los defensores de ese tipo de sistema sin sentido \u2013los economistas neoliberales\u2013 son los curas de esta religi\u00f3n suicida del crecimiento perpetuo a la que <a href=\"https:\/\/www.vatican.va\/content\/francesco\/es\/apost_exhortations\/documents\/20231004-laudate-deum.html\" target=\"_blank\" rel=\"noopener\">hasta el papa Francisco ha tenido que venir a se\u00f1alar como irracional<\/a>.<\/p>\n<p>El visionario Walter Benjamin ya dec\u00eda hace casi un siglo: \u00abMarx consideraba que las revoluciones son la locomotora de la historia universal. Pero tal vez se trate de algo completamente distinto. Tal vez sean las revoluciones el gesto por el que el g\u00e9nero humano que viaja en ese tren echa mano del freno de emergencia\u00bb.<\/p>\n<p>La v\u00eda se nos acaba. Estamos abandonando el Holoceno, el de las cuatro estaciones estables y la agricultura. Ahora estamos llegando a la \u00faltima estaci\u00f3n del trayecto, la estaci\u00f3n Antropoceno. No tenemos ya mucho margen de maniobra, pero s\u00ed que podemos escoger c\u00f3mo entramos en ella y a qu\u00e9 velocidad. Podemos frenar lo m\u00e1s suavemente posible esa Gran Aceleraci\u00f3n que nunca debimos dejar que se desbocara, para acolchar y atenuar un golpe a todas luces ineludible, o podemos seguir a toda pastilla, mientras negamos la gravedad del asunto, hasta el Gran Frenazo final, salte quien salte por la ventanilla.<\/p>\n<p>El clima del planeta ya no volver\u00e1 a ser el mismo. El planeta no volver\u00e1 a ser el mismo. Hemos viajado tan r\u00e1pido, que hemos llegado a otro planeta sin movernos de casa, y m\u00e1s nos vale poner todo el empe\u00f1o del mundo, de este nuevo mundo, en comprenderlo, conocerlo y divulgarlo, para poder prepararnos para afrontarlo con sentido com\u00fan, y de la manera menos individualista posible.<\/p>\n<p>El final de las estaciones no es el final de nada m\u00e1s (y nada menos) que de la estabilidad clim\u00e1tica. Es el final de las estaciones estables, conocidas. Y a la vez el principio de un nuevo r\u00e9gimen clim\u00e1tico lleno de incertidumbres en el que todo lo que conocemos y amamos estar\u00e1 en riesgo.<\/p>\n<p>Fuente: CTXT, 5-11-2023 (<a href=\"https:\/\/ctxt.es\/es\/20231101\/Firmas\/44507\/Juan-Bordera-Antonio-Turiel-crisis-ecologica-colapso-climatico-verano-fenomenos-extremos-no-retorno.htm\">https:\/\/ctxt.es\/es\/20231101\/Firmas\/44507\/Juan-Bordera-Antonio-Turiel-crisis-ecologica-colapso-climatico-verano-fenomenos-extremos-no-retorno.htm<\/a>)<\/p>\n","protected":false},"excerpt":{"rendered":"<p>El que por azar pare el mundo, ser\u00e1 su salvador. \u00c9mile Zola Nos enorgullecemos tanto de nuestros enormes avances t\u00e9cnicos<\/p>\n","protected":false},"author":5,"featured_media":14553,"comment_status":"open","ping_status":"open","sticky":false,"template":"","format":"standard","meta":{"footnotes":""},"categories":[1564,1563],"tags":[],"class_list":["post-14549","post","type-post","status-publish","format-standard","has-post-thumbnail","hentry","category-crisis-ecologica","category-crisis-ecosocial"],"aioseo_notices":[],"_links":{"self":[{"href":"https:\/\/espai-marx.net\/index.php?rest_route=\/wp\/v2\/posts\/14549","targetHints":{"allow":["GET"]}}],"collection":[{"href":"https:\/\/espai-marx.net\/index.php?rest_route=\/wp\/v2\/posts"}],"about":[{"href":"https:\/\/espai-marx.net\/index.php?rest_route=\/wp\/v2\/types\/post"}],"author":[{"embeddable":true,"href":"https:\/\/espai-marx.net\/index.php?rest_route=\/wp\/v2\/users\/5"}],"replies":[{"embeddable":true,"href":"https:\/\/espai-marx.net\/index.php?rest_route=%2Fwp%2Fv2%2Fcomments&post=14549"}],"version-history":[{"count":0,"href":"https:\/\/espai-marx.net\/index.php?rest_route=\/wp\/v2\/posts\/14549\/revisions"}],"wp:featuredmedia":[{"embeddable":true,"href":"https:\/\/espai-marx.net\/index.php?rest_route=\/wp\/v2\/media\/14553"}],"wp:attachment":[{"href":"https:\/\/espai-marx.net\/index.php?rest_route=%2Fwp%2Fv2%2Fmedia&parent=14549"}],"wp:term":[{"taxonomy":"category","embeddable":true,"href":"https:\/\/espai-marx.net\/index.php?rest_route=%2Fwp%2Fv2%2Fcategories&post=14549"},{"taxonomy":"post_tag","embeddable":true,"href":"https:\/\/espai-marx.net\/index.php?rest_route=%2Fwp%2Fv2%2Ftags&post=14549"}],"curies":[{"name":"wp","href":"https:\/\/api.w.org\/{rel}","templated":true}]}}