{"id":14644,"date":"2023-12-03T05:00:14","date_gmt":"2023-12-03T04:00:14","guid":{"rendered":"https:\/\/espai-marx.net\/?p=14644"},"modified":"2023-12-03T03:28:33","modified_gmt":"2023-12-03T02:28:33","slug":"simone-weil-en-la-columna-durruti","status":"publish","type":"post","link":"https:\/\/espai-marx.net\/?p=14644","title":{"rendered":"Simone Weil en la columna Durruti"},"content":{"rendered":"<p>Rese\u00f1a de: Adrien Bosc, <i>La columna,<\/i> Barcelona, Tusquets, 2022, 153 p\u00e1ginas (traducci\u00f3n de Juan Manuel Salmer\u00f3n Arjona).<\/p>\n<p><a href=\"https:\/\/espai-marx.net\/wp-content\/uploads\/2023\/12\/portada_la-columna_adrien-bosc_202210171519.webp\"><img loading=\"lazy\" decoding=\"async\" class=\"alignleft wp-image-14645\" src=\"https:\/\/espai-marx.net\/wp-content\/uploads\/2023\/12\/portada_la-columna_adrien-bosc_202210171519-683x1024.webp\" alt=\"\" width=\"200\" height=\"300\" srcset=\"https:\/\/espai-marx.net\/wp-content\/uploads\/2023\/12\/portada_la-columna_adrien-bosc_202210171519-683x1024.webp 683w, https:\/\/espai-marx.net\/wp-content\/uploads\/2023\/12\/portada_la-columna_adrien-bosc_202210171519-200x300.webp 200w, https:\/\/espai-marx.net\/wp-content\/uploads\/2023\/12\/portada_la-columna_adrien-bosc_202210171519-768x1152.webp 768w, https:\/\/espai-marx.net\/wp-content\/uploads\/2023\/12\/portada_la-columna_adrien-bosc_202210171519.webp 800w\" sizes=\"auto, (max-width: 200px) 100vw, 200px\" \/><\/a>Excelente escritura, buena narraci\u00f3n que atrapa al lector desde el primer momento. Un ejemplo: \u00abEs una tumba sin flores, en un cementerio no muy lustroso. Con sus bancos de piedra dispersos entre los \u00e1rboles, el lugar parece m\u00e1s uno de esos jardines privados que hay en el centro de Londres. En la zona cat\u00f3lica, medio oculta entre un espino, hay una losa de granito cubierta de hojas en la que reza, en franc\u00e9s: Simone Weil, 3 febrero 1909-24 agosto 1943.\u00bb<\/p>\n<p>Libro para interesados en la vida y praxis de Simone Weil, una arista esencial de su filosofar, y para interesados en asuntos relacionados con nuestra guerra civil (el autor comete el error, a\u00fan demasiado frecuente, de llamar nacionales a los sublevados fascistas). As\u00ed, pues, de inter\u00e9s generalizado.<\/p>\n<p>Breve apunte del autor: Adrien Bosc (1986), fundador de las \u00c9ditions du Sousol, recibi\u00f3 en 2004 el Gran Prix du Roman de l\u2019Acad\u00e9mie Fran\u00e7aise por <i>Constellation<\/i>. En 2018 public\u00f3 se segunda novela, <i>Capitaine<\/i>.<\/p>\n<p><i>La columna, <\/i>su tercer libro, es una novela breve que toma pie en la presencia de Weil en nuestro pa\u00eds durante la guerra civil. Sucintamente: En agosto de 1936, al poco de comenzar la guerra civil espa\u00f1ola, S.W., 27 a\u00f1os entonces, se alista en el Grupo Internacional de la Columna Durruti, en el frente de Arag\u00f3n. All\u00ed sufre un accidente y acaba regresando a Francia. Pasa unos 45 d\u00edas en Espa\u00f1a de los que poco sabemos: sus apuntes en un <i>Diario de Espa\u00f1a<\/i> que llev\u00f3 en su cuaderno Moleskine (se han conservado 34 hojas), primeras impresiones de la guerra y frases de la gram\u00e1tica espa\u00f1ola escrita en hojas sueltas. Tambi\u00e9n un pasaporte con los sellos de la Generalitat de Catalu\u00f1a y del Comit\u00e9 Central de las milicias, cartas y algunas fotograf\u00edas (incluidas en el libro; la de la p\u00e1gina 153 por ejemplo).<\/p>\n<p>El accidente sufrido por la autora de <i>La fuente griega<\/i>: \u00ab[\u2026] Cuando al fin los aviones se fueron, Simone se pas\u00f3 a otra trinchera, donde hab\u00eda un fusil ametrallador. Esper\u00f3 un rato a escondidas tras aquel mont\u00f3n de tierra, especie del fanal en medio del cementerio, y luego volvi\u00f3 al campamento. Fue as\u00ed, imaginamos, como, al salir de su escondite, sin recordar el fuego que ard\u00eda en el hoyo, meti\u00f3 el pie en la enorme sart\u00e9n con aceite hirviendo. Cay\u00f3 cuan larga era, gritando de dolor. Hans acudi\u00f3 al instante, la cogi\u00f3 de los brazos y al sac\u00f3. Le pidi\u00f3 que se callara, lo aterraba la posibilidad de que se acercara un destacamento de nacionales. Aplic\u00f3 un pa\u00f1o mojado a la quemadura. Pas\u00f3 una hora larga hasta que los compa\u00f1eros regresaron\u2026.\u00bb<\/p>\n<p>Componen <i>La columna<\/i> dos partes: I. En la columna (sobre los d\u00edas de Weil en Espa\u00f1a). 2. Una carta en una billetera (Historias, Exilios, Cartas, Entierros) y una nota del autor. La carta a Georges Bernanos cierra la primera parte (pp. 87-94).<\/p>\n<p>La nota del autor informa de las fuentes usadas. \u00abLos hechos de la vida de Simone Weil est\u00e1n extra\u00eddos de la biograf\u00eda de su amiga Simone P\u00e9trement, <i>La vie de Simone Weil<\/i> y de los libros de Laure Adler, Fran\u00e7ois L\u2019Yvonnet y Christiane Ranc\u00e9&#8230; <i>Les Fils de la nuit. Souvenirs de la guerre d\u2019Espagne<\/i>, de Antonio Gim\u00e9nez, cuenta la historia de los dem\u00e1s compa\u00f1eros del Grupo Internacional. Los escritos pol\u00edticos de uno de ellos, Sail Mohamed, se han reunido en un tomo con el t\u00edtulo <i>L\u2019\u00c9trange \u00e9tranger. \u00c9crits d\u2019un anarchiste kabyl<\/i>e\u00bb. De profundo inter\u00e9s la historia de la familia Caro.<\/p>\n<p>Desde un punto de vista historio y poli\u00e9tico es esencial la carta de Charles Ridel de 1954, un antiguo camarada de Weil del Grupo Internacionalista de Pina (pp. 136-139 del libro). Abre as\u00ed: \u00abLa manera de presentar manera los incidentes, hechos y acontecimientos, \u00bfcorresponde a la realidad que Weil vivi\u00f3 en Espa\u00f1a? Seg\u00fan la opini\u00f3n de los supervivientes del Grupo Internacional de la columna Durruti a la que ella perteneci\u00f3, no.\u00bb Una r\u00e9plica en toda regla, cr\u00edtica de la complicidad de Weil con Bernanos.<\/p>\n<p>Dos a\u00f1os despu\u00e9s, Ridel publica en la misma revista un art\u00edculo titulado: \u00abRechazo de la leyenda\u00bb. La revoluci\u00f3n espa\u00f1ola, observa, \u00abno fue ni una construcci\u00f3n perfecta ni un castillo de leyenda\u2026. En los hoyos excavados en las faldas de los montes de Arag\u00f3n, unos hombres vivieron fraternal y peligrosamente, sin necesidad de esperar nada porque vivieron, plenamente, sabedores de que eran lo que quer\u00edan ser.\u00bb<\/p>\n<p>Fuente: <i>El Viejo Topo<\/i><\/p>\n","protected":false},"excerpt":{"rendered":"<p>Rese\u00f1a de: Adrien Bosc, La columna, Barcelona, Tusquets, 2022, 153 p\u00e1ginas (traducci\u00f3n de Juan Manuel Salmer\u00f3n Arjona). Excelente escritura, buena<\/p>\n","protected":false},"author":5,"featured_media":14646,"comment_status":"open","ping_status":"open","sticky":false,"template":"","format":"standard","meta":{"footnotes":""},"categories":[20,5],"tags":[2068,2069,917,2044],"class_list":["post-14644","post","type-post","status-publish","format-standard","has-post-thumbnail","hentry","category-guerra-civil-espanola","category-literatura","tag-adrien-bosc","tag-la-columna","tag-resenas","tag-simone-weil"],"aioseo_notices":[],"_links":{"self":[{"href":"https:\/\/espai-marx.net\/index.php?rest_route=\/wp\/v2\/posts\/14644","targetHints":{"allow":["GET"]}}],"collection":[{"href":"https:\/\/espai-marx.net\/index.php?rest_route=\/wp\/v2\/posts"}],"about":[{"href":"https:\/\/espai-marx.net\/index.php?rest_route=\/wp\/v2\/types\/post"}],"author":[{"embeddable":true,"href":"https:\/\/espai-marx.net\/index.php?rest_route=\/wp\/v2\/users\/5"}],"replies":[{"embeddable":true,"href":"https:\/\/espai-marx.net\/index.php?rest_route=%2Fwp%2Fv2%2Fcomments&post=14644"}],"version-history":[{"count":0,"href":"https:\/\/espai-marx.net\/index.php?rest_route=\/wp\/v2\/posts\/14644\/revisions"}],"wp:featuredmedia":[{"embeddable":true,"href":"https:\/\/espai-marx.net\/index.php?rest_route=\/wp\/v2\/media\/14646"}],"wp:attachment":[{"href":"https:\/\/espai-marx.net\/index.php?rest_route=%2Fwp%2Fv2%2Fmedia&parent=14644"}],"wp:term":[{"taxonomy":"category","embeddable":true,"href":"https:\/\/espai-marx.net\/index.php?rest_route=%2Fwp%2Fv2%2Fcategories&post=14644"},{"taxonomy":"post_tag","embeddable":true,"href":"https:\/\/espai-marx.net\/index.php?rest_route=%2Fwp%2Fv2%2Ftags&post=14644"}],"curies":[{"name":"wp","href":"https:\/\/api.w.org\/{rel}","templated":true}]}}