{"id":14649,"date":"2023-12-04T05:00:59","date_gmt":"2023-12-04T04:00:59","guid":{"rendered":"https:\/\/espai-marx.net\/?p=14649"},"modified":"2023-12-03T23:53:28","modified_gmt":"2023-12-03T22:53:28","slug":"resena-inusual","status":"publish","type":"post","link":"https:\/\/espai-marx.net\/?p=14649","title":{"rendered":"Rese\u00f1a inusual"},"content":{"rendered":"<p>Rese\u00f1a de Miguel Candel y Salvador L\u00f3pez Arnal,<i> <\/i><i>Memoria a dos voces en si menor (primera parte), <\/i><i>M<\/i>\u00e1laga: Ediciones del Genal, 2023.<\/p>\n<p><a href=\"https:\/\/espai-marx.net\/wp-content\/uploads\/2023\/12\/memoria-a-dos-voces.jpg\"><img loading=\"lazy\" decoding=\"async\" class=\"alignleft  wp-image-14650\" src=\"https:\/\/espai-marx.net\/wp-content\/uploads\/2023\/12\/memoria-a-dos-voces.jpg\" alt=\"\" width=\"200\" height=\"301\" srcset=\"https:\/\/espai-marx.net\/wp-content\/uploads\/2023\/12\/memoria-a-dos-voces.jpg 466w, https:\/\/espai-marx.net\/wp-content\/uploads\/2023\/12\/memoria-a-dos-voces-200x300.jpg 200w\" sizes=\"auto, (max-width: 200px) 100vw, 200px\" \/><\/a>Hay que haber vivido desde la d\u00e9cada de los \u201960 del siglo pasado, y con plena intensidad la de los \u201970, para comprender la importancia de esta obra escrita al alim\u00f3n mostrando los recuerdos de uno y otro autor, ambos buenos, ambos inteligentes y ambos entregados a la causa pol\u00edtica espa\u00f1ola desde ese lado que se suele denominar imprecisamente izquierda, m\u00e1s extrema en la juventud, en el caso de Salvador; de origen religioso la de Miguel. Estas Memorias son reflejo de unos a\u00f1os en un ambiente determinado: el de las personas comprometidas en la oposici\u00f3n de izquierdas al franquismo: Salvador L\u00f3pez Arnal muestra su experiencia vinculada a un grupo mao\u00edsta (el PCE m-l FRAP), de menor entidad (salvo por la posterior deriva terrorista del FRAP) que el PSUC (Partido socialista Unificado de Catalu\u00f1a), en el que Miguel Candel milit\u00f3; ambos coincidieron en el sindicato Comisiones Obreras, especialmente en el \u00e1mbito de la ense\u00f1anza y junto a Manuel Sacrist\u00e1n, que fue miembro del Comit\u00e9 Central del Partido Comunista de Espa\u00f1a (al que estaba vinculado el PSUC). Lo que podr\u00eda quedar en la narraci\u00f3n de una experiencia pol\u00edtica, que los j\u00f3venes de hoy podr\u00edan menospreciar sin sentirse concernidos, est\u00e1 hilvanado con las vidas de los dos protagonistas, reflejando una parte de la sociedad espa\u00f1ola, catalana, barcelonesa de esos a\u00f1os.<\/p>\n<p>Leer las m\u00e1s de cuatrocientas p\u00e1ginas de esta primera parte publicada por ediciones del Genal (M\u00e1laga, 2023), escritas al alim\u00f3n, en buen castellano y sin apenas erratas, nos adentra en sus vidas, y nos hace sentir los momentos que su memoria ha preservado, sin que tengan empacho en mostrar llanamente, que no humildemente, sus flaquezas, sus errores, incluso en \u00e1mbitos de la mayor intimidad, un ejercicio de honestidad como pocos. Las p\u00e1ginas est\u00e1n escritas al modo que se desarrolla el r\u00edo de la vida, secuencialmente a la vez que se superponen acontecimientos y sentimientos, con meandros y descansos, dando paso el uno al otro y el otro al uno, confluyendo en un mismo caudal biogr\u00e1fico.<\/p>\n<p>Dos personas cultas, con bagaje intelectual acreditado en diversos libros anteriores, dedicados a la filosof\u00eda, ambos profesores de la materia, m\u00e1s a fondo y acad\u00e9mico Miguel Candel; los dos ganados para la causa de los humildes, mostrando mayor intensidad y sentimiento Salvador L\u00f3pez Arnal, pero moviliz\u00e1ndose uno y otro en las causas del momento; con peripecias amorosas diferentes, mejor anclado Miguel por su continuado amor a Mar\u00eda, profesora de biolog\u00eda, madre de sus hijas; algo m\u00e1s inusual Salvador, con Rosa, diez a\u00f1os mayor que \u00e9l. De mayor pulsi\u00f3n sentimental Salvador, permanentemente insatisfecho de sus logros po\u00e9ticos; m\u00e1s descriptivo Miguel, cuyo trabajo de traductor en Naciones Unidas le permite conocer Nueva York m\u00e1s all\u00e1 de lo que un turista puede alcanzar, con las vicisitudes de instalarse para vivir con su familia y la carest\u00eda de la habitaci\u00f3n cuando se tiene la impedimenta de un salario limitado. Contrasta la ciudad de la riqueza con el viaje de Salvador a Nicaragua, a la cuna de la Revoluci\u00f3n Sandinista, pasando por Cuba, de vida sencilla, repleta de calor humano, de esa que llena el coraz\u00f3n.<\/p>\n<p>Lecturas diversas, pocas las recomendadas de tantas que podr\u00edan haber mencionado del acervo de sus conocimientos. Con entusiasmo menciona Salvador el <i>\u00c1lgebra<\/i> de Roger Godement. Descubri\u00f3 Miguel a Maurice Blondel y su filosof\u00eda de la acci\u00f3n. Manuel Sacrist\u00e1n es el referente de ambos, en la acci\u00f3n y en la reflexi\u00f3n. Es el Maestro.<\/p>\n<p>Especial menci\u00f3n merece el instituto de ense\u00f1anza media Puig Castellar, de Santa Coloma de Gramenet, donde fueron profesores ambos (tambi\u00e9n Mar\u00eda, bi\u00f3loga) , adonde fue a parar Salvador tras sus paso en pr\u00e1cticas por el instituto Balmes (en el departamento de filosof\u00eda, dirigido por don Ferm\u00edn de Urmeneta). All\u00ed se conocieron (Salvador recuerda un encuentro anterior) y compartieron momentos hist\u00f3ricos de Espa\u00f1a, junto con sus alumnos, de talante diferente, reconoce Miguel, entre los primeros y los \u00faltimos. Las hornadas cambiaron con los tiempos y con estos las mentalidades, abri\u00e9ndose paso el liberalismo ac\u00e9rrimo, los \u00abposmodernos\u00bb y la disoluci\u00f3n del esp\u00edritu cr\u00edtico.<\/p>\n<p>Memorias sinceras, sin pretensi\u00f3n de ajuste cuentas con nada ni con nadie; sin nostalgia de un pasado. Su vida tal cual en lo que la memoria les ha concedido. Lectura provechosa para quienes impelidos por la curiosidad del pasado reciente quieran ver a trav\u00e9s de sus ventanas, la de ellos, c\u00f3mo vivieron, c\u00f3mo sintieron y c\u00f3mo fueron haciendo camino al andar. Quedamos, agradecidos, a la espera de su segunda parte, que la primera ha quedado cerrada con la gran p\u00e9rdida de Manuel Sacrist\u00e1n, aquel agosto de 1985.<\/p>\n<p>27-XI-2023.<\/p>\n","protected":false},"excerpt":{"rendered":"<p>Rese\u00f1a de Miguel Candel y Salvador L\u00f3pez Arnal, Memoria a dos voces en si menor (primera parte), M\u00e1laga: Ediciones del<\/p>\n","protected":false},"author":5,"featured_media":14651,"comment_status":"open","ping_status":"open","sticky":false,"template":"","format":"standard","meta":{"footnotes":""},"categories":[19],"tags":[2070,1146,917,892],"class_list":["post-14649","post","type-post","status-publish","format-standard","has-post-thumbnail","hentry","category-cultura","tag-memoria-a-dos-voces-en-si-menor-primera-parte","tag-miguel-candel","tag-resenas","tag-salvador-lopez-arnal"],"aioseo_notices":[],"_links":{"self":[{"href":"https:\/\/espai-marx.net\/index.php?rest_route=\/wp\/v2\/posts\/14649","targetHints":{"allow":["GET"]}}],"collection":[{"href":"https:\/\/espai-marx.net\/index.php?rest_route=\/wp\/v2\/posts"}],"about":[{"href":"https:\/\/espai-marx.net\/index.php?rest_route=\/wp\/v2\/types\/post"}],"author":[{"embeddable":true,"href":"https:\/\/espai-marx.net\/index.php?rest_route=\/wp\/v2\/users\/5"}],"replies":[{"embeddable":true,"href":"https:\/\/espai-marx.net\/index.php?rest_route=%2Fwp%2Fv2%2Fcomments&post=14649"}],"version-history":[{"count":0,"href":"https:\/\/espai-marx.net\/index.php?rest_route=\/wp\/v2\/posts\/14649\/revisions"}],"wp:featuredmedia":[{"embeddable":true,"href":"https:\/\/espai-marx.net\/index.php?rest_route=\/wp\/v2\/media\/14651"}],"wp:attachment":[{"href":"https:\/\/espai-marx.net\/index.php?rest_route=%2Fwp%2Fv2%2Fmedia&parent=14649"}],"wp:term":[{"taxonomy":"category","embeddable":true,"href":"https:\/\/espai-marx.net\/index.php?rest_route=%2Fwp%2Fv2%2Fcategories&post=14649"},{"taxonomy":"post_tag","embeddable":true,"href":"https:\/\/espai-marx.net\/index.php?rest_route=%2Fwp%2Fv2%2Ftags&post=14649"}],"curies":[{"name":"wp","href":"https:\/\/api.w.org\/{rel}","templated":true}]}}