{"id":14660,"date":"2023-12-07T05:00:40","date_gmt":"2023-12-07T04:00:40","guid":{"rendered":"https:\/\/espai-marx.net\/?p=14660"},"modified":"2023-12-07T04:45:23","modified_gmt":"2023-12-07T03:45:23","slug":"14660","status":"publish","type":"post","link":"https:\/\/espai-marx.net\/?p=14660","title":{"rendered":"Ya a la venta: <i>Conversaciones filos\u00f3ficas (I)<\/i>"},"content":{"rendered":"<p>Si hace unas semanas inform\u00e1bamos de la incorporaci\u00f3n a nuestra biblioteca electr\u00f3nica Els Arbres de Fahrenheit de dos vol\u00famenes de entrevistas realizadas por Salvador L\u00f3pez Arnal a diferentes personalidades del \u00e1mbito cultural y pol\u00edtico hispanohablante, nos complace informar de que ahora tambi\u00e9n es posible su adquisici\u00f3n en papel a trav\u00e9s de la plataforma Lulu del primero de ellos.<\/p>\n<div class=\"cm-posts\">\n<article id=\"post-3647\" class=\"post-3647 rcno_review type-rcno_review status-publish has-post-thumbnail hentry category-filosofia tag-els-arbres rcno_autor-salvador-lopez-arnal rcno_basic_template\">\n<div class=\"cm-post-content\">\n<div class=\"cm-below-entry-meta \">\n<div class=\"cm-entry-summary\">\n<div class=\"rcno-book-info\">\n<div class=\"review-content\">\n<div class=\"rcno-book-review-content\">\n<p><a href=\"https:\/\/www.lulu.com\/es\/shop\/salvador-l%C3%B3pez-arnal\/conversaciones-filos%C3%B3ficas-i\/paperback\/product-e7e275j.html?q=conversaciones+filosoficas&amp;page=1&amp;pageSize=4\"><img loading=\"lazy\" decoding=\"async\" class=\"aligncenter wp-image-3673\" src=\"https:\/\/espai-marx.net\/elsarbres\/wp-content\/uploads\/2023\/09\/capture-20231129-182743-300x203.png\" sizes=\"auto, (max-width: 426px) 100vw, 426px\" srcset=\"https:\/\/espai-marx.net\/elsarbres\/wp-content\/uploads\/2023\/09\/capture-20231129-182743-300x203.png 300w, https:\/\/espai-marx.net\/elsarbres\/wp-content\/uploads\/2023\/09\/capture-20231129-182743-1024x692.png 1024w, https:\/\/espai-marx.net\/elsarbres\/wp-content\/uploads\/2023\/09\/capture-20231129-182743-768x519.png 768w, https:\/\/espai-marx.net\/elsarbres\/wp-content\/uploads\/2023\/09\/capture-20231129-182743.png 1169w\" alt=\"\" width=\"426\" height=\"288\" \/><\/a><\/p>\n<\/div>\n<\/div>\n<\/div>\n<\/div>\n<\/div>\n<\/div>\n<\/article>\n<\/div>\n<p>Recordamos que la descarga gratuita de la versi\u00f3n digital est\u00e1 disponible en nuestra biblioteca electr\u00f3nica:\u00a0 <a href=\"https:\/\/espai-marx.net\/elsarbres\/wp-content\/uploads\/2023\/09\/Conversaciones-Filosoficas-I-8.pdf\">Conversaciones Filoso\u0301ficas I- 8<\/a><\/p>\n<p>Son doce las entrevistas incluidas en estas <em>Conversaciones filos\u00f3ficas (I)<\/em> y variados los temas desarrollados en ellas: la Universidad y el esp\u00edritu cr\u00edtico; la t\u00e9cnica y la tecnolog\u00eda; el filosofar comprometido de F. Fern\u00e1ndez Buey; el poder corporativo y las luchas y resistencias ciudadanas; la l\u00f3gica de Hegel; Marx y el materialismo; el Partido Comunista de Espa\u00f1a y la literatura entre 1931 y 1978; la filosof\u00eda de Mario Bunge; el conocimiento expropiado; la metaf\u00edsica del ser y del no ser; Lysenko, la gen\u00e9tica y el estalinismo y, finalmente, una conversaci\u00f3n sobre dos grandes fil\u00f3sofos contempor\u00e1neos, Louis Althusser y Manuel Sacrist\u00e1n.<\/p>\n<p>Los pensadores entrevistados: Federico Aguilera Klink, Adri\u00e1n Almaz\u00e1n, Perfecto Andr\u00e9s Ib\u00e1\u00f1ez, Alfredo Apil\u00e1nez, Rafael Arag\u00fc\u00e9s, Juan Manuel Arag\u00fc\u00e9s Estragu\u00e9s, Manuel Aznar Soler, Alfons Barcel\u00f3, Fernando Broncano, Miguel Candel, Adri\u00e0 Casinos, Juan Dal Maso y Ariel Petruccelli.<\/p>\n<p>Se\u00f1ala el editor, Salvador L\u00f3pez Arnal, en su presentaci\u00f3n: \u00abUn procedimiento, este de las entrevistas, que permite saborear los buenos argumentos filos\u00f3ficos, las categor\u00edas y conceptos fruct\u00edferos, la claridad en la exposici\u00f3n, disolver dudas, disfrutar de las nuevas inquietudes y propuestas filos\u00f3ficas, sopesar el peso de lo cl\u00e1sico y de los cl\u00e1sicos, el esencial papel de la pr\u00e1ctica, sentir (con desasosiego) la amplitud del inabarcable escenario filos\u00f3fico, la importancia del pensar y repensar permanente\u2026 y, por supuesto, la<br \/>\ncomplejidad e inter\u00e9s cultural de todo o de casi todo\u00bb.<\/p>\n<p>En esto \u00faltimo, sostiene el editor, \u00abla filosof\u00eda es como la vida, un proyecto en construcci\u00f3n que nosotros mismos vamos realizando en compa\u00f1\u00eda y con apoyos. Intentar comprender m\u00e1s conlleva, en la mayor\u00eda de los casos, tomar consciencia de lo mucho que nos queda por saber, con nuestro esfuerzo y la ayuda de los otros\/as\u00bb.<\/p>\n","protected":false},"excerpt":{"rendered":"<p>Si hace unas semanas inform\u00e1bamos de la incorporaci\u00f3n a nuestra biblioteca electr\u00f3nica Els Arbres de Fahrenheit de dos vol\u00famenes de<\/p>\n","protected":false},"author":5,"featured_media":14661,"comment_status":"open","ping_status":"open","sticky":false,"template":"","format":"standard","meta":{"footnotes":""},"categories":[19,825,8],"tags":[],"class_list":["post-14660","post","type-post","status-publish","format-standard","has-post-thumbnail","hentry","category-cultura","category-elsarbres","category-filosofia"],"aioseo_notices":[],"_links":{"self":[{"href":"https:\/\/espai-marx.net\/index.php?rest_route=\/wp\/v2\/posts\/14660","targetHints":{"allow":["GET"]}}],"collection":[{"href":"https:\/\/espai-marx.net\/index.php?rest_route=\/wp\/v2\/posts"}],"about":[{"href":"https:\/\/espai-marx.net\/index.php?rest_route=\/wp\/v2\/types\/post"}],"author":[{"embeddable":true,"href":"https:\/\/espai-marx.net\/index.php?rest_route=\/wp\/v2\/users\/5"}],"replies":[{"embeddable":true,"href":"https:\/\/espai-marx.net\/index.php?rest_route=%2Fwp%2Fv2%2Fcomments&post=14660"}],"version-history":[{"count":0,"href":"https:\/\/espai-marx.net\/index.php?rest_route=\/wp\/v2\/posts\/14660\/revisions"}],"wp:featuredmedia":[{"embeddable":true,"href":"https:\/\/espai-marx.net\/index.php?rest_route=\/wp\/v2\/media\/14661"}],"wp:attachment":[{"href":"https:\/\/espai-marx.net\/index.php?rest_route=%2Fwp%2Fv2%2Fmedia&parent=14660"}],"wp:term":[{"taxonomy":"category","embeddable":true,"href":"https:\/\/espai-marx.net\/index.php?rest_route=%2Fwp%2Fv2%2Fcategories&post=14660"},{"taxonomy":"post_tag","embeddable":true,"href":"https:\/\/espai-marx.net\/index.php?rest_route=%2Fwp%2Fv2%2Ftags&post=14660"}],"curies":[{"name":"wp","href":"https:\/\/api.w.org\/{rel}","templated":true}]}}