{"id":14711,"date":"2023-12-18T05:00:11","date_gmt":"2023-12-18T04:00:11","guid":{"rendered":"https:\/\/espai-marx.net\/?p=14711"},"modified":"2023-12-18T08:32:55","modified_gmt":"2023-12-18T07:32:55","slug":"centenario-de-la-muerte-de-lenin","status":"publish","type":"post","link":"https:\/\/espai-marx.net\/?p=14711","title":{"rendered":"Centenario de la muerte de Lenin"},"content":{"rendered":"<p>Acto de homenaje en Barcelona organizado por Viejo Topo, Cr\u00f3nica Pol\u00edtica y Espai Marx.<\/p>\n<p>Presentado por Ernesto G\u00f3mez de la Hera con la participaci\u00f3n de Jos\u00e9 Luis Mart\u00edn Ramos, que hablar\u00e1 sobre la pol\u00edtica leninista respecto a la cuesti\u00f3n nacional, y Constantino B\u00e9rtolo, sobre la literatura de Lenin.<\/p>\n<p>20 de enero de 2024 a las 10.30 en el Centro Cultural Teresa P\u00e0mies, calle Urgell, 145 (Barcelona)<\/p>\n<p style=\"text-align: center;\"><a href=\"https:\/\/espai-marx.net\/wp-content\/uploads\/2023\/12\/1924-2024.png\"><img loading=\"lazy\" decoding=\"async\" class=\"size-large wp-image-14712 aligncenter\" src=\"https:\/\/espai-marx.net\/wp-content\/uploads\/2023\/12\/1924-2024-1024x756.png\" alt=\"\" width=\"800\" height=\"591\" srcset=\"https:\/\/espai-marx.net\/wp-content\/uploads\/2023\/12\/1924-2024-1024x756.png 1024w, https:\/\/espai-marx.net\/wp-content\/uploads\/2023\/12\/1924-2024-300x221.png 300w, https:\/\/espai-marx.net\/wp-content\/uploads\/2023\/12\/1924-2024-768x567.png 768w, https:\/\/espai-marx.net\/wp-content\/uploads\/2023\/12\/1924-2024-1536x1133.png 1536w, https:\/\/espai-marx.net\/wp-content\/uploads\/2023\/12\/1924-2024-1320x974.png 1320w, https:\/\/espai-marx.net\/wp-content\/uploads\/2023\/12\/1924-2024.png 2048w\" sizes=\"auto, (max-width: 800px) 100vw, 800px\" \/><\/a><span style=\"font-size: 10pt;\">Dise\u00f1o del cartel a partir de una modificaci\u00f3n de: <a href=\"https:\/\/www.marxist.ca\/school\">https:\/\/www.marxist.ca\/school<\/a><\/span><\/p>\n","protected":false},"excerpt":{"rendered":"<p>Acto de homenaje en Barcelona organizado por Viejo Topo, Cr\u00f3nica Pol\u00edtica y Espai Marx. Presentado por Ernesto G\u00f3mez de la<\/p>\n","protected":false},"author":5,"featured_media":14713,"comment_status":"open","ping_status":"open","sticky":false,"template":"","format":"standard","meta":{"footnotes":""},"categories":[880,2023],"tags":[],"class_list":["post-14711","post","type-post","status-publish","format-standard","has-post-thumbnail","hentry","category-actividades","category-lenin"],"aioseo_notices":[],"_links":{"self":[{"href":"https:\/\/espai-marx.net\/index.php?rest_route=\/wp\/v2\/posts\/14711","targetHints":{"allow":["GET"]}}],"collection":[{"href":"https:\/\/espai-marx.net\/index.php?rest_route=\/wp\/v2\/posts"}],"about":[{"href":"https:\/\/espai-marx.net\/index.php?rest_route=\/wp\/v2\/types\/post"}],"author":[{"embeddable":true,"href":"https:\/\/espai-marx.net\/index.php?rest_route=\/wp\/v2\/users\/5"}],"replies":[{"embeddable":true,"href":"https:\/\/espai-marx.net\/index.php?rest_route=%2Fwp%2Fv2%2Fcomments&post=14711"}],"version-history":[{"count":0,"href":"https:\/\/espai-marx.net\/index.php?rest_route=\/wp\/v2\/posts\/14711\/revisions"}],"wp:featuredmedia":[{"embeddable":true,"href":"https:\/\/espai-marx.net\/index.php?rest_route=\/wp\/v2\/media\/14713"}],"wp:attachment":[{"href":"https:\/\/espai-marx.net\/index.php?rest_route=%2Fwp%2Fv2%2Fmedia&parent=14711"}],"wp:term":[{"taxonomy":"category","embeddable":true,"href":"https:\/\/espai-marx.net\/index.php?rest_route=%2Fwp%2Fv2%2Fcategories&post=14711"},{"taxonomy":"post_tag","embeddable":true,"href":"https:\/\/espai-marx.net\/index.php?rest_route=%2Fwp%2Fv2%2Ftags&post=14711"}],"curies":[{"name":"wp","href":"https:\/\/api.w.org\/{rel}","templated":true}]}}