{"id":14847,"date":"2024-01-16T05:00:14","date_gmt":"2024-01-16T04:00:14","guid":{"rendered":"https:\/\/espai-marx.net\/?p=14847"},"modified":"2024-01-16T01:51:38","modified_gmt":"2024-01-16T00:51:38","slug":"centenario-de-la-muerte-de-lenin-2","status":"publish","type":"post","link":"https:\/\/espai-marx.net\/?p=14847","title":{"rendered":"Centenario de la muerte de Lenin"},"content":{"rendered":"<p>Acto de homenaje en Barcelona organizado por Viejo Topo, Cr\u00f3nica Pol\u00edtica y Espai Marx.<\/p>\n<p>Presentado por Ernesto G\u00f3mez de la Hera con la participaci\u00f3n de Jos\u00e9 Luis Mart\u00edn Ramos, que hablar\u00e1 sobre la pol\u00edtica leninista respecto a la cuesti\u00f3n nacional, y Constantino B\u00e9rtolo, sobre la literatura de Lenin.<\/p>\n<p>20 de enero de 2024 a las 10.30 en el Centre Cultural Teresa P\u00e0mies, calle Urgell, 145 (Barcelona)<\/p>\n<p><a href=\"https:\/\/espai-marx.net\/wp-content\/uploads\/2024\/01\/Cartel-Conmemoracion-Lenin.png\"><img loading=\"lazy\" decoding=\"async\" class=\"alignleft size-large wp-image-14848\" src=\"https:\/\/espai-marx.net\/wp-content\/uploads\/2024\/01\/Cartel-Conmemoracion-Lenin-1024x647.png\" alt=\"\" width=\"800\" height=\"505\" srcset=\"https:\/\/espai-marx.net\/wp-content\/uploads\/2024\/01\/Cartel-Conmemoracion-Lenin-1024x647.png 1024w, https:\/\/espai-marx.net\/wp-content\/uploads\/2024\/01\/Cartel-Conmemoracion-Lenin-300x189.png 300w, https:\/\/espai-marx.net\/wp-content\/uploads\/2024\/01\/Cartel-Conmemoracion-Lenin-768x485.png 768w, https:\/\/espai-marx.net\/wp-content\/uploads\/2024\/01\/Cartel-Conmemoracion-Lenin-1536x970.png 1536w, https:\/\/espai-marx.net\/wp-content\/uploads\/2024\/01\/Cartel-Conmemoracion-Lenin-2048x1294.png 2048w, https:\/\/espai-marx.net\/wp-content\/uploads\/2024\/01\/Cartel-Conmemoracion-Lenin-1320x834.png 1320w\" sizes=\"auto, (max-width: 800px) 100vw, 800px\" \/><\/a><\/p>\n","protected":false},"excerpt":{"rendered":"<p>Acto de homenaje en Barcelona organizado por Viejo Topo, Cr\u00f3nica Pol\u00edtica y Espai Marx. Presentado por Ernesto G\u00f3mez de la<\/p>\n","protected":false},"author":5,"featured_media":14849,"comment_status":"open","ping_status":"open","sticky":false,"template":"","format":"standard","meta":{"footnotes":""},"categories":[880,2023],"tags":[],"class_list":["post-14847","post","type-post","status-publish","format-standard","has-post-thumbnail","hentry","category-actividades","category-lenin"],"aioseo_notices":[],"_links":{"self":[{"href":"https:\/\/espai-marx.net\/index.php?rest_route=\/wp\/v2\/posts\/14847","targetHints":{"allow":["GET"]}}],"collection":[{"href":"https:\/\/espai-marx.net\/index.php?rest_route=\/wp\/v2\/posts"}],"about":[{"href":"https:\/\/espai-marx.net\/index.php?rest_route=\/wp\/v2\/types\/post"}],"author":[{"embeddable":true,"href":"https:\/\/espai-marx.net\/index.php?rest_route=\/wp\/v2\/users\/5"}],"replies":[{"embeddable":true,"href":"https:\/\/espai-marx.net\/index.php?rest_route=%2Fwp%2Fv2%2Fcomments&post=14847"}],"version-history":[{"count":0,"href":"https:\/\/espai-marx.net\/index.php?rest_route=\/wp\/v2\/posts\/14847\/revisions"}],"wp:featuredmedia":[{"embeddable":true,"href":"https:\/\/espai-marx.net\/index.php?rest_route=\/wp\/v2\/media\/14849"}],"wp:attachment":[{"href":"https:\/\/espai-marx.net\/index.php?rest_route=%2Fwp%2Fv2%2Fmedia&parent=14847"}],"wp:term":[{"taxonomy":"category","embeddable":true,"href":"https:\/\/espai-marx.net\/index.php?rest_route=%2Fwp%2Fv2%2Fcategories&post=14847"},{"taxonomy":"post_tag","embeddable":true,"href":"https:\/\/espai-marx.net\/index.php?rest_route=%2Fwp%2Fv2%2Ftags&post=14847"}],"curies":[{"name":"wp","href":"https:\/\/api.w.org\/{rel}","templated":true}]}}