{"id":14946,"date":"2024-02-03T05:00:51","date_gmt":"2024-02-03T04:00:51","guid":{"rendered":"https:\/\/espai-marx.net\/?p=14946"},"modified":"2024-02-03T02:37:33","modified_gmt":"2024-02-03T01:37:33","slug":"humanidad-glacial","status":"publish","type":"post","link":"https:\/\/espai-marx.net\/?p=14946","title":{"rendered":"Humanidad glacial"},"content":{"rendered":"<p><em>La zona de inter\u00e9s; T\u00edtulo original: The Zone of Interest; A\u00f1o: 2023; Duraci\u00f3n: 106 min.; Pa\u00eds: Reino Unido; Direcci\u00f3n: <\/em><em>Jonathan Glazer; Guion: Jonathan Glazer (basado en la novela de Martin Amis); Reparto: Sandra H\u00fcller, Christian Friedel, Ralph Herforth, Max Beck, Marie Rosa Tietjen; Sinopsis: El comandante de Auschwitz Rudolf H\u00f6ss y su esposa Hedwig se esfuerzan en construir una vida de ensue\u00f1o para su familia en una casa con jard\u00edn cerca del campo.<\/em><\/p>\n<p>\u00c9rase una feliz familia, matrimonio y cinco hijos de tres meses a quince a\u00f1os, que vive en un lugar rural y en contacto con la naturaleza; lago, r\u00edo, campi\u00f1a. Una agradable casa con el servicio dom\u00e9stico, con bonito jard\u00edn, cuidadas plantas florales, piscina e invernadero&#8230;pero, el muro del jard\u00edn es el exterior del campo de concentraci\u00f3n de Auschwitz y el padre de familia es Rudolf H\u00f6ss, coronel de la SS y comandante del campo ascendido m\u00e1s tarde a inspector de todos los campos de exterminio nazi. El permanente humo de las chimeneas que calientan las c\u00e1maras de gas, plenas de seres humanos invaden el ambiente.<\/p>\n<p>Este es el arranque del largometraje, con guion libre sobre el libro del mismo t\u00edtulo de Martin Amis (2015) fallecido hace unos meses, que nos presenta el director y guionista Jonatha Glazer.<\/p>\n<p>Nunca me he sentido a gusto viendo cine que trata temas hist\u00f3ricos cercanos, pero el planteamiento que se expone tiene su originalidad, que no por eso es menos inquietante. Solo en un plano se intuye que el personaje principal est\u00e1 dentro del edificio genocida, donde se capta en contra picado la cabeza y permanente humo de las chimeneas. Ni una sola imagen de lo que hay y ocurre dentro del campo. La acci\u00f3n se centra en el grupo familiar disfrutando del buen tiempo: salidas a la campi\u00f1a, al rio, paseo a caballo, comidas con los invitados y ense\u00f1ar la casa a la abuela. Pero tambi\u00e9n muestra elementos discordantes que nos sit\u00faan la realidad de los personajes y su funci\u00f3n. La esposa contenta con su casa, que no quiere abandonar, se prueba y se adue\u00f1a la ropa elegante que le traen de las prisioneras\/victimas. Los ni\u00f1os se entretienen coleccionando los dientes de oro de los asesinados. La abuela abandona la casa dejando una nota. Una hija tiene problemas de ansiedad y para conciliar el sue\u00f1o. H\u00f6ss se presenta como un personaje de opaca mentalidad por su educaci\u00f3n nazi.<\/p>\n<p>La pel\u00edcula es; compleja, inquietante, sobria, distante y de frio ambiente que nos dice m\u00e1s que las palabras y nos sit\u00faa claramente en la tragedia humana hist\u00f3rica que se expone: lo que puede llegar a hacer un ser humano con su misma especie.<\/p>\n<p>El director con su guion realiza un estilo original de exponer la s\u00edntesis de un hecho real, que considero acertado por lo novedoso, y la sensaci\u00f3n que causa a quien ve la cinta: ausencia de violencia f\u00edsica en las im\u00e1genes y toda la que los espectadores puedan sentir internamente durante su proyecci\u00f3n.<\/p>\n<p>Para dar un toque de realismo, en las \u00faltimas escenas, nos expone los espacios que nunca se ven durante la ficci\u00f3n cinematogr\u00e1fica. Otra originalidad.<\/p>\n<p>Mientras ve\u00eda la pel\u00edcula no pod\u00eda dejar de pensar en lo que est\u00e1 ocurriendo en Palestina: un genocidio realizado por una cultura que nada aprendi\u00f3 de la historia. La soberbia irracional del poder se come a su especie.<\/p>\n<p>Buena realizaci\u00f3n y digna de ver, si se considera de inter\u00e9s.<\/p>\n<p><iframe loading=\"lazy\" title=\"The Zone of Interest (2023) - Tr\u00e1iler Subtitulado en Espa\u00f1ol\" width=\"800\" height=\"450\" src=\"https:\/\/www.youtube.com\/embed\/eKTsFNadd4Q?feature=oembed\" frameborder=\"0\" allow=\"accelerometer; autoplay; clipboard-write; encrypted-media; gyroscope; picture-in-picture; web-share\" referrerpolicy=\"strict-origin-when-cross-origin\" allowfullscreen><\/iframe><\/p>\n<p>&nbsp;<\/p>\n","protected":false},"excerpt":{"rendered":"<p>La zona de inter\u00e9s; T\u00edtulo original: The Zone of Interest; A\u00f1o: 2023; Duraci\u00f3n: 106 min.; Pa\u00eds: Reino Unido; Direcci\u00f3n: Jonathan<\/p>\n","protected":false},"author":5,"featured_media":14948,"comment_status":"open","ping_status":"open","sticky":false,"template":"","format":"standard","meta":{"footnotes":""},"categories":[6],"tags":[],"class_list":["post-14946","post","type-post","status-publish","format-standard","has-post-thumbnail","hentry","category-cine"],"aioseo_notices":[],"_links":{"self":[{"href":"https:\/\/espai-marx.net\/index.php?rest_route=\/wp\/v2\/posts\/14946","targetHints":{"allow":["GET"]}}],"collection":[{"href":"https:\/\/espai-marx.net\/index.php?rest_route=\/wp\/v2\/posts"}],"about":[{"href":"https:\/\/espai-marx.net\/index.php?rest_route=\/wp\/v2\/types\/post"}],"author":[{"embeddable":true,"href":"https:\/\/espai-marx.net\/index.php?rest_route=\/wp\/v2\/users\/5"}],"replies":[{"embeddable":true,"href":"https:\/\/espai-marx.net\/index.php?rest_route=%2Fwp%2Fv2%2Fcomments&post=14946"}],"version-history":[{"count":0,"href":"https:\/\/espai-marx.net\/index.php?rest_route=\/wp\/v2\/posts\/14946\/revisions"}],"wp:featuredmedia":[{"embeddable":true,"href":"https:\/\/espai-marx.net\/index.php?rest_route=\/wp\/v2\/media\/14948"}],"wp:attachment":[{"href":"https:\/\/espai-marx.net\/index.php?rest_route=%2Fwp%2Fv2%2Fmedia&parent=14946"}],"wp:term":[{"taxonomy":"category","embeddable":true,"href":"https:\/\/espai-marx.net\/index.php?rest_route=%2Fwp%2Fv2%2Fcategories&post=14946"},{"taxonomy":"post_tag","embeddable":true,"href":"https:\/\/espai-marx.net\/index.php?rest_route=%2Fwp%2Fv2%2Ftags&post=14946"}],"curies":[{"name":"wp","href":"https:\/\/api.w.org\/{rel}","templated":true}]}}