{"id":14955,"date":"2024-02-05T05:00:50","date_gmt":"2024-02-05T04:00:50","guid":{"rendered":"https:\/\/espai-marx.net\/?p=14955"},"modified":"2024-02-05T02:03:04","modified_gmt":"2024-02-05T01:03:04","slug":"volver-a-gramsci-subalternidad-cultura-y-el-problema-meridional","status":"publish","type":"post","link":"https:\/\/espai-marx.net\/?p=14955","title":{"rendered":"Volver a Gramsci. Subalternidad, Cultura y el Problema Meridional"},"content":{"rendered":"<p>El Seminario Permanente de Comunicaci\u00f3n, Cultura y Sociedad es un espacio abierto de reflexi\u00f3n ciudadana que trata de abordar cuestiones contempor\u00e1neas de inter\u00e9s p\u00fablico desde una lectura cr\u00edtica y emancipadora. Organizado por el grupo de investigaci\u00f3n COMPOLITICAS, (SEJ456) Facultad de Comunicaci\u00f3n de la Universidad de Sevilla y la Fundaci\u00f3n de Investigaciones Marxistas (FIM), el programa anual del seminario re\u00fane destacados acad\u00e9micos, activistas y expertos internacionales para debatir y construir en com\u00fan nuevos horizontes de progreso. La sesi\u00f3n dedicada a Gramsci se celebr\u00f3 el <span class=\"yt-core-attributed-string yt-core-attributed-string--white-space-pre-wrap\" role=\"text\"><span class=\"yt-core-attributed-string--link-inherit-color\">viernes 2 de febrero 2024 en el auditorio CICUS\u00a0 de Sevilla<\/span><\/span>.<\/p>\n<p>Moderadora: <b>Paula GARV\u00cdN<\/b>. Fundaci\u00f3n de Investigaciones Marxistas. Andaluc\u00eda.<\/p>\n<p>Ponentes:<\/p>\n<p><b>Francisco SIERRA CABALLERO<\/b>. Catedr\u00e1tico de Comunicaci\u00f3n. Universidad de Sevilla.<\/p>\n<p><b>Daniela In\u00e9s MONJE<\/b>. Catedr\u00e1tica de Comunicaci\u00f3n Pol\u00edtica. Universidad de C\u00f3rdoba.<\/p>\n<p><b>Jos\u00e9 SARRI\u00d3N<\/b>. Fil\u00f3sofo. Universidad de Salamanca.<\/p>\n<p><b>Anxo GARRIDO<\/b>. Soci\u00f3logo. Universidad Complutense de Madrid.<\/p>\n<p><iframe loading=\"lazy\" title=\"SEMINARIO PERMANENTE DE CR\u00cdTICA DE LA COMUNICACI\u00d3N Y LA CULTURA\" width=\"800\" height=\"450\" src=\"https:\/\/www.youtube.com\/embed\/epP3K2XsUAA?feature=oembed\" frameborder=\"0\" allow=\"accelerometer; autoplay; clipboard-write; encrypted-media; gyroscope; picture-in-picture; web-share\" referrerpolicy=\"strict-origin-when-cross-origin\" allowfullscreen><\/iframe><\/p>\n","protected":false},"excerpt":{"rendered":"<p>El Seminario Permanente de Comunicaci\u00f3n, Cultura y Sociedad es un espacio abierto de reflexi\u00f3n ciudadana que trata de abordar cuestiones<\/p>\n","protected":false},"author":5,"featured_media":11981,"comment_status":"open","ping_status":"open","sticky":false,"template":"","format":"standard","meta":{"footnotes":""},"categories":[1546,833],"tags":[],"class_list":["post-14955","post","type-post","status-publish","format-standard","has-post-thumbnail","hentry","category-antonio-gramsci","category-videos"],"aioseo_notices":[],"_links":{"self":[{"href":"https:\/\/espai-marx.net\/index.php?rest_route=\/wp\/v2\/posts\/14955","targetHints":{"allow":["GET"]}}],"collection":[{"href":"https:\/\/espai-marx.net\/index.php?rest_route=\/wp\/v2\/posts"}],"about":[{"href":"https:\/\/espai-marx.net\/index.php?rest_route=\/wp\/v2\/types\/post"}],"author":[{"embeddable":true,"href":"https:\/\/espai-marx.net\/index.php?rest_route=\/wp\/v2\/users\/5"}],"replies":[{"embeddable":true,"href":"https:\/\/espai-marx.net\/index.php?rest_route=%2Fwp%2Fv2%2Fcomments&post=14955"}],"version-history":[{"count":0,"href":"https:\/\/espai-marx.net\/index.php?rest_route=\/wp\/v2\/posts\/14955\/revisions"}],"wp:featuredmedia":[{"embeddable":true,"href":"https:\/\/espai-marx.net\/index.php?rest_route=\/wp\/v2\/media\/11981"}],"wp:attachment":[{"href":"https:\/\/espai-marx.net\/index.php?rest_route=%2Fwp%2Fv2%2Fmedia&parent=14955"}],"wp:term":[{"taxonomy":"category","embeddable":true,"href":"https:\/\/espai-marx.net\/index.php?rest_route=%2Fwp%2Fv2%2Fcategories&post=14955"},{"taxonomy":"post_tag","embeddable":true,"href":"https:\/\/espai-marx.net\/index.php?rest_route=%2Fwp%2Fv2%2Ftags&post=14955"}],"curies":[{"name":"wp","href":"https:\/\/api.w.org\/{rel}","templated":true}]}}