{"id":14969,"date":"2024-02-09T05:00:23","date_gmt":"2024-02-09T04:00:23","guid":{"rendered":"https:\/\/espai-marx.net\/?p=14969"},"modified":"2024-02-09T07:46:06","modified_gmt":"2024-02-09T06:46:06","slug":"cuando-ocupar-edificios-es-una-accion-disruptiva-que-pone-en-evidencia-el-sistema","status":"publish","type":"post","link":"https:\/\/espai-marx.net\/?p=14969","title":{"rendered":"Cuando ocupar edificios es una acci\u00f3n disruptiva que pone en evidencia el sistema"},"content":{"rendered":"<p style=\"text-align: right; padding-left: 40px;\">La finalidad de cualquier asociaci\u00f3n pol\u00edtica es la protecci\u00f3n de los derechos naturales e imprescriptibles del Hombre. Tales derechos son la libertad, la propiedad, la seguridad y la resistencia a la opresi\u00f3n.<br \/>\n<i><b>Declaraci\u00f3n de los Derechos del Hombre y el Ciudadano,<\/b><\/i> <i>Art\u00edculo 2<\/i>. 26 agosto 1789<\/p>\n<p>&nbsp;<\/p>\n<p>Una de las primeras declaraciones de la Revoluci\u00f3n Francesa fue la Declaraci\u00f3n de los Derechos del Hombre y el Ciudadano. En su art\u00edculo 2, junto con el derecho a la libertad, la seguridad y la resistencia a la opresi\u00f3n, se recoge el derecho a la propiedad. En el mundo capitalista siempre que ha habido que elegir entre propiedad y cualquier otro derecho ha primado el derecho a la propiedad. Desde hace tiempo el derecho a la propiedad privada viene siendo cuestionado de forma pr\u00e1ctica por el movimiento okupa con gran indignaci\u00f3n por una gran mayor\u00eda de la ciudadan\u00eda. En este trabajo no se pretender defender la pr\u00e1ctica abusiva que tambi\u00e9n, desde hace tiempo, se viene dando en algunas ciudades donde grupos organizados okupan pisos para, despu\u00e9s, alquilarlos a otras personas y sacar un beneficio.<\/p>\n<p>A finales de la d\u00e9cada de los 60 y en los 70 surgieron muchos movimientos al margen de las ideolog\u00edas socialistas que cuestionaban los modelos sociales occidentales y tambi\u00e9n la propiedad. Fueron corrientes como los hippies de las comunas de California o las Kommune 1 y Kommune 2 de Berl\u00edn. Se buscaban formas alternativas de organizaci\u00f3n social, nuevos modelos de familia con relaciones abiertas y muy cr\u00edticas con el poder y las pol\u00edticas del momento. Poco queda de toda aquella efervescencia, aunque alg\u00fan ejemplo podemos encontrar incluso en Espa\u00f1a. La praxis en estas comunas no se fundamenta en grandes doctrinas te\u00f3ricas. Tampoco estos grupos ten\u00edan una voluntad transformadora del sistema global. Eran y son m\u00e1s bien el resultado de una apartamiento voluntario de la sociedad, casi una soluci\u00f3n individual y ese parece haber sido el origen de Christiania en Copenhague, una historia de okupaci\u00f3n consolidada que llega hasta la actualidad y que constituye todo un barrio. Las Kommune 1 y 2 de Berl\u00edn ten\u00edan, en cambio, un prop\u00f3sito pol\u00edtico, un rechazo expl\u00edcito a la pol\u00edtica desarrollada durante esos a\u00f1os en la Alemania Federal y un rechazo consciente y militante de las relaciones humanas y sociales que podemos considerar tradicionales como la monogamia. Ambas Kommunes fracasaron en buena parte por la dificultad en llevar a la pr\u00e1ctica relaciones sentimentales abiertas sin que aparecieran sentimientos como los celos.<\/p>\n<p>En ese contexto de un rechazo difuso del modelo de familia, social y pol\u00edtico que configuraba el mundo de la \u00e9poca y de b\u00fasqueda de modelos y pr\u00e1cticas alternativos surge en Londres el movimiento squatter. No tengo constancia del momento exacto en que aparece ni quienes fueron sus impulsores. S\u00ed est\u00e1 claro que en un primer momento solo era una salida para conseguir un techo en una ciudad cara y con pocas oportunidades para conseguir otro tipo de alojamiento. En aquellos a\u00f1os hab\u00eda un elevado n\u00famero de fincas municipales que permanec\u00edan deshabitadas y que fueron ocupadas por j\u00f3venes tanto ingleses como for\u00e1neos que necesitaban habitaci\u00f3n. Pronto la pr\u00e1ctica se extendi\u00f3 a otros lugares y con otros objetivos. No pasaron muchos a\u00f1os antes de que algunos squatters usaran la okupaci\u00f3n de edificios como una forma de activismo para llamar la atenci\u00f3n sobre problemas que afectaban a toda la sociedad o se\u00f1alar los efectos de la especulaci\u00f3n inmobiliaria que destru\u00edan formas de vida y abandonaban los vecinos a su suerte. Eso fue lo que ocurri\u00f3 en Tolmers Square en 1973.<\/p>\n<p><figure id=\"attachment_14974\" aria-describedby=\"caption-attachment-14974\" style=\"width: 800px\" class=\"wp-caption aligncenter\"><a href=\"https:\/\/espai-marx.net\/wp-content\/uploads\/2024\/02\/okupas1.png\"><img loading=\"lazy\" decoding=\"async\" class=\"wp-image-14974 size-large\" src=\"https:\/\/espai-marx.net\/wp-content\/uploads\/2024\/02\/okupas1-1024x679.png\" alt=\"\" width=\"800\" height=\"530\" srcset=\"https:\/\/espai-marx.net\/wp-content\/uploads\/2024\/02\/okupas1-1024x679.png 1024w, https:\/\/espai-marx.net\/wp-content\/uploads\/2024\/02\/okupas1-300x199.png 300w, https:\/\/espai-marx.net\/wp-content\/uploads\/2024\/02\/okupas1-768x510.png 768w, https:\/\/espai-marx.net\/wp-content\/uploads\/2024\/02\/okupas1.png 1040w\" sizes=\"auto, (max-width: 800px) 100vw, 800px\" \/><\/a><figcaption id=\"caption-attachment-14974\" class=\"wp-caption-text\">Tolmers square 1975 [[fuente: \u00abWe all live in Tomers Square\u00bb in <a href=\"https:\/\/www.ucl.ac.uk\/bartlett\/ideas\/we-all-live-tolmers-square\">https:\/\/www.ucl.ac.uk\/bartlett\/ideas\/we-all-live-tolmers-square<\/a>. Consultado el 8 diciembre 2023]<\/figcaption><\/figure>Tolmers square era un espacio victoriano que hab\u00eda sido escogido para construir edificios de oficinas despu\u00e9s de que se hubieran derribado las viviendas existentes y se hubiera expulsado a las familias que all\u00ed viv\u00edan. Nick Wates, estudiante del \u00faltimo a\u00f1o de arquitectura en la vecina School of Environements Studies, tuvo conocimiento de lo que ocurr\u00eda, decidi\u00f3 hacer un estudio y acab\u00f3 implic\u00e1ndose en la defensa de la zona a destruir. \u00c9l mismo, con 4 compa\u00f1eros, se mud\u00f3 haci\u00e9ndose squatter. Llegaron a haber 180. Las terrazas georgianas se llenaron de vida, los squatters organizaron actos para el resto de los vecinos al tiempo que reivindicaban su permanencia en el lugar. Tras cuatro a\u00f1os de intensa actividad, el ayuntamiento cambi\u00f3 su plan y decidi\u00f3 que Tolmers square continuara teniendo un uso residencial. En el proceso se implicaron periodistas como Benny Gray o Christopher Booker as\u00ed como profesores de la universidad con un largo curr\u00edculum de activismo. En 2021 se ha intervenido en la terraza georgiana construyendo un jard\u00edn. Las casas georgianas, situadas detr\u00e1s de la Estaci\u00f3n de Euston y no lejos de la Biblioteca Brit\u00e1nica, se han convertido en un bien codiciado cuyos pisos pueden alcanzar un precio superior al medio mill\u00f3n de libras esterlinas. Probablemente no fuera este el destino por el que lucharon los okupas de 1973.<\/p>\n<p>De Londres el movimiento se extendi\u00f3 por Europa donde adopt\u00f3 distintas denominaciones, en Espa\u00f1a ha adoptado la denominaci\u00f3n de okupas. Las primeras okupaciones se dan al principio de los 80. La okupaci\u00f3n responde sobre todo a 2 motivos: la necesidad de buscar una vivienda o crear espacios de encuentro al margen de las redes oficiales o ambas, formar\u00edan parte de los CSOA (Centros Sociales Okupas Autogestionados). La acci\u00f3n se da en edificios largo tiempo abandonados en los que la propiedad ha hecho dejaci\u00f3n de sus responsabilidades y, muchas veces amenazan ruina. Algunas de estas okupaciones se han producido en edificios cuyos propietarios las han adquirido con practicas poco claras e, incluso, fraudulentas, estar\u00edamos hablando por ejemplo, del palacio Malaya, en Madrid, una de las fincas que estaban incluidas en el caso Malaya de Marbella.<\/p>\n<p>En ambos casos el movimiento acaba influyendo en las pol\u00edticas urbanas de una u otra manera aunque no exista esa voluntad en sus protagonistas. En los casos que solo busca solventar el problema de la vivienda, se puede distinguir entre los casos urbanos y rurales. En estos \u00faltimos parece que existe una mayor tolerancia y aceptaci\u00f3n tanto por parte de autoridades (ayuntamientos) como de los vecinos porque muchas veces suponen dinamizar socialmente la poblaci\u00f3n y crear espacios de encuentro. A esta categor\u00eda pertenecer\u00eda Navalquejigo.<\/p>\n<p><a href=\"https:\/\/espai-marx.net\/wp-content\/uploads\/2024\/02\/okupas2-scaled.jpg\"><img loading=\"lazy\" decoding=\"async\" class=\"aligncenter size-large wp-image-14975\" src=\"https:\/\/espai-marx.net\/wp-content\/uploads\/2024\/02\/okupas2-1024x768.jpg\" alt=\"\" width=\"800\" height=\"600\" srcset=\"https:\/\/espai-marx.net\/wp-content\/uploads\/2024\/02\/okupas2-1024x768.jpg 1024w, https:\/\/espai-marx.net\/wp-content\/uploads\/2024\/02\/okupas2-300x225.jpg 300w, https:\/\/espai-marx.net\/wp-content\/uploads\/2024\/02\/okupas2-768x576.jpg 768w, https:\/\/espai-marx.net\/wp-content\/uploads\/2024\/02\/okupas2-1536x1152.jpg 1536w, https:\/\/espai-marx.net\/wp-content\/uploads\/2024\/02\/okupas2-2048x1536.jpg 2048w, https:\/\/espai-marx.net\/wp-content\/uploads\/2024\/02\/okupas2-1320x990.jpg 1320w\" sizes=\"auto, (max-width: 800px) 100vw, 800px\" \/><\/a><\/p>\n<p><b>Navalquejigo<\/b> es una poblaci\u00f3n cercana a Madrid, depende del municipio de El Escorial. Est\u00e1 bien comunicado con Madrid a trav\u00e9s de la AP6 y en tren se tardan unos 50 minutos. Actualmente tiene una poblaci\u00f3n de 5.532 habitantes seg\u00fan datos del INE de 2021, la mayor\u00eda de poblaci\u00f3n reside en casas de nueva planta en una urbanizaci\u00f3n relativamente reciente que casi rodea el n\u00facleo hist\u00f3rico donde se han instalado los okupas. La primera vez que encontramos citada la poblaci\u00f3n de Navalquejigo es en un documento es en el siglo XVI, aunque se da por sentado que exist\u00eda un n\u00facleo anterior, probablemente del siglo XIII. En ese siglo XVI queda incluido dentro de lo que se conoce como \u00abCerca de Felipe II\u00bb, cuyos muros pueden todav\u00eda apreciarse actualmente en el pueblo. En la segunda mitad del siglo XX los antiguos habitantes fueron abandonando las casas y a mitad de los a\u00f1os 80 ya solo quedaba un vecino. Acab\u00f3 siendo \u00abun pueblo fantasma\u00bb, nos dice Sergio Vicente Mu\u00f1oz. En el momento que qued\u00f3 vac\u00edo, empez\u00f3 el expolio de los elementos \u00fatiles de los edificios. En 1999 la Plataforma \u00abSalvemos Navalquejigo\u00bb pidi\u00f3 la protecci\u00f3n para el conjunto de la iglesia de la Exaltaci\u00f3n de la Santa Cruz y las casas que forman el conjunto del pueblo hist\u00f3rico y se le acaba concediendo en 2006. A pesar de la protecci\u00f3n, el antiguo propietario no muestra ning\u00fan inter\u00e9s y ha sido requerido varias veces por patrimonio sin ning\u00fan resultado. Las danas de los a\u00f1os 2020 y 2022 derrumbaron la techumbre y parte de la iglesia por lo que en 2021 fue incluida en la Lista roja de Hispania Nostra.<\/p>\n<p><a href=\"https:\/\/espai-marx.net\/wp-content\/uploads\/2024\/02\/okupas3-scaled.jpg\"><img loading=\"lazy\" decoding=\"async\" class=\"aligncenter size-large wp-image-14976\" src=\"https:\/\/espai-marx.net\/wp-content\/uploads\/2024\/02\/okupas3-768x1024.jpg\" alt=\"\" width=\"768\" height=\"1024\" srcset=\"https:\/\/espai-marx.net\/wp-content\/uploads\/2024\/02\/okupas3-768x1024.jpg 768w, https:\/\/espai-marx.net\/wp-content\/uploads\/2024\/02\/okupas3-225x300.jpg 225w, https:\/\/espai-marx.net\/wp-content\/uploads\/2024\/02\/okupas3-1152x1536.jpg 1152w, https:\/\/espai-marx.net\/wp-content\/uploads\/2024\/02\/okupas3-1536x2048.jpg 1536w, https:\/\/espai-marx.net\/wp-content\/uploads\/2024\/02\/okupas3-1320x1760.jpg 1320w, https:\/\/espai-marx.net\/wp-content\/uploads\/2024\/02\/okupas3-scaled.jpg 1920w\" sizes=\"auto, (max-width: 768px) 100vw, 768px\" \/><\/a><\/p>\n<p>Ante el abandono de las viviendas, hacia 1997 se produce la okupaci\u00f3n. Sergio Vicente ha protagonizado todo el proceso y con \u00e9l hablamos. La iniciativa fue espont\u00e1nea, la \u00fanica motivaci\u00f3n era conseguir independizarse de la familia. La inspiraci\u00f3n la encuentra Sergio en la experiencia de la imprenta Minuesa, en Embajadores, Madrid. Al principio fueron pocos los que se unieron al ensayo, se ocup\u00f3 \u00fanicamente una casa en la parte de arriba donde conviv\u00edan todos juntos. Fue un inicio problem\u00e1tico por la falta de responsabilidad y solidaridad en las tareas comunes de mantenimiento (limpieza, tareas) y rehabilitaci\u00f3n de la casa (reparaciones, sustituci\u00f3n de elementos en mal estado\u2026). En esa primera fase los problemas fueron importantes y correspondieron a los t\u00f3picos estigmatizantes que existen sobre este movimiento: suciedad, drogas y problemas en la convivencia. Mientras tanto otro grupo procedente de Valdemorillo se instal\u00f3 en viviendas de la parte de abajo y quienes restaban del primer intento, se les unieron. La convivencia, a partir de ese momento, dejo de ser comunitaria. Se ocuparon casas individuales que cada quien rehabilit\u00f3 y acondicion\u00f3 a su gusto.<\/p>\n<p>Existe un espacio com\u00fan, la nave, recuperada para actividades culturales que son abiertas a todo el mundo. Adem\u00e1s el espacio se presta a otras organizaciones para que puedan montar actos propios. Se hacen conciertos, conferencias, talleres\u2026 Importa la conciencia ecol\u00f3gica y algunas de las charlas van en ese sentido. Merece la pena que se destaque las campa\u00f1as que han impulsado en beneficio de pueblos de Tanzania, aqu\u00ed, concretamente, en dotar a una escuela libre de placas solares. Igualmente se colabor\u00f3 en la instalaci\u00f3n de placas solares en el Sahara argelino o comunidades zapatistas en M\u00e9jico.<\/p>\n<p>Parece que una vez llegaron los primeros ocupantes, ces\u00f3 el expolio de los edificios abandonados al tiempo que se emprend\u00eda la rehabilitaci\u00f3n\/reconstrucci\u00f3n de las viviendas. No existen exigencias regladas para recuperar una vivienda, se conserva m\u00e1s o menos la fachada pero nada se puede asegurar sobre la conservaci\u00f3n de los interiores. La ausencia de normas es la norma en todos los niveles de esta comunidad. Existen problemas de convivencia habituales entre vecinos que no rebasan los l\u00edmites que puedan existir en otros lugares donde se compartan espacios. Ni siquiera est\u00e1 establecida la frecuencia de las asambleas que son ocasionales. El n\u00famero de personas que conviven en el pueblo est\u00e1 entre los 30 y 40 y la actividad laboral de la mayor\u00eda de los habitantes queda dentro del \u00e1mbito art\u00edstico\/artesanal, es decir no son regulares, entendiendo por regulares la obligaci\u00f3n de cumplir un horario, ni tienen un jefe. La poblaci\u00f3n se ha ido renovando con el tiempo y Sergio nos apunta una caracter\u00edstica que considero muy interesante: quienes marchan han invertido tiempo y dinero en la reforma y reparaci\u00f3n de sus casas pero las ceden a los nuevos ocupantes a coste cero, es decir, las casas no se alquilan ni se venden, se ceden.<\/p>\n<figure id=\"attachment_14977\" aria-describedby=\"caption-attachment-14977\" style=\"width: 800px\" class=\"wp-caption aligncenter\"><a href=\"https:\/\/espai-marx.net\/wp-content\/uploads\/2024\/02\/okupas4-scaled.jpg\"><img loading=\"lazy\" decoding=\"async\" class=\"wp-image-14977 size-large\" src=\"https:\/\/espai-marx.net\/wp-content\/uploads\/2024\/02\/okupas4-1024x768.jpg\" alt=\"\" width=\"800\" height=\"600\" srcset=\"https:\/\/espai-marx.net\/wp-content\/uploads\/2024\/02\/okupas4-1024x768.jpg 1024w, https:\/\/espai-marx.net\/wp-content\/uploads\/2024\/02\/okupas4-300x225.jpg 300w, https:\/\/espai-marx.net\/wp-content\/uploads\/2024\/02\/okupas4-768x576.jpg 768w, https:\/\/espai-marx.net\/wp-content\/uploads\/2024\/02\/okupas4-1536x1152.jpg 1536w, https:\/\/espai-marx.net\/wp-content\/uploads\/2024\/02\/okupas4-2048x1536.jpg 2048w, https:\/\/espai-marx.net\/wp-content\/uploads\/2024\/02\/okupas4-1320x990.jpg 1320w\" sizes=\"auto, (max-width: 800px) 100vw, 800px\" \/><\/a><figcaption id=\"caption-attachment-14977\" class=\"wp-caption-text\">Casa de Navalquejigo no okupada y en estado de ruina<\/figcaption><\/figure>\n<p>Como es habitual en la mayor\u00eda de ocupaciones, han habido problemas con la propiedad. La propiedad del sitio ha sufrido una serie de cambios a lo largo del tiempo. Simplificando mucho podemos decir que tras la Desamortizaci\u00f3n pas\u00f3 a manos de los Arroyo que la detentaron durante a\u00f1os y todav\u00eda parecen poseer la iglesia y otros elementos pero, como hemos explicado, han incumplido sus obligaciones a pesar de los requerimientos de la administraci\u00f3n, incluso parece que han renunciado a la herencia. Una parte del pueblo, la parte de arriba, se vendi\u00f3 a la Constructora Edisan que pertenece a Jos\u00e9 Antonio San Rom\u00e1n. Actualmente dicha inmobiliaria est\u00e1 en quiebra, pero en 2007 denunci\u00f3 la okupaci\u00f3n y pidi\u00f3 el desalojo de quienes all\u00ed viv\u00edan. El desalojo se produjo pero los okupas se instalaron en los terrenos comunales, en caravanas. Sergio pas\u00f3 dos meses viviendo en esa situaci\u00f3n al cabo de los cuales se instal\u00f3 en una casa que no hab\u00eda sido precintada porque estaba en ruinas y la acondicion\u00f3. Al a\u00f1o siguiente el juez devolvi\u00f3 las casas a los habitantes de Navalquejigo y esto tuvo como consecuencia que aumentara el n\u00famero de ocupantes. Actualmente continua el litigio sin que parezca que el resultado est\u00e9 pr\u00f3ximo.<\/p>\n<p>Las sucesivas administraciones municipales han mostrado m\u00e1s o menos tolerancia seg\u00fan el color pol\u00edtico del partido mayoritario en el Consistorio, siendo m\u00e1s pr\u00f3ximas y comprensivas las formaciones de izquierda. Claro que esto tambi\u00e9n se refleja en la actitud hacia la recuperaci\u00f3n del patrimonio. Ha sido el consistorio anterior, socialista, quien hizo un proyecto de consolidaci\u00f3n y rehabilitaci\u00f3n de la iglesia cuyo estado actual es muy precario y vulnerable. Precisamente en la campa\u00f1a que se hab\u00eda iniciado se descubri\u00f3 el suelo de cer\u00e1mica. Veremos qu\u00e9 continuidad se le da a la recuperaci\u00f3n por la actual administraci\u00f3n donde el PP tiene la mayor\u00eda.<\/p>\n<p>La experiencia ya tiene bastante m\u00e1s de 20 a\u00f1os y en ese tiempo han nacido ni\u00f1os que no han tenido problemas para ser escolarizados en El Escorial porque est\u00e1n empadronados en el pueblo. Tampoco existe una preocupaci\u00f3n por los servicios sanitarios.<\/p>\n<p>.<\/p>\n<p>Si hablamos de las CSOA , seg\u00fan Gonz\u00e1lez, Cortina-Oriol y Aguilera, hablamos de \u00ablugares de resistencia anticapitalista en contra de pol\u00edticas urbanas agresivas y sitios de encuentro, organizaci\u00f3n y vivencia de luchas m\u00e1s globales\u00bb. Existe una voluntad de actuar sobre el entorno m\u00e1s pr\u00f3ximo (vecindario o comunidad) mediante la programaci\u00f3n de actividades art\u00edsticas, conciertos, talleres. La reivindicaci\u00f3n de formas de producci\u00f3n sostenibles (ser\u00eda el caso de la Vall de Can Masdeu en Collserola donde se cultivan huertos comunitarios de forma ecol\u00f3gica y se dan cursos pr\u00e1cticos sobre el cultivo). En casi todas las ocasiones, adem\u00e1s, se conserva un edificio que amenazaba ruina y del que, como hemos dicho, el propietario, sea este particular o p\u00fablico, se hab\u00eda desentendido. A esta categor\u00eda pertenece la Vall de Can Masdeu cuyo propietario titular es la MIA, Patronato del Hospital de la Santa Creu i Sant Pau, o la Mas\u00eda de Torreblanca de Sant Cugat, de propiedad p\u00fablica y declarada Patrimonio Cultural.<\/p>\n<p>En casi todos los casos han sufrido presiones por parte de las administraciones en forma de denuncias judiciales o desalojos, muchos de los cuales han devenido en aut\u00e9nticas batallas campales. Que la balanza se incline a favor del desalojo o a favor del movimiento okupa depende en muy gran medida del apoyo social con que cuenten los activistas. Tuvieron un \u00e9xito parcial los okupas en Can V\u00edes (Sants) donde la piqueta destruy\u00f3 parte de la mas\u00eda cuyos edificios ten\u00edan una protecci\u00f3n D, si bien continua activa.<\/p>\n<p>Otro tanto se dio en Can Masdeu si bien all\u00ed no hubo acci\u00f3n de derribo. El Caso De Torreblanca es diferente. Hubo desalojo y lucha pero la okupaci\u00f3n ces\u00f3 cuando el Ayuntamiento pact\u00f3 continuar con las actividades sociales que se ven\u00edan desarrollando, lo que nos lleva a un nuevo fen\u00f3meno porque algunos de estos activistas negocian su continuidad con la administraci\u00f3n municipal principalmente. Es una salida para continuar con la acci\u00f3n social que en m\u00e1s de un caso se ha consolidado y el centro se ha convertido en un referente para la comunidad. A menudo estos pactos son rechazados por el resto del movimiento que los ven como una traici\u00f3n.<\/p>\n<p>Sin encajar exactamente en ninguno de estos ejemplos, est\u00e1 el tema del <b>Hotel Buenos Aires en Vallvidrera<\/b>, Barcelona. Esta experiencia me parece m\u00e1s cercana a la de Tholmers Square en los a\u00f1os 70 en Londres. Como ocurri\u00f3 all\u00ed, la motivaci\u00f3n para esta acci\u00f3n se halla en la necesidad de conservar un espacio y defenderlo de la especulaci\u00f3n urban\u00edstica.<\/p>\n<p><a href=\"https:\/\/espai-marx.net\/wp-content\/uploads\/2024\/02\/okupas12.jpg\"><img loading=\"lazy\" decoding=\"async\" class=\"aligncenter size-full wp-image-14985\" src=\"https:\/\/espai-marx.net\/wp-content\/uploads\/2024\/02\/okupas12.jpg\" alt=\"\" width=\"1024\" height=\"576\" srcset=\"https:\/\/espai-marx.net\/wp-content\/uploads\/2024\/02\/okupas12.jpg 1024w, https:\/\/espai-marx.net\/wp-content\/uploads\/2024\/02\/okupas12-300x169.jpg 300w, https:\/\/espai-marx.net\/wp-content\/uploads\/2024\/02\/okupas12-768x432.jpg 768w\" sizes=\"auto, (max-width: 1024px) 100vw, 1024px\" \/><\/a><\/p>\n<p>El Hotel Buenos Aires fue construido en 1886 en Vallvidrera. El edificio original era sencillo aunque ya ten\u00eda la forma de \u00abu\u00bb que le es caracter\u00edstica. En aquellos a\u00f1os Vallvidrera devino un lugar de moda para el veraneo de la burgues\u00eda barcelonesa. En 1910 sufri\u00f3 una ampliaci\u00f3n y reforma que le dio su aspecto actual. El arquitecto encargado de la misma fue Jeroni Granell i Manresa, quien hab\u00eda participado en el proyecto del Palacio de la M\u00fasica Catalana construyendo la vidrieras. Su intervenci\u00f3n transform\u00f3 el humilde hotel en una finca modernista y en una obra de arte, especialmente el comedor. El hotel fue amueblado con elementos vieneses dise\u00f1ados por los hermanos Thonet. En 1928 cambio su uso por el de residencia de estudiantes sin que quede claro como se hizo la transformaci\u00f3n. Con el estallido de la guerra se convirti\u00f3 en residencia para enfermos y refugiados. Luego estuvo a la venta hasta 1960 en que fue adquirido por los Padres Paules quienes la transformaron en la Residencia Betania para mayores. En el a\u00f1o 2011 la congregaci\u00f3n cierra la residencia y traslada a los mayores a otros equipamientos de la orden e intentan vender el edificio a una inmobiliaria, la London Private Company, cuya intenci\u00f3n era derribarlo para construir otro hotel de lujo en su lugar. Enseguida se movilizaron los vecinos y en 2019 se okupa el espacio. Implicado en esta acci\u00f3n, tanto \u00e9l como su hijo, e implicado, creo, que en todas las reivindicaciones del barrio, est\u00e1 Salvador Ferr\u00e1n con quien he hablado.<\/p>\n<figure id=\"attachment_14982\" aria-describedby=\"caption-attachment-14982\" style=\"width: 800px\" class=\"wp-caption aligncenter\"><a href=\"https:\/\/espai-marx.net\/wp-content\/uploads\/2024\/02\/okupas11-scaled.webp\"><img loading=\"lazy\" decoding=\"async\" class=\"wp-image-14982 size-large\" src=\"https:\/\/espai-marx.net\/wp-content\/uploads\/2024\/02\/okupas11-1024x650.webp\" alt=\"\" width=\"800\" height=\"508\" srcset=\"https:\/\/espai-marx.net\/wp-content\/uploads\/2024\/02\/okupas11-1024x650.webp 1024w, https:\/\/espai-marx.net\/wp-content\/uploads\/2024\/02\/okupas11-300x190.webp 300w, https:\/\/espai-marx.net\/wp-content\/uploads\/2024\/02\/okupas11-768x487.webp 768w, https:\/\/espai-marx.net\/wp-content\/uploads\/2024\/02\/okupas11-1536x975.webp 1536w, https:\/\/espai-marx.net\/wp-content\/uploads\/2024\/02\/okupas11-2048x1300.webp 2048w, https:\/\/espai-marx.net\/wp-content\/uploads\/2024\/02\/okupas11-1320x838.webp 1320w\" sizes=\"auto, (max-width: 800px) 100vw, 800px\" \/><\/a><figcaption id=\"caption-attachment-14982\" class=\"wp-caption-text\">Imagen del comedor cuando el hotel estaba en funcionamiento<\/figcaption><\/figure>\n<figure id=\"attachment_14984\" aria-describedby=\"caption-attachment-14984\" style=\"width: 800px\" class=\"wp-caption aligncenter\"><a href=\"https:\/\/espai-marx.net\/wp-content\/uploads\/2024\/02\/okupas11.jpg\"><img loading=\"lazy\" decoding=\"async\" class=\"wp-image-14984 size-large\" src=\"https:\/\/espai-marx.net\/wp-content\/uploads\/2024\/02\/okupas11-1024x576.jpg\" alt=\"\" width=\"800\" height=\"450\" srcset=\"https:\/\/espai-marx.net\/wp-content\/uploads\/2024\/02\/okupas11-1024x576.jpg 1024w, https:\/\/espai-marx.net\/wp-content\/uploads\/2024\/02\/okupas11-300x169.jpg 300w, https:\/\/espai-marx.net\/wp-content\/uploads\/2024\/02\/okupas11-768x432.jpg 768w, https:\/\/espai-marx.net\/wp-content\/uploads\/2024\/02\/okupas11-1536x864.jpg 1536w, https:\/\/espai-marx.net\/wp-content\/uploads\/2024\/02\/okupas11-1320x743.jpg 1320w, https:\/\/espai-marx.net\/wp-content\/uploads\/2024\/02\/okupas11.jpg 1600w\" sizes=\"auto, (max-width: 800px) 100vw, 800px\" \/><\/a><figcaption id=\"caption-attachment-14984\" class=\"wp-caption-text\">Imagen del comedor mientras dur\u00f3 la okupaci\u00f3n<\/figcaption><\/figure>\n<p>Con Salvador ya hemos compartido alguna que otra campa\u00f1a. Nada m\u00e1s empezar la conversaci\u00f3n se niega a considerar la experiencia como una okupaci\u00f3n, prefiere la expresi\u00f3n de \u00abactivismo social\u00bb y es que la lucha por el Hotel Buenos Aires se distancia bastante de otras experiencias similares. En primer lugar, porque el objetivo no es conseguir una residencia\/vivienda m\u00e1s o menos indefinida. Los objetivos desde el principio son conservar un bien patrimonial y recuperarlo para el barrio, para Vallvidrera. Es posible que no todos los que participaron compartan esta finalidad al 100%. En \u00abVa passar aqu\u00ed\u00bb (Ocurri\u00f3 aqu\u00ed), un programa que emite betev\u00e9, la televisi\u00f3n de Barcelona y que en un tiempo de unos 5 minutos explica hechos, procesos o an\u00e9cdotas que han sucedido en Barcelona a trav\u00e9s de un investigador o protagonista, Eul\u00e0lia Castell\u00f3, que se presenta como portavoz del grupo que se hab\u00eda instalado en el hotel, acaba reivindicando la necesidad de encontrar una soluci\u00f3n para los miles de j\u00f3venes que quieren independizarse pero no pueden debido al alto coste de la vivienda.<\/p>\n<p>La historia arranca en 2011. Ese a\u00f1o, como hemos apuntado, los Padres Paules, due\u00f1os del Hotel Buenos Aires, rebautizado como Betania y que era una residencia de personas mayores, cierra sus puertas y se lleva a los usuarios a otro edificio al pie del Tibidabo. Los residentes eran muy mayoritariamente personas del barrio que no ten\u00edan grandes dependencias y sal\u00edan, interaccionaban con el resto de vecinos a quien estaban emocionalmente unidos desde muchos a\u00f1os atr\u00e1s. Su marcha creo tambi\u00e9n un vac\u00edo en Vallvidrera, Salvador habla de una p\u00e9rdida de la memoria. Por eso a principios de 2017 deciden actuar. Como en el caso de Navalquejigo, encuentran ayuda en un grupo constituido de consumo ecol\u00f3gico y se habla de crear una cooperativa de co-vivienda. No estamos hablando de ocupar. Otra factor que los singulariza porque la decisi\u00f3n de okupar lleg\u00f3 como resultado de todo el proceso.<\/p>\n<p>El primer paso que se dio fue contactar con la congregaci\u00f3n y negociar un cambio de usos del hotel. Los Padres Paules fueron reacios, su intenci\u00f3n era deshacerse de buena parte del patrimonio, que abarcaba todo tipo de actividades y se hallaba repartido por todo el territorio espa\u00f1ol, y concentrar sus intereses en Madrid. A finales de 2017 se hace una oferta de compra que es rechazada. Es entonces cuando se empieza a trabajar la idea de la okupaci\u00f3n que se materializar\u00e1 en 2019.<\/p>\n<p>Mientras tanto los padres avanzan en su proyecto de venta que ya tiene comprador, la London Private Company cuyo domicilio social parece estar en Matar\u00f3 si bien antes estaba en Barcelona, y que se constituy\u00f3 en 2008 y cuenta con un solo socio. La oferta de la London rondaba a la que hab\u00edan hecho los activistas, entre 2,5 y 3 millones de euros. Igualmente en ese per\u00edodo se ha conseguido los permisos municipales de derribo y construcci\u00f3n de obra nueva. La idea que se tiene es la de volver a construir un hotel de gran lujo en uno de los lugares con las mejores vistas sobre Barcelona. Salvador sospecha que la intenci\u00f3n era revender el hotel a una inmobiliaria por el doble de la cantidad pagada, un inmobiliaria que se encontrar\u00eda con los preceptivos permisos para construir ya sobre la mesa. Es decir, estamos ante una operaci\u00f3n puramente especulativa. El prop\u00f3sito se ve truncado porque en ese momento entre 18 y 24 j\u00f3venes se instalan en el hotel y all\u00ed pasar\u00e1n la pandemia. La venta nunca se llegar\u00e1 a materializar.<\/p>\n<p><a href=\"https:\/\/espai-marx.net\/wp-content\/uploads\/2024\/02\/okupas9.jpg\"><img loading=\"lazy\" decoding=\"async\" class=\"aligncenter size-large wp-image-14980\" src=\"https:\/\/espai-marx.net\/wp-content\/uploads\/2024\/02\/okupas9-1024x576.jpg\" alt=\"\" width=\"800\" height=\"450\" srcset=\"https:\/\/espai-marx.net\/wp-content\/uploads\/2024\/02\/okupas9-1024x576.jpg 1024w, https:\/\/espai-marx.net\/wp-content\/uploads\/2024\/02\/okupas9-300x169.jpg 300w, https:\/\/espai-marx.net\/wp-content\/uploads\/2024\/02\/okupas9-768x432.jpg 768w, https:\/\/espai-marx.net\/wp-content\/uploads\/2024\/02\/okupas9-1536x864.jpg 1536w, https:\/\/espai-marx.net\/wp-content\/uploads\/2024\/02\/okupas9-1320x743.jpg 1320w, https:\/\/espai-marx.net\/wp-content\/uploads\/2024\/02\/okupas9.jpg 1706w\" sizes=\"auto, (max-width: 800px) 100vw, 800px\" \/><\/a>Como se puede deducir, no fue un acto espont\u00e1neo. Los j\u00f3venes se prepararon mediante convivencias, asambleas, di\u00e1logos\u2026 No hubo problemas de falta de colaboraci\u00f3n. Muchos de ellos ten\u00edan ya un trabajo que continuaron ejerciendo. Eran universitarios y ten\u00edan una buena preparaci\u00f3n cultural y acad\u00e9mica. Visit\u00e9 la casa m\u00e1s de una vez y siempre estaba ordenada y limpia. Alg\u00fan joven fue invitado a marchar al ver que no compart\u00eda la visi\u00f3n de la mayor\u00eda. Durante el a\u00f1o largo que permanecieron antes del desalojo, el hotel estuvo abierto a la ciudad y en las charlas pod\u00edas encontrar entre el p\u00fablico arquitectos, abogados, profesores. Mientras tanto se fue preparando la solicitud de protecci\u00f3n del edificio. Continua sin protecci\u00f3n y no s\u00e9 en que estado est\u00e1n los tr\u00e1mites. Se presion\u00f3 al Ayuntamiento para que expropiara el edificio y finalmente se consigui\u00f3, el Ayuntamiento de Barcelona compr\u00f3 la finca. En ese momento, en la euforia, algunos j\u00f3venes minusvaloraron la fuerza del sistema y creyeron que pod\u00edan doblegarlo, en expresi\u00f3n de Salvador. Para \u00e9l el activismo hab\u00eda de ir de la mano de la negociaci\u00f3n y el pacto con las autoridades.<\/p>\n<p>La respuesta de la propiedad fue denunciar la okupaci\u00f3n y as\u00ed consigui\u00f3 el desalojo. M\u00e1s tarde ha recurrido la expropiaci\u00f3n y la jueza le ha dado la raz\u00f3n por defecto de forma. Los activistas fueron denunciados y ahora vienen obligados a pagar a los Padres Paules 60.000 \u20ac por da\u00f1os causados a la propiedad y se est\u00e1 a la espera del resultado del recurso de casaci\u00f3n que ha debido poner el ayuntamiento.<\/p>\n<p>En un mundo donde la izquierda parece no saber cu\u00e1l es su papel, el movimiento okupa ejerce una funci\u00f3n de alerta sobre las contradicciones del sistema y sus injusticias estructurales. Sus acciones disruptivas son un intento de resolver un problema particular apuntando a un d\u00e9ficit estructural y cuestionando alguno, o algunos, de los pilares de nuestra sociedad. En la mayor\u00eda los casos, adem\u00e1s, la acci\u00f3n trasciende lo personal y extiende su actividad al entorno m\u00e1s cercano con iniciativas que cubren necesidades all\u00ed donde los poderes p\u00fablicos se han inhibido o no llegan. Vemos tambi\u00e9n, que al ocupar edificios abandonados ponen de relieve la incuria de propietarios que hacen renuncia de sus obligaciones por la v\u00eda de los hechos y, al tiempo, reivindican la necesidad de la reutilizaci\u00f3n y reaprovechamiento, base de un mundo donde la ecolog\u00eda se impone como la \u00fanica salida.<\/p>\n<p>La mentalidad imperante hace que se focalice el inter\u00e9s en la cuesti\u00f3n de la propiedad pero la labor cultural y de formaci\u00f3n informal que acompa\u00f1an a estos colectivos, apuntan tambi\u00e9n a un rechazo de un mundo excesivamente regulado, donde cualquier iniciativa ha de pasar por el filtro oficial, amputando o, al menos, limitando la iniciativa y la espontaneidad. Hablamos de colectivos que se sit\u00faan voluntariamente al margen del sistema, rechazando sus normas, algo que no hemos de confundir con la marginalidad o la delincuencia. Es de lo que se nos informa al entrar en Christiania en Copenhague, un \u00e1rea de 34 Ha. en plena ciudad que se declara rep\u00fablica independiente e, incluso, no se acepta la autoridad de la Comunidad Europea. En Christiania existen normas pero lo que me parece una debilidad es el individualismo de quienes all\u00ed viven pues, aunque vivan en comunidad no buscan organizar un movimiento que cambie un sistema social que consagra la desigualdad y est\u00e1 lleno de incoherencias y contradicciones. Se le cuestiona pero no se amenaza su existencia ni siquiera cuando en algunos desalojos, como en Can Vies, han ofrecido un rostro violento. Esa violencia, no nos enga\u00f1emos, es una violencia a la defensiva, no es una violencia transformadora como la Comuna de Par\u00eds o las huelgas de San Petersburgo de 1905 y 1917 o, las m\u00e1s cercanas en tiempo y espacio, del verano del 36 espa\u00f1ol. Como dice Salvador Ferr\u00e1n, no se puede doblegar el sistema, hay que contar con la complicidad m\u00e1s o menos entusiasta de ese mismo sistema que se ataca para consolidar peque\u00f1os logros, conquistas parciales. La verdad es que se ha renunciado a doblegarlo<\/p>\n","protected":false},"excerpt":{"rendered":"<p>La finalidad de cualquier asociaci\u00f3n pol\u00edtica es la protecci\u00f3n de los derechos naturales e imprescriptibles del Hombre. Tales derechos son<\/p>\n","protected":false},"author":5,"featured_media":14989,"comment_status":"open","ping_status":"open","sticky":false,"template":"","format":"standard","meta":{"footnotes":""},"categories":[1996],"tags":[],"class_list":["post-14969","post","type-post","status-publish","format-standard","has-post-thumbnail","hentry","category-urbanismo"],"aioseo_notices":[],"_links":{"self":[{"href":"https:\/\/espai-marx.net\/index.php?rest_route=\/wp\/v2\/posts\/14969","targetHints":{"allow":["GET"]}}],"collection":[{"href":"https:\/\/espai-marx.net\/index.php?rest_route=\/wp\/v2\/posts"}],"about":[{"href":"https:\/\/espai-marx.net\/index.php?rest_route=\/wp\/v2\/types\/post"}],"author":[{"embeddable":true,"href":"https:\/\/espai-marx.net\/index.php?rest_route=\/wp\/v2\/users\/5"}],"replies":[{"embeddable":true,"href":"https:\/\/espai-marx.net\/index.php?rest_route=%2Fwp%2Fv2%2Fcomments&post=14969"}],"version-history":[{"count":0,"href":"https:\/\/espai-marx.net\/index.php?rest_route=\/wp\/v2\/posts\/14969\/revisions"}],"wp:featuredmedia":[{"embeddable":true,"href":"https:\/\/espai-marx.net\/index.php?rest_route=\/wp\/v2\/media\/14989"}],"wp:attachment":[{"href":"https:\/\/espai-marx.net\/index.php?rest_route=%2Fwp%2Fv2%2Fmedia&parent=14969"}],"wp:term":[{"taxonomy":"category","embeddable":true,"href":"https:\/\/espai-marx.net\/index.php?rest_route=%2Fwp%2Fv2%2Fcategories&post=14969"},{"taxonomy":"post_tag","embeddable":true,"href":"https:\/\/espai-marx.net\/index.php?rest_route=%2Fwp%2Fv2%2Ftags&post=14969"}],"curies":[{"name":"wp","href":"https:\/\/api.w.org\/{rel}","templated":true}]}}