{"id":1497,"date":"2011-02-04T00:00:00","date_gmt":"2011-02-04T00:00:00","guid":{"rendered":"https:\/\/espai-marx.net\/?p=1497"},"modified":"2020-02-21T15:54:43","modified_gmt":"2020-02-21T14:54:43","slug":"lo-normal-y-lo-extraordinario","status":"publish","type":"post","link":"https:\/\/espai-marx.net\/?p=1497","title":{"rendered":"Lo normal y lo extraordinario"},"content":{"rendered":"<p><em>Las CC.OO. de los Mossos d\u2019Esquadra y la tolerancia cero<\/em><\/p>\n<p>&nbsp;<\/p>\n<p>Tomo pie en una distinci\u00f3n c\u00e9lebre (y algo gastada) de un cl\u00e1sico de la epistemolog\u00eda contempor\u00e1nea: La estructura de las revoluciones cient\u00edficas, un best seller acad\u00e9mico de Thomas Samuel Kuhn, un f\u00edsico e historiador formado en la Universidad de Harvard que present\u00f3 su tesis doctoral en 1949 sobre la f\u00edsica del estado s\u00f3lido bajo la direcci\u00f3n del Premio Nobel John van Vleck; uno de los grandes fil\u00f3sofos del siglo XX que ser\u00eda profesor en esa misma universidad de Harvard, en Berkeley y en Stanford; un f\u00edsico, reci\u00e9n licenciado entonces, que durante la II Guerra Mundial se especializ\u00f3 en radares y estuvo en Par\u00eds durante su liberaci\u00f3n.<\/p>\n<p>Distingue el autor de La revoluci\u00f3n copernicana entre lo que llama ciencia normal y ciencia extraordinaria. La primera trabaja y genera resultados bajo un marco de normas, procedimientos, ejemplos-modelo, temas de investigaci\u00f3n, nudos de inter\u00e9s, no cuestionado o no abiertamente cuestionado. En ese entorno, tras a\u00f1os de aprendizaje, pr\u00e1ctica y esfuerzo, los cient\u00edficos realizan investigaciones sobre diversos asuntos, con teor\u00edas e instrumentos valorados y aceptados por la comunidad de la que forman parte. Es la pr\u00e1ctica cient\u00edfica frecuente, usual, en opini\u00f3n del que fuera amigo de James B. Conant (Este trabajo cient\u00edfico ha sido a veces presentado como un \u00e1mbito sin inter\u00e9s, repetitivo, poco creativo, nada interesante: no es tema de la nota, pero nunca he acabado de entender la valoraci\u00f3n negativa que esas consideraciones encierran). La ciencia extraordinaria, el otro nudo de la disyunci\u00f3n, irrumpe en momentos de zozobra, de b\u00fasqueda, de incertidumbre, cuando las cosas no est\u00e1n tan claras y el marco \u2013algunos procedimientos, determinadas leyes cient\u00edficas, ciertas concepciones ontol\u00f3gicas- es puesto en cuesti\u00f3n por un grupo reducido de cient\u00edficos revolucionarios. Lo que val\u00eda ya no vale o no vale del todo. Irrumpen leyes, teor\u00edas, modelos y visiones inesperadas. El grafo que representa el hacer cient\u00edfico ya no es una l\u00ednea continua, de pendiente positiva, sino una l\u00ednea con saltos arriesgados, con discontinuidades y fuertes pol\u00e9micas anexas no siempre resueltas de forma consensuada en la comunidad cient\u00edfica afectada. La teor\u00eda de la relatividad, la mec\u00e1nica cu\u00e1ntica, son ejemplos citados usualmente. La irrupci\u00f3n de las paradojas en la teor\u00eda intuitiva de conjuntos y la consiguiente axiomatizaci\u00f3n de la teor\u00eda puede ser otra ilustraci\u00f3n.<\/p>\n<p>Pues bien, tal como est\u00e1n las cosas, con el cambio de gobierno en Catalunya, un gobierno de derechas, muy de derechas, con formas educadas y trajes de Massimo Dutti, dado este marco derechizado, dec\u00eda, es normal que a pesar de que el juez de instrucci\u00f3n del juzgado n\u00ba 32 de Barcelona, el magistrado Antonio Cruz de Pablo, en funciones de guardia, no autorizara que el Palacio del Cinema fuera desalojado el pasado s\u00e1bado [1] el desalojo se produjera. Mandan quienes mandan. Es tambi\u00e9n normal, dentro del cuadro que enmarca las acciones p\u00fablicas en Catalunya, la alerta policial ante posibles nuevas ocupaciones y la preparaci\u00f3n por parte de los cuerpos de seguridad de un operativo especial ante \u201cel riesgo de disturbios\u201d durante la huelga general de este jueves 27 de enero [2], efectivo que, aseguran en tono subido, estar\u00e1 vigilante antes, durante y despu\u00e9s de la manifestaci\u00f3n convocada por CGT, CNT, COS, Solidaridad Obrera y otras fuerzas sindicales y que partir\u00e1 de los Jardinets de Gr\u00e0cia (Diagonal\/Paseo de Gr\u00e0cia) a las cinco y media de tarde para llegar a las siete a la plaza Universitat. Los mandos de los mossos temen que la marcha congregue a personas ajenas a las reivindicaciones sindicales y acabe derivando en des\u00f3rdenes por las calles de la ciudad, tal como ocurri\u00f3 en septiembre. \u00bfLes suenan estas palabras? Son \u201cnormales\u201d, desde luego, como lo son, en este marco que huele a podrido, las recientes declaraciones del actual conseller de interior, Felip Puig, quien despu\u00e9s del desalojo del s\u00e1bado asegur\u00f3, mirando retador a la c\u00e1mara, \u00e9l que ha permitido que la impunidad y la corrupci\u00f3n campen a sus anchas en lugares como el Palau de la M\u00fasica e instituciones afines, que se hab\u00eda \u201cacabado la impunidad para quienes piensan que ocupar propiedades privadas y alterar el orden p\u00fablico forma parte del paisaje de Barcelona y Catalunya\u201d. No es extraordinario, sino que sigue siendo normal, que el alcalde Jordi Hereu, la derecha pol\u00edtica del derechizado centro pol\u00edtico que hoy representa el PSC-PSOE, haya alabado tambi\u00e9n la \u201cr\u00e1pida y eficiente\u201d actuaci\u00f3n de los Mossos. Es tambi\u00e9n desgraciadamente normal que la portavoz de ICV-EUiA en el Parlament, Laia Ortiz, en lugar de criticar la actuaci\u00f3n de los Mossos y la criminalizaci\u00f3n de los movimientos sociales antisistema, acusara a Puig de \u201cinstrumentalizar pol\u00edticamente\u201d los Mossos. Ortiz se quej\u00f3 de las declaraciones de Puig: \u201cComo si hasta ahora los Mossos no hubieran cumplido con la legalidad y el Estado de derecho\u201d. Tampoco a ellos se les alter\u00f3 el pulso. Es incluso normal, y adem\u00e1s, razonable, que el colectivo de la Asamblea Barcelona volviera a criticar al conseller de Interior y recordara que los desalojos los deciden los jueces y no los gobiernos. En una carta dirigida a Puig, le recuerdan cosas tan elementales como \u00e9sta: en democracia \u201cla cr\u00edtica, la movilizaci\u00f3n y la protesta social son derechos legalmente reconocidos\u201d. Son incluso normales, aun rozando el insulto m\u00e1s infame y la abyecci\u00f3n m\u00e1s inconmensurable, las declaraciones de Duran i Lleida, uno de los grandes y duros poderes en la sombra del actual gobierno catal\u00e1n, sobre riqueza, pobreza y parlamentarios: &#8216;Si la sociedad quiere que aqu\u00ed vengan simplemente gente que no tenga nada de propiedad y quieren que \u00e9sta C\u00e1mara al final sea una C\u00e1mara de funcionarios y de gente pobre, pues vamos por el mejor de los caminos&#8217;. El \u201cnormal\u201d concepto de pol\u00edtica de este l\u00edder fundamentalista democristiano de derecha extrema se plasma tambi\u00e9n en su reflexi\u00f3n sobre la &#8216;dignidad de la pol\u00edtica&#8217; que, en su normal opini\u00f3n, debe ser realizada por &#8216;gente preparada&#8217;: los pobres, la chusma sucia, ignorante y vil no puede saborear manjares tan exquisitos. El y los suyos s\u00ed, claro est\u00e1, han nacido para ello. Normal, tan normal como las desigualdades y el sistema olig\u00e1rquico en el que vivimos, y como las presiones pol\u00edticas y \u201csindicales\u201d que han causado la dimisi\u00f3n del comit\u00e9 de \u00e9tica de la polic\u00eda catalana de un ciudadano tan razonable, prudente y moderado como Carlos Jim\u00e9nez Villarejo.<\/p>\n<p>Hasta aqu\u00ed la \u201cciencia\u201d normal, las pr\u00e1cticas pol\u00edtico-culturales usuales que no ponen en cuesti\u00f3n el marco ideol\u00f3gica que nos alimenta a todos, aunque a unos m\u00e1s que otros. Pero lo que no es normal, lo que es pr\u00e1ctica extraordinaria, lo que hace temblar todo, lo m\u00e1s esencial, es que un colectivo que toma su nombre de las Comisiones Obreras, de aquel sindicato admirable, resistente, tenaz, generoso que tanto nos ense\u00f1\u00f3 a todos y a todas, en nombre del sindicato de Marcelino Camacho, Manuel Sacrist\u00e1n, Giulia Adinolfi y Cipriano Garc\u00eda, dec\u00eda, un colectivo de Mossos d\u2019Esquadra que dicen forma parte de SME-CC.OO se feliciten de la \u201ctolerancia cero\u201d anunciada por el nuevo conseller de Interior, al mismo tiempo que critican al Ayuntamiento barcelon\u00e9s y al anterior gobierno tripartito, no desde la izquierda, donde los motivos se amontonan, criticando y denunciando los desmanes realizados por algunos de sus compa\u00f1eros, sino por permitir, seg\u00fan ese colectivo que usurpa un nombre que no merecen, la inseguridad y el alboroto. Mano dura exigen. No s\u00f3lo eso sino que ese colectivo que lleva el nombre de CC.OO. ha solicitado a la conselleria de Interior, despu\u00e9s de que se haya absuelto a los primeros ciudadanos antisistema encausados por las acciones de la huelga del 29 de septiembre, que se persone en todos los juicios por \u201caltercados\u201d contra agentes del cuerpo de los Mossos. El sindicato SME-CC.OOO de los Mossos, que hasta el momento no ha recibido cr\u00edtica alguna desde la direcci\u00f3n de CC.OO, ha asegurado tambi\u00e9n que les encant\u00f3 la actuaci\u00f3n del nuevo conseller, que est\u00e1n muy felices de haberse conocido. Dios, adem\u00e1s del orden y la insensibilidad social, los cr\u00eda y ellos se juntan.<\/p>\n<p>Hay otro nudo de pr\u00e1ctica extraordinaria. Un prudente amigo que prefiere mantener su anonimato me informa que se ha descargado un bolet\u00edn &#8216;sindical&#8217; que lleva el curioso y tenebroso nombre de &#8216;Escamot&#8217; -cuadrilla, pandilla, pero tambi\u00e9n pelot\u00f3n, como el escamot de la guardia civiles que asesino a mi abuelo materno en mayo de 1939- y en \u00e9l las CCOO de los Mossos critican al ex conseller Joan Saura por la aplicaci\u00f3n del c\u00f3digo \u00e9tico, un c\u00f3digo que nunca ha comportado sanciones, adem\u00e1s de obviar por completo en una encuesta sobre los Mossos entre pol\u00edticos profesionales la opini\u00f3n de ICV-EUiA, al mismo tiempo que solicitan no s\u00f3lo que no se les retiren armas como las balas de goma sino que se les permita llevar pistolas el\u00e9ctricas. Todo ello, me apunta \u00c0ngel Ferrero, va coronado por un art\u00edculo donde los Mossos honoran la memoria de\u2026 un antisistema como fue el inolvidable Marcelino Camacho. Ciencia extraordinaria, pr\u00e1ctica extraordinaria, el mundo, incluidos normas, valores y creencias, hundi\u00e9ndose ante nuestros pies.<\/p>\n<p>He titulado esta nota \u201cLo normal y lo extraordinario\u201d pero no estoy seguro de haber acertado. \u00bfNo hubiera sido m\u00e1s \u201cnormal\u201d si, recordando a Georges Canguilhem, hubiera osado titularla: \u201cLo normal y lo patol\u00f3gico\u201d? \u00bfQu\u00e9 opini\u00f3n tienen ustedes?<\/p>\n<p>PS: Recordamos estos d\u00edas el que ser\u00eda el 85 aniversario de Jos\u00e9 Mar\u00eda Valverde, otro antisistema extraordinario. Clara Valverde [3] nos ha recordado que tiene pegadas en una pared de su casa dos frases suyas que \u201cme animan a seguir luchando contra las injusticias, a\u00fan cuando no me puedo levantar de la cama o salir a la calle\u201d. Son estas: &#8216;Me llamar\u00e1n subversivo. Y yo les responder\u00e9: lo soy&#8217;. &#8216;No queremos abandonar ante el llamado nuevo orden nuestra conciencia de la dignidad de todos y la esperanza en alg\u00fan futuro de rebeld\u00eda&#8217;. Pues eso. \u00bfAlgo que objetar?<\/p>\n<p><strong>Notas:<\/strong><\/p>\n<p>[1] <a href=\"http:\/\/www.avui.cat\/noticia\/article\/2-societat\/5-societat\/361281-el-jutge-no-va-autoritzar-que-el-palacio-del-cinema-fos-desallotjat.html?piwik_campaign=rss&amp;piwik_kwd=mesSocietat&amp;utm_source=rss&amp;utm_medium=mesSocietat&amp;utm_campaign=rss\">http:\/\/www.avui.cat\/noticia\/article\/2-societat\/5-societat\/361281-el-jutge-no-va-autoritzar-que-el-palacio-del-cinema-fos-desallotjat.html?piwik_campaign=rss&amp;piwik_kwd=mesSocietat&amp;utm_source=rss&amp;utm_medium=mesSocietat&amp;utm_campaign=rss<\/a><\/p>\n<p>[2] <a href=\"http:\/\/www.lavanguardia.es\/vida\/20110125\/54106355731\/alerta-policial-ante-posibles-nuevas-ocupaciones.html\">http:\/\/www.lavanguardia.es\/vida\/20110125\/54106355731\/alerta-policial-ante-posibles-nuevas-ocupaciones.html<\/a><\/p>\n<p>[3] Carta a los componentes de Espai Marx, 27 de enero de 2011, el d\u00eda de la huelga general.<\/p>\n","protected":false},"excerpt":{"rendered":"<p>Las CC.OO. de los Mossos d\u2019Esquadra y la tolerancia cero &nbsp; Tomo pie en una distinci\u00f3n c\u00e9lebre (y algo gastada)<\/p>\n","protected":false},"author":9,"featured_media":0,"comment_status":"open","ping_status":"open","sticky":false,"template":"","format":"standard","meta":{"footnotes":""},"categories":[45],"tags":[],"class_list":["post-1497","post","type-post","status-publish","format-standard","hentry","category-proletariado-demos-multidud"],"aioseo_notices":[],"_links":{"self":[{"href":"https:\/\/espai-marx.net\/index.php?rest_route=\/wp\/v2\/posts\/1497","targetHints":{"allow":["GET"]}}],"collection":[{"href":"https:\/\/espai-marx.net\/index.php?rest_route=\/wp\/v2\/posts"}],"about":[{"href":"https:\/\/espai-marx.net\/index.php?rest_route=\/wp\/v2\/types\/post"}],"author":[{"embeddable":true,"href":"https:\/\/espai-marx.net\/index.php?rest_route=\/wp\/v2\/users\/9"}],"replies":[{"embeddable":true,"href":"https:\/\/espai-marx.net\/index.php?rest_route=%2Fwp%2Fv2%2Fcomments&post=1497"}],"version-history":[{"count":0,"href":"https:\/\/espai-marx.net\/index.php?rest_route=\/wp\/v2\/posts\/1497\/revisions"}],"wp:attachment":[{"href":"https:\/\/espai-marx.net\/index.php?rest_route=%2Fwp%2Fv2%2Fmedia&parent=1497"}],"wp:term":[{"taxonomy":"category","embeddable":true,"href":"https:\/\/espai-marx.net\/index.php?rest_route=%2Fwp%2Fv2%2Fcategories&post=1497"},{"taxonomy":"post_tag","embeddable":true,"href":"https:\/\/espai-marx.net\/index.php?rest_route=%2Fwp%2Fv2%2Ftags&post=1497"}],"curies":[{"name":"wp","href":"https:\/\/api.w.org\/{rel}","templated":true}]}}