{"id":15037,"date":"2024-02-18T05:00:22","date_gmt":"2024-02-18T04:00:22","guid":{"rendered":"https:\/\/espai-marx.net\/?p=15037"},"modified":"2024-02-18T04:16:47","modified_gmt":"2024-02-18T03:16:47","slug":"entrevista-a-mario-amoros-sobre-salvador-allende","status":"publish","type":"post","link":"https:\/\/espai-marx.net\/?p=15037","title":{"rendered":"Entrevista a Mario Amor\u00f3s sobre Salvador Allende"},"content":{"rendered":"<p>\u00ab<b>Allende es hoy, cincuenta a\u00f1os despu\u00e9s de su inmolaci\u00f3n en La Moneda, una figura universal, que inspira a organizaciones sociales y pol\u00edticas y personas de diferentes pa\u00edses.\u00bb<\/b><\/p>\n<p>Licenciado y doctor en Historia por la Universidad de Barcelona y licenciado en Periodismo por la Universidad Complutense de Madrid, Mario Amor\u00f3s ha publicado hasta el momento, adem\u00e1s de numerosos art\u00edculos, 27 libros, entre los que se encuentran las biograf\u00edas, las imprescindibles biograf\u00edas de V\u00edctor Jara, Pinochet, <i>Pasionaria<\/i>, Miguel Enr\u00edquez, Antoni Llid\u00f3 y Pablo Neruda.<\/p>\n<p>Su \u00faltimo libro es una biograf\u00eda del presidente chileno: <i>Salvador Allende. Biograf\u00eda pol\u00edtica, semblanza humana<\/i>, Madrid: Capitan Swing, 2023, 416 p\u00e1ginas.<\/p>\n<p><b><a href=\"https:\/\/espai-marx.net\/wp-content\/uploads\/2024\/02\/salvador-allende-amoros.jpg\"><img loading=\"lazy\" decoding=\"async\" class=\"alignleft  wp-image-15039\" src=\"https:\/\/espai-marx.net\/wp-content\/uploads\/2024\/02\/salvador-allende-amoros.jpg\" alt=\"\" width=\"200\" height=\"312\" srcset=\"https:\/\/espai-marx.net\/wp-content\/uploads\/2024\/02\/salvador-allende-amoros.jpg 641w, https:\/\/espai-marx.net\/wp-content\/uploads\/2024\/02\/salvador-allende-amoros-192x300.jpg 192w\" sizes=\"auto, (max-width: 200px) 100vw, 200px\" \/><\/a>Un libro extraordinario tu biograf\u00eda de Allende que se lee, en muchos momentos con un nudo en la garganta. Gracias por \u00e9l querido Mario. Se\u00f1alas en la presentaci\u00f3n que esta biograf\u00eda es una versi\u00f3n revisada, sintetizada y actualizada del trabajo que presentaste en 2013 en Chile y Espa\u00f1a, <\/b><i><b>Allende. La biograf\u00eda, <\/b><\/i><b>que L\u2019Harmattan acaba de traducir al franc\u00e9s. \u00bfCu\u00e1les son las principales aportaciones de este libro de 2023?<\/b><\/p>\n<p>Con la mirada puesta en la conmemoraci\u00f3n de los 50 a\u00f1os del golpe de Estado, decid\u00ed reescribir completamente la biograf\u00eda de Salvador Allende que publiqu\u00e9 en 2013.<\/p>\n<p>Es un libro que se enriquece con documentaci\u00f3n procedente de archivos que hace diez a\u00f1os no estaban disponibles (como el de Patricio Aylwin), con la bibliograf\u00eda m\u00e1s reciente, que cito, y tambi\u00e9n con el oficio como historiador y bi\u00f3grafo que he adquirido a lo largo de esta d\u00e9cada. Es tambi\u00e9n un libro m\u00e1s sint\u00e9tico, puesto que he suprimido el amplio ap\u00e9ndice documental que incorporaba el de 2013. <b> <\/b><\/p>\n<p><b>Cincuenta a\u00f1os despu\u00e9s de su muerte, \u00bfqu\u00e9 dimensiones tiene la figura de Allende? \u00bfQu\u00e9 queda de su legado?<\/b><\/p>\n<p>Salvador Allende es hoy, cincuenta a\u00f1os despu\u00e9s de su inmolaci\u00f3n en La Moneda, una figura universal, que inspira a organizaciones sociales y pol\u00edticas y personas de diferentes pa\u00edses. Sus valores y principios, las causas que dieron sentido a su trayectoria pol\u00edtica, tienen plena vigencia.<\/p>\n<p><b>Algunas aproximaciones a Allende se\u00f1alan que no hay ninguna duda de la grandeza moral de Allende, de su humanidad, incluso de su grandeza hist\u00f3rica, pero estiman que pol\u00edticamente fue un iluso, un ingenuo si quieres, que no fue capaz de darse cuenta de la correlaci\u00f3n de fuerzas reales en las que estaba inmerso su proyecto transformador. A\u00f1aden: so\u00f1aba bellamente, pero no tocaba realidad.<\/b><\/p>\n<p>Desde luego, la derrota militar de Salvador Allende y la Unidad Popular suscitaron y suscitan todo tipo de debates, importantes y comprensibles.<\/p>\n<p>Visto desde hoy, con la informaci\u00f3n de que disponemos (desconocida entonces) acerca, por ejemplo, de la voluntad f\u00e9rrea de Nixon y Kissinger de derrocar a su Gobierno como fuera posible, la viabilidad de su proyecto era ciertamente dif\u00edcil. La \u00abv\u00eda chilena al socialismo\u00bb era inaceptable para Washington porque romp\u00eda los dogmas de la Guerra Fr\u00eda y era un ejemplo para las fuerzas de izquierda de Italia, Francia, Espa\u00f1a y otros pa\u00edses.<\/p>\n<p>Ahora bien, no creo que Allende y con \u00e9l su principal aliado, el Partido Comunista, fueron unos ingenuos o unos ilusos. Allende fue elegido presidente de Chile por el Congreso Nacional el 24 de octubre de 1970 con los votos favorables de la Unidad Popular y tambi\u00e9n de la Democracia Cristiana despu\u00e9s de negociar y acordar el denominado Estatuto de Garant\u00edas Democr\u00e1ticas. Allende confiaba en que ser\u00eda posible mantener el di\u00e1logo y el entendimiento con la DC en lo referido a algunas partes importantes de su programa. La nacionalizaci\u00f3n de las grandes minas de cobre fue el otro hito de ese di\u00e1logo\u2026 y el \u00faltimo, puesto que el asesinato del dirigente democratacristiano Edmundo P\u00e9rez Zujovic el 8 de junio de 1971 por un grupo ultraizquierdista abri\u00f3 un abismo entre la UP y la DC, en la que sus sectores m\u00e1s conservadores y anticomunistas fueron recuperando el tim\u00f3n y en junio de 1972 hicieron naufragar el principio de acuerdo alcanzado entre el Ejecutivo y el que era el principal partido opositor.<\/p>\n<p>Desde entonces el pa\u00eds qued\u00f3 dividido de manera definitiva en dos bloques pol\u00edticos y sociales y el empate en las instituciones del Estado (la izquierda ten\u00eda el Gobierno y la presidencia de la Rep\u00fablica, mientras que la oposici\u00f3n era mayoritaria en el Congreso Nacional) convirti\u00f3 el conflicto pol\u00edtico en irresoluble por voluntad, principalmente, de la DC.<\/p>\n<p><b>En cuanto a las Fuerzas Armadas chilenas&#8230;<\/b><\/p>\n<p>Efectivamente, otro de los aspectos claves del proceso chileno fue la relaci\u00f3n con las Fuerzas Armadas. Recordemos que el comandante en jefe del Ej\u00e9rcito en 1970, el general Ren\u00e9 Schneider, fue asesinado por la extrema derecha porque hab\u00eda afirmado p\u00fablicamente el respeto de su instituci\u00f3n al proceso constitucionalmente previsto para la elecci\u00f3n del nuevo presidente de la Rep\u00fablica. Le reemplaz\u00f3 el general Carlos Prats, un oficial democr\u00e1tico. Durante casi tres a\u00f1os Prats fue el muro contra el que se estrell\u00f3 el golpismo. Tras su dimisi\u00f3n el 23 de agosto de 1973, el presidente nombr\u00f3 como jefe del Ej\u00e9rcito a su n\u00famero dos, el general Pinochet, quien le traicion\u00f3 al sumarse a la conjura golpista la tarde del 9 de septiembre, horas despu\u00e9s de que le hubiera comunicado que iba a convocar un plebiscito el 11 de septiembre.<\/p>\n<p>No obstante, m\u00e1s all\u00e1 de las posiciones personales y de las convicciones de cada oficial, desde fines de los a\u00f1os 40 las Fuerzas Armadas chilenas estaban supeditadas a Estados Unidos en cuanto a su formaci\u00f3n, su doctrina, su aprovisionamiento\u2026 Y este fue un aspecto central que Salvador Allende y la izquierda desconocieron. Despu\u00e9s del golpe de Estado, en el pleno de su Comit\u00e9 Central de agosto de 1977, el Partido Comunista de Chile habl\u00f3 del \u00abvac\u00edo hist\u00f3rico\u00bb (la pol\u00edtica militar y la concepci\u00f3n del Poder) en que esta fuerza pol\u00edtica hab\u00eda incurrido.<\/p>\n<p>Por tanto, Allende busc\u00f3 siempre un acuerdo con la Democracia Cristiana que permitiera ampliar la base social de apoyo a su Gobierno y al proyecto socialista. De haberse producido en diferentes momentos, y sobre todo en el invierno austral de 1973, el golpe de Estado hubiese sido m\u00e1s dif\u00edcil. Pero tambi\u00e9n la DC era un partido financiado por la CIA desde 1964 para ser la alternativa (no el aliado) de la izquierda<\/p>\n<p><b>En tu opini\u00f3n, \u00bffue Allende un revolucionario?<\/b><\/p>\n<p>Por supuesto, Salvador Allende fue un revolucionario. As\u00ed se sent\u00eda y as\u00ed actu\u00f3 en las condiciones del Chile de su \u00e9poca, un pa\u00eds donde la izquierda desde 1932 (y a excepci\u00f3n de un episodio no menor: la proscripci\u00f3n legal del PC entre 1948 y 1958) pod\u00eda actuar en el marco de la legalidad y fue creciendo electoral y socialmente desde la primera candidatura presidencial de Allende en 1952 hasta lograr el triunfo en 1970.<\/p>\n<p>\u00ab<b>M\u00e9dico, socialista, mas\u00f3n\u00bb es el t\u00edtulo de uno de los cap\u00edtulos de tu libro. \u00bfEl ser m\u00e9dico y mas\u00f3n le pudo predisponer positivamente para su toma de posici\u00f3n pol\u00edtica?<\/b><\/p>\n<p>Esa fue la triple dimensi\u00f3n que molde\u00f3 su personalidad. Como m\u00e9dico, desarroll\u00f3 una gran labor como ministro de Salubridad del Gobierno del Frente Popular entre 1939 y 1942 y posteriormente, a partir de 1945, como senador trabaj\u00f3 con tenacidad por la aprobaci\u00f3n de leyes y proyectos que, como la creaci\u00f3n del Sistema Nacional de Salud en 1952, mejoraron las condiciones de vida de las grandes mayor\u00edas. Posteriormente, como presidente, su condici\u00f3n de m\u00e9dico influy\u00f3 en la importancia que su Gobierno concedi\u00f3 al reparto de medio litro de leche diario entre todos los ni\u00f1os y ni\u00f1as de Chile en las escuelas y los consultorios.<\/p>\n<p>Ingres\u00f3 en la masoner\u00eda en julio de 1935, cuando ya era dirigente del Partido Socialista en Valpara\u00edso, muy influido por el recuerdo de su abuelo Ram\u00f3n Allende Pad\u00edn, una personalidad muy notable de la segunda mitad del siglo XIX.<\/p>\n<p>Allende fue mas\u00f3n hasta el fin de sus d\u00edas y conceb\u00eda esta instituci\u00f3n como heredera de los principios de la Revoluci\u00f3n Francesa.<\/p>\n<p><b>M\u00e1s all\u00e1 del pasado 11S, \u00bfse sigue recordando su figura en el Chile actual? \u00bfEs una figura controvertida?<\/b><\/p>\n<p>A lo largo de este a\u00f1o en Chile la derecha ha logrado imponer un relato acerca de la Unidad Popular y los 50 a\u00f1os del golpe de Estado que ha incorporado una parte de la propaganda de la dictadura: seg\u00fan estas tesis, el presidente Salvador Allende habr\u00eda sido el principal responsable del golpe de Estado y la Unidad Popular habr\u00eda sido una coalici\u00f3n ca\u00f3tica, sin liderazgo, que sumi\u00f3 al pa\u00eds en una grave crisis pol\u00edtica, econ\u00f3mica y social que hizo pr\u00e1cticamente inevitable el golpe de Estado. Frente a este discurso, amplificado hasta el agotamiento por los medios de comunicaci\u00f3n hegem\u00f3nicos en Chile, todos muy conservadores, ha habido infinidad de actividades pol\u00edticas, culturales, sociales\u2026 de recuerdo al presidente Allende y a la Unidad Popular.<\/p>\n<p><b>\u00bfY en Espa\u00f1a? \u00bfSe conoce suficientemente su praxis, sus escritos, sus reflexiones, en Espa\u00f1a? \u00bfSe han editado en Espa\u00f1a sus Obras Completas?<\/b><\/p>\n<p>Este a\u00f1o se han publicado varios libros sobre Allende y su Gobierno en Espa\u00f1a. Es muy positivo que sea as\u00ed\u2026 Incluso en Televisi\u00f3n Espa\u00f1ola va a emitirse antes de fin de a\u00f1o una serie de cuatro cap\u00edtulos, <i>Los mil d\u00edas de Allende<\/i>, creada por la productora chilena P\u00e1rox en colaboraci\u00f3n con Televisi\u00f3n Nacional de Chile y TVE y dirigida por Nicol\u00e1s Acu\u00f1a, en la que he participado como asesor hist\u00f3rico.<\/p>\n<p>Espero que estos libros y esta serie contribuyan a un mejor conocimiento de una figura que demasiadas veces se asocia en exclusiva a la tragedia y la derrota del 11 de septiembre de 1973.<\/p>\n<p><b>Has hablado antes de ello de pasada, pero perm\u00edteme insistir. \u00bfQu\u00e9 destacar\u00edas de los a\u00f1os en que, siendo muy joven, fue ministro de Salud en el gobierno del Frente Popular chileno?<\/b><\/p>\n<p>Su labor importante como ministro y su concepci\u00f3n moderna de una medicina preventiva, que exig\u00eda una mejora sustancial de las condiciones de vida de las clases populares. Entre sus iniciativas m\u00e1s importantes estuvo la reforma de la Ley n\u00ba 4.054, una de las bases de la legislaci\u00f3n social chilena, que en 1924 hab\u00eda instaurado el seguro obligatorio por enfermedad, invalidez y muerte para los trabajadores<b>.<\/b><\/p>\n<p><b>\u00bfRecibi\u00f3 el Chile de la Unidad Popular el apoyo de los pa\u00edses socialistas de aquellos a\u00f1os, de la Uni\u00f3n Sovi\u00e9tica por ejemplo?<\/b><\/p>\n<p>Entre sus primeras medidas como presidente de la Rep\u00fablica estuvo el restablecimiento de las relaciones diplom\u00e1ticas con Cuba y la apertura de relaciones con la Rep\u00fablica Democr\u00e1tica Alemana o Vietnam. La pol\u00edtica internacional de Allende buscaba mantener relaciones de respeto con todas las naciones, m\u00e1s all\u00e1 de las \u00abfronteras ideol\u00f3gicas\u00bb.<\/p>\n<p>En cuanto a la Uni\u00f3n Sovi\u00e9tica, el presidente Allende lleg\u00f3 a Mosc\u00fa la tarde del 6 de diciembre de 1972, en el marco de su gira internacional m\u00e1s importante. A pesar de su condena p\u00fablica de las invasiones de Hungr\u00eda (1956) y Checoslovaquia (1968), ten\u00eda buenas relaciones con la URSS y valoraba positivamente su papel como aliado de diferentes pueblos (Cuba, Vietnam) que se enfrentaban heroicamente al imperialismo norteamericano. Ahora bien, en los esquemas de la Guerra Fr\u00eda, Chile quedaba en la zona de influencia de Estados Unidos y la Uni\u00f3n Sovi\u00e9tica jam\u00e1s pretendi\u00f3 tener con el Chile de Allende una relaci\u00f3n como la que ten\u00eda con Cuba. Tampoco el presidente Allende lo contemplaba.<\/p>\n<p>En diciembre de 1972, despu\u00e9s del paro patronal encabezado por los propietarios de camiones en octubre de aquel a\u00f1o, el pa\u00eds estaba en una situaci\u00f3n muy dif\u00edcil y la ayuda econ\u00f3mica que Allende obtuvo en Mosc\u00fa durante su visita fue insuficiente y estuvo por debajo de sus expectativas.<\/p>\n<p><b>\u00bfQu\u00e9 tipo de socialismo defendi\u00f3 Allende?, \u00bfc\u00f3mo caracterizar\u00edas al socialismo allendista?<\/b><\/p>\n<p>Como expres\u00f3 en su importante discurso ante el Congreso Nacional del 21 de mayo de 1971, el proyecto de su Gobierno era construir, a partir de la legalidad y la institucionalidad vigentes, una sociedad socialista con pluralismo pol\u00edtico, respeto a los derechos humanos y a las libertades democr\u00e1ticas. \u00abPisamos un camino nuevo, marchamos sin gu\u00eda por un terreno desconocido, apenas teniendo como br\u00fajula nuestra fidelidad al humanismo de todas las \u00e9pocas, particularmente al humanismo marxista\u2026\u00bb, se\u00f1al\u00f3 entonces. Era, sin lugar a dudas, una verdadera epopeya.<\/p>\n<p><b>\u00bfQu\u00e9 opini\u00f3n tuvo de Ernesto Guevara? \u00bfEscribi\u00f3 sobre \u00e9l tras su asesinato en Bolivia?<\/b><\/p>\n<p>Conoci\u00f3 al Che en su primer viaje a Cuba en febrero de 1959, en las semanas posteriores al triunfo de la Revoluci\u00f3n. Guevara le regal\u00f3, con una significativa dedicatoria (\u00abA Salvador Allende, que por otros medios trata de obtener lo mismo. Afectuosamente, Che\u00bb), uno de los primeros ejemplares de su libro <i>La guerra de guerrillas<\/i>.<\/p>\n<p>Despu\u00e9s de su asesinato en Bolivia en octubre de 1967, no solo le rindi\u00f3 homenaje en el Senado de Chile, sino que, adem\u00e1s, cuando los tres supervivientes cubanos de su expedici\u00f3n en Bolivia lograron llegar a Chile, les ayud\u00f3 a que pudieran viajar a La Habana.<\/p>\n<p><b>\u00bfQu\u00e9 opini\u00f3n tuvo Fidel Castro del intento allendista? \u00bfApoy\u00f3 Cuba al Chile de la Unidad Popular en la medida de sus fuerzas?<\/b><\/p>\n<p>Fidel Castro visit\u00f3 Chile en noviembre de 1971 y recorri\u00f3 el pa\u00eds durante cuatro semanas. Un a\u00f1o despu\u00e9s en Chile y en Cuba se publicaron sendos libros con todas sus intervenciones. Fue muy respetuoso con la \u00abv\u00eda chilena al socialismo\u00bb, pero tambi\u00e9n muy contundente en su \u00faltimo discurso, en el Estadio Nacional el 2 de diciembre, cuando advirti\u00f3 sobre la importancia de ganar a las capas medias para la revoluci\u00f3n.<\/p>\n<p>La hija mediana de Allende, Beatriz, estaba casada con un diplom\u00e1tico cubano y la comunicaci\u00f3n entre Allende y Fidel Castro era muy fluida.<\/p>\n<p><b>Desde una perspectiva hist\u00f3rica, \u00bffracas\u00f3 Allende, fracas\u00f3 la Unidad Popular?<\/b><\/p>\n<p>La Unidad Popular no fracas\u00f3, sino que fue derrotada por un golpe de Estado militar gestado con el apoyo de la derecha, los grandes grupos empresariales o la direcci\u00f3n de la Democracia Cristiana de 1973. Incluso desde antes de que Allende iniciara su mandato presidencial, la Unidad Popular tuvo que hacer frente a enemigos muy poderosos dentro y fuera del pa\u00eds que desconocieron tanto las reglas de la democracia como la legalidad internacional.<\/p>\n<p><b>En tu opini\u00f3n, \u00bfcu\u00e1l fue la medida, la tarea m\u00e1s importante llevada a cabo por el gobierno de la Unidad Popular?<\/b><\/p>\n<p>Es muy dif\u00edcil se\u00f1alar solo una&#8230; La nacionalizaci\u00f3n del cobre fue una de las medidas m\u00e1s importantes: seg\u00fan el historiador Jorge Magasich, autor de una monumental historia de la UP en ocho vol\u00famenes (ya ha publicado cuatro), ha reportado al Estado de Chile 115.000 millones de d\u00f3lares desde 1971. Adem\u00e1s, la profundizaci\u00f3n de la reforma agraria acab\u00f3 con el latifundio.<\/p>\n<p>La pol\u00edtica internacional tambi\u00e9n fue otro logro: Chile se incorpor\u00f3 al movimiento de Pa\u00edses No Alineados y Allende se convirti\u00f3, con su discurso que hoy llamar\u00edamos altermundialista, en uno de los portavoces del Tercer Mundo.<\/p>\n<p>La pol\u00edtica cultural, con la editorial Quimant\u00fa, el medio litro de leche, los avances en educaci\u00f3n, cultura y sanidad y el desarrollo de una conciencia revolucionaria entre la clase obrera y el pueblo, como nos muestra \u00abLa batalla de Chile\u00bb de Patricio Guzm\u00e1n, son igualmente inolvidables.<\/p>\n<p><b>\u00bfQu\u00e9 repercusiones tuvo en los partidos comunistas occidentales (de Espa\u00f1a, Portugal, Francia, Italia) el golpe militar chileno? \u00bfQu\u00e9 conclusiones se infirieron de la experiencia chilena?<\/b><\/p>\n<p>El impacto fue muy importante. En el caso de Italia, las reflexiones que Enrico Berlinguer expusiera en <i>Rinascita<\/i> llevaron a la formulaci\u00f3n por parte del PCI del \u00abcompromiso hist\u00f3rico\u00bb y fueron importantes en la elaboraci\u00f3n del eurocomunismo. En el caso del PCE, el profesor Francisco Erice ha escrito este a\u00f1o un trabajo muy interesante al respecto, incluido en el libro <i>Chile 50 a\u00f1os<\/i>.<\/p>\n<p><b>Si es el caso, \u00bfen qu\u00e9 formaciones pol\u00edticas actuales, en qu\u00e9 proyectos pol\u00edticos, observas su influencia cultural?<\/b><\/p>\n<p>Siempre que la izquierda trasformadora es parte de una experiencia de gobierno el proyecto de la Unidad Popular chilena es una referencia ineludible. Tambi\u00e9n cuando se intenta construir un proceso de unidad entre diferentes fuerzas de izquierda. La UP chilena fue una experiencia emblem\u00e1tica, dej\u00f3 su huella en la historia de la izquierda y su memoria nos acompa\u00f1a hoy.<\/p>\n<p><b>Si tuvieras que elegir entre los discursos m\u00e1s centrales, m\u00e1s esenciales de Allende, \u00bfcon cu\u00e1l te quedas?<\/b><\/p>\n<p>Destaco, por ejemplo, su largo discurso en el Senado de Chile el 18 de junio de 1948, cuando conden\u00f3 el proyecto de ley que se tramitaba y que fue aprobado semanas despu\u00e9s para perseguir al Partido Comunista.<\/p>\n<p>Tambi\u00e9n su discurso en la Alameda de Santiago en la madrugada del 5 de septiembre de 1970, tras conocer su triunfo en las elecciones presidenciales. Y su primer Mensaje ante el Congreso Pleno el 21 de mayo de 1971, su intervenci\u00f3n ante las Naciones Unidas el 4 de diciembre de 1972 y sus \u00faltimas palabras por Radio Magallanes a las 9.30 de la ma\u00f1ana del 11 de septiembre de 1973.<\/p>\n<p><b>\u00bfQu\u00e9 queda hoy del intento de V\u00edctor Far\u00edas de demoler el \u00abmito\u00bb de Salvador Allende?<\/b><\/p>\n<p>Nada. La Fundaci\u00f3n Presidente Allende de Madrid respondi\u00f3 de manera muy atinada en 2005 a sus difamaciones con un libro al que puede accederse libremente en internet.<b> <\/b><\/p>\n<p><b>\u00bfQu\u00e9 te parece m\u00e1s relevante de lo dicho sobre Allende y la Unidad Popular en las celebraciones del pasado 11 de septiembre?<\/b><\/p>\n<p>Creo que lo m\u00e1s importante es comprobar como la memoria de Allende y de la Unidad Popular perdura medio siglo despu\u00e9s, inspira y ayuda a la izquierda de hoy. Sin olvidar sus errores (falt\u00f3 tambi\u00e9n unidad y cohesi\u00f3n en la Unidad Popular), nos trae lo mejor de la izquierda del siglo XX.<\/p>\n<p><b>Tanta muerte, tanto dolor, tantos desaparecidos, tantas heridas, tanta persecuci\u00f3n, tanto odio,&#8230;\u00bfvali\u00f3 la pena?<\/b><\/p>\n<p>La represi\u00f3n sobre el pueblo chileno es responsabilidad de quienes ampararon la instalaci\u00f3n de la dictadura militar y civil y de quienes la encabezaron. Esta pregunta habr\u00eda que traslad\u00e1rsela a esos sectores. Y en este punto resalto tambi\u00e9n el humanismo de Allende, quien se\u00f1al\u00f3 varias veces que la posibilidad de construir el socialismo por la v\u00eda pol\u00edtico-institucional implicaba tambi\u00e9n evitar los enormes costos humanos incluso donde la revoluci\u00f3n hab\u00eda triunfado.<\/p>\n<p><b>\u00bfEst\u00e1 Allende entre lo mejor, entre lo m\u00e1s importante y vindicable de las tradiciones emancipatorias de estos doscientos a\u00f1os?<\/b><\/p>\n<p>Creo que lo he respondido antes: por supuesto, desde luego. Allende y con \u00e9l la Unidad Popular chilena.<\/p>\n<p><b>\u00bfFue en vano la muerte de Allende?<\/b><\/p>\n<p>Allende convirti\u00f3 su suicidio en La Moneda bombardeada en su \u00faltimo gesto pol\u00edtico, en una condena moral a los golpistas y en un legado para su pueblo. La dictadura de Pinochet fue condenada por Naciones Unidas cada a\u00f1o, repudiada por la humanidad y Pinochet jam\u00e1s pudo liberarse del estigma que Allende con su resistencia y su muerte en La Moneda le imput\u00f3 aquel d\u00eda.<\/p>\n<p><b>\u00bfHas podido ver <em>Con los ojos de hoy<\/em> de <\/b><b>V\u00edctor G\u00f3mez L y Ingrid Isensee?<\/b><\/p>\n<p>No he podido verla hasta el momento.<\/p>\n<p><b>\u00bfVes notas euroc\u00e9ntricas en nuestra aproximaci\u00f3n a la figura de Allende?<\/b><\/p>\n<p>No, no, en absoluto.<\/p>\n<p><b>\u00bfDe d\u00f3nde tu inter\u00e9s tan profundo por el Chile de la Unidad Popular?<\/b><\/p>\n<p>En 1995, cuando estaba terminando mis estudios de Periodismo y militaba ya en el PCE e IU, empec\u00e9 a leer sobre Salvador Allende. En 1996, en Barcelona, descubr\u00ed por casualidad el impresionante archivo de la Fundaci\u00f3 CIDOB, creado en los a\u00f1os 70 por la organizaci\u00f3n cat\u00f3lica de base Agermanament. Y en 1997 viaj\u00e9 por primera vez a Chile. Desde 2011 una parte de mi trabajo es investigar y escribir sobre la historia de Chile en el siglo XX. Mi inter\u00e9s no decae, sino que crece, porque en los \u00faltimos a\u00f1os se han abierto importantes archivos a los investigadores y, adem\u00e1s, mis libros tienen una excelente acogida en este pa\u00eds.<\/p>\n<p><b>No es para menos. No abuso m\u00e1s. Gracias por tus respuestas y por tus libros imprescindibles.<\/b><\/p>\n<p>Fuente: <i>El Viejo Topo<\/i>, diciembre de 2023.<\/p>\n","protected":false},"excerpt":{"rendered":"<p>\u00abAllende es hoy, cincuenta a\u00f1os despu\u00e9s de su inmolaci\u00f3n en La Moneda, una figura universal, que inspira a organizaciones sociales<\/p>\n","protected":false},"author":5,"featured_media":15040,"comment_status":"open","ping_status":"open","sticky":false,"template":"","format":"standard","meta":{"footnotes":""},"categories":[860,17],"tags":[1339,917,864,2088],"class_list":["post-15037","post","type-post","status-publish","format-standard","has-post-thumbnail","hentry","category-chile","category-historia","tag-mario-amoros","tag-resenas","tag-salvador-allende","tag-salvador-allende-biografia-politica-semblanza-humana"],"aioseo_notices":[],"_links":{"self":[{"href":"https:\/\/espai-marx.net\/index.php?rest_route=\/wp\/v2\/posts\/15037","targetHints":{"allow":["GET"]}}],"collection":[{"href":"https:\/\/espai-marx.net\/index.php?rest_route=\/wp\/v2\/posts"}],"about":[{"href":"https:\/\/espai-marx.net\/index.php?rest_route=\/wp\/v2\/types\/post"}],"author":[{"embeddable":true,"href":"https:\/\/espai-marx.net\/index.php?rest_route=\/wp\/v2\/users\/5"}],"replies":[{"embeddable":true,"href":"https:\/\/espai-marx.net\/index.php?rest_route=%2Fwp%2Fv2%2Fcomments&post=15037"}],"version-history":[{"count":0,"href":"https:\/\/espai-marx.net\/index.php?rest_route=\/wp\/v2\/posts\/15037\/revisions"}],"wp:featuredmedia":[{"embeddable":true,"href":"https:\/\/espai-marx.net\/index.php?rest_route=\/wp\/v2\/media\/15040"}],"wp:attachment":[{"href":"https:\/\/espai-marx.net\/index.php?rest_route=%2Fwp%2Fv2%2Fmedia&parent=15037"}],"wp:term":[{"taxonomy":"category","embeddable":true,"href":"https:\/\/espai-marx.net\/index.php?rest_route=%2Fwp%2Fv2%2Fcategories&post=15037"},{"taxonomy":"post_tag","embeddable":true,"href":"https:\/\/espai-marx.net\/index.php?rest_route=%2Fwp%2Fv2%2Ftags&post=15037"}],"curies":[{"name":"wp","href":"https:\/\/api.w.org\/{rel}","templated":true}]}}