{"id":15075,"date":"2024-02-25T05:00:41","date_gmt":"2024-02-25T04:00:41","guid":{"rendered":"https:\/\/espai-marx.net\/?p=15075"},"modified":"2024-02-25T02:58:21","modified_gmt":"2024-02-25T01:58:21","slug":"sobre-un-enorme-totem-cultural","status":"publish","type":"post","link":"https:\/\/espai-marx.net\/?p=15075","title":{"rendered":"Sobre un enorme t\u00f3tem cultural"},"content":{"rendered":"<p>Rese\u00f1a de: Carlos Femen\u00edas Ferr\u00e0, <i>A prop\u00f3sito de Ferlosio. Ensayo de interpretaci\u00f3n cultural<\/i>, Madrid: Alianza Editorial, 2022, 333 p\u00e1ginas.<\/p>\n<p><a href=\"https:\/\/espai-marx.net\/wp-content\/uploads\/2024\/02\/a-proposito-de-ferlosio.jpg\"><img class=\"alignleft size-full wp-image-15076\" alt=\"\" \/><\/a> <a href=\"https:\/\/espai-marx.net\/wp-content\/uploads\/2024\/02\/a-proposito-de-ferlosio-ensayo-de-interpretacion-cultural.jpg\"><img loading=\"lazy\" decoding=\"async\" class=\"alignleft  wp-image-15077\" src=\"https:\/\/espai-marx.net\/wp-content\/uploads\/2024\/02\/a-proposito-de-ferlosio-ensayo-de-interpretacion-cultural.jpg\" alt=\"\" width=\"200\" height=\"275\" srcset=\"https:\/\/espai-marx.net\/wp-content\/uploads\/2024\/02\/a-proposito-de-ferlosio-ensayo-de-interpretacion-cultural.jpg 400w, https:\/\/espai-marx.net\/wp-content\/uploads\/2024\/02\/a-proposito-de-ferlosio-ensayo-de-interpretacion-cultural-218x300.jpg 218w\" sizes=\"auto, (max-width: 200px) 100vw, 200px\" \/><\/a>\u00abNi literato ni mito literario: Rafael S\u00e1nchez Ferlosio [RSF] ha sido en las letras espa\u00f1olas de la democracia un t\u00f3tem cultural. Lo ha sido incluso para quienes solo se acercaron a la fuerza y de mala gana a <i>El Jarama<\/i> en el instituto, quienes pudieron descubrir la frescura irresistible y a la vez m\u00f3rbida de las historias del <i>Alfanhu\u00ed<\/i> o quienes solo retienen como experiencia de lectura un pu\u00f1ado de art\u00edculos de combate en las primeras d\u00e9cadas de la democracia\u00bb.<\/p>\n<p>Con estas palabras abre Jordi Gracia su pr\u00f3logo \u2013\u00bbTot\u00e9mico Ferlosio\u00bb\u2013 a esta excelente aproximaci\u00f3n global a la obra de RSF estructurada en una Introducci\u00f3n (\u00abBajo las alas del siniestro p\u00e1jaro\u00bb), ocho cap\u00edtulos -1. Un alfabeto raro: el verbo encarnado. 2. En las afueras del Estado: en torno a <i>Revista espa\u00f1ola<\/i>. 3. Alrededores y entresijos de <i>El Jarama<\/i>. 4. \u00abEl grotesco papel\u00f3n del literato\u00bb: la forja del ensayista. 5. Ferlosio y sus is\u00f3topos: travestismo, tradici\u00f3n y apropiaci\u00f3n. 6. Ni\u00f1os y esquemas. 7. Veedores y fiscales. 8. Batines de lana y zapatillas de deporte: sobre las instituciones y el cambio cultural-, el ep\u00edlogo: \u00abLa antigua casa de la lengua\u00bb y un apartado de referencias situado al final del libro.<\/p>\n<p>Un apunte sobre el autor: Carlos Femen\u00edas Ferr\u00e0 [CFF] (Ma\u00f3, 1985) es doctor en Filolog\u00eda Hisp\u00e1nica y profesor de literatura. Sus trabajos se centran en la historia cultural de la Espa\u00f1a Contempor\u00e1nea. \u00abEste es su primer libro; cuenta con que no sea el \u00faltimo\u00bb. No lo ser\u00e1, el primero es excelente.<\/p>\n<p>La justificaci\u00f3n de esa excelencia:<\/p>\n<p>1. Por la admirable, por la magn\u00edfica prosa de CFF (\u00a1da gusto leerle!) y por la sabia elecci\u00f3n de un estilo expositivo no exageradamente acad\u00e9mico, no dominado por citas, referencias y largas notas al pie de p\u00e1gina (CFF ubica todas las referencias al final del texto).<\/p>\n<p>2. Por las fotograf\u00edas incluidas que, esta vez s\u00ed, valen la pena. No se pierdan ni una. Empezando por la primera, de mayo de 1955, con Ignacio Aldecoa y Manuel Pilares, en C\u00e1ceres, \u00abbajo las alas del siniestro p\u00e1jaro.\u00bb O la \u00faltima, del propio RSF con mascarilla (y probablemente in\u00e9dita), p. 313. Sin olvidar el dibujo que RSF incluy\u00f3 en el primer n\u00famero de <i>Revista espa\u00f1ola<\/i> (p. 77).<\/p>\n<p>3. Por la utilidad y exhaustividad de las referencias donde no hay nada de m\u00e1s (ni casi de menos), pp. 315-333.<\/p>\n<p>4. Por la espl\u00e9ndida exposici\u00f3n del <i>Alfanhu\u00ed,<\/i> pp. 50-73. Sorprende, eso s\u00ed, que CFF no haga referencia a la rese\u00f1a sobre <i>Alfanhu\u00ed<\/i> que Manuel Sacrist\u00e1n, amigo de juventud de S\u00e1nchez Ferlosio [\u00abhabi\u00e9ndolo emprendido todo por su sola afici\u00f3n, libre inter\u00e9s o propia y espont\u00e1nea curiosidad, no se tiene a s\u00ed mismo por profesional de nada\u00bb], public\u00f3 en el \u00faltimo n\u00famero de <i>Laye<\/i> (24), en 1954. Puede verse ahora en M. Sacrist\u00e1n, <i>Lecturas<\/i>, Barcelona: Icaria, 1985, pp. 65-86).<\/p>\n<p>5. Tampoco hay nada de menos en la aproximaci\u00f3n al <i>Jarama:<\/i> \u00abAlrededores y entresijos de <i>El Jarama<\/i>\u00bb (cap\u00edtulo 3), incluido el magn\u00edfico apartado dedicado a \u00abLos abajo firmantes\u00bb (y la renuncia de RSF a su propia criatura). \u00abEl respeto por la figura paterna nunca se perder\u00eda en la casa de los S\u00e1nchez-Mazas Ferlosio; quedar\u00eda como una figura colectiva en el c\u00f3digo de honor y como impresor de un sello genuinamente particular, pero debi\u00f3 de ver de muy mala gana los documentos done su prole estampaba sus firmas.\u00bb No se olvida CFF, por supuesto que no, de la rese\u00f1a del <i>Jarama<\/i> que Jes\u00fas Izcaray, militante comunista y excombatiente en la batalla del Jarama, publica en 1957.<\/p>\n<p>6. Destacable es tambi\u00e9n la referencia, nada frecuente. a la correspondencia que mantuvieron RSF y Sacrist\u00e1n a mediados de los 60. \u00abSobre ello discute pormemorizadamente un a\u00f1o despu\u00e9s en su correspondencia con Manuel Sacrist\u00e1n. Atosigado por las especulaciones sobre el mutismo que sucedi\u00f3 a <i>El Jarama<\/i>, Ferlosio expone que su silencio responde al rechazo de escribir por obligaci\u00f3n.\u00bb (p. 185).<\/p>\n<p>7. Tambi\u00e9n son de indudable inter\u00e9s los comentarios de CFF sobre la entrevista que Guiu y Munn\u00e9 hicieron a Sacrist\u00e1n en 1979 para <i>El Viejo Topo<\/i> y las observaciones de este \u00faltimo sobre sus relaciones con RSF.<\/p>\n<p>8. Excelentes tambi\u00e9n las p\u00e1ginas dedicadas a asuntos ot\u00e1nicos, incluyendo las pol\u00e9micas de aquellos a\u00f1os (p. 286 y ss).<\/p>\n<p>Tres observaciones finales:<\/p>\n<p>1. En la p\u00e1gina 327, donde CFF escribe Fern\u00e1ndez donde deber\u00eda haber escrito L\u00f3pez (magn\u00edfico lapsus, en todo caso).<\/p>\n<p>2. Convendr\u00eda a\u00f1adir un \u00edndice nominal en futuras reediciones.<\/p>\n<p>3. Francisco Fern\u00e1ndez Buey dict\u00f3 una conferencia en 2007, \u00abFerlosio-Sacrist\u00e1n en el jard\u00edn del tr\u00e1gico\u00bb, recogida en <i>Sobre Manuel Sacrist\u00e1n<\/i>, Vilassar de Dalt. El Viejo Topo, 2015, pp. 433-485, que con toda seguridad interesar\u00e1 a CFF.<\/p>\n<p>En fin, entre centenares y centenares de libros, <i>A prop\u00f3sito de Ferlosio<\/i> merece atenta lectura y relectura. Y agradecimiento al autor.<\/p>\n","protected":false},"excerpt":{"rendered":"<p>Rese\u00f1a de: Carlos Femen\u00edas Ferr\u00e0, A prop\u00f3sito de Ferlosio. Ensayo de interpretaci\u00f3n cultural, Madrid: Alianza Editorial, 2022, 333 p\u00e1ginas. \u00abNi<\/p>\n","protected":false},"author":5,"featured_media":15078,"comment_status":"open","ping_status":"open","sticky":false,"template":"","format":"standard","meta":{"footnotes":""},"categories":[19,5],"tags":[2090,2089,2091,917],"class_list":["post-15075","post","type-post","status-publish","format-standard","has-post-thumbnail","hentry","category-cultura","category-literatura","tag-a-proposito-de-ferlosio-ensayo-de-interpretacion-cultural","tag-carlos-femenias-ferra","tag-rafael-sanchez-ferlosio","tag-resenas"],"aioseo_notices":[],"_links":{"self":[{"href":"https:\/\/espai-marx.net\/index.php?rest_route=\/wp\/v2\/posts\/15075","targetHints":{"allow":["GET"]}}],"collection":[{"href":"https:\/\/espai-marx.net\/index.php?rest_route=\/wp\/v2\/posts"}],"about":[{"href":"https:\/\/espai-marx.net\/index.php?rest_route=\/wp\/v2\/types\/post"}],"author":[{"embeddable":true,"href":"https:\/\/espai-marx.net\/index.php?rest_route=\/wp\/v2\/users\/5"}],"replies":[{"embeddable":true,"href":"https:\/\/espai-marx.net\/index.php?rest_route=%2Fwp%2Fv2%2Fcomments&post=15075"}],"version-history":[{"count":0,"href":"https:\/\/espai-marx.net\/index.php?rest_route=\/wp\/v2\/posts\/15075\/revisions"}],"wp:featuredmedia":[{"embeddable":true,"href":"https:\/\/espai-marx.net\/index.php?rest_route=\/wp\/v2\/media\/15078"}],"wp:attachment":[{"href":"https:\/\/espai-marx.net\/index.php?rest_route=%2Fwp%2Fv2%2Fmedia&parent=15075"}],"wp:term":[{"taxonomy":"category","embeddable":true,"href":"https:\/\/espai-marx.net\/index.php?rest_route=%2Fwp%2Fv2%2Fcategories&post=15075"},{"taxonomy":"post_tag","embeddable":true,"href":"https:\/\/espai-marx.net\/index.php?rest_route=%2Fwp%2Fv2%2Ftags&post=15075"}],"curies":[{"name":"wp","href":"https:\/\/api.w.org\/{rel}","templated":true}]}}