{"id":15081,"date":"2024-02-26T05:00:07","date_gmt":"2024-02-26T04:00:07","guid":{"rendered":"https:\/\/espai-marx.net\/?p=15081"},"modified":"2024-02-26T05:04:13","modified_gmt":"2024-02-26T04:04:13","slug":"macron-y-la-rn-guardan-silencio-sobre-el-hecho-de-que-los-resistentes-comunistas-extranjeros-estuvieran-entre-los-patriotas-mas-eminentes-de-francia","status":"publish","type":"post","link":"https:\/\/espai-marx.net\/?p=15081","title":{"rendered":"\u00abMacron y la RN guardan silencio sobre el hecho de que los resistentes comunistas extranjeros estuvieran entre los patriotas m\u00e1s eminentes de Francia\u00bb"},"content":{"rendered":"<p><em>El 21 de febrero de 2024 se han trasladado al Pante\u00f3n franc\u00e9s los restos de dos partisanos comunistas resistentes contra el nazismo: Missak Manouchian y su esposa M\u00e9lin\u00e9e. Tambi\u00e9n se ha inscrito, entre otros, el nombre de un compa\u00f1ero espa\u00f1ol ejecutado con ellos: <a href=\"https:\/\/mundoobrero.es\/2024\/02\/22\/celestino-alfonso-combatiente-comunista-y-primer-espanol-con-su-nombre-inscrito-en-el-panteon-de-hombres-ilustres-de-paris\/\">Celestino Alfonso<\/a>.\u00a0 En la revista en l\u00ednea <\/em>Quartier G\u00e9n\u00e9ral<em> realizaron recientemente una entrevista a la historiadora francesa Annie Lacroix-Riz que presentamos a continuaci\u00f3n. La lectura de este art\u00edculo suscit\u00f3 algunas reacciones en el grupo de debate en el que participamos muchos de los miembros de Espai Marx. A\u00f1adimos la m\u00e1s destacada: unas notas cr\u00edticas de Jos\u00e9 Luis Mart\u00edn Ramos sobre algunos puntos discutibles o matizables de las opiniones de\u00a0 Lacroix-Riz.<\/em><\/p>\n<p>El mi\u00e9rcoles 21 de febrero, por iniciativa del El\u00edseo, Missak Manouchian, l\u00edder de uno de los grupos Francs-tireurs et Partisans-Main d&#8217;\u0153uvre immigr\u00e9e (FTP-MOI), y su esposa M\u00e9lin\u00e9e, tambi\u00e9n miembro de la Resistencia, ser\u00e1n introducidos en el Pante\u00f3n, monumento nacional franc\u00e9s. \u00bfQui\u00e9nes eran estos resistentes comunistas de origen armenio y qu\u00e9 eficacia tuvieron contra los ocupantes nazis? M\u00e1s all\u00e1 del caso Manouchian, \u00bfcu\u00e1l fue la realidad de la lucha interna librada por los comunistas y cu\u00e1ndo comenz\u00f3? Por otra parte, \u00bfqu\u00e9 legitimidad tiene el Gobierno de Macron para celebrar a los resistentes comunistas inmigrantes en un momento en el que se alinea con las coordenadas de la extrema derecha en la cuesti\u00f3n de la migraci\u00f3n y utiliza desde hace tiempo t\u00e1cticas de demonizaci\u00f3n contra sus oponentes pol\u00edticos que no distan mucho de las de la tristemente c\u00e9lebre \u00abAffiche rouge\u00bb? Aude Lancelin habl\u00f3 para QG con la historiadora Annie Lacroix-Riz, autora de <em>Choix de la D\u00e9faite<\/em> (Armand Colin), sobre la apropiaci\u00f3n indebida del patrimonio comunista por los sucesivos presidentes, desde Nicolas Sarkozy en 2007 con el joven resistente comunista Guy M\u00f4quet, hasta Emmanuel Macron en 2024, con la admirable epopeya de los Manouchian, que se dispone a celebrar en su propio beneficio.<\/p>\n<figure id=\"attachment_15082\" aria-describedby=\"caption-attachment-15082\" style=\"width: 282px\" class=\"wp-caption alignleft\"><a href=\"https:\/\/espai-marx.net\/wp-content\/uploads\/2024\/02\/Manouchian1.jpeg\"><img loading=\"lazy\" decoding=\"async\" class=\"wp-image-15082 size-full\" src=\"https:\/\/espai-marx.net\/wp-content\/uploads\/2024\/02\/Manouchian1.jpeg\" alt=\"\" width=\"282\" height=\"426\" srcset=\"https:\/\/espai-marx.net\/wp-content\/uploads\/2024\/02\/Manouchian1.jpeg 282w, https:\/\/espai-marx.net\/wp-content\/uploads\/2024\/02\/Manouchian1-199x300.jpeg 199w\" sizes=\"auto, (max-width: 282px) 100vw, 282px\" \/><\/a><figcaption id=\"caption-attachment-15082\" class=\"wp-caption-text\">Missak Manouchian, obrero, poeta, militante comunista armenio y resistente en Francia durante la ocupaci\u00f3n nazi<\/figcaption><\/figure>\n<p><b>QG: Ejecutado por los nazis en Mont Val\u00e9rien el 21 de febrero de 1944, el resistente comunista Missak Manouchian era miembro del grupo FTP-MOI (Francs Tireurs et partisans-Main d&#8217;oeuvre Immigr\u00e9e). En primer lugar, \u00bfpuede hablarnos de este grupo de resistencia particularmente activo y decidido, que llev\u00f3 a cabo casi doscientas acciones contra los ocupantes alemanes en Francia?<\/b><\/p>\n<p>Annie Lacroix-Riz: Era uno de los numerosos grupos creados por el PCF que hab\u00edan emprendido acciones armadas desde el verano de 1941, pero, insisto, este llamamiento claramente fechado a la acci\u00f3n armada no fue el comienzo de la Resistencia comunista. Los registros de militantes comunistas del diccionario biogr\u00e1fico Maitron y las s\u00f3lidas investigaciones, tanto locales como de otro tipo, desmienten la tesis casi universal de que hubo complicidad o incluso alianza entre comunistas y nazis desde la firma del pacto de no agresi\u00f3n germano-sovi\u00e9tico, el 23 de agosto de 1939, hasta el 22 de junio de 1941, fecha del ataque alem\u00e1n a la URSS. Nadie en Francia se hab\u00eda pronunciado antes a favor de la lucha armada contra las fuerzas de ocupaci\u00f3n, y el PCF fue el \u00fanico partido que lo hizo. El propio De Gaulle, rodeado de encapuchados hasta el punto de negarse a recibir a Pierre Cot en Londres, prefiri\u00f3 una liberaci\u00f3n \u00abmilitar\u00bb franco-aliada a una liberaci\u00f3n de car\u00e1cter popular, demasiado comunista: declar\u00f3 que los ataques eran in\u00fatiles y perjudiciales, argumentando que las ejecuciones alemanas de rehenes eran tan costosas para \u00abel pueblo franc\u00e9s\u00bb. Esta declaraci\u00f3n, o m\u00e1s bien este eslogan, sirvi\u00f3 para encubrir la privaci\u00f3n duradera de armas a la Resistencia por parte de los angloamericanos.<\/p>\n<p>Las fuentes policiales, tanto francesas (1939-1941) como alemanas (1940-1941), son igualmente claras al afirmar que no hubo ruptura entre las dos fases. Los militantes comunistas, franceses o extranjeros, hab\u00edan sido perseguidos por la polic\u00eda desde la prohibici\u00f3n de la prensa y de las organizaciones comunistas el 25 y 26 de agosto de 1939, un mes antes del decreto Daladier de prohibici\u00f3n del Partido Comunista (26 de septiembre), en virtud del cual la polic\u00eda francesa segu\u00eda deteniendo comunistas en el verano de 1944. En mayo de 1941 hubo una gran huelga en las minas de la regi\u00f3n del Norte, preparada activamente por los comunistas desde el oto\u00f1o de 1940, y el PCF anunci\u00f3 la formaci\u00f3n de un \u00abFrente Nacional\u00bb contra los invasores. La colaboraci\u00f3n policial franco-alemana contra los emigrantes alemanes, establecida desde el principio, se hab\u00eda reforzado seriamente en oto\u00f1o de 1938 con el \u00abMunich interior\u00bb. Aparentemente interrumpido desde julio de 1939 por la expulsi\u00f3n oficial de los agentes alemanes, el idilio se reanud\u00f3 en el verano de 1940. A su llegada, el ocupante no interfiri\u00f3 en la caza de comunistas por parte de la polic\u00eda francesa, tan celosa desde finales del verano de 1939, pero la colaboraci\u00f3n policial en la caza de comunistas se estableci\u00f3 formalmente ya en febrero-marzo de 1941 [1]. La tesis contraria se benefici\u00f3 de la publicidad masiva negada a las investigaciones \u00abdesviadas\u00bb.<\/p>\n<p>Fue en 1943, tras la victoria sovi\u00e9tica en Stalingrado que galvaniz\u00f3 la resistencia comunista armada en toda la Europa ocupada, cuando los grupos de acci\u00f3n directa creados en 1942 cobraron protagonismo. En Par\u00eds y en la regi\u00f3n parisina, cinco grupos se encargaron de llevar a cabo atentados. El grupo dirigido por Missak Manouchian, uno de los dos armenios entre los 23 militantes condenados por un tribunal militar alem\u00e1n y 22 ejecutados en febrero de 1944 en Mont-Val\u00e9rien, inclu\u00eda a seis jud\u00edos polacos, entre ellos Marcel Rajman, tres jud\u00edos h\u00fangaros, una jud\u00eda rumana, Olga Bancic [2], cinco italianos, un espa\u00f1ol, dos polacos y tres franceses no jud\u00edos. Todos estos grupos urbanos, en su mayor\u00eda extranjeros, contaban con el apoyo de dos equipos de preparaci\u00f3n y un equipo de m\u00e9dicos.<\/p>\n<figure id=\"attachment_15083\" aria-describedby=\"caption-attachment-15083\" style=\"width: 600px\" class=\"wp-caption aligncenter\"><a href=\"https:\/\/espai-marx.net\/wp-content\/uploads\/2024\/02\/Manouchian2.jpeg\"><img loading=\"lazy\" decoding=\"async\" class=\"wp-image-15083 \" src=\"https:\/\/espai-marx.net\/wp-content\/uploads\/2024\/02\/Manouchian2.jpeg\" alt=\"\" width=\"600\" height=\"829\" srcset=\"https:\/\/espai-marx.net\/wp-content\/uploads\/2024\/02\/Manouchian2.jpeg 741w, https:\/\/espai-marx.net\/wp-content\/uploads\/2024\/02\/Manouchian2-217x300.jpeg 217w\" sizes=\"auto, (max-width: 600px) 100vw, 600px\" \/><\/a><figcaption id=\"caption-attachment-15083\" class=\"wp-caption-text\">Cartel del grupo de resistencia Franc-Tireurs Partisans (FTP)<\/figcaption><\/figure>\n<p>En su tesis de 2003, Denis Peschanski \u2013nombrado \u00abconsejero hist\u00f3rico\u00bb tras la decisi\u00f3n del presidente franc\u00e9s en junio de 2023 de convertir a la pareja Manouchian en monumento conmemorativo\u2013 hizo hincapi\u00e9 en el \u00abefecto militar extremadamente limitado de la guerrilla urbana\u00bb dirigida por estos grupos comunistas, que contaban en total con entre cien y trescientos miembros [3]. Se trataba de una presentaci\u00f3n sesgada: la acci\u00f3n armada de Par\u00eds, que pretend\u00eda convertir en un infierno la capital del placer del ocupante, y que lo consigui\u00f3, formaba parte de la acci\u00f3n armada general de los Partisanos Francs-Tireurs, franceses y del MOI, en toda Francia, contra la m\u00e1quina de guerra alemana y sus c\u00f3mplices. El sabotaje de f\u00e1bricas y ferrocarriles, que tuvo un efecto desastroso sobre el transporte y las tropas de la Wehrmacht, especialmente en el sudeste y sudoeste, tuvo un \u00abefecto\u00bb formidable. Hicieron de los obreros metal\u00fargicos y ferroviarios la punta de lanza contra los obreros franceses invasores, tanto franceses como inmigrantes.<\/p>\n<p>Vichy, el BCRA (Bureau Central de Renseignement et d&#8217;Action) de De Gaulle y los alemanes eran un\u00e1nimes sobre el \u00e9xito del objetivo comunista: los bombardeos angloamericanos eran mortalmente ineficaces (75.000 muertos civiles, sin perturbaci\u00f3n de la maquinaria de guerra alemana); los \u00abatentados terroristas\u00bb hab\u00edan privado, desde 1943, de toda seguridad a los ocupantes y a sus c\u00f3mplices franceses. En diciembre de 1943-enero de 1944, Abetz, el canalla de la Francia de los a\u00f1os 30 y representante del Reich en Par\u00eds desde junio de 1940 (menos un a\u00f1o de \u00abpenitencia berlinesa\u00bb tras el desembarco americano en \u00c1frica del Norte), traz\u00f3 un cuadro elocuente de la acci\u00f3n del FTP, franc\u00e9s o MOI, contra la Wehrmacht y las f\u00e1bricas que trabajaban para el Reich. Cientos de \u00absabotajes y atentados\u00bb mensuales, en constante aumento desde abril de 1943, bloquearon durante semanas o incluso meses f\u00e1bricas, canales y \u00abl\u00edneas esenciales de alta tensi\u00f3n\u00bb, perturbando el transporte de tropas y mercanc\u00edas; cientos de atentados golpearon a los alemanes y a sus secuaces franceses. Los informes de Abetz eran un himno involuntario a la Resistencia armada comunista [4].<\/p>\n<figure id=\"attachment_15084\" aria-describedby=\"caption-attachment-15084\" style=\"width: 600px\" class=\"wp-caption aligncenter\"><a href=\"https:\/\/espai-marx.net\/wp-content\/uploads\/2024\/02\/Manouchian3.jpg\"><img loading=\"lazy\" decoding=\"async\" class=\"wp-image-15084\" src=\"https:\/\/espai-marx.net\/wp-content\/uploads\/2024\/02\/Manouchian3.jpg\" alt=\"\" width=\"600\" height=\"468\" srcset=\"https:\/\/espai-marx.net\/wp-content\/uploads\/2024\/02\/Manouchian3.jpg 985w, https:\/\/espai-marx.net\/wp-content\/uploads\/2024\/02\/Manouchian3-300x234.jpg 300w, https:\/\/espai-marx.net\/wp-content\/uploads\/2024\/02\/Manouchian3-768x599.jpg 768w\" sizes=\"auto, (max-width: 600px) 100vw, 600px\" \/><\/a><figcaption id=\"caption-attachment-15084\" class=\"wp-caption-text\">Panfleto de un grupo de resistencia durante la Segunda Guerra Mundial: \u00ab\u00a1J\u00f3venes! \u00a1Est\u00e1is asistiendo a los \u00faltimos estertores del opresor Boche! Mostrad que sois franceses y demostrad que no har\u00e9is nada para ayudar a la bestia a levantarse de nuevo\u00bb.<\/figcaption><\/figure>\n<p>Los grupos de combate \u00aburbanos\u00bb tambi\u00e9n participaron en estas acciones, como \u00abCarmagnole-Libert\u00e9\u00bb en Lyon y el Sureste. Su \u00fanico superviviente comunista, L\u00e9on Landini, de 98 a\u00f1os, que ha conservado la bandera del grupo (ver foto m\u00e1s abajo), nunca fue contactado personalmente por la oficina del Presidente de la Rep\u00fablica, a pesar de varios intentos desde el anuncio de las ceremonias. As\u00ed lo reconoci\u00f3 el 16 de febrero de 2024 en una carta abierta dirigida a Emmanuel Macron.<\/p>\n<p>En mayo de 1944, en v\u00edsperas del desembarco anglo-estadounidense del 6 de junio, cuando la acci\u00f3n militar aliada era pr\u00e1cticamente inexistente, el general B\u00e9thouart, un leal a Vichy que se hab\u00eda unido a los estadounidenses desde su desembarco en el norte de \u00c1frica, se uni\u00f3 al inevitable De Gaulle y estableci\u00f3 la crucial contribuci\u00f3n militar de estos grupos a la lucha por la liberaci\u00f3n de Francia y Europa. Desde noviembre de 1943, \u00ab1) el frente ruso absorbi\u00f3 una media del 60% de las fuerzas terrestres de la Wehrmacht (alcanzando el m\u00e1ximo esfuerzo el 65% en enero de 1944); 2) el frente italiano [angloamericano] s\u00f3lo absorbi\u00f3 entre el 5% y el 7 \u00bd% de las fuerzas; 3) el miedo al segundo frente y a las guerrillas europeas inmoviliz\u00f3 al 30%\u00bb [5]. En una Francia \u00abde nuevo en guerra con el Reich\u00bb, los alemanes tuvieron que reforzar sus divisiones de la Wehrmacht, que pasaron de 27 en noviembre de 1943 a 48 en abril de 1944 [6].<\/p>\n<p>Lo mismo ocurri\u00f3 con el maquis, estructura regional vinculada a la instauraci\u00f3n del servicio de trabajo obligatorio (de facto desde septiembre de 1942, por decreto de 16 de febrero de 1943 [7]), cuyas fuerzas dirigidas por comunistas fueron predominantes, si no exclusivas, hasta la primavera de 1944. En cuanto a la eficacia de la acci\u00f3n armada, no estamos ni cerca del desprecio del historiador Claude Barbier por el \u00abmito\u00bb de una \u00abbatalla de Les Gli\u00e8res que nunca tuvo lugar\u00bb [8].<\/p>\n<figure id=\"attachment_15085\" aria-describedby=\"caption-attachment-15085\" style=\"width: 409px\" class=\"wp-caption aligncenter\"><a href=\"https:\/\/espai-marx.net\/wp-content\/uploads\/2024\/02\/Manouchian4.jpg\"><img loading=\"lazy\" decoding=\"async\" class=\"wp-image-15085 size-full\" src=\"https:\/\/espai-marx.net\/wp-content\/uploads\/2024\/02\/Manouchian4.jpg\" alt=\"\" width=\"409\" height=\"691\" srcset=\"https:\/\/espai-marx.net\/wp-content\/uploads\/2024\/02\/Manouchian4.jpg 409w, https:\/\/espai-marx.net\/wp-content\/uploads\/2024\/02\/Manouchian4-178x300.jpg 178w\" sizes=\"auto, (max-width: 409px) 100vw, 409px\" \/><\/a><figcaption id=\"caption-attachment-15085\" class=\"wp-caption-text\">El 17 de febrero, L\u00e9on Landini, antiguo combatiente de la Resistencia de 98 a\u00f1os, superviviente de la secci\u00f3n de Lyon, iz\u00f3 la bandera del FTP-MOI en la regi\u00f3n de R\u00f3dano-Alpes.<\/figcaption><\/figure>\n<p><b>\u00bfPor qu\u00e9 se hizo una distinci\u00f3n entre el grupo llamado FTP \u00abfranc\u00e9s\u00bb y el grupo FTP-MOI, siendo este \u00faltimo el grupo de combatientes de la Resistencia inmigrantes y ap\u00e1tridas que depend\u00eda directamente de Jacques Duclos, n\u00famero 2 del Partido Comunista Franc\u00e9s?<\/b><\/p>\n<p>La distinci\u00f3n estaba ligada a la historia del movimiento comunista original, con la estructuraci\u00f3n prescrita en 1920 por la III Internacional de Mosc\u00fa para los PC existentes y futuros: conservar\u00edan su base nacional, como en la \u00e9poca de la II Internacional, pero romper\u00edan formalmente con las reglas y pr\u00e1cticas de las organizaciones internacionales y nacionales que hab\u00edan apoyado la \u00abguerra imperialista\u00bb desde 1914.<\/p>\n<p>Una gran parte de la clase obrera francesa es producto de la inmigraci\u00f3n desde los a\u00f1os 1880 y 1890 (fase importante de la inmigraci\u00f3n italiana), y m\u00e1s que nunca desde la primera posguerra. Los extranjeros fueron expulsados de sus respectivos pa\u00edses por las crisis \u2013end\u00e9micas una d\u00e9cada antes de la Gran Depresi\u00f3n\u2013 y por la persecuci\u00f3n pol\u00edtica: cat\u00f3licos polacos de origen campesino, reclutados por decenas de miles por los grandes jefes del Comit\u00e9 des Houill\u00e8res, italianos y, a lo largo de las d\u00e9cadas, nacionales, con una gran sobrerrepresentaci\u00f3n jud\u00eda, de los pa\u00edses perseguidores de Europa Central y Oriental (polacos, h\u00fangaros, rumanos, etc.). Durante la Depresi\u00f3n, una parte importante de los trabajadores fueron expulsados, entre ellos mineros polacos (principalmente activistas comunistas), pero la inmigraci\u00f3n volvi\u00f3 a aumentar con miles de jud\u00edos alemanes desde el advenimiento de los nazis y, antes y despu\u00e9s de la ca\u00edda de la Espa\u00f1a republicana, no menos de 500.000 refugiados espa\u00f1oles. Los veteranos de la Rep\u00fablica aportar\u00edan una parte importante de la acci\u00f3n armada bajo la Ocupaci\u00f3n, junto a los antifascistas alemanes.<\/p>\n<p>El joven movimiento comunista, reclutado esencialmente entre la clase obrera, concedi\u00f3 gran importancia a estos trabajadores extranjeros, \u00abimportados\u00bb a salarios m\u00e1s bajos en Francia. Los sindicatos \u00abrazonables\u00bb, la CFTC y la CGT, no s\u00f3lo no los defendieron, sino que durante la crisis, sin m\u00e1s explicaciones, se sumaron a la defensa del \u00abtrabajo nacional\u00bb. Los comunistas movilizaron sus organizaciones, debilitadas entre las derrotas obreras de 1920 y 1935-36, al servicio de la idea de una clase obrera \u00fanica, \u00abde origen\u00bb o no. Integraron a esos trabajadores extranjeros, clasificados por grupos ling\u00fc\u00edsticos, en la Confederaci\u00f3n General del Trabajo (CGTU) unitaria fundada en 1923 [9]. En este marco se forj\u00f3 en la segunda mitad de los a\u00f1os veinte la \u00abmano de obra inmigrante\u00bb, com\u00fanmente denominada por sus siglas \u00abMOI\u00bb a partir de los a\u00f1os treinta. Tambi\u00e9n desempe\u00f1\u00f3 un papel destacado en las Brigadas Internacionales durante la Guerra Civil espa\u00f1ola [10].<\/p>\n<p>Su papel decisivo en la defensa de Francia, amenazada por la guerra que se avecinaba, fue subrayado jocosamente por Georges Bonnet, Ministro de Asuntos Exteriores de Daladier, Presidente del Consejo desde abril de 1938. Bonnet, \u00abel hombre de los bancos\u00bb, como dec\u00eda el aristocr\u00e1tico embajador del Reich von Welczeck, mimado de los salones parisinos desde su nombramiento en 1936, se re\u00eda con su anfitri\u00f3n a mediados de junio de 1938 de las p\u00e9rdidas sufridas por \u00ablos comunistas de los suburbios rojos de Par\u00eds, en su gran mayor\u00eda extranjeros, que hab\u00edan aportado un gran contingente de voluntarios para la guerra civil espa\u00f1ola\u00bb. Seg\u00fan los informes recibidos, casi el 80% de estos voluntarios hab\u00edan sido asesinados o hab\u00edan muerto, por lo que este suburbio estaba ahora, afortunadamente, mucho menos poblado\u00bb [11].<\/p>\n<p>La decisi\u00f3n en 1942 \u2013a\u00f1o decisivo para la organizaci\u00f3n de los Partisanos Francs-Tireurs anunciada a finales de 1941\u2013 de crear una organizaci\u00f3n MOI fue por tanto una prolongaci\u00f3n de pr\u00e1cticas que exist\u00edan desde hac\u00eda casi veinte a\u00f1os. En cuanto a los \u00abap\u00e1tridas\u00bb, hab\u00edan sido privados de su nacionalidad por ser jud\u00edos, en particular por la Polonia del coronel Beck en 1938, furiosamente antisemita, con la complicidad activa del gobierno franc\u00e9s, que estaba encantado de cerrarles la puerta. Conocemos un poco la correspondencia de 1938 entre Bonnet-Chautemps (ministro del Interior) y L\u00e9on No\u00ebl (embajador en Varsovia) sobre los \u00abisraelitas orientales\u00bb que hab\u00eda que retirar o expulsar, ahora en masa: Hab\u00edan \u00abentrado en Francia con la intenci\u00f3n de instalarse utilizando m\u00e9todos il\u00edcitos o fraudulentos\u00bb, y padec\u00edan \u00abdeficiencias f\u00edsicas e incluso taras hereditarias, contribuyendo de forma anormal a la masificaci\u00f3n de nuestros hospitales y establecimientos de asistencia social\u00bb. Sus \u00abm\u00e9todos de trabajo, que rara vez tienen en cuenta la reglamentaci\u00f3n en vigor, corren el riesgo de eliminar al artesano franc\u00e9s, sobre todo en Par\u00eds, al tiempo que disminuye la calidad que hasta ahora ha sido el distintivo y el arma esencial de nuestra producci\u00f3n artesanal\u00bb. Esta literatura, que parece sacada de los archivos de la Ocupaci\u00f3n [12], no tiene nada que envidiar a la de la Francia actual. La moribunda Tercera Rep\u00fablica, muchos de cuyos dirigentes permitieron que se enconara la dictadura de Vichy, persegu\u00eda abiertamente a los extranjeros desde el gabinete Daladier (abril de 1938). Pronto les priv\u00f3 de todos los derechos posibles con una avalancha de decretos, incluida la expulsi\u00f3n, a partir de mayo de 1938. Son tan buenos como los nuestros.<\/p>\n<p>A lo largo de los a\u00f1os 30, la propaganda diaria se hab\u00eda centrado en los extranjeros jud\u00edos: despu\u00e9s de maldecir a los proletarios italianos y a los proletarios jud\u00edos de Europa central y oriental, a partir de 1933 la gran prensa (y no s\u00f3lo la prensa oficial fascista) se lanz\u00f3 contra los miles de jud\u00edos alemanes, de origen m\u00e1s burgu\u00e9s e intelectual, acusados de robar el pan a los tenderos y abogados franceses. La caza actual de musulmanes y otras personas \u00abmal integradas\u00bb es una repetici\u00f3n de la caza de extranjeros, \u00ab<em>met\u00e8ques ind\u00e9sirables<\/em>\u00bb de antes de la guerra: sigue el modelo de la de Darquier de Pellepoix. Este faccioso del 6 de febrero de 1934, jefe de la \u00abRassemblement antijuif de France\u00bb (1936), financiada por el gran capital y la Alemania nazi, aseguraba a los peque\u00f1os comerciantes parisinos que sus desgracias se deb\u00edan a inmigrantes competidores, jud\u00edos alemanes y otros. En mayo de 1942, los alemanes y Vichy le nombraron jefe del Commissariat G\u00e9n\u00e9ral aux Questions Juives (Comisariado General para las Cuestiones Jud\u00edas, creado espont\u00e1neamente por Vichy en diciembre de 1940).<\/p>\n<p>La caza \u00abrepublicana\u00bb de inmigrantes hab\u00eda proporcionado a Vichy el aparato de direcci\u00f3n, la polic\u00eda y todas las estructuras existentes (incluidos los archivos) que fueron esenciales para la caza alemana o franco-alemana de inmigrantes en 1940-1944, que fue extremadamente eficaz. Los perseguidores policiales de inmigrantes en el periodo de entreguerras ganaron aqu\u00ed sus galones, como los dos autores del \u00abdossier jud\u00edo\u00bb, Jean Fran\u00e7ois y Andr\u00e9 Tulard, que hicieron una brillante carrera en la Prefectura de polic\u00eda tras la Liberaci\u00f3n. En cuanto a los polic\u00edas de la misma Prefectura de Polic\u00eda, verdugos originales de la Resistencia comunista, cuya \u00abResistencia\u00bb hab\u00eda comenzado casi siempre, como muy pronto, el 19 de agosto de 1944, De Gaulle los hizo condecorar a sabiendas en octubre \u00abcon un cord\u00f3n rojo con los colores de la Legi\u00f3n de Honor\u00bb [13]. El otro superviviente de la Resistencia comunista, el parisino Robert Birenbaum, recuerda en sus Memorias reci\u00e9n publicadas este intercambio en septiembre de 1944 con dos polic\u00edas, portadores de la medalla que hab\u00eda precedido a la <em>fourrag\u00e8re<\/em>: \u00abS\u00e9 c\u00f3mo os comportasteis todos cuando estaban los alemanes. A mis ojos, no merec\u00e9is ninguna medalla\u00bb. [14]<\/p>\n<p><b>El famoso \u00abcartel rojo\u00bb que denunciaba a este grupo de resistentes como \u00abel ej\u00e9rcito del crimen\u00bb iba acompa\u00f1ado de un panfleto violentamente antisemita, que denunciaba (y cito) un \u00abcomplot de la Anti-Francia, el sue\u00f1o mundial del sadismo jud\u00edo\u00bb, y afirmaba: \u00abSi los franceses saquean, roban, sabotean y matan, son siempre extranjeros quienes les mandan. Siempre est\u00e1n inspirados por jud\u00edos\u00bb. \u00bfPor qu\u00e9 muchos de los miembros del grupo FTP-MOI eran jud\u00edos de Europa Central, h\u00fangaros o polacos? En t\u00e9rminos m\u00e1s generales, llama la atenci\u00f3n que de los mil combatientes de la Resistencia fusilados por los ocupantes alemanes en Mont-Val\u00e9rien, 185 eran extranjeros, una proporci\u00f3n muy superior a su lugar en la poblaci\u00f3n francesa. \u00bfC\u00f3mo se explica esta sobrerrepresentaci\u00f3n entre los patriotas?<\/b><\/p>\n<p>Ciertamente, entre los resistentes comunistas de Europa central y oriental hab\u00eda muchos jud\u00edos, emigrados desde los a\u00f1os veinte y especialmente decididos contra los alemanes y sus secuaces: como los italianos antifascistas, los armenios martirizados en 1915 por los turcos con la ayuda de sus aliados alemanes, y los republicanos espa\u00f1oles. La publicidad de la masacre del 21 de enero de 1944, a trav\u00e9s del \u00abCartel Rojo\u00bb y de octavillas, fue el resultado de la obstinada insistencia de las fuerzas de ocupaci\u00f3n en que la Resistencia no era nacional ni francesa, sino extranjera, y <em>a fortiori<\/em> jud\u00eda. Ya en diciembre de 1941, Abetz hab\u00eda propuesto una t\u00e1ctica para limitar la Resistencia armada nacional y patri\u00f3tica en general, con el apoyo de Vichy.<\/p>\n<p>El Reich apostaba por la xenofobia y el antisemitismo, que ten\u00edan fuertes ra\u00edces en la Francia colonial y en la importaci\u00f3n de mano de obra extranjera: las \u00e9lites y el Estado franceses hab\u00edan hecho gran uso de ellos desde la d\u00e9cada de 1880 para mantener bajos los salarios y dividir y neutralizar a \u00ablos de abajo\u00bb. El departamento de Ribbentrop, del que era casi delegado permanente en Par\u00eds desde 1933, hab\u00eda encargado a Abetz que trabajara para pudrir Francia internamente, con un equipo alem\u00e1n que llevaba intacto en Francia desde junio de 1940. Los futuros ocupantes hab\u00edan trabajado incansablemente, con el conocimiento y a la vista del Estado republicano, para encender ese racismo institucional [15].<\/p>\n<div class=\"img-preview-wrapper\">\n<figure id=\"attachment_15086\" aria-describedby=\"caption-attachment-15086\" style=\"width: 600px\" class=\"wp-caption aligncenter\"><a href=\"https:\/\/espai-marx.net\/wp-content\/uploads\/2024\/02\/Manouchian5.jpg\"><img loading=\"lazy\" decoding=\"async\" class=\"wp-image-15086 \" src=\"https:\/\/espai-marx.net\/wp-content\/uploads\/2024\/02\/Manouchian5.jpg\" alt=\"\" width=\"600\" height=\"928\" srcset=\"https:\/\/espai-marx.net\/wp-content\/uploads\/2024\/02\/Manouchian5.jpg 662w, https:\/\/espai-marx.net\/wp-content\/uploads\/2024\/02\/Manouchian5-194x300.jpg 194w\" sizes=\"auto, (max-width: 600px) 100vw, 600px\" \/><\/a><figcaption id=\"caption-attachment-15086\" class=\"wp-caption-text\">El \u00abcartel rojo\u00bb, nombre dado a un cartel de propaganda alemana con una tirada de 15.000 ejemplares en febrero de 1944, en el que se presentaba a Manouchian como \u00abjefe de una banda\u00bb y autor de 56 atentados.<\/figcaption><\/figure>\n<\/div>\n<p>A finales de 1941, tras los primeros atentados comunistas contra las fuerzas de ocupaci\u00f3n en octubre, Abetz, mientras Vichy designaba a los rehenes requeridos (principalmente comunistas, sacados de las c\u00e1rceles donde languidec\u00edan desde septiembre de 1939), subray\u00f3 a Ribbentrop el \u00abinter\u00e9s pol\u00edtico\u00bb de utilizar el t\u00e9rmino \u00abrepresalias\u00bb y prohibir el de \u00abejecuciones\u00bb alemanas. Esta sustituci\u00f3n sem\u00e1ntica contribuir\u00eda a negar todo car\u00e1cter de resistencia nacional a la acci\u00f3n comunista: \u00abEl objetivo de los atentados es dar a la poblaci\u00f3n francesa y al mundo la impresi\u00f3n de que el pueblo franc\u00e9s se levanta contra las autoridades de ocupaci\u00f3n y contra la idea de colaboraci\u00f3n con Alemania\u00bb. Las radios rusas y anglosajonas subrayan ostentosamente que los autores de los atentados son franceses. De ello se deduce que nos interesa pol\u00edticamente afirmar lo contrario. Incluso cuando se demuestra claramente que los autores son franceses, conviene no subrayar este hecho, sino tener en cuenta nuestros intereses pol\u00edticos, y fingir que son exclusivamente jud\u00edos y agentes a sueldo de los servicios secretos anglosajones y rusos. [&#8230;] Por consiguiente, ser\u00eda una buena idea, en los comunicados de prensa que anuncian las ejecuciones, no mencionar a los franceses y no mencionar tampoco a los rehenes, sino hablar exclusivamente de represalias contra los jud\u00edos y los agentes de los servicios secretos y sovi\u00e9ticos\u00bb. [16]<\/p>\n<p>De los veintitr\u00e9s militantes ejecutados en el Mont-Val\u00e9rien en febrero de 1944, los alemanes se\u00f1alaron cuidadosamente, a trav\u00e9s de los diez del Cartel Rojo, a siete jud\u00edos extranjeros, junto a tres de sus otras <em>b\u00eate noires<\/em>: un \u00abcomunista italiano\u00bb, un \u00abespa\u00f1ol rojo\u00bb y un \u00abjefe de banda armenio\u00bb (Manouchian).<\/p>\n<p><b>Qu\u00e9 legitimidad puede tener el gobierno macronista, que desde 2017 intenta superar a la derecha y a la extrema derecha en cuanto a su postura dura sobre la migraci\u00f3n y, m\u00e1s en general, sigue un deslizamiento reaccionario constante en todos los temas, al panteonizar a figuras de la Resistencia como los Manouchian?<\/b><\/p>\n<p>El actual Presidente de la Rep\u00fablica desea mantener su reputaci\u00f3n de \u00abizquierdista\u00bb, tras el voto masivo del electorado de este \u00faltimo, en la segunda vuelta de 2017 y despu\u00e9s de 2022, consentido en nombre de la lucha contra el Frente o Rassemblement National. Esta l\u00ednea, apoyada por varios acad\u00e9micos prominentes, ha ido acompa\u00f1ada de iniciativas que afirman estar preocupadas por la verdad hist\u00f3rica, concomitante con la restricci\u00f3n, desde 2020, a veces espectacular, del acceso a los fondos de archivos que previamente hab\u00edan sido desclasificados. Han puesto en primer plano a historiadores que dan fe de la buena fe del Presidente: sobre la guerra de Argelia, sobre el genocidio ruand\u00e9s. Denis Peschanski, antiguo militante de extrema izquierda que se convirti\u00f3 en pol\u00edtico socialista y luego en partidario incondicional de Macron, ha sido nombrado \u00abconsejero hist\u00f3rico\u00bb para la panteonizaci\u00f3n de la pareja Manouchian desde que se anunci\u00f3 en junio de 2023. Parece defender la identidad comunista de los Manouchian [17], cuyo contenido, sin embargo, la operaci\u00f3n actual est\u00e1 vaciando, en el contexto general del asalto antiinmigraci\u00f3n del gobierno.<\/p>\n<p>El 23 de noviembre de 2023, varios intelectuales que dif\u00edcilmente podr\u00edan calificarse de opositores al Presidente de la Rep\u00fablica se conmovieron ante la elecci\u00f3n exclusiva del matrimonio Manouchian, dos miembros de todo un grupo de \u00abresistentes internacionalistas\u00bb que tanto hab\u00edan contribuido \u00aba la liberaci\u00f3n de Francia y al restablecimiento de la Rep\u00fablica\u00bb: \u00abMissak Manouchian debe entrar en el Pante\u00f3n con todos sus camaradas\u00bb [18]. Desde el 7 de octubre de 2023, la Union Juive Fran\u00e7aise pour la Paix (UJFP) ha sido acusada de antisemitismo y acosada por negarse a confundir la oposici\u00f3n a la guerra de Israel contra Palestina con el antisemitismo. El 17 de febrero de 2024, sentenci\u00f3 que \u00abpanteonizar a los Manouchian\u00bb aisl\u00e1ndolos de su \u00abgrupo de lucha, perseguidos, detenidos y torturados por la polic\u00eda francesa antes de ser entregados a la Gestapo\u00bb y neg\u00e1ndose a celebrar a los 23 por lo que eran, resistentes comunistas franceses y extranjeros, jud\u00edos y no jud\u00edos, cuya \u00ablucha forma parte de nuestras luchas antirracistas, antifascistas y anticolonialistas de hoy\u00bb, constitu\u00eda una \u00abtraici\u00f3n\u00bb [19].<\/p>\n<p><b>En 2007, Nicolas Sarkozy tambi\u00e9n explot\u00f3 la memoria del resistente franc\u00e9s Guy M\u00f4quet, provocando el esc\u00e1ndalo de numerosos intelectuales e historiadores. A modo de recordatorio, el entonces Presidente de la Rep\u00fablica anunci\u00f3 que su \u00abprimera decisi\u00f3n como Presidente\u00bb ser\u00eda hacer leer en todas las aulas del pa\u00eds, al comienzo del curso escolar, la carta escrita por el joven resistente Guy M\u00f4quet a sus padres antes de su ejecuci\u00f3n. Un buen comunista es aparentemente un comunista muerto&#8230; \u00bfPor qu\u00e9 los presidentes neoliberales tienen tanto inter\u00e9s en arrancar a las figuras de la Resistencia de su familia pol\u00edtica?<\/b><\/p>\n<p>El Presidente de 2007 hab\u00eda borrado la filiaci\u00f3n comunista de Guy M\u00f4quet y su constante postura antinazi de su \u00faltima carta, que deb\u00eda leerse en clase, dos frases esenciales dirigidas a su padre Prosper, deportado por el \u00abcamino del honor\u00bb, trasladado en marzo de 1941 al campo de prisioneros de Maison-Carr\u00e9e, en Argelia [20]: \u00abA ti papito, si os he causado mucho dolor a ti y a mi mamita, te saludo por \u00faltima vez. Quiero que sepas que hice todo lo posible por seguir el camino que me trazaste\u00bb. Dos a\u00f1os m\u00e1s tarde, en 2009, dos historiadores especializados en la lucha contra el comunismo y la rehabilitaci\u00f3n de la polic\u00eda francesa publicaron un libro mordaz, celebrado por los grandes medios de comunicaci\u00f3n por su preocupaci\u00f3n por la verdad hist\u00f3rica: el joven comunista de 16 a\u00f1os no fue detenido el 13 de octubre de 1940 por Resistencia, sino por llamar a pactar con los ocupantes nazis, una tesis en l\u00ednea con el <em>leitmotiv<\/em> hoy consagrado en los manuales de historia, uniendo nazismo, fascismo y comunismo en un cap\u00edtulo com\u00fan sobre el \u00abtotalitarismo\u00ab.<\/p>\n<figure id=\"attachment_15088\" aria-describedby=\"caption-attachment-15088\" style=\"width: 300px\" class=\"wp-caption alignleft\"><a href=\"https:\/\/espai-marx.net\/wp-content\/uploads\/2024\/02\/Manouchian7.jpeg\"><img loading=\"lazy\" decoding=\"async\" class=\"wp-image-15088 size-full\" src=\"https:\/\/espai-marx.net\/wp-content\/uploads\/2024\/02\/Manouchian7.jpeg\" alt=\"\" width=\"300\" height=\"415\" srcset=\"https:\/\/espai-marx.net\/wp-content\/uploads\/2024\/02\/Manouchian7.jpeg 300w, https:\/\/espai-marx.net\/wp-content\/uploads\/2024\/02\/Manouchian7-217x300.jpeg 217w\" sizes=\"auto, (max-width: 300px) 100vw, 300px\" \/><\/a><figcaption id=\"caption-attachment-15088\" class=\"wp-caption-text\">Guy M\u00f4quet, figura de la resistencia comunista francesa, fusilado a los 17 a\u00f1os en octubre de 1941.<\/figcaption><\/figure>\n<p>La actual campa\u00f1a de prensa hace hincapi\u00e9 en la identidad armenia de los Manouchian, una opci\u00f3n acorde con la l\u00ednea oficial de apoyo del Estado armenio. No dice nada sobre el hecho de que los resistentes comunistas extranjeros de todas las nacionalidades figuraban entre los patriotas m\u00e1s eminentes de Francia. Los peores xen\u00f3fobos, que denuncian a diario a los \u00abislamistas\u00bb y al \u00abgran relevo\u00bb, los antisemitas patentes de anta\u00f1o, y cuyas recetas contra el \u00abderecho a la tierra\u00bb comparte ahora el Estado, se han convertido en paladines (transigentes) de los jud\u00edos. No dicen nada de la inmensa contribuci\u00f3n de los comunistas extranjeros a la Liberaci\u00f3n de Francia, mientras que los partidos llamados \u00abnacionales\u00bb, de los que son herederos directos, se revolcaban a los pies de los invasores.<\/p>\n<p>Tambi\u00e9n hay que se\u00f1alar que la alegre adhesi\u00f3n de notables jud\u00edos, como el venerado Serge Klarsfeld, a los buenos sentimientos filosemitas de la derecha, moderada o extrema [21], no es nada nuevo. Los \u00abm\u00e9t\u00e8ques\u00bb eran despreciados por los notables jud\u00edos que, como el rabino parisino Jacob Kaplan, muy simpatizante de la Croix de Feu del fascista De la Rocque [22], las consideraban responsables del recrudecimiento antisemita en Francia en los a\u00f1os 1930. El papel de estos notables jud\u00edos franceses en la Ocupaci\u00f3n, a trav\u00e9s de la Union g\u00e9n\u00e9rale des isra\u00e9lites de France (UGIF), es una cuesti\u00f3n hist\u00f3rica estrictamente tab\u00fa en Francia: como lo fue en Estados Unidos cuando, en 1959, Raul Hilberg, por haberse atrevido a demostrar en <em>The Destruction of the Jews of Europe<\/em> que los Judische R\u00e4te (Consejos Jud\u00edos) hab\u00edan \u00abacompa\u00f1ado\u00bb las deportaciones alemanas por todas partes, vio su tesis rechazada por la prensa universitaria de Princeton aconsejada por Hannah Arendt [23].<\/p>\n<p>El silencio oficial rein\u00f3 una vez m\u00e1s sobre la decisiva contribuci\u00f3n de la polic\u00eda francesa al martirio de la Resistencia comunista: ni siquiera el \u00abconsejero hist\u00f3rico\u00bb del presidente, a pesar de ser especialista en Vichy, dijo una palabra sobre las Brigadas Especiales de la Prefectura de Polic\u00eda. Estos c\u00f3mplices cotidianos de la Gestapo de Knochen, que dispon\u00eda de efectivos relativamente reducidos, liquidaron todos los grupos del FTP en Par\u00eds a finales de 1943 y entregaron a sus militantes torturados a las fuerzas de ocupaci\u00f3n [24].<\/p>\n<p>Tras d\u00e9cadas de disciplina hist\u00f3rica hecha trizas en Francia, ahora tomamos, citando otro poema de Aragon, \u00ablobos por perros\u00bb [25], y viceversa.<\/p>\n<p><i>Entrevista realizada por Aude Lancelin<\/i><\/p>\n<p><b>Notas<\/b><br \/>\n[1] V\u00e9ase, con fuentes policiales francesas, el tratamiento amistoso del jefe de polic\u00eda berlin\u00e9s, Boemelburg, futuro segundo de Knochen, en De Munich \u00e0 Vichy, Par\u00eds, Armand Colin, 2008, \u00edndice Boemelburg; sobre la colaboraci\u00f3n en la Ocupaci\u00f3n, Les \u00e9lites fran\u00e7aises, 1940-1944, Par\u00eds, Armand Colin, 2016, cap\u00edtulo 5, e \u00edndice B\u00f6melburg.<\/p>\n<p>[2] La n\u00famero 23, la jud\u00eda rumana Olga Bancic, fue decapitada con un hacha el 10 de mayo de 1944 en Stuttgart, de acuerdo con la pr\u00e1ctica alemana habitual desde 1933 para las mujeres comunistas.<\/p>\n<p>[3] Les camps fran\u00e7ais d\u2019internement (1938-1946), Doctorat d\u2019\u00c9tat, histoire, universit\u00e9 Paris I, 2000.<\/p>\n<p>[4] <em>La Non-\u00e9puration en France<\/em> <em>de 1943 aux ann\u00e9es 1950<\/em>, Annie Lacroix-Riz, Armand Colin, poche, 2023.<\/p>\n<p>[5] Note 83 DN\/2-S B\u00e9thouart, Alger, 13\u00a0mai 1944, cit\u00e9e in <em>Les \u00e9lites fran\u00e7aises<\/em>.<\/p>\n<p>[6] Declaraci\u00f3n (traducida) de von Rundstedt, comandante en jefe del sector Oeste, sobre \u00ab\u00a0<em>La position du commandant supr\u00eame du front de l\u2019Ouest et le mouvement de la r\u00e9sistance en France durant les ann\u00e9es 1942-1944\u00a0<\/em>\u00bb, 11\u00a0octobre 1945, W3, 359, AN, et note BP\u00a05 des Renseignements g\u00e9n\u00e9raux de la S\u00fbret\u00e9 nationale, 14\u00a0ao\u00fbt 1944, F7, 15307, AN, cit. <em>ibid.<\/em>, p.\u00a0357-358.<\/p>\n<p>[7] <em>Industriels et banquiers fran\u00e7ais sous l\u2019Occupation<\/em>, Annie Lacroix-Riz, Armand Colin, 2013, chapitre 10.<\/p>\n<p>[8] C. Barbier, <em>Le maquis de Gli\u00e8res. Mythe et r\u00e9alit\u00e9<\/em>, Par\u00eds, Perrin, 2014, antiguo doctorando de Olivier Wieviorka. Las asociaciones de antiguos resistentes de Gli\u00e8res \u00abhan denunciado investigaciones deliberadamente truncadas sobre una batalla que realmente \u00abtuvo lugar\u00bb: inmoviliz\u00f3 \u00abla fuerza de dos divisiones\u00bb de alemanes, adem\u00e1s de una masa de franceses, oficiales y auxiliares\u00bb (La Non-\u00e9puration, Annie Lacroix-Riz, cap\u00edtulos 1-2).<\/p>\n<p>[9] Tras dos a\u00f1os de exclusi\u00f3n total de sus militantes (1921-1922) por los dirigentes de la CGT, todos los miembros del partido Socialista-SFIO, presos del p\u00e1nico ante la certeza de perder la direcci\u00f3n de la central, Jean Bruhat, Marc Piolot, \u00ab1917-1934\u00bb, <em>Esquisse d&#8217;une histoire de la CGT<\/em>, Par\u00eds, CGT, 1966; Bernard Georges y Denise Tintant, <em>L\u00e9on Jouhaux, cinquante ans de syndicalisme<\/em>, Par\u00eds, PUF, 1962, vol. I, cap\u00edtulos X-XI y ap\u00e9ndices; los mismos autores y Marie-Anne Renaud, <em>L\u00e9on Jouhaux dans le mouvement syndical fran\u00e7ais<\/em>, Par\u00eds, PUF, 1979. 1, cap\u00edtulos X-XI y ap\u00e9ndices; los mismos autores y Marie-Anne Renaud, <em>L\u00e9on Jouhaux dans le mouvement syndical fran\u00e7ais<\/em>, Par\u00eds, PUF, 1979.<\/p>\n<p>[10] R\u00e9mi Skoutelsky, <em>L\u2019espoir guidait leurs pas\u00a0: les volontaires fran\u00e7ais dans les Brigades internationales, 1936-1939<\/em>, Paris, Grasset, 1998.<\/p>\n<p>[11] D\u00e9p\u00eache Welczeck, Paris, 17 juin 1938, traducido por Annie Lacroix-Riz, <em>Documents on German Foreign Policy, <\/em>s\u00e9rie D, vol.\u00a0II, p.\u00a0416-417, cit. <em>in <\/em><a><em>Le<\/em> <em>Choix de la d\u00e9faite<\/em><\/a><a><em>\u00a0: les \u00e9lites fran\u00e7aises dans les ann\u00e9es 1930<\/em><\/a>, Annie Lacroix-Riz, Armand Colin, r\u00e9\u00e9dition augment\u00e9e, en poche, 2024.<\/p>\n<p>[12] Despacho de Bonnet a Sarraut, 28 de abril 1938, SDN 2173, MAE, <em>cit<\/em>. <em>in De Munich \u00e0 Vichy<\/em>, p.\u00a095-96\u00a0; Vicky Caron, <em>Uneasy asylum : France and the Jewish Refugee crisis, 1933-1942<\/em>, Stanford, Stanford University Press, 1999, traducido, una rareza : <em>L\u2019Asile incertain. La crise des r\u00e9fugi\u00e9s juifs en France, 1933-1942<\/em>, Paris, Tallandier, 2008.<\/p>\n<p>[13] <a href=\"https:\/\/www.le-revers-de-la-medaille.fr\/2021\/08\/25\/pourquoi-les-policiers-de-la-prefecture-de-police-portent-une-fourragere-aux-couleurs-de-la-legion-dhonneur\/\" target=\"_blank\" rel=\"nofollow noopener noreferrer\">https:\/\/www.le-revers-de-la-medaille.fr\/2021\/08\/25\/pourquoi-les-policiers-de-la-prefecture-de-police-portent-une-fourragere-aux-couleurs-de-la-legion-dhonneur\/<\/a>, una iniciativa respaldada por Jean-Marc Berli\u00e8re, actual historiador oficial de la polic\u00eda francesa (\u00ab biographie \u00bb de <a href=\"https:\/\/fr.wikipedia.org\/wiki\/Jean-Marc_Berli%C3%A8re\" target=\"_blank\" rel=\"nofollow noopener noreferrer\">https:\/\/fr.wikipedia.org\/wiki\/Jean-Marc_Berli%C3%A8re<\/a>).<\/p>\n<p>[14] \u00ab\u00a0Ils n\u2019os\u00e8rent pas me contredire et je crus bien lire de la honte sur leur visage\u00a0\u00bb, <em>16\u00a0ans, r\u00e9sistant<\/em>, Paris, Stock, 2024, p.\u00a0153. La honte fut fugace\u00a0: sur la non-\u00e9puration spectaculaire de la police fran\u00e7aise, voir <em>La Non-\u00e9puration en France<\/em> <em>de 1943 aux ann\u00e9es 1950<\/em>, Annie Lacroix-Riz.<\/p>\n<p>[15] <em>Op. cit.<\/em> aux notes 11-12.<\/p>\n<p>[16] Rapport Abetz 2764, 7\u00a0d\u00e9cembre 1941, traduit par, W3, vol. 355, archives de Berlin, AN.<\/p>\n<p>[17] <a href=\"https:\/\/recherche.pantheonsorbonne.fr\/actualite\/denis-peschanski-manouchian-ce-sont-tous-resistants-etrangers-qui-entrent-pantheon#:~:text=L'initiative%20%C2%AB%20Missak%20Manouchian%20au,pr%C3%A9sidentielle%20du%2018%20juin%202023\" target=\"_blank\" rel=\"nofollow noopener noreferrer\">https:\/\/recherche.pantheonsorbonne.fr\/actualite\/denis-peschanski-manouchian-ce-sont-tous-resistants-etrangers-qui-entrent-pantheon#:~:text=L\u2019initiative%20%C2%AB%20Missak%20Manouchian%20au,pr%C3%A9sidentielle%20du%2018%20juin%202023<\/a><\/p>\n<p>[18] Tribune du <em>Monde<\/em>, 23\u00a0novembre 2023.<\/p>\n<p>[19] \u00ab\u00a0<em>Panth\u00e9oniser les Manouchian, c\u2019est les trahir<\/em>\u00a0\u00bb, communiqu\u00e9, 17\u00a0f\u00e9vrier 2024.<\/p>\n<p>[20] Encarcelado desde el 8 de octubre de 1939, Prosper M\u00f4quet fue despojado de su mandato en enero de 1940 bajo Daladier, al igual que todos los cargos electos comunistas perseguidos bajo Daladier y luego Reynaud; bajo Paul Reynaud, fue condenado, al igual que sus pares diputados comunistas, a cinco a\u00f1os de prisi\u00f3n el 3 de abril de 1940 por un tribunal militar de la Rep\u00fablica Francesa, v\u00e9ase Florimond Bonte, <em>Le Chemin de l\u2019honneur \u2013 De la Chambre des d\u00e9put\u00e9s aux prisons de France et au bagne d\u2019Afrique<\/em>, Paris, \u00c9ditions Hier et Aujourd\u2019hui, 1949.<\/p>\n<p>[21] Jean-Marc Berli\u00e8re et Franck Liaigre, <em>L\u2019affaire Guy M\u00f4quet. Enqu\u00eate sur une mystification officielle<\/em>, Paris, Larousse, 2009. Parmi les recensions enthousiastes: <a href=\"https:\/\/www.lemonde.fr\/livres\/article\/2009\/11\/03\/l-affaire-guy-moquet-enquete-sur-une-mystification-officielle-de-jean-marc-berliere-et-franck-liaigre_1262145_3260.html\" target=\"_blank\" rel=\"nofollow noopener noreferrer\">https:\/\/www.lemonde.fr\/livres\/article\/2009\/11\/03\/l-affaire-guy-moquet-enquete-sur-une-mystification-officielle-de-jean-marc-berliere-et-franck-liaigre_1262145_3260.html<\/a>.<\/p>\n<p>[22] Toda la prensa importante, radiodifundida y escrita, del 9 de noviembre de 2023, se hizo eco de ello.<\/p>\n<p>[23] Incluso <a href=\"https:\/\/fr.wikipedia.org\/wiki\/Jacob_Kaplan\" target=\"_blank\" rel=\"nofollow noopener noreferrer\">su entrada en Wikipedia<\/a> es expl\u00edcita sobre esta pertenencia anterior a la guerra y su complacencia hacia Vichy. La madre de Annie Lacroix-Riz, jud\u00eda de Belleville, cuyo padre y parte de la familia hab\u00edan sido asesinados en Auschwitz, le odiaba, tanto por su pertenencia a la Croix de Feu como por su constante ret\u00f3rica de posguerra sobre \u00ablos m\u00e1rtires de nuestra fe\u00bb.<\/p>\n<p>[24] Hilberg nunca perdon\u00f3 a Hannah Arendt, la Madonna del \u00abtotalitarismo\u00bb, a la que juzgaba sin fe ni ley, su responsabilidad en el rechazo por Princeton University Press de su gran tesis, futuro \u00e9xito editorial mundial. Consultada y entregada \u00abun cheque\u00bb por el director de la editorial, Gordon Hubel, \u00abpara juzgar el manuscrito\u00bb, hab\u00eda argumentado el 8 de abril de 1959 que otros tres historiadores \u00ab[ya] hab\u00edan agotado el tema\u00bb. Hubel se refiri\u00f3 a este presunto gran historiador de los jud\u00edos como la raz\u00f3n para rechazar el texto. Tras cubrir el juicio de Eichmann para el <em>New Yorker<\/em> en 1961, Arendt escribi\u00f3 un libro sobre el mismo unos meses despu\u00e9s, Eichmann en Jerusal\u00e9n, pomposamente subtitulado <em>Informe sobre la banalidad del mal<\/em>, y sin una sola nota. En 1964, cuando la reputaci\u00f3n de Hilberg hab\u00eda crecido, apareci\u00f3 una nueva edici\u00f3n \u00abrevisada y ampliada\u00bb, a\u00fan desprovista de notas y ap\u00e9ndices documentales. Se refer\u00eda entonces, en un \u00abep\u00edlogo\u00bb, a dos obras, una por cuya importancia cardinal hab\u00eda justificado su rechazo del manuscrito de Hilberg de 1959, y la otra, que se atrev\u00eda a recomendar \u00aba\u00fan m\u00e1s encarecidamente, <em>La destrucci\u00f3n de los jud\u00edos de Europa<\/em>, de Ra\u00fal Hilberg\u00bb. Hilberg, tras resumir \u00ablo que este individuo [Eichmann] hab\u00eda logrado con un peque\u00f1o equipo\u00bb, y arremeter contra Arendt y sus tonter\u00edas, concluy\u00f3 que \u00abno hab\u00eda &#8216;banalidad&#8217; en este &#8216;mal&#8217;\u00bb, <em>La politique de la m\u00e9moire<\/em>, Par\u00eds, Gallimard, 1996.<\/p>\n<h3>Notas de Jos\u00e9 Luis Mart\u00edn Ramos<\/h3>\n<p>Tengo unas cuantas observaciones al contenido de la entrevista que, por otra parte, tiene el inter\u00e9s habitual de las lecciones de historia de Annie Lacroix-Riz. \u00a0Empiezo por la pregunta sobre si Macron tiene legitimidad para \u00abpanteonizar\u00bb a Manouchian; es una pregunta equivocada, la que hay que hacer es por qu\u00e9 eso no se ha producido hasta ahora y no se hizo, por ejemplo, \u00a0durante las presidencias socialistas, la de Miterrand con apoyo comunista.\u00a0 Macron tiene, como presidente, toda la legitimidad para \u00abpanteonizar\u00bb; eso no se puede poner en duda, otra cosa es denunciar por qu\u00e9 lo hace Macron y por qu\u00e9 escoge la figura de Manouchian, precisamente. Aparte de ser extranjero, comunista y resistente, lo que distingui\u00f3 a Manouchian fue encabezar un cartel \u2013<em>l\u2019Affiche rouge<\/em>\u2013\u00a0 de denuncia policial de las autoridades de ocupaci\u00f3n alemana de ocupaci\u00f3n, que pretend\u00eda estigmatizar la Resistencia identific\u00e1ndola de manera exclusiva con extranjeros residentes en Francia, por tanto como algo extra\u00f1o a los franceses y a Francia; todos los que figuraban en el cartel, ejecutados en 1944, eran miembros activos de la Resistencia armada, comunistas y extranjeros \u2013entre ellos el espa\u00f1ol Celestino Alfonso\u2013 aunque nunca hubo como lo pretendieron los nazis un\u00a0 \u00abgrupo Manouchian\u00bb.<\/p>\n<p>\u201c<em>L&#8217;affiche rouge<\/em>\u00bb hizo famoso a Manouchian, y Leo Ferr\u00e9 hizo famoso el \u00ab<em>affiche rouge<\/em>\u00bb en los a\u00f1os sesenta. No ha de entenderse eso como un desprecio a Manouchian, sino como un desprecio a los motivos de Macron; aunque Macron no ha sido el impulsor de la iniciativa, s\u00ed quien la ha llevado a t\u00e9rmino. La iniciativa institucional parti\u00f3 en 2021 de una asociaci\u00f3n laicista francesa \u2013Unit\u00e9 La\u00efque\u2013, vinculada a la masoner\u00eda, a instancias de una sobrina nieta de Manouchian y con el asesoramiento del historiador Denis Peschanski, autor del libro <em>Le Sang de l&#8217;\u00e9tranger : les immigr\u00e9s de la MOI dans la R\u00e9sistance<\/em>, escrito con la colaboraci\u00f3n de Stephane Courtois y Adam Rayski y publicado en 1989; a la iniciativa se sum\u00f3 luego el senador Pierre Ouzoulias, miembro del PCF y nieto de un dirigente de la Resistencia. Macron anunci\u00f3 en junio de 2023 que aceptaba la iniciativa y se ha cumplido finalmente este febrero de 2024. Obviamente los motivos de Macron no han sido reparar la enorme injusticia de que el Pante\u00f3n, que ha acogido a otras figuras de la Resistencia, nunca hubiese cumplido con el reconocimiento simb\u00f3lico de la Resistencia comunista; ni siquiera se ha presentado a Manouchian como un Resistente comunista, sino como un luchador por Francia, y el contenido simb\u00f3lico de su incorporaci\u00f3n se ha referido a su condici\u00f3n de extranjero. Algo que ha reforzado Macron en el acto de entrada de los restos de Manouchian y su compa\u00f1era, M\u00e9lin\u00e9e, en el Panteon recordando que ellos representaban a los 23 del \u00ab<em>Affiche Rouge<\/em>\u00bb\u00a0 y a\u00f1adiendo en su discurso el nombre de Celestino cuyas \u00faltimas palabras antes de ser ejecutado fueron, seg\u00fan ha dicho Macron, que mor\u00eda por Francia. Los motivos de Macron no han sido el reconocimiento de la verdad, se ha escamoteado su condici\u00f3n comunista groseramente y se ha considerado solo su condici\u00f3n de extrajeros muertos por Francia. Una clara instrumentalizaci\u00f3n pol\u00edtica.<\/p>\n<p>Pero reconocidos y despreciados esos motivos, no pongamos en duda \u2013de ninguna manera\u2013 lo que se ten\u00eda que haber hecho ya hace tiempo, por cualquier otro Presidente de la Rep\u00fablica y que se pod\u00eda haber hecho con otros extranjeros \u00abque dieron su vida por Francia\u00bb \u2013en realidad la dieron por el comunismo y el antifascismo\u2013, empezando por el espa\u00f1ol Conrad Miret, jefe del primer grupo de Op\u00e9rations Sp\u00e9ciales (grupo armado) integrado por miembros del MOI que se constituy\u00f3 en Francia, responsable del primer ataque armado importante a transportes de tropas alemanas en Paris en el verano de 1940 (julio-septiembre) Conrad Miret fue detenido en octubre de 1940 y asesinado en las dependencias de la Gestapo. M\u00e1s que enredarse en el tema de la legitimidad lo que se ten\u00eda que haber hecho es denunciar \u00a0aquellos motivos espurios y aprovechar para explicar mejor el nacimiento y desarrollo de la Resistencia. Y me produce un claro malestar el olvido constante, tambi\u00e9n de Annie Lacroix-Riz en esta entrevista, de la participaci\u00f3n de los espa\u00f1oles en ella; una participaci\u00f3n que fue fundamental, en su arranque en la Francia ocupada y en su expansi\u00f3n en el centro y Sur de Francia en 1943-1944.<\/p>\n<p>Annie tampoco explica bien la falsedad de la supuesta complicidad \u00a0entre el PCF y las autoridades de ocupaci\u00f3n, con lo que su explicaci\u00f3n no contribuye a denunciar la falsedad sino a que se pueda mantener. Porque es cierto que hubo un momento de confusi\u00f3n y vacilaci\u00f3n en el que si bien nunca hubo complicidad s\u00ed hubo conversaciones, negociaciones entre ocupado y ocupante. Cuando los alemanes entraron en Paris\u00a0 la direcci\u00f3n del PCF, ilegalizado por el gobierno franc\u00e9s, est\u00e1 dispersa y sus piezas principales fuera de Paris: Thorez en Mosc\u00fa; Duclos y Maurice Treand junto con el representante de la IC en Francia Eugen Fried, en Bruselas; y en Paris hay una improvisada direcci\u00f3n local, que ha de dar una respuesta pol\u00edtica a la rendici\u00f3n de Francia y la ocupaci\u00f3n. Ciertamente la l\u00ednea maestra inicial de esa respuesta la da el propio Comit\u00e9 Ejecutivo de la IC desde Mosc\u00fa, en un cable cifrado del 17 de junio en el que se insta a luchar por la independencia de Francia a trav\u00e9s de la propaganda y la agitaci\u00f3n, aprovechando las oportunidades legales que proporcione el sistema de ocupaci\u00f3n[i]. Nada de resistencia armada, desde luego, y lucha por las reivindicaciones nacionales y sociales en t\u00e9rminos gen\u00e9ricos; reactivar la movilizaci\u00f3n obrera frenada en los tiempos de guerra y \u00abutilizar la menor posibilidad favorable para publicar peri\u00f3dicos sindicales, locales y, eventualmente <em>Humanit\u00e9<\/em>, mirando que esos peri\u00f3dicos se mantengan en la l\u00ednea de defensa de los intereses sociales y nacionales del pueblo y no den ninguna impresi\u00f3n de solidaridad con los invasores o su aprobaci\u00f3n\u00bb [Nota m\u00eda: a la invasi\u00f3n][ii] Era un mensaje muy sumario que no resolv\u00eda todas las preguntas que pod\u00edan hacerse y se hicieron cuando empez\u00f3 a concretarse la pol\u00edtica de ocupaci\u00f3n. En esa concreci\u00f3n habr\u00edan de intervenir las autoridades militares y los responsables pol\u00edticos de la embajada alemana. Uno de estos, figura clave en la pol\u00edtica alemana durante la ocupaci\u00f3n era Otto Abetz, intelectual franc\u00f3filo alem\u00e1n que hab\u00eda residido en Francia en los veinte y treinta y hab\u00eda tejido amistades con figuras intelectuales de la izquierda francesa. Otto Abetz entr\u00f3 con las tropas alemanas en Par\u00eds en junio de 1940 y urdi\u00f3 un plan para neutralizar al PCF en la ocupaci\u00f3n ofreci\u00e9ndoles un status informal de tolerancia; un plan que se apoy\u00f3 en los intentos de la direcci\u00f3n comunista en Paris por conseguir la legalizaci\u00f3n de <em>L\u2019Humanit\u00e9<\/em>, interpretando de una manera muy lineal y poco prudente las instrucciones del 17 de julio. Detr\u00e1s de esa interpretaci\u00f3n estuvo Eugen Fried, quien el 9 de julio inform\u00f3 a Dimitrov del primer intento frustrado de petici\u00f3n sobre <em>L\u2019Humanit\u00e9<\/em> [iii]. La legalizaci\u00f3n de <em>L\u2019Humanit\u00e9<\/em> no fue aceptada y Abetz contesto a la direcci\u00f3n comunista en Paris que se publicara un peri\u00f3dico con una cabecera distinta y propuso la colaboraci\u00f3n entre el partido y los \u00abservicios alemanes\u00bb [iv]. Treand respondi\u00f3 proponiendo la legalizaci\u00f3n de <em>Ce Soir<\/em>, el peri\u00f3dico comunista de la tarde en los tiempos del Frente Popular [v]; y empezando a publicar <em>L\u2019Humanit\u00e9<\/em> clandestino, a ciclostil, con una l\u00ednea de reivindicaciones econ\u00f3micas y sociales exclusivamente, sin introducir la orientaci\u00f3n de la lucha por la libertad nacional y la independencia, dada por el CE de la IC el 17 de junio. Fried no dej\u00f3 de se\u00f1alar este \u00faltimo detalle, sin m\u00e1s comentario, en su telegrama a Dimitrov del 13 de julio. El hecho que se\u00f1al\u00f3 Fried a Dimitrov, correspond\u00eda a los t\u00e9rmino de la negociaci\u00f3n que segu\u00eda abierta entre Abetz y Treand, a trav\u00e9s de Foisin y constitu\u00eda una extralimitaci\u00f3n de Treand, que enredado por Abetz hab\u00eda empezado a situarse en un terreno de concesiones pol\u00edticas. As\u00ed lo manifest\u00f3 Dimitrov en su telegrama del 20 de julio: \u00abIndispensable redoblar vigilancia contra maniobras de los ocupantes. Era justo dar pasos para obtener prensa legal, pero entrevista con Abetz es un error, pues peligro comprometer partido y militantes. Mediante m\u00e9todos estrictamente clandestinos, sin propaganda abierta, sin comprometer al partido y observando lealtad aparente , es necesario suscitar la resistencia pasiva de las amplias masas y bajo todas las formas contra los invasores\u00bb[vi] Por tanto, s\u00ed hubo un inicio de negociaci\u00f3n propiciado por Abetz y aceptado, de manera equivocada por Treand y, por activa o por pasiva por Fried. A la advertencia del 20 de julio sigui\u00f3 a comienzos de agosto la orden terminante del CE de la IC al PCF de romper todo contacto con Abetz, no entrar en maniobras de los ocupantes, renunciar a la publicaci\u00f3n de <em>Ce Soir<\/em>, y reforzar a Duclos como principal responsable pol\u00edtico frente a Treand, relegado al trabajo exclusivamente clandestino [vii]. La negociaci\u00f3n no prosper\u00f3. Primero porque las autoridades militares de ocupaci\u00f3n nunca compartieron la maniobra de Abetz; y finalmente porque el CE de la IC, cuando conoci\u00f3 el detalle de la concreci\u00f3n pol\u00edtica que Treand hab\u00eda dado a las instrucciones del 17 de junio, las desautoriz\u00f3 y orden\u00f3 de forma clara su interrupci\u00f3n, e insisti\u00f3 en situarse en una din\u00e1mica de movilizaci\u00f3n social sin ning\u00fan compromiso con la ocupaci\u00f3n. La respuesta alemana fue una macro redada en Paris, en la que se detuvieron unos 750 comunistas. Sobre ese proceso adem\u00e1s puede consultarse: Roger Bourderon, \u00a0<em>Le PCF \u00e0 l\u2019\u00e9preuve de la guerre, 1940-1943. De la guerra imp\u00e9rialiste \u00e0 la lutte arm\u00e9e<\/em>. Editions Sylepse, Paris, 2012.<\/p>\n<p>La presi\u00f3n de los ocupantes sobre el PCF dej\u00f3 muy malparado a un partido, ya muy mermado por sus divisiones internas en el inicio de la guerra y su ilegalizaci\u00f3n. Y eso explica que cuando tenga que pasarse de la movilizaci\u00f3n social y el agit-prop, todo muy d\u00e9bil porque las fuerzas eran pocas y el miedo mucho, a la resistencia activa en todas sus dimensiones, inclu\u00edda la armada, se tenga que recurrir masivamente a los inmigrados, en particular a los espa\u00f1oles pero tambi\u00e9n a checos, yugoslavos, con experiencia todos ellos en la guerra de Espa\u00f1a para formar los primeros grupos de OS y llevar a cabo las primeras acciones.\u00a0 Esas acciones de resistencia abierta no se producen hasta despu\u00e9s del inicio de la invasi\u00f3n alemana de la URSS. Es cierto que desde finales de 1940 las relaciones entre la URSS y Alemania empiezan a deteriorarse (y que Hiter encarga ya el dise\u00f1o de la invasi\u00f3n de la URSS); pero el giro hac\u00eda una mayor hostilidad se produce tras la entrada de las tropas alemanas en los Balcanes, que es interpretado por Stalin como una primera amenaza directa. Es en ese momento cuando el CE-IC introduce, en un mensaje cifrado del 26 de abril de 1941 la consigna de crear \u00abun frente nacional por la independencia\u00bb, con la clase obrera como integrante principal y el partido comunista a su cabeza y llama a la lucha contra los invasores y los traidores; pero no concreta en absoluto la forma de esa lucha y por otra parte el dise\u00f1o de ese \u00abfrente nacional\u00bb no pasa de ser una propuesta de plataforma de agitaci\u00f3n del PCF [viii]. De todas maneras, que los tiempos est\u00e1n cambiando en la pol\u00edtica comunista, se pone de manifiesto en la huelga de los mineros del carb\u00f3n del Norte de Francia, impulsada y dirigida por el comunista Auguste Lecoeur el 27 de mayo; una huelga argumentada por reivindicaciones econ\u00f3micas, pero que ten\u00eda una significaci\u00f3n pol\u00edtica obvia, por el car\u00e1cter general de la huelga en el sector y por la importancia del sector en la producci\u00f3n de materia prima indispensable para la producci\u00f3n en general y la de guerra en particular. La resistencia armada, que reivindica con raz\u00f3n Annie Lacroix-Riz como distintivo inicial del PCF frente a los golistas no empieza hasta que se produce la definitiva ruptura entre la URSS y Alemania, con la invasi\u00f3n. Pod\u00eda estar prevista por parte de la direcci\u00f3n de la IC, pero no se precipita hasta ese momento y es comprensible. La URSS teme ya el ataque, pero espera dilatarlo todo lo posible por su parte y no dar motivos a Hitler para que lo acelere. La resistencia armada tiene un primer acto, m\u00e1s simb\u00f3lico que otra cosa y algo aventurero: el asesinato de un oficial alem\u00e1n por Pierre George (colonel Fabien), del grupo OS de las Juventudes Comunistas, el 21 de agosto de 1941; y tiene su precedente y mayor\u00a0 continuidad en los ataques del grupo de Conrad Miret a los camiones de tropas alemanas en la <em>banlieu<\/em> de Paris entre julio y septiembre.<\/p>\n<p>Acabo, Annie Lacroix-Riz cita a Peschansky de manera claramente incorrecta, cita su tesis doctoral y no el libro, publicado con Courtois y Raisky, la obra accesible al p\u00fablico en la que poner de manifiesto la aportaci\u00f3n de los extranjeros a la resistencia sin exclusiones. En ese libro, Peschansky no menosprecia como sugiere Lacroix-Riz a la resistencia, sino que dice que \u00aben los primeros meses de la lucha armada esos grupos son muy limitados, poco estructurados y funcionaban de manera relativamente informal\u00bb [ix] lo que es absolutamente cierto. Que Peschanski, y sus compa\u00f1eros de academia, se hayan pasado al anticomunismo, incluso que hayan facilitado la maniobra pol\u00edtica de Macron no justifica que se deforme su aportaci\u00f3n historiogr\u00e1fica en este punto concreto, que Lacroix-Riz habr\u00eda hecho mejor de reconocer y divulgar.<\/p>\n<p>Por lo dem\u00e1s, como siempre Lacroix-Riz es m\u00e1s que interesante. Pero esta vez me ha decepcionado su esquematismo en el tema principal de la cuesti\u00f3n, que era la historia del PC.<\/p>\n<p><strong>Notas a la nota<\/strong><\/p>\n<p>[i] Ese mensaje y los que se citan m\u00e1s adelantes est\u00e1n reproducidos en Bernard H.Bayerlein, Mikha\u00efl Narinski, Brigitte Studer y Serge Wolikow, \u00a0<em>Moscou-Paris-Berlin. T\u00e9l\u00e9grammes chiffr\u00e9s du Komintern (1939-1941)<\/em>, Tallandier, Paris, 2003.\u00a0 Entre otras orientaciones: \u00abFrustrando las provocciones y evitando acciones prematuras, sin\u00a0 embargo es indispensable sostener y organizar la resistencia de masascontra medidas de violencia, expoliaciones, arbitrariedades contra el pueblo por parte de los invasores\u00bb, p\u00e1g. 241<br \/>\n[ii] Ibidem, pp 241-242<br \/>\n[iii] Ibidem, p\u00e1g\u00a0 255-256<br \/>\n[iv] Ibidem, pag. 257<br \/>\n[v] Telegrama de Fried a Dimitrov del 12 de julio, ibidem p\u00e1g 259<br \/>\n[vi] Telegrama del 20 de julio, ibidem pp. 265-266<br \/>\n[vii] Telegramas del 6 y 8 de agosto, ibidem ppa.277-281<br \/>\n[viii] Telegrama del 26 de abril de 1941, ibidem, pp, 402-404<br \/>\n[ix] <em>La sang de l\u2019entranger\u2026<\/em> pag. 123<\/p>\n<p>Fuente: Quartier g\u00e9n\u00e9ral, 20-2-2024 (<a href=\"https:\/\/qg.media\/2024\/02\/19\/macron-et-le-rn-sont-muets-sur-le-fait-que-les-resistants-communistes-etrangers-aient-compte-parmi-les-plus-eminents-patriotes-de-france\/\">https:\/\/qg.media\/2024\/02\/19\/macron-et-le-rn-sont-muets-sur-le-fait-que-les-resistants-communistes-etrangers-aient-compte-parmi-les-plus-eminents-patriotes-de-france\/<\/a>)<\/p>\n","protected":false},"excerpt":{"rendered":"<p>El 21 de febrero de 2024 se han trasladado al Pante\u00f3n franc\u00e9s los restos de dos partisanos comunistas resistentes contra<\/p>\n","protected":false},"author":5,"featured_media":15090,"comment_status":"open","ping_status":"open","sticky":false,"template":"","format":"standard","meta":{"footnotes":""},"categories":[2025,17,26],"tags":[],"class_list":["post-15081","post","type-post","status-publish","format-standard","has-post-thumbnail","hentry","category-francia","category-historia","category-historia-del-comunismo"],"aioseo_notices":[],"_links":{"self":[{"href":"https:\/\/espai-marx.net\/index.php?rest_route=\/wp\/v2\/posts\/15081","targetHints":{"allow":["GET"]}}],"collection":[{"href":"https:\/\/espai-marx.net\/index.php?rest_route=\/wp\/v2\/posts"}],"about":[{"href":"https:\/\/espai-marx.net\/index.php?rest_route=\/wp\/v2\/types\/post"}],"author":[{"embeddable":true,"href":"https:\/\/espai-marx.net\/index.php?rest_route=\/wp\/v2\/users\/5"}],"replies":[{"embeddable":true,"href":"https:\/\/espai-marx.net\/index.php?rest_route=%2Fwp%2Fv2%2Fcomments&post=15081"}],"version-history":[{"count":0,"href":"https:\/\/espai-marx.net\/index.php?rest_route=\/wp\/v2\/posts\/15081\/revisions"}],"wp:featuredmedia":[{"embeddable":true,"href":"https:\/\/espai-marx.net\/index.php?rest_route=\/wp\/v2\/media\/15090"}],"wp:attachment":[{"href":"https:\/\/espai-marx.net\/index.php?rest_route=%2Fwp%2Fv2%2Fmedia&parent=15081"}],"wp:term":[{"taxonomy":"category","embeddable":true,"href":"https:\/\/espai-marx.net\/index.php?rest_route=%2Fwp%2Fv2%2Fcategories&post=15081"},{"taxonomy":"post_tag","embeddable":true,"href":"https:\/\/espai-marx.net\/index.php?rest_route=%2Fwp%2Fv2%2Ftags&post=15081"}],"curies":[{"name":"wp","href":"https:\/\/api.w.org\/{rel}","templated":true}]}}