{"id":1514,"date":"2011-02-27T00:00:00","date_gmt":"2011-02-27T00:00:00","guid":{"rendered":"https:\/\/espai-marx.net\/?p=1514"},"modified":"2020-02-21T15:43:13","modified_gmt":"2020-02-21T14:43:13","slug":"que-pasa-con-libia","status":"publish","type":"post","link":"https:\/\/espai-marx.net\/?p=1514","title":{"rendered":"\u00bfQu\u00e9 pasa con Libia? Del mundo \u00e1rabe a Am\u00e9rica Latina"},"content":{"rendered":"<p class=\"western\" lang=\"es-ES\" style=\"margin-bottom: 0.49cm; text-align: left;\" align=\"CENTER\"><i>\u00bfQu\u00e9 pasa con Libia?<\/i><\/p>\n<p class=\"western\" lang=\"es-ES\" style=\"margin-top: 0.49cm; margin-bottom: 0.49cm;\" align=\"CENTER\">\n<p lang=\"es-ES\" style=\"margin-top: 0.49cm; margin-bottom: 0.49cm;\" align=\"JUSTIFY\">Tenemos la impresi\u00f3n de que un gran proceso emancipatorio mundial puede verse abortado por la implacable ferocidad de Gadafi, la intervenci\u00f3n estadounidense y la poca clarividencia de Am\u00e9rica Latina. Describir\u00edamos as\u00ed la situaci\u00f3n: en una zona del mundo ligada de nuevo por fuertes solidaridades internas y de la que s\u00f3lo se esperaba letargo o fanatismo ha surgido una oleada de levantamientos populares que amenaza con hacer caer, uno detr\u00e1s de otro, a todos los aliados de las potencias occidentales en la regi\u00f3n. Con independencia de las muchas diferencias locales, estos levantamientos tienen algo en com\u00fan que, por cierto, los distingue radicalmente de las \u201crevoluciones\u201d rosadas y naranjas promovidas por el capitalismo en la \u00f3rbita ex sovi\u00e9tica: demandan democracia, s\u00ed, pero lejos de estar fascinadas por Europa y los EEUU son depositarias de una larga, arraigada, radical tradici\u00f3n antiimperialista forjada en torno a Palestina e Iraq. No hay en los levantamientos populares \u00e1rabes ni asomo de socialismo, pero tampoco de islamismo ni -lo m\u00e1s importante- de seducci\u00f3n euroc\u00e9ntrica: se trata al mismo tiempo de una revuelta econ\u00f3mica y de una revoluci\u00f3n democr\u00e1tica, nacionalista y anticolonial, lo que abre de pronto, cuarenta a\u00f1os despu\u00e9s de su derrota, una inesperada oportunidad para las izquierdas socialistas y panarabistas de la regi\u00f3n.<\/p>\n<p lang=\"es-ES\" style=\"margin-top: 0.49cm; margin-bottom: 0.49cm;\" align=\"JUSTIFY\">La Am\u00e9rica Latina progresista, cuyos pioneros procesos emancipatorios constituyen la esperanza del antiimperialismo mundial, deber\u00eda apoyar en estos momentos al mundo \u00e1rabe sin reservas, adelant\u00e1ndose a la estrategia de las potencias occidentales, desbordadas por los acontecimientos y a las que Gadafi est\u00e1 dando la oportunidad de un regreso -militar quiz\u00e1s, pero sobre todo propagand\u00edstico- como palad\u00edn de los derechos humanos y la democracia. Ese discurso es poco cre\u00edble en esta zona del mundo, donde Fidel y Ch\u00e1vez gozan de un enorme cr\u00e9dito popular, pero si Am\u00e9rica Latina se alinea, por activa o por pasiva, con el tirano, no s\u00f3lo los contagiosos avances populares, que lamen ya Europa y se han trasladado a Wisconsin, se ver\u00e1n irremediablemente detenidos, sino que se producir\u00e1 una nueva fractura en el campo antiimperialista que los EEUU, siempre vigilantes, relojeros del mundo, aprovechar\u00e1n para recuperar el terreno perdido. Algo de eso puede estar ya ocurriendo como resultado de una combinaci\u00f3n de desconocimiento y de antiimperialismo esquem\u00e1tico y sumario. Los pueblos \u00e1rabes, que vuelven a la escena de la historia, necesitan el apoyo de sus hermanos latinoamericanos, pero es sobre todo la relaci\u00f3n de fuerzas mundial la que no puede permitirse una vacilaci\u00f3n por parte de Cuba y Venezuela sin que Cuba y Venezuela sufran tambi\u00e9n las consecuencias y las sufran con ellos Am\u00e9rica Latina y las esperanzas de transformaci\u00f3n a nivel planetario.<\/p>\n<p lang=\"es-ES\" style=\"margin-top: 0.49cm; margin-bottom: 0cm;\" align=\"JUSTIFY\">Podemos alegar que sabemos poco de lo que ocurre en Libia y sospechar de las condenas occidentales, medi\u00e1ticas e institucionales, de los \u00faltimos d\u00edas. Podemos quedarnos en eso. Los imperialistas son m\u00e1s inteligentes. Ellos, que tienen muchos intereses concretos en la zona, han defendido hasta el final a sus dictadores, pero cuando han comprendido que eran insostenibles los han dejado caer y han elegido otra estrategia: apoyar procesos democr\u00e1ticos controlados, seleccionar minor\u00edas postmodernas como motor de cambios limitados y desplegar sin pudor, a sabiendas de que la memoria es corta y los reflejos de la izquierda muy inmediatos, un nuevo arco iris de ret\u00f3rica democr\u00e1tica. Habr\u00e1 que oponerse a cualquier injerencia occidental, pero no creo, sinceramente, que la OTAN vaya a invadir Libia; lo que s\u00ed nos parece es que esta amenaza, apenas apuntada, tiene el efecto de enredar y emborronar el campo antiimperialista, y esto hasta el punto de hacernos olvidar algo que s\u00ed deber\u00edamos saber: qui\u00e9n es Gadafi. Olvidarlo puede producir al menos tres efectos terribles: romper los lazos con los movimientos populares \u00e1rabes, dar legitimidad a las acusaciones contra Venezuela y Cuba y \u00abreprestigiar\u00bb el muy da\u00f1ado discurso democr\u00e1tico imperialista. Todo un triunfo, sin duda, para los intereses imperialistas en la regi\u00f3n.<\/p>\n<p lang=\"es-ES\" style=\"margin-top: 0.49cm; margin-bottom: 0cm;\" align=\"JUSTIFY\">Gadafi ha sido durante los \u00faltimos diez a\u00f1os un gran amigo de la UE y de EEUU y de sus dictadores aliados en la zona. Baste recordar las incendiarias declaraciones de apoyo del Cal\u00edgula libio al depuesto Ben Al\u00ed, a cuyas milicias muy probablemente proporcion\u00f3 armas y dinero en los d\u00edas posteriores al 14 de enero. Baste recordar tambi\u00e9n la d\u00f3cil colaboraci\u00f3n de Gadafi con los EEUU en el marco de la llamada \u201cguerra antiterrorista\u201d. La colaboraci\u00f3n pol\u00edtica ha ido acompa\u00f1ada de estrechos v\u00ednculos econ\u00f3micos con la UE, incluida Espa\u00f1a: la venta de petr\u00f3leo a Alemania, Italia, Francia y EEUU ha sido paralela a la entrada en Libia de las grandes compa\u00f1\u00edas occidentales (la espa\u00f1ola Repsol, la brit\u00e1nica British Petroleum, la francesa Total, la italiana ENI o la austriaca OM), por no hablar de los suculentos contratos de las constructoras europeas y espa\u00f1olas en Tr\u00edpoli. Por lo dem\u00e1s, Francia y EEUU no han dejado de proporcionarle armas para que ahora mate desde el aire a su propio pueblo, siguiendo el ejemplo de la Italia imperial desde 1911. En 2008 la ex secretaria de Estado Condoleeza Rice lo dej\u00f3 muy claro: \u201cLibia y Estados Unidos comparten intereses permanentes: la cooperaci\u00f3n en la lucha contra el terrorismo, el comercio, la proliferaci\u00f3n nuclear, \u00c1frica, los derechos humanos y la democracia\u201d.<\/p>\n<p lang=\"es-ES\" style=\"margin-top: 0.49cm; margin-bottom: 0cm;\" align=\"JUSTIFY\">Cuando Gadafi visit\u00f3 Francia en diciembre de 2007, <a href=\"http:\/\/www.rebelion.org\/noticia.php?id=60593\" target=\"_blank\" rel=\"noopener noreferrer\">Ayman El-Kayman<\/a> resumi\u00f3 la situaci\u00f3n en un p\u00e1rrafo que reproduzco aqu\u00ed: \u201cHace casi diez a\u00f1os, Gadafi dej\u00f3 de ser para el Occidente democr\u00e1tico un individuo poco recomendable: para que le sacaran de la lista estadounidense de Estados terroristas reconoci\u00f3 la responsabilidad en el atentado de Lockerbie; para normalizar sus relaciones con el Reino Unido, dio los nombres de todos los republicanos irlandeses que se hab\u00edan entrenado en Libia; para normalizarlas con Estados Unidos, dio toda la informaci\u00f3n que ten\u00eda sobre los libios sospechosos de participar en la <i>yihad<\/i> junto a Bin Laden y renunci\u00f3 a sus \u201carmas de destrucci\u00f3n masiva\u201d, adem\u00e1s de pedir a Siria que hiciese lo mismo; para normalizar las relaciones con la Uni\u00f3n Europea, se transform\u00f3 en guardi\u00e1n de los campos de concentraci\u00f3n, donde est\u00e1n internos miles de africanos que se dirig\u00edan a Europa; para normalizar sus relaciones con su siniestro vecino Ben Al\u00ed, le entreg\u00f3 a opositores refugiados en Libia\u201d.<\/p>\n<p lang=\"es-ES\" style=\"margin-top: 0.49cm; margin-bottom: 0cm;\" align=\"JUSTIFY\">Como se ve, Gadafi no es ni un revolucionario ni un aliado, ni siquiera t\u00e1ctico, de los revolucionarios del mundo. En 2008 Fidel y Ch\u00e1vez (junto a Mercosur) denunciaron justamente la llamada \u201cdirectiva de la verg\u00fcenza\u201d europea que reforzaba la ya muy severa persecuci\u00f3n en Europa de la humanidad desnuda de las pateras y los muros. De todos los cr\u00edmenes de Gadafi quiz\u00e1s el m\u00e1s grave y el menos conocido es su complicidad en la pol\u00edtica migratoria de la UE, particularmente italiana, como verdugo de emigrantes africanos. Quien quiera una amplia informaci\u00f3n sobre el tema puede leer <i>Il Mare di mezzo<\/i>, del valiente periodista Gabriele del Grande, o acudir a su p\u00e1gina web, <a href=\"http:\/\/fortresseurope.blogspot.com\/\" target=\"_blank\" rel=\"noopener noreferrer\"><i>Fortresseurope<\/i><\/a><i>, <\/i>donde se recogen algunos documentos espeluznantes. Ya en 2006 <i>Human Rights Watch<\/i> y <i>Afvic<\/i> denunciaban los arrestos arbitrarios y torturas en centros de detenci\u00f3n libios financiados por Italia. El acuerdo Berlusconi-Gadafi de 2003 puede leerse completo en la p\u00e1gina de Gabriele del Grande y sus consecuencias se resumen sucinta y dolorosamente en el grito de Farah Anam, fugitiva somal\u00ed de los campos de la muerte libios: \u201cPrefiero morir en el mar que regresar a Libia\u201d. A pesar de las denuncias que hablan de verdaderas pr\u00e1cticas de exterminio -o precisamente por ellas, que demuestran la eficacia de Gadafi como guardi\u00e1n de Europa- la Comisi\u00f3n Europea firm\u00f3 en octubre una \u00abagenda de cooperaci\u00f3n\u201d para la \u00abgesti\u00f3n de los flujos migratorios\u201d y el \u00abcontrol de las fronteras\u00bb, v\u00e1lido hasta 2013 y acompa\u00f1ado de la entrega a Libia de 50 millones de euros.<\/p>\n<p lang=\"es-ES\" style=\"margin-top: 0.49cm; margin-bottom: 0cm;\" align=\"JUSTIFY\">La relaci\u00f3n de Europa con Gadafi ha rozado la sumisi\u00f3n. Berlusconi, Sarkozy, Zapatero y Blair lo recibieron con abrazos en 2007 y el propio Zapatero lo visit\u00f3 en Tr\u00edpoli en 2010. Incluso el rey Juan Carlos se desplaz\u00f3 a Tr\u00edpoli en enero de 2009 para promocionar a las empresas espa\u00f1olas. Por otro lado, la UE no dud\u00f3 en humillarse y disculparse p\u00fablicamente el 27 de marzo de 2010 a trav\u00e9s del entonces ministro espa\u00f1ol de Asuntos Exteriores, Miguel \u00c1ngel Moratinos, por haber prohibido a 188 ciudadanos libios la entrada en Europa a ra\u00edz del conflicto entre Suiza y Libia por la detenci\u00f3n de un hijo de Gadafi en Ginebra acusado de maltratar a su personal dom\u00e9stico. A\u00fan m\u00e1s: la UE no emiti\u00f3 la menor protesta cuando Gadafi adopt\u00f3 represalias econ\u00f3micas, comerciales y humanas contra Suiza ni cuando efectu\u00f3 un llamamiento a la guerra santa contra este pa\u00eds ni cuando declar\u00f3 p\u00fablicamente su deseo de que fuera barrido del mapa.<\/p>\n<p lang=\"es-ES\" style=\"margin-top: 0.49cm; margin-bottom: 0cm;\" align=\"JUSTIFY\">Y si ahora estos amigos imperialistas de Gadafi -que ven c\u00f3mo el mundo \u00e1rabe se voltea sin su intervenci\u00f3n- condenan la dictadura libia y hablan de democracia, entonces nosotros vacilamos. Aplicamos las plantillas universales de la lucha antiimperialista, con sus teor\u00edas de la conspiraci\u00f3n y su parad\u00f3jica desconfianza hacia los pueblos, y pedimos tiempo para que se disuelva la nube de polvo que levantan las bombas lanzadas desde el aire -a fin de estar seguros de que debajo no hay un cad\u00e1ver de la CIA. Eso cuando no apoyamos directamente, como el gobierno de Nicaragua, a un criminal cuyo contacto m\u00e1s liviano s\u00f3lo puede manchar para siempre a cualquiera que se reclame de izquierdas o progresista. No es la OTAN quien est\u00e1 bombardeando a los libios sino Gadafi. \u201cFusil contra fusil\u201d es la canci\u00f3n de la revoluci\u00f3n; \u201cmisil contra civil\u201d es algo que no podemos aceptar y que, a\u00fan antes de hacernos preguntas, debemos condenar con toda energ\u00eda e indignaci\u00f3n. Pero hag\u00e1monos tambi\u00e9n las preguntas. Porque si nos hacemos preguntas, las respuestas que tenemos -por pocas que sean- demuestran adem\u00e1s de qu\u00e9 lado deben estar en estos momentos los revolucionarios del mundo. Ojal\u00e1 caiga Gadafi -hoy mejor que ma\u00f1ana- y Am\u00e9rica Latina comprenda que lo que ocurre en estos momentos en el mundo \u00e1rabe tiene que ver, no con los planes maquiav\u00e9licos de la UE y EEUU (que sin duda maniobran en la sombra), sino con los procesos abiertos en Nuestra Am\u00e9rica, la de todos, la del ALBA y la dignidad, desde principios de los a\u00f1os 90, siguiendo la estela de la Cuba de 1958. La oportunidad es grande y puede ser la \u00faltima para revertir definitivamente la actual relaci\u00f3n de fuerzas y aislar a las potencias imperialistas en un nuevo marco global. No caigamos en una trampa tan f\u00e1cil. No despreciemos a los \u00e1rabes. No son socialistas, no, pero en los dos \u00faltimos meses, de manera inesperada, han dejado al desnudo la hipocres\u00eda de la UE y los EEUU, han expresado su deseo de una democracia aut\u00e9ntica, lejos de todo tutelaje colonial, y han abierto un espacio para poner en dificultades desde la izquierda los intentos de reconversi\u00f3n, tambi\u00e9n territorial, del capitalismo. Es la Am\u00e9rica Latina del ALBA, la del Che y Playa Gir\u00f3n, cuyo prestigio en esta zona estaba intacto hasta ayer, la que tiene que apoyar el proceso antes de que el relojero del mundo vuelva a hacer girar las manillas hacia atr\u00e1s y a su favor. Los pa\u00edses capitalistas tienen \u201cintereses\u201d; los socialistas s\u00f3lo \u201cl\u00edmites\u201d. Muchos de esos \u201cintereses\u201d estaban con Gadafi, pero ninguno de esos \u201cl\u00edmites\u201d tiene nada que ver con \u00e9l. Es un criminal y adem\u00e1s un estorbo. Por favor, compa\u00f1eros revolucionarios de Am\u00e9rica Latina, los compa\u00f1eros revolucionarios del mundo \u00e1rabe est\u00e1n pidi\u00e9ndo que no lo sosteng\u00e1is.<\/p>\n<p class=\"western\" lang=\"es-ES\" style=\"margin-bottom: 0cm;\" align=\"JUSTIFY\">\n<p class=\"western\" lang=\"es-ES\" style=\"margin-bottom: 0cm;\" align=\"JUSTIFY\">\n","protected":false},"excerpt":{"rendered":"<p>\u00bfQu\u00e9 pasa con Libia? Tenemos la impresi\u00f3n de que un gran proceso emancipatorio mundial puede verse abortado por la implacable<\/p>\n","protected":false},"author":9,"featured_media":0,"comment_status":"open","ping_status":"open","sticky":false,"template":"","format":"standard","meta":{"footnotes":""},"categories":[13],"tags":[],"class_list":["post-1514","post","type-post","status-publish","format-standard","hentry","category-la-izquierda-a-debate"],"aioseo_notices":[],"_links":{"self":[{"href":"https:\/\/espai-marx.net\/index.php?rest_route=\/wp\/v2\/posts\/1514","targetHints":{"allow":["GET"]}}],"collection":[{"href":"https:\/\/espai-marx.net\/index.php?rest_route=\/wp\/v2\/posts"}],"about":[{"href":"https:\/\/espai-marx.net\/index.php?rest_route=\/wp\/v2\/types\/post"}],"author":[{"embeddable":true,"href":"https:\/\/espai-marx.net\/index.php?rest_route=\/wp\/v2\/users\/9"}],"replies":[{"embeddable":true,"href":"https:\/\/espai-marx.net\/index.php?rest_route=%2Fwp%2Fv2%2Fcomments&post=1514"}],"version-history":[{"count":0,"href":"https:\/\/espai-marx.net\/index.php?rest_route=\/wp\/v2\/posts\/1514\/revisions"}],"wp:attachment":[{"href":"https:\/\/espai-marx.net\/index.php?rest_route=%2Fwp%2Fv2%2Fmedia&parent=1514"}],"wp:term":[{"taxonomy":"category","embeddable":true,"href":"https:\/\/espai-marx.net\/index.php?rest_route=%2Fwp%2Fv2%2Fcategories&post=1514"},{"taxonomy":"post_tag","embeddable":true,"href":"https:\/\/espai-marx.net\/index.php?rest_route=%2Fwp%2Fv2%2Ftags&post=1514"}],"curies":[{"name":"wp","href":"https:\/\/api.w.org\/{rel}","templated":true}]}}