{"id":1516,"date":"2011-02-28T00:00:00","date_gmt":"2011-02-28T00:00:00","guid":{"rendered":"https:\/\/espai-marx.net\/?p=1516"},"modified":"2020-02-21T15:39:31","modified_gmt":"2020-02-21T14:39:31","slug":"antes-de-dos-anos","status":"publish","type":"post","link":"https:\/\/espai-marx.net\/?p=1516","title":{"rendered":"Antes de dos a\u00f1os"},"content":{"rendered":"<p>Antes de dos a\u00f1os el actual bostezo continental podr\u00eda dar un giro y transformarse en algo mucho m\u00e1s activo y consciente. Europa podr\u00eda conocer grandes turbulencias, si no se cambia la actual pol\u00edtica. La pol\u00edtica de austeridad v\u00eda recortes sociales, que asfixia toda posibilidad de recuperaci\u00f3n, a\u00f1ade nuevos motivos de agravio. La degradaci\u00f3n de la esfera social, el aumento del paro y la subida de la cuenta de la luz, incrementan la sensaci\u00f3n de estafa.<\/p>\n<p><a name=\"more-108\"><\/a>Mientras su gobierno prepara la privatizaci\u00f3n de las compa\u00f1\u00eda de agua gas y electricidad, muchos griegos ya est\u00e1n comenzando a negarse a pagar peajes viarios, tasas hospitalarias y billetes de transporte p\u00fablico, que han subido un 40%. Tomen nota del fen\u00f3meno: en nombre de la legitimidad social, la gente com\u00fan comienza a responder con la misma moneda utilizada por los descarados autores de la crisis.<\/p>\n<p><strong>El ciudadano irritado<\/strong><\/p>\n<p>La deuda griega ha aumentado en m\u00e1s de 40.000 millones en un a\u00f1o y ya asciende a m\u00e1s de 340.000 millones (147% del PNB). Si no cambia la pol\u00edtica, en dos a\u00f1os Grecia e Irlanda habr\u00e1n quebrado y otros estar\u00e1n al borde de la quiebra. En lugar de unirse y crear una alianza en Bruselas contra esa pol\u00edtica errada, los gobernantes de los pa\u00edses m\u00e1s afectados se dedican a renegar los unos de los otros, repitiendo uno tras otro que, \u201cIrlanda no es Grecia\u201d, \u201cPortugal no es Irlanda\u201d, \u201cEspa\u00f1a no es Portugal, ni Grecia, ni Irlanda\u2026\u201d, etc., etc.<\/p>\n<p>No es de extra\u00f1ar el creciente malhumor contra los pol\u00edticos y el establishment que se detecta por doquier. La imposici\u00f3n del Directorio europeo a\u00f1ade ofensa nacional al escarnio social. La evidencia de que unas elecciones no cambiar\u00e1n nada, porque la soberan\u00eda est\u00e1 en otra parte, mina la propia mec\u00e1nica representativa.<\/p>\n<p>Con su econom\u00eda dom\u00e9stica y su esfera social en ca\u00edda libre, tambi\u00e9n los europeos perder\u00e1n la paciencia. Hay s\u00edntomas del fen\u00f3meno hasta en Alemania el pa\u00eds de Europa, que, seg\u00fan nos dicen \u201cva bien\u201d. Nadie explica c\u00f3mo es posible que el sujeto de esa feliz Alemania que va tan bien sea el \u201cWutb\u00fcrger\u201d, el ciudadano irritado.<\/p>\n<p>Casi dos tercios de los alemanes opinan que sus pol\u00edticos son incompetentes y sus financieros irresponsables. Casi tres cuartas partes (72%) cree que los bancos y compa\u00f1\u00edas de seguros \u201cno han comprendido nada de la crisis y contin\u00faan con un m\u00e1s de lo mismo\u201d. Tres cuartas partes (74%) dan por hecho que los pol\u00edticos est\u00e1n m\u00e1s pendientes de los intereses del sector financiero que de los contribuyentes.<\/p>\n<p>La diferencia de Alemania con otros pa\u00edses de Europa del sur es que su Estado social es mucho m\u00e1s desarrollado. Hay m\u00e1s tejido que recortar, pero la tendencia es la misma que en el conjunto de Europa. Con su Econom\u00eda Social de Mercado, Alemania se afirm\u00f3 desde la posguerra como un pa\u00eds socialmente mucho m\u00e1s estable y nivelado que la media europea. A partir de 1990, la desaparici\u00f3n del espantajo comunista rest\u00f3 sentido a la moderaci\u00f3n.<\/p>\n<p>Desde 1990 hasta hoy, los impuestos a los m\u00e1s ricos bajaron un 10%, mientras que la imposici\u00f3n fiscal a la clase media subi\u00f3 un 13%. En veinte a\u00f1os la clase media se ha reducido, pasando del 65% a englobar al 59%. Los salarios reales se han reducido un 0,9%, mientras que los sueldos superiores y los ingresos por beneficios y patrimonio aumentaron un 36%. En 1987 los directivos de las principales empresas (\u00edndice DAX) ganaban como media 14 veces m\u00e1s que sus empleados, hoy ganan 44 veces m\u00e1s. Incluso en Alemania, la clase media est\u00e1 descubriendo la precariedad.<\/p>\n<p>El 22% de la poblaci\u00f3n laboral est\u00e1 hoy empleada en condiciones precarias. El trabajo ha dejado de ser algo firme para convertirse en algo mucho m\u00e1s temporal y espor\u00e1dico. El tradicional v\u00ednculo a una empresa se pierde. La precariedad se ha instalado en las relaciones laborales. Los sindicatos dicen que la tasa de paro (7,2%) debe duplicarse e incluso triplicarse, si se incluye en ella ciertas categor\u00edas de empleados paup\u00e9rrimos, porque el gobierno falsea la estad\u00edstica de una forma no muy diferente a la que los griegos falseaban sus cuentas. Que todo eso apenas trascienda a la opini\u00f3n p\u00fablica alemana, no quiere decir que la gente no lo sienta, y no hace sino demostrar que la situaci\u00f3n con los medios de comunicaci\u00f3n, secuestrados por intereses corporativos minoritarios, no es mejor que en otros pa\u00edses europeos.<\/p>\n<p><strong>La humanidad convocada<\/strong><\/p>\n<p>Si eso pasa en Alemania, quiere decir que toda Europa es sensible a este cambio de humor. La situaci\u00f3n invita a los europeos a salir a la plaza Tahrir a ajustarle las cuentas al sistema en su conjunto. El d\u00eda en que una mayor\u00eda de europeos se convenza que la mera pasividad malhumorada agrava m\u00e1s la situaci\u00f3n y decida salir a la calle a protestar y recuperar la dignidad, el actual orden europeo quedar\u00e1 sentenciado y los pa\u00edses saltar\u00e1n uno tras otro, como est\u00e1 ocurriendo en \u00c1frica del Norte.<\/p>\n<p>Confundiendo la forma con el fondo, la revuelta \u00e1rabe es explicada casi como consecuencia de las nuevas redes sociales y tecnolog\u00edas. Quienes han estado vendiendo durante a\u00f1os el \u201cconflicto de civilizaciones\u201d y la islamofobia, se topan con la evidencia de una antigua y universal aspiraci\u00f3n humana a la justicia y la dignidad. Pronto sabremos si estamos ante una revuelta internacional contra el Imperio. Si es as\u00ed, el asunto no podr\u00e1 quedar sin consecuencias en Europa. No olvidemos que los tiranos \u00e1rabes eran, y son, administradores de intereses geopol\u00edticos y energ\u00e9ticos cien por cien imperiales, de ah\u00ed el nerviosismo e incertidumbre que estas revueltas ocasionan en los gobiernos europeos, en Washington y en Israel, as\u00ed como entre quienes defienden la dimensi\u00f3n imperial, es decir globalmente injusta y desigual, de nuestras democracias.<\/p>\n<p>La desigualdad y la injusticia son desestabilizadoras. La gran desigualdad y la gran injusticia son muy desestabilizadoras. Sea Norte\/Sur, entre pa\u00edses europeos o en una misma sociedad nacional, la inestabilidad, desesperaci\u00f3n y ausencia de futuro de los unos, se proyecta y repercute necesariamente en el conjunto, complicando la tranquilidad de los otros. Todo indica que esa verdad general se va a hacer bien palpable en la Europa m\u00e1s pr\u00f3xima.<\/p>\n<p>Puede que lo del Norte de \u00c1frica sea el principio de un cambio de ciclo en la conciencia social. Quienes invocan el fantasma del desorden como resultado de ese cambio, olvidan que la situaci\u00f3n presente ya es el desorden para cada vez m\u00e1s gente. La unidad del mundo es el dato central del Siglo XXI, y si la injusticia y la desigualdad contin\u00faan dominando, \u00e9ste ser\u00e1 un siglo ca\u00f3tico y suicida. La humanidad entera est\u00e1 de alguna manera convocada.<\/p>\n","protected":false},"excerpt":{"rendered":"<p>Antes de dos a\u00f1os el actual bostezo continental podr\u00eda dar un giro y transformarse en algo mucho m\u00e1s activo y<\/p>\n","protected":false},"author":9,"featured_media":0,"comment_status":"open","ping_status":"open","sticky":false,"template":"","format":"standard","meta":{"footnotes":""},"categories":[3],"tags":[],"class_list":["post-1516","post","type-post","status-publish","format-standard","hentry","category-condiciones-de-vida"],"aioseo_notices":[],"_links":{"self":[{"href":"https:\/\/espai-marx.net\/index.php?rest_route=\/wp\/v2\/posts\/1516","targetHints":{"allow":["GET"]}}],"collection":[{"href":"https:\/\/espai-marx.net\/index.php?rest_route=\/wp\/v2\/posts"}],"about":[{"href":"https:\/\/espai-marx.net\/index.php?rest_route=\/wp\/v2\/types\/post"}],"author":[{"embeddable":true,"href":"https:\/\/espai-marx.net\/index.php?rest_route=\/wp\/v2\/users\/9"}],"replies":[{"embeddable":true,"href":"https:\/\/espai-marx.net\/index.php?rest_route=%2Fwp%2Fv2%2Fcomments&post=1516"}],"version-history":[{"count":0,"href":"https:\/\/espai-marx.net\/index.php?rest_route=\/wp\/v2\/posts\/1516\/revisions"}],"wp:attachment":[{"href":"https:\/\/espai-marx.net\/index.php?rest_route=%2Fwp%2Fv2%2Fmedia&parent=1516"}],"wp:term":[{"taxonomy":"category","embeddable":true,"href":"https:\/\/espai-marx.net\/index.php?rest_route=%2Fwp%2Fv2%2Fcategories&post=1516"},{"taxonomy":"post_tag","embeddable":true,"href":"https:\/\/espai-marx.net\/index.php?rest_route=%2Fwp%2Fv2%2Ftags&post=1516"}],"curies":[{"name":"wp","href":"https:\/\/api.w.org\/{rel}","templated":true}]}}