{"id":1519,"date":"2011-03-12T00:00:00","date_gmt":"2011-03-12T00:00:00","guid":{"rendered":"https:\/\/espai-marx.net\/?p=1519"},"modified":"2020-02-21T15:30:48","modified_gmt":"2020-02-21T14:30:48","slug":"entrevista-a-floren-dimas","status":"publish","type":"post","link":"https:\/\/espai-marx.net\/?p=1519","title":{"rendered":"Entrevista a Floren Dimas"},"content":{"rendered":"<p><em>Sobre la anulaci\u00f3n de la sentencia de Miguel Hern\u00e1ndez<\/em><\/p>\n<p><strong>Entrevista a Floren Dimas: \u201cEl fiscal general del estado Conde Cumpido, ha ordenado a los fiscales de los juzgados territoriales, que se abstengan de impulsar las denuncias presentadas, en relaci\u00f3n con los republicanos desaparecidos y por las fosas comunes con sus restos. Atado y bien atado.<\/strong><\/p>\n<p>&nbsp;<\/p>\n<p>Floren Dimas es oficial del Ej\u00e9rcito del Aire en la reserva e investigador hist\u00f3rico de la represi\u00f3n franquista y memorialista. Es igualmente delegado de AGE para la Regi\u00f3n de Murcia<\/p>\n<p><strong>D\u00e9jenme preguntarle, en primer lugar, por su organizaci\u00f3n. \u00bfQu\u00e9 es AGE?<\/strong><\/p>\n<p>La Asociaci\u00f3n Guerra Civil y Exilio, tiene como principales objetivos la recuperaci\u00f3n de documentos y archivos oficiales y particulares existentes en Espa\u00f1a y en el extranjero, relativo a los \u201cni\u00f1os de la guerra\u201d, brigadistas internacionales y exiliados; ha sido la \u00fanica asociaci\u00f3n que ha representado mayoritariamente a los guerrilleros antifranquistas, en sus reivindicaciones ante el estado espa\u00f1ol de su condici\u00f3n de ex combatientes; ha llevado a cabo por toda Espa\u00f1a varias ediciones de la Caravana de la Memoria, reuniendo a protagonistas de aquellos acontecimientos de Espa\u00f1a y del extranjero, que han dado fe de sus experiencias en doce comunidades aut\u00f3nomas y promueve encuentros y jornadas de homenaje dentro del marco de la Memoria Hist\u00f3rica republicana. Su presidenta es Adelina Kondrativa, de nacionalidad espa\u00f1ola y brigadista internacional como traductora rusa. La secretaria general es Dolores Cabra, archivera y memorialista.<\/p>\n<p><strong>\u00bfPor qu\u00e9 fue condenado a muerte Miguel Hern\u00e1ndez?<\/strong><\/p>\n<p>Literalmente por su condici\u00f3n de COMISARIO POL\u00cdTICO, por agitador de masas con ideas disolventes, por ateo, pero sobre todo, por comunista.<\/p>\n<p><strong>Si con ley de memoria\u00a0 hist\u00f3rica se habla de juicios ileg\u00edtimos, \u00bfpara qu\u00e9 preocuparse de la anulaci\u00f3n de su condena? \u00bfQu\u00e9 paso adelante puede significar la anulaci\u00f3n?<\/strong><\/p>\n<p>TE LO EXPLICAR\u00c9: si t\u00fa le pegas un pu\u00f1etazo a tu mujer, y ella te denuncia ante el juez, si este sentencia que tu acto es \u201cileg\u00edtimo\u201d, tu mujer se va al dispensario a que le rebajen el hinchaz\u00f3n, y t\u00fa te vas a la taberna a festejar con los amigotes lo machote que eres. Pero si el juez dice que las cometido un acto \u201cilegal\u201d, tu mujer se va al dispensario, \u00a1\u00a1pero t\u00fa te vas a la c\u00e1rcel!!. Si en Derecho matar solo fuera ileg\u00edtimo, no habr\u00eda asesinos en prisi\u00f3n, por la \u201cilegitimidad\u201d de los actos no tienen efectos jur\u00eddicos (aplicar el c\u00f3digo penal). Declarar los juicios \u201cileg\u00edtimos\u201d equivale a decir no se ajustaron a derecho, que fueron inmorales, pero nada m\u00e1s.<\/p>\n<p>La anulaci\u00f3n radical de pleno derecho, cambia por completo el panorama, ya que considera que \u201cno ha habido caso\u201d, ni proceso, ni procesado, ni cargos y en consecuencia, hay que reponer a las v\u00edctimas a su situaci\u00f3n anterior, y si han fallecido, la Justicia deber\u00e1 investigar los cr\u00edmenes, juzgar a los responsables y se\u00f1alar las reparaciones, <strong>exactamente como se hace con las v\u00edctimas del terrorismo y con sus descendientes: <\/strong>investigar los cr\u00edmenes, amparar a los familiares, y preservar y ejemplarizar su memoria<\/p>\n<p><strong>\u00bfPor qu\u00e9 cree usted que, m\u00e1s all\u00e1 de las razones esgrimidas, el Tribunal Supremo ha desestimado el recurso de revisi\u00f3n presentado por familiares del poeta? \u00bfCree usted que pueden haber habido presiones pol\u00edticas?<\/strong><\/p>\n<p>La naturaleza conservadora e ideolog\u00eda de la mayor\u00eda de los componentes del TS, no precisa de presiones pol\u00edticas para posicionarse con sus sentencias, <strong>propiciando la impunidad de los cr\u00edmenes franquistas<\/strong>, a la luz de las leyes internacionales contra la impunidad, que el estado espa\u00f1ol tiene suscritas y ratificadas, considerando \u2013adem\u00e1s- que el fiscal general del estado Conde Cumpido, ha ordenado a los fiscales de los juzgados territoriales, que se abstengan de impulsar las denuncias presentadas, en relaci\u00f3n con los republicanos desaparecidos y por las fosas comunes con sus restos. Atado y bien atado.<\/p>\n<p><strong>\u00bfQu\u00e9 se puede hacer despu\u00e9s de que el Tribunal Supremo ha desestimado la revisi\u00f3n? <\/strong><\/p>\n<p>Con el fin de protestar contra este nuevo esc\u00e1ndalo judicial contra las v\u00edctimas republicanas, se acaba de promover un Manifiesto colectivo de asociaciones c\u00edvicas, organizaciones pol\u00edticas y ciudadanos en general, dirigido a los magistrados del Tribunal Supremo, que nos sorprende por su capacidad de convocatoria y por el volumen de las respuesta obtenidas, a trav\u00e9s de las redes sociales.<\/p>\n<p>AGE mantiene, junto con el Foro por la Memoria y muchos otras asociaciones memorialistas y de v\u00edctimas del franquismo, que la acci\u00f3n internacional es la que finalmente sacar\u00e1 los colores al estado espa\u00f1ol y a los poderes del estado, dando amparo al \u201ccaso espa\u00f1ol\u201d, \u00fanico en Europa occidental, en donde se deniega la justicia a las v\u00edctimas de cr\u00edmenes de lesa humanidad (Arts. 607 y 607 bis del c\u00f3digo penal espa\u00f1ol). En colaboraci\u00f3n con el Equipo Nizkor de juristas internacionales, se est\u00e1 evaluando el procedimiento para trasladar esta escandalosa situaci\u00f3n al tribunal europeos de Derechos Humanos. El primer paso ya se ha dado, con el proceso abierto ante la Audiencia Nacional (juez Ismael Moreno) contra los guardianes nazis del campos de concentraci\u00f3n de Mauthausen, como colaboradores en el asesinato de cuatro mil quinientos republicanos espa\u00f1oles, y la intervenci\u00f3n de una secci\u00f3n de Falange Exterior en dicha labor, que implica al estado espa\u00f1ol en el Holocausto. \u00a1\u00a1Y esto s\u00ed que tiene efectos jur\u00eddicos!!.<\/p>\n<p><strong>En esa carta [1] dirigida a la opini\u00f3n p\u00fablica a la que ha hecho referencia ustedes hablan de fraude de ley. \u00bfNo exageran?<\/strong><\/p>\n<p>Veamos:<\/p>\n<p>Fraude de ley: Acci\u00f3n encaminada a eludir cualquier disposici\u00f3n legal, ya sea esta fiscal, penal o civil, siempre que con ello se produzca perjuicio contra el <strong>Estado o contra terceros <\/strong>Los actos realizados al amparo del texto de una norma que persigan un resultado prohibido por el ordenamiento jur\u00eddico, o contrario a \u00e9l, se considerar\u00e1n ejecutados en fraude de ley y no impedir\u00e1n la debida aplicaci\u00f3n de la norma que se hubiere tratado de eludir.<\/p>\n<p>Las leyes internacionales contra la impunidad en conflictos civiles (las mismas que se est\u00e1n aplicando a los casos de la guerra de la ex Yugoslavia, y los dictadores africanos) son de obligado cumplimiento para la Justicia espa\u00f1ola, como las leyes de comercio, de navegaci\u00f3n a\u00e9rea o las de extradici\u00f3n. La justicia espa\u00f1ola lo sabe, al tiempo que hace dejaci\u00f3n de sus obligaciones, a sabiendas de que est\u00e1n eludiendo la aplicaci\u00f3n de una norma, en este caso, de la ONU.<\/p>\n<p><strong>D\u00e9jeme preguntarle sobre las razones esgrimidas desde otros \u00e1mbitos. Algunos juristas aseguran que si se revisara la sentencia de Miguel Hern\u00e1ndez, luego se revisar\u00edan miles y miles y que el Derecho espa\u00f1ol se hundir\u00eda. \u00bfEs el caso en su opini\u00f3n?<\/strong><\/p>\n<p>El Estado espa\u00f1ol ya est\u00e1 hundido en la indignidad, al estar instalado sobre miles de fosas comunes de republicanos asesinados impunemente. Los cr\u00edmenes contra la humanidad cometidos por el franquismo no prescriben nunca y son perseguibles retroactivamente. La ley de amnist\u00eda de 1977, no protege a los responsables, como no han protegidos leyes semejantes a Pinochet, Videla o Fujimori. Las leyes de la ONU anulan esas disposiciones, arrancadas bajo coacci\u00f3n de las armas (en el caso de Espa\u00f1a, bajo amenaza de los militares). <strong>Los jueces del TS lo saben.<\/strong><\/p>\n<p><strong>Se\u00f1alan tambi\u00e9n ustedes que los familiares de Miguel Hern\u00e1ndez deber\u00edan reorientar su petici\u00f3n a la Justicia, exigiendo la nulidad radical de las sentencias, y no ya su \u201crevisi\u00f3n\u201d bas\u00e1ndose en defectos en la instrucci\u00f3n de la causa y en el aporte de nuevas pruebas. \u00bfPor qu\u00e9? \u00bfQu\u00e9 ganar\u00edan con ello?<\/strong><\/p>\n<p>Evitar\u00edan avalar los tribunales franquistas con su petici\u00f3n, ya que reconocen su legalidad. La revisi\u00f3n del juicio que solicitan no los cuestiona, pues solo piden repetir el juicio bas\u00e1ndose en defectos en las instrucci\u00f3n y en la presentaci\u00f3n de nuevas pruebas. Nosotros creemos que los familiares de Miguel Hern\u00e1ndez est\u00e1n siendo v\u00edctimas de un mal asesoramiento. El juicio contra Miguel Hern\u00e1ndez no es ilegal por una mala instrucci\u00f3n del sumario \u2013como afirman los familiares- si no porque aquellos tribunales eran ilegales e ileg\u00edtimos. Por eso debe exigirse su NULIDAD.<\/p>\n<p><strong>Escriben ustedes en su manifiesto: \u201cEl TS sabe que la persecuci\u00f3n de los cr\u00edmenes franquistas, a la luz de la legislaci\u00f3n de la ONU en materia de persecuci\u00f3n de los cr\u00edmenes de lesa humanidad (contemplados en los art\u00edculos 607 y 607 bis del c\u00f3digo penal), es retroactiva e imprescriptible, estando enterado plenamente de que los juzgados territoriales, a los que se remite a los familiares de las v\u00edctimas del franquismo, -como igualmente lo hace la Audiencia Nacional- est\u00e1n archivando sistem\u00e1ticamente la pr\u00e1ctica totalidad de las denuncias, situaci\u00f3n de la que ninguna de Sus Se\u00f1or\u00edas, ha querido dado darse por enterada hasta la fecha. Una postura as\u00ed, tiene un nombre que todo el mundo conoce\u201d. \u00bfQu\u00e9 nombre es ese?<\/strong><\/p>\n<p>Un nombre que los lectores inteligentes conocen muy bien.<\/p>\n<p><strong>Salgo de Hern\u00e1ndez. Mi abuelo materno fue asesinado el 9 de mayo de 1939 en el Camp de la Bota. Era cenetista. El juicio militar al que fue sometido, seg\u00fan s\u00e9, fue todo menos juicio imparcial. \u00bfQu\u00e9 deber\u00eda hacer yo? \u00bfQu\u00e9 ganar\u00eda con ello en su opini\u00f3n?<\/strong><\/p>\n<p>Lo primero que deber\u00edas hacer es solicitar copia compulsada del sumario al Juzgado Togado Territorial de Barcelona y adjuntarlo a una denuncia que presentar\u00edas en el Decanato de Barcelona, por el presunto delito de asesinato, acogi\u00e9ndote a los Arts. de CP ya citados antes, as\u00ed como a las <strong>leyes internacionales contra la impunidad,<\/strong> en los casos de <strong>cr\u00edmenes contra la humanidad.<\/strong> Lo resolver\u00e1n con tres l\u00edneas diciendo que el caso es sobrese\u00eddo por tratarse de un presunto <strong>delito com\u00fan<\/strong> prescrito y te dar\u00e1n tres d\u00edas para recurrir. Lo recurres, insistiendo en los mismos fundamentos de derecho, y nuevamente te responder\u00e1n que se archiva, pero que puedes recurrirlo ante el TSJ de Barcelona en tres d\u00edas, con los mismos tr\u00e1mites. Archivada tu denuncia por el TSJ tras recurrir el sobreseimiento, elevas un recurso ante el TS, con los mismos tr\u00e1mites, plazos y sobreseimientos. Con el definitivo (ya no caben m\u00e1s recursos ante la Justicia espa\u00f1ola), es cuando debes de ponerte en contacto con el Equipo Nizkor, con el Foro por la Memoria o con nosotros. \u00bfEst\u00e1s dispuesto a hacerlo?.<\/p>\n<p><strong>S\u00ed, claro, estoy dispuesto a hacerlo y hago de paso un llamamiento a otros ciudadanos y ciudadanas para que obren en la misma direcci\u00f3n. Gracias por sus respuestas.<\/strong><\/p>\n<p><strong> *<\/strong><\/p>\n<p><strong>[1] Anexo:<\/strong><\/p>\n<p>ESCRITO COLECTIVO AL TRIBUNAL SUPREMO. MANIFIESTO COLECTIVO A LA OPINI\u00d3N P\u00daBLICA. PROPUESTA DE TEXTO PARA ADHESIONES<\/p>\n<p>La reciente noticia de la desestimaci\u00f3n del recurso de revisi\u00f3n, presentada ante el Tribunal Supremo por familiares del poeta Miguel Hern\u00e1ndez, ha contribuido a confundir un poco m\u00e1s a la opini\u00f3n p\u00fablica, sobre el alcance de argumentos pretendidamente jur\u00eddicos, con fines torticeros. Creemos necesario parar los pies a esta nueva campa\u00f1a de manipulaci\u00f3n, a la que se prestan la casi totalidad de los medios de comunicaci\u00f3n, presentando -de un lado- la ley de la Memoria Hist\u00f3rica, como la ley que ilegaliz\u00f3 el franquismo y anul\u00f3 las sentencias, y de otra parte, considerar el recurso de &#8216;revisi\u00f3n&#8217; como una acci\u00f3n reparadora desde los principios que propugnamos de &#8216;Verdad, Justicia y Reparaci\u00f3n&#8217;, que a todas lunes no se contemplan con esta iniciativa judicial, por buena que sea la voluntad de los familiares del poeta.<\/p>\n<p>La intenci\u00f3n es remitir este texto en forma de COMUNICADO COLECTIVO, abri\u00e9ndolo a todas las asociaciones y colectivos memorialistas y partidos pol\u00edticos, sin preeminencia de ninguno, que dirigiremos al presidente del Tribunal Supremo y a todos los medios de comunicaci\u00f3n. Con esta pretensi\u00f3n es por lo que rogamos que tu asociaci\u00f3n \/ organizaci\u00f3n lo suscriba, escribi\u00e9ndonos URGENTEMENTE un correo, en donde conste nombre de la entidad y nombre, apellidos y DNI del representante de la misma, datos que ser\u00e1n insertados por riguroso orden alfab\u00e9tico, para su presentaci\u00f3n ante el TS y su difusi\u00f3n por los medios de comunicaci\u00f3n y por Internet.<\/p>\n<p>Como comprender\u00e1s, hay que reaccionar con suma rapidez, por lo que el pr\u00f3ximo s\u00e1bado d\u00eda 26 de febrero, cerraremos la entrada de adhesiones y procederemos a su env\u00edo al Tribunal Supremo y a su difusi\u00f3n por todos los medios.<\/p>\n<p>Confiamos en que apoyar\u00e9is esta iniciativa, actuando con la mayor celeridad posible.<\/p>\n<p>Si deseas alguna aclaraci\u00f3n, ll\u00e1mame por TF o ponme un correo.<\/p>\n<p>Muchas gracias.<\/p>\n<p>Floren Dimas Balsalobre<\/p>\n<p>Delegado de AGE para la Regi\u00f3n de Murcia<\/p>\n<p>TF 968 444626<\/p>\n<p>M\u00f3vilo: 609 611683<\/p>\n<p>florendimas@gmail.com<\/p>\n<p>AL TRIBUNAL SUPREMO<\/p>\n<p>A LOS FAMILIARES DEL POETA MIGUEL HERN\u00c1NDEZ<\/p>\n<p>En relaci\u00f3n con la reciente negativa del Tribunal Supremo (TS) a la familia de Miguel Hern\u00e1ndez, para interponer recurso de revisi\u00f3n del consejo de guerra franquista que conden\u00f3 al poeta a la pena de muerte, las asociaciones adheridas a este Manifiesto, declaramos lo siguiente:<\/p>\n<p>Los fundamentos de derecho del TS, con toda probabilidad constituyen un caso flagrante de fraude de ley, por cuanto el t\u00e9rmino \u201cilegitimaci\u00f3n\u201d, al que recurren en su resoluci\u00f3n los magistrados, ampar\u00e1ndose como coartada en la Ley de la Memoria Hist\u00f3rica (LMH) para dictaminar sobre los tribunales y sentencias represivas franquistas, carece de validez jur\u00eddica de aplicaci\u00f3n, ya que, en derecho, la \u201cilegitimaci\u00f3n\u201d no es un t\u00e9rmino jur\u00eddico, si no que se emplea ocasionalmente en debates sobre filosof\u00eda del derecho, pero nunca como argumento de interpretaci\u00f3n estrictamente jur\u00eddica.<\/p>\n<p>Los comportamientos humanos, desde su valoraci\u00f3n en el marco jur\u00eddico, son legales o ilegales, pero nunca leg\u00edtimos o ileg\u00edtimos, ya que mientras la ilegalizaci\u00f3n s\u00ed tiene EFECTOS JUR\u00cdDICOS, la ILEGITIMACI\u00d3N no los tiene- En consecuencia, la Ley de la Memoria Hist\u00f3rica, no ilegaliza los tribunales represores franquistas ni sus sentencias, como da a entender arteramente el TS en esta resoluci\u00f3n, si no que este \u00f3rgano de la Justicia emplea sutilmente el argumento de la \u201cilegitimaci\u00f3n\u201d, con un marcado prop\u00f3sito de confundir, consciente de que con su invocaci\u00f3n no ha lugar acci\u00f3n jur\u00eddica alguna reivindicativa, como se\u00f1alamiento de indemnizaciones, devoluci\u00f3n del patrimonio incautado, investigaci\u00f3n judicial de los asesinatos, exhumaciones de fosas comunes bajo tutela de los jueces, etc.<\/p>\n<p>Cuando el TS afirma que la LMH ha declarado las sentencias &#8216;como radicalmente injustas&#8217; y considera &#8216;su ilegitimidad por vicios de fondo y forma&#8217;, no est\u00e1 hablando de que sea ilegal -porque nunca ha sido ilegalizada-, si no que trata de hacer un juego sem\u00e1ntico con los t\u00e9rminos, present\u00e1ndolo como si la LMH ilegalizase algo, cuando lo \u00fanico que esta reconoce, es la condena moral de las sentencias, un pronunciamiento que \u2013tal como establece dicha ley- no ampara reivindicaci\u00f3n de ning\u00fan tipo, ni penal, ni administrativo.<\/p>\n<p>Mientras no exista una condena jur\u00eddica de los tribunales y sentencias represivas franquistas, los tribunales continuar\u00e1n siendo legales (aunque se les consideren ileg\u00edtimos) y sus sentencias, seguir\u00e1n teniendo plena legalidad.<\/p>\n<p>Los familiares de Miguel Hern\u00e1ndez, deber\u00edan reorientar su petici\u00f3n a la Justicia, exigiendo la nulidad radical de las sentencias, y no su \u201crevisi\u00f3n\u201d bas\u00e1ndose en defectos en la instrucci\u00f3n de la causa, y en el aporte de nuevas pruebas, ya que ello supone -de facto-, el reconocimiento impl\u00edcito de la legalidad y legitimidad de aquellos tribunales. Aquella sentencia a muerte de Miguel Hern\u00e1ndez, no fue injusta por una insuficiente o defectuosa instrucci\u00f3n, si no porque el r\u00e9gimen y los tribunales que lo condenaron, eran ILEGALES E ILEG\u00cdTIMOS.<\/p>\n<p>El TS sabe que la persecuci\u00f3n de los cr\u00edmenes franquistas, a la luz de la legislaci\u00f3n de la ONU en materia de persecuci\u00f3n de los cr\u00edmenes de lesa humanidad (contemplados en los art\u00edculos 607 y 607 bis del c\u00f3digo penal), es retroactiva e imprescriptible, estando enterado plenamente de que los juzgados territoriales, a los que se remite a los familiares de las v\u00edctimas del franquismo, -como igualmente lo hace la Audiencia Nacional- est\u00e1n archivando sistem\u00e1ticamente la pr\u00e1ctica totalidad de las denuncias, situaci\u00f3n de la que ninguna de Sus Se\u00f1or\u00edas, ha querido dado darse por enterada hasta la fecha. Una postura as\u00ed, tiene un nombre que todo el mundo conoce.<\/p>\n","protected":false},"excerpt":{"rendered":"<p>Sobre la anulaci\u00f3n de la sentencia de Miguel Hern\u00e1ndez Entrevista a Floren Dimas: \u201cEl fiscal general del estado Conde Cumpido,<\/p>\n","protected":false},"author":9,"featured_media":1520,"comment_status":"open","ping_status":"open","sticky":false,"template":"","format":"standard","meta":{"footnotes":""},"categories":[20,28],"tags":[1210],"class_list":["post-1519","post","type-post","status-publish","format-standard","has-post-thumbnail","hentry","category-guerra-civil-espanola","category-siglo-xx","tag-floren-dimas"],"aioseo_notices":[],"_links":{"self":[{"href":"https:\/\/espai-marx.net\/index.php?rest_route=\/wp\/v2\/posts\/1519","targetHints":{"allow":["GET"]}}],"collection":[{"href":"https:\/\/espai-marx.net\/index.php?rest_route=\/wp\/v2\/posts"}],"about":[{"href":"https:\/\/espai-marx.net\/index.php?rest_route=\/wp\/v2\/types\/post"}],"author":[{"embeddable":true,"href":"https:\/\/espai-marx.net\/index.php?rest_route=\/wp\/v2\/users\/9"}],"replies":[{"embeddable":true,"href":"https:\/\/espai-marx.net\/index.php?rest_route=%2Fwp%2Fv2%2Fcomments&post=1519"}],"version-history":[{"count":0,"href":"https:\/\/espai-marx.net\/index.php?rest_route=\/wp\/v2\/posts\/1519\/revisions"}],"wp:featuredmedia":[{"embeddable":true,"href":"https:\/\/espai-marx.net\/index.php?rest_route=\/wp\/v2\/media\/1520"}],"wp:attachment":[{"href":"https:\/\/espai-marx.net\/index.php?rest_route=%2Fwp%2Fv2%2Fmedia&parent=1519"}],"wp:term":[{"taxonomy":"category","embeddable":true,"href":"https:\/\/espai-marx.net\/index.php?rest_route=%2Fwp%2Fv2%2Fcategories&post=1519"},{"taxonomy":"post_tag","embeddable":true,"href":"https:\/\/espai-marx.net\/index.php?rest_route=%2Fwp%2Fv2%2Ftags&post=1519"}],"curies":[{"name":"wp","href":"https:\/\/api.w.org\/{rel}","templated":true}]}}