{"id":1525,"date":"2011-03-13T00:00:00","date_gmt":"2011-03-13T00:00:00","guid":{"rendered":"https:\/\/espai-marx.net\/?p=1525"},"modified":"2020-02-21T15:16:05","modified_gmt":"2020-02-21T14:16:05","slug":"abonando-y-apoyando-la-senda-de-la-abyeccion","status":"publish","type":"post","link":"https:\/\/espai-marx.net\/?p=1525","title":{"rendered":"Abonando y apoyando la senda de la abyecci\u00f3n"},"content":{"rendered":"<p>Este gobierno, o uno de los que recorren o han recorrido la misma l\u00ednea pol\u00edtica de claudicaci\u00f3n acelerada, el mismo que no levant\u00f3 ni siquiera un dedo para denunciar la pol\u00edtica represiva de la Monarqu\u00eda marroqu\u00ed contra las justas y, en su d\u00eda, reconocidas reivindicaciones saharauis, justificando incluso atropellos, heridos y muertos; el mismo gobierno que mantuvo una posici\u00f3n medida y estudiada tras el golpe de Honduras y el montaje electoral posterior; el gobierno que ha tardado todo lo que ha podido y bastante m\u00e1s en decir algo justo y razonable tras las revueltas populares de T\u00fanez y Egipto despu\u00e9s de agitar, como tantos otros, expl\u00edcita o impl\u00edcitamente, el fantasma del \u201cislamismo terrorista\u201d; el mismo gobierno que ha permanecido mudo tras las represiones y muertes de Bahreim; el gobierno que se ha estado paseando recientemente por medio de la segunda autoridad del Estado por las monarqu\u00edas petroleras del Pr\u00f3ximo Oriente buscando inversiones para la privatizaci\u00f3n de las cajas de ahorro; el mismo gobierno que se ha supeditado, una y mil veces, a los dictados del estado racista de Israel; ese mismo gobierno apoya y promueve ahora la intervenci\u00f3n militar de la OTAN, un gobierno heredero de aquel otro que hablaba de \u201cOTAN, de entrada no\u201d, y de que Espa\u00f1a si entraba en la alianza ot\u00e1nica lo har\u00eda con ciertas condiciones y que de ning\u00fan modo iba a apoyar ninguna aventura imperial, ese gobierno, dec\u00eda, no s\u00f3lo apoya sino que promueve, con car\u00e1cter inminente, la intervenci\u00f3n ot\u00e1nica en Libia, ya dise\u00f1ada en despachos y cuarteles, con fines humanitarios. \u00a1Como el cemento armado y el amianto cancer\u00edgeno!<\/p>\n<p>Para cubrir su rostro con falsos ropajes, la ministra de Defensa-Guerra, la ministra delf\u00edn del, digamos, presidente Zapatero, se\u00f1al\u00f3 el pasado jueves en el Parlamento que la \u201coperaci\u00f3n\u201d de la Alianza deber\u00eda contar con el visto bueno del Consejo de \u201cSeguridad\u201d la ONU [1]. Los aliados, seg\u00fan parece, mantendr\u00e1n una reuni\u00f3n la pr\u00f3xima semana. Punto b\u00e1sico de la orden del d\u00eda: Libia. Ya no hay duda: los buques de guerra, los portaviones at\u00f3micos, est\u00e1n en estado de m\u00e1xima alerta. Falta decidir el nombre de la \u201coperaci\u00f3n\u201d. \u201cTempestades de acero\u201d es candidata a la nominaci\u00f3n.<\/p>\n<p>Ni que decir tiene que la intervenci\u00f3n ot\u00e1nica contar\u00eda con el apoyo del PP -Gustavo de Ar\u00edstegui: \u201cPor supuesto\u201d- y el muy probable acuerdo de CiU y PNV. Gaspar Llamazares ha puesto un grado de cordura en este barrizal, en este plural coro de hipocres\u00eda y abyecci\u00f3n: la voluntad expresada por el gobierno el pasado jueves, ha se\u00f1alado el diputado de IU, es una locura casi mayor que el r\u00e9gimen de Gadafi. El \u201ccasi\u201d es innecesario.<\/p>\n<p>A la intervenci\u00f3n la llaman ahora \u2013la palabra \u201chumanitaria\u201d est\u00e1 algo desgastada- \u201cimposici\u00f3n de la paz\u201d. \u00bfDe qu\u00e9 paz hablan? La paz de las petroleras. La ministra de la Guerra de gran proyecci\u00f3n pol\u00edtica ha comentado que no tiene constancia de que el dise\u00f1o militar de USA para la intervenci\u00f3n en Libia haya puesto en alerta las bases de uso conjunto de Rota y Mor\u00f3n. Enti\u00e9ndalo al rev\u00e9s, as\u00ed lo comprenderemos mejor. \u00bfBases de uso conjunto? \u00bfUn gobierno que no tiene constancia de lo que ocurre en bases militares situadas en su propio territorio? Hasta aqu\u00ed llega la alargada sombra de nuestro servilismo geopol\u00edtico.<\/p>\n<p>Recordemos aquel sentido ruego ciudadano: \u00a1No nos falles!, gritaron miles y miles de j\u00f3venes de izquierda tras el horror que para ellos, y para toda persona de bien, signific\u00f3 la intervenci\u00f3n espa\u00f1ola en la ocupaci\u00f3n y destrucci\u00f3n de Iraq. Jos\u00e9 Luis Rodr\u00edguez Zapatero sonre\u00eda: \u201cNo os fallar\u00e9\u201d, dijo. Palabras y compromisos arrojados, una vez m\u00e1s, al cubo inconmensurable de una infamia insoportable que exige ya la movilizaci\u00f3n urgente de todos y todas.<\/p>\n<p>Notas:<\/p>\n<p>[1] I\u00f1igo Aduriz, \u201cEspa\u00f1a promueve una intervenci\u00f3n de la OTAN en Libia\u201d. P\u00fablico, 4 de marzo de 2011, p. 9.<\/p>\n","protected":false},"excerpt":{"rendered":"<p>Este gobierno, o uno de los que recorren o han recorrido la misma l\u00ednea pol\u00edtica de claudicaci\u00f3n acelerada, el mismo<\/p>\n","protected":false},"author":9,"featured_media":0,"comment_status":"open","ping_status":"open","sticky":false,"template":"","format":"standard","meta":{"footnotes":""},"categories":[13],"tags":[],"class_list":["post-1525","post","type-post","status-publish","format-standard","hentry","category-la-izquierda-a-debate"],"aioseo_notices":[],"_links":{"self":[{"href":"https:\/\/espai-marx.net\/index.php?rest_route=\/wp\/v2\/posts\/1525","targetHints":{"allow":["GET"]}}],"collection":[{"href":"https:\/\/espai-marx.net\/index.php?rest_route=\/wp\/v2\/posts"}],"about":[{"href":"https:\/\/espai-marx.net\/index.php?rest_route=\/wp\/v2\/types\/post"}],"author":[{"embeddable":true,"href":"https:\/\/espai-marx.net\/index.php?rest_route=\/wp\/v2\/users\/9"}],"replies":[{"embeddable":true,"href":"https:\/\/espai-marx.net\/index.php?rest_route=%2Fwp%2Fv2%2Fcomments&post=1525"}],"version-history":[{"count":0,"href":"https:\/\/espai-marx.net\/index.php?rest_route=\/wp\/v2\/posts\/1525\/revisions"}],"wp:attachment":[{"href":"https:\/\/espai-marx.net\/index.php?rest_route=%2Fwp%2Fv2%2Fmedia&parent=1525"}],"wp:term":[{"taxonomy":"category","embeddable":true,"href":"https:\/\/espai-marx.net\/index.php?rest_route=%2Fwp%2Fv2%2Fcategories&post=1525"},{"taxonomy":"post_tag","embeddable":true,"href":"https:\/\/espai-marx.net\/index.php?rest_route=%2Fwp%2Fv2%2Ftags&post=1525"}],"curies":[{"name":"wp","href":"https:\/\/api.w.org\/{rel}","templated":true}]}}