{"id":1529,"date":"2011-03-25T00:00:00","date_gmt":"2011-03-25T00:00:00","guid":{"rendered":"https:\/\/espai-marx.net\/?p=1529"},"modified":"2020-02-21T15:11:38","modified_gmt":"2020-02-21T14:11:38","slug":"la-movilizacion-en-espana","status":"publish","type":"post","link":"https:\/\/espai-marx.net\/?p=1529","title":{"rendered":"La movilizaci\u00f3n en Espa\u00f1a"},"content":{"rendered":"<p lang=\"es-ES\" style=\"margin-bottom: 0.49cm; font-weight: normal; line-height: 100%;\" align=\"CENTER\"><i>EspaiMarx<\/i><\/p>\n<p lang=\"es-ES\" style=\"margin-bottom: 0.49cm; line-height: 100%; widows: 2; orphans: 2;\" align=\"JUSTIFY\"><i>Texto presentado por EspaiMarx en las jornadas <\/i><strong><i><b>La Mala Europa, <\/b><\/i><\/strong><strong><i>\u00abSoggetti ed esperienze sulle lotte operaie e i movimenti sociali dentro la crisi in Europa e nel Mediterraneo\u00bb celebradas en Roma el 12 de marzo de 2011.<\/i><\/strong><\/p>\n<p class=\"western\" lang=\"es-ES\" style=\"margin-bottom: 0.35cm;\" align=\"JUSTIFY\">La crisis econ\u00f3mica capitalista ha afectado de manera especialmente dura a Espa\u00f1a cuya econom\u00eda productiva depend\u00eda del motor de la construcci\u00f3n de viviendas y del turismo.<\/p>\n<p class=\"western\" lang=\"es-ES\" style=\"margin-bottom: 0.35cm;\" align=\"JUSTIFY\">Durante los \u00faltimos quince veinte a\u00f1os la econom\u00eda espa\u00f1ola experiment\u00f3 un fuerte auge. El tir\u00f3n econ\u00f3mico se bas\u00f3 en la locomotora tradicional del turismo, relanzada con los fastos de las Olimpiadas de Barcelona, la Exposici\u00f3n Universal de Sevilla y la construcci\u00f3n inmobiliaria. Con la creaci\u00f3n de la moneda \u00fanica la banca espa\u00f1ola pudo disponer de una masa de dinero colosal que poder prestar en cr\u00e9dito para la compra de vivienda. Se produjo una expansi\u00f3n gigantesca y an\u00e1rquica de la construcci\u00f3n \u2013pareja a la corrupci\u00f3n pol\u00edtica\u00ad\u00ad-, generada por las empresas inmobiliarias al sobornar a los funcionarios y dirigentes pol\u00edticos con el fin de recalificar terrenos donde construir.<\/p>\n<p class=\"western\" lang=\"es-ES\" style=\"margin-bottom: 0.35cm;\" align=\"JUSTIFY\">Cuando estall\u00f3 la crisis econ\u00f3mica mundial, el mercado inmobiliario estaba saturado y por tanto, el modelo basado en la construcci\u00f3n de vivienda estaba a punto terminar. La actual situaci\u00f3n es que oficialmente en Espa\u00f1a hay m\u00e1s de 2 millones 300 mil viviendas nuevas sin vender. A eso habr\u00eda que a\u00f1adir los que est\u00e1n a medio edificar y las viviendas compradas por propietarios particulares que est\u00e1n siendo puestas a la venta, por no poder hacer frente a la hipoteca. En paralelo millones de familias espa\u00f1olas se vieron endeudadas con los bancos que les hab\u00edan ofrecido todo tipo de facilidades para tomar dinero en pr\u00e9stamo para las hipotecas en unos niveles de alt\u00edsimo riesgo. Sobre estas familias ha ca\u00eddo el paro y un gran n\u00famero de personas han perdido su vivienda al no poder hacer frente al pago de la hipoteca.<\/p>\n<p class=\"western\" lang=\"es-ES\" style=\"margin-bottom: 0.35cm;\" align=\"JUSTIFY\">En Espa\u00f1a la crisis financiera internacional cay\u00f3 sobre esta situaci\u00f3n de partida. La banca espa\u00f1ola, adem\u00e1s de las p\u00e9rdidas sufridas por la compra de productos americanos de alto riesgo -hedge founds- se encontr\u00f3 envuelta en su propia pol\u00edtica enloquecida de oferta f\u00e1cil de dinero que hab\u00eda disparado el precio de la vivienda de forma astron\u00f3mica. Pero la banca ha logrado pasar el paquete a la sociedad espa\u00f1ola y en lugar de pagar los riesgos corridos, es parte del grupo acreedor del Estado al comprar la deuda p\u00fablica que el propio estado emite para financiar la deuda externa, compra que hace mediante cr\u00e9ditos tomados en pr\u00e9stamo al estado al 1% para recibir una tasa de ganancia por la deuda de un 8%.<\/p>\n<p class=\"western\" lang=\"es-ES\" style=\"margin-bottom: 0.35cm;\" align=\"JUSTIFY\">La situaci\u00f3n de crisis ha adquirido entre nosotros una especial agudeza. En estos momentos el paro sobrepasa el 20% de la poblaci\u00f3n espa\u00f1ola, y 4 millones 700 mil parados. Recordamos que el paro promedio para las \u201ceconom\u00edas avanzadas\u201d es seg\u00fan el FMI, del 8%.<\/p>\n<p class=\"western\" lang=\"es-ES\" style=\"margin-bottom: 0.35cm;\" align=\"JUSTIFY\">El Gobierno espa\u00f1ol dio un giro radical en su pol\u00edtica social y econ\u00f3mica en Mayo de 2010 en perjuicio de las clases populares y a favor de los intereses de la banca y las empresas. Este cambio fue marcado por la Comunidad Europea- Merkel y el gobierno del PSOE se puso a imponerlo de forma dura e inmediata. En Julio el PSOE asume dr\u00e1sticamente una pol\u00edtica econ\u00f3mica neoliberal, con el apoyo de los partidos nacionalistas de derechas, aprueba la reforma laboral con importantes recortes sindicales: facilidad de despidos y m\u00e1s baratos, la practica eliminaci\u00f3n de los convenios colectivos, reducci\u00f3n de salarios a los funcionarios del 5% y congelaci\u00f3n de estos y de las pensiones para el 2011,\u2026 y anuncia que al final de a\u00f1o ampliar\u00e1 la edad de jubilaci\u00f3n y el c\u00f3mputo de a\u00f1os para calcular las pensiones, entre otras restricciones.<\/p>\n<p class=\"western\" lang=\"es-ES\" style=\"margin-bottom: 0.35cm;\" align=\"JUSTIFY\">Todo ello liquidaba el marco tradicional de concertaci\u00f3n de las pol\u00edticas sociales y laborales, con los sindicatos y partidos \u2013 el denominado \u201cpacto de Toledo\u201d-. Los sindicatos mayoritarios, CC.OO y UGT, quedan sorprendidos porque el gobierno no les ha propuesto negociar la reforma, como era habitual en los \u00faltimos a\u00f1os, y anuncian huelga general, que fue pospuesta hasta despu\u00e9s del verano, para el 29 de Septiembre, mientras que los sindicatos minoritarios y peque\u00f1os grupos pol\u00edticos-sociales reclaman realizar la huelga antes de aprobar la reforma laboral.<\/p>\n<p class=\"western\" lang=\"es-ES\" style=\"margin-bottom: 0.35cm;\" align=\"JUSTIFY\">El hecho de que se pospusiese la respuesta a la agresi\u00f3n hasta despu\u00e9s de las vacaciones de verano da idea de la desgana con la que se propusieron la movilizaci\u00f3n las dos centrales sindicales mayoritarias<\/p>\n<p class=\"western\" lang=\"es-ES\" style=\"margin-bottom: 0.35cm;\" align=\"JUSTIFY\">La huelga general del 29S, que apoyan todos los sindicatos, partidos de izquierda y grupos sociales, fue seguida mayoritariamente en algunos sectores de la industria y servicios, y tuvo menor repercusi\u00f3n en otros sectores de trabajadores asalariados y muy poco en comercios peque\u00f1os. A tener en cuenta que los funcionarios, sector castigado de forma directa por las \u00faltimas medidas no se movilizaron a penas.<\/p>\n<p class=\"western\" lang=\"es-ES\" style=\"margin-bottom: 0.35cm;\" align=\"JUSTIFY\">En la huelga se observ\u00f3 la incorporaci\u00f3n a la movilizaci\u00f3n de sectores j\u00f3venes, que no est\u00e1n sindicados ni organizados pol\u00edticamente, pero que no quieren permanecer pasivos. La mayor\u00eda de los 4 millones de parados espa\u00f1oles no se moviliz\u00f3. Ni las barriadas de los cinturones obreros y de trabajadores, las ciudades dormitorio, ni los j\u00f3venes de esas periferias de las conurbaciones se movilizaron en su mayor\u00eda. A pesar de que el desempleo se ceba de forma muy principal en estos sectores, y de que la misma prolongaci\u00f3n de la vida laboral cierra la aparici\u00f3n de los puestos de trabajo a su alcance.<\/p>\n<p class=\"western\" lang=\"es-ES\" style=\"margin-bottom: 0.35cm;\" align=\"JUSTIFY\">Con posterioridad a esta acci\u00f3n, que qued\u00f3 como un hecho puntual, y tras el cual las centrales sindicales no propusieron nuevas acciones, las dos centrales mayoritarias se sentaron a negociar con el gobierno y la patronal. El plazo m\u00e1ximo dado por el gobierno del PSOE era finales de enero, y si no se alcanzaba un compromiso, el gobierno asum\u00eda imponer por ley la reforma A finales de enero se alcanz\u00f3 un acuerdo firmado por todos los agentes sociales, que se ajusta a las exigencias marcadas por el FMI y del BCE, y que fue muy elogiado por los representantes de los empresarios. Tambi\u00e9n las centrales mayoritarias participantes se felicitaron del compromiso, a pesar de los tremendos recortes sociales que acarrea contra los derechos laborales, los salarios y derechos de negociaci\u00f3n colectiva.<\/p>\n<p class=\"western\" lang=\"es-ES\" style=\"margin-bottom: 0.35cm;\" align=\"JUSTIFY\">Sobre los contenidos de acuerdo, cabe resumir que su objetivo es reducir el importe de las pensiones y alargar la edad de jubilaci\u00f3n. La pensi\u00f3n media se reducir\u00e1 en un 20% cuando se implante en su totalidad. En consecuencia el trabajo informal que no cotiza, el trabajo a tiempo parcial, los falsos aut\u00f3nomos, o los trabajadores con salarios cercanos al m\u00ednimo interprofesional ser\u00e1n los que m\u00e1s sufrir\u00e1n en el futuro las secuelas del acuerdo.<\/p>\n<p class=\"western\" lang=\"es-ES\" style=\"margin-bottom: 0.35cm;\" align=\"JUSTIFY\">La actual situaci\u00f3n pone de manifiesto en primer lugar, la escasa implantaci\u00f3n de las fuerzas sindicales y pol\u00edticas que est\u00e1n a favor de responder a la crisis con una movilizaci\u00f3n sostenida. En segundo lugar, la incapacidad de las fuerzas sindicales emergentes, que surgieron como rechazo a la pol\u00edtica sindical de los grandes sindicatos, para poder ser una alternativa. Salvo en Euskadi y Galicia, los intentos de establecer objetivos de movilizaci\u00f3n alternativos, de crear un calendario de movilizaciones sostenidas etc. por parte de estas otras fuerzas sindicales no han tenido repercusi\u00f3n. Les falta implantaci\u00f3n territorial, carecen de militancia suficiente, se encuentran muy dispersas y de espaldas las unas a las otras, y caen a menudo en posiciones vanguardistas y sectarias.<\/p>\n<p class=\"western\" lang=\"es-ES\" style=\"margin-bottom: 0.35cm;\" align=\"JUSTIFY\">En cuanto a las centrales mayoritarias, carecen de tradici\u00f3n de movilizaci\u00f3n y su presencia activa en los centros de trabajo, salvo en algunos sectores, es escasa. Su presencia en muchas empresas y sectores de trabajadores se limita a la acci\u00f3n desarrollada durante las jornadas previas a las elecciones de representantes sindicales. La acci\u00f3n sindical la realizan solo a nivel de negociaci\u00f3n por arriba con el gobierno y la patronal. Ya hace mucho tiempo que las elecciones de delegados a los comit\u00e9s de empresa son utilizadas simplemente como medio para decidir, seg\u00fan el n\u00famero de delegados adheridos a una u otra central, el tipo y composici\u00f3n de las mesas negociadoras. La afiliaci\u00f3n sindical en Espa\u00f1a es de las m\u00e1s bajas de Europa. Con solo un 17% de afiliaci\u00f3n y 1 mill\u00f3n 200 mil afiliados para CCOO y 1 mill\u00f3n 50 mil, para UGT. Entre la mayor parte de sus afiliados se ha perdido la cultura de la movilizaci\u00f3n, del trabajo cotidiano en el centro de trabajo, y tan solo se adhieren a los sindicatos por los servicios que estos le ofrecen; esta ha sido la cultura que los propios sindicatos han impulsado en su seno. Las uniones locales y comarcales, estructuras territoriales que les permitir\u00edan hacer trabajo organizativo entre los parados y los precarios en los barrios fueron liquidadas hace a\u00f1os.<\/p>\n<p class=\"western\" lang=\"es-ES\" style=\"margin-bottom: 0.35cm;\" align=\"JUSTIFY\">La movilizaci\u00f3n para la huelga fue protagonizada fundamentalmente por las militancias con memoria de anteriores periodos, que corrieron con el trabajo de extensi\u00f3n de la lucha. Los sectores de trabajadores m\u00e1s j\u00f3venes, sin experiencia sindical y marcados por la precarizaci\u00f3n participaron poco en la extensi\u00f3n de la lucha. La funci\u00f3n p\u00fablica, a pesar del golpe salarial permaneci\u00f3 desmovilizada en su mayor\u00eda. Lo cierto es que la tradicional desmovilizaci\u00f3n social fue creada de facto por las fuerzas pol\u00edticas y sindicales espa\u00f1olas. Los sindicatos a pesar de su escasa afiliaci\u00f3n son de largo las fuerzas sociales con m\u00e1s implantaci\u00f3n, tanto los partidos pol\u00edticos como las asociaciones c\u00edvicas, que hoy d\u00eda se autodenominan \u201cmovimientos\u201d, tienen muy escasa afiliaci\u00f3n.<\/p>\n<p class=\"western\" lang=\"es-ES\" style=\"margin-bottom: 0.35cm;\" align=\"JUSTIFY\">Los partidos pol\u00edticos, incluso los m\u00e1s de izquierdas desarrollan su actividad fundamental de cara a las elecciones para la participaci\u00f3n en el poder institucional. Algunas fuerzas pol\u00edticas tienen militancia sindical, dedicada en su mayor\u00eda a las tareas de estructura del sindicato, en torno a los puestos profesionales o liberados y funcionan como grupos de presi\u00f3n interna. No existe trabajo militante de base organizado para impulsar la vida sindical en la empresa y tampoco existe militancia de base en los barrios. Las pocas organizaciones de base de los partidos de izquierda que las poseen se mantienen con una vida hacia adentro, y sirven en todo caso para las campa\u00f1as electorales, pero cada vez menos. Incluso en la izquierda, la vida pol\u00edtica se ha profesionalizado casi por entero.<\/p>\n<p class=\"western\" lang=\"es-ES\" style=\"margin-bottom: 0.35cm;\" align=\"JUSTIFY\">Las asociaciones denominadas movimientos nuevos son instituciones registradas con escasa vida hacia fuera, pero que permiten a determinadas personas acceder a subvenciones y convertirse en agencias de gesti\u00f3n de necesidades ciudadanas, adem\u00e1s adquieren poder de representaci\u00f3n de los problemas que les ocupan ante la sociedad; no han sido plataformas para la organizaci\u00f3n de las gentes que les permitan luchar ellos mismos por sus problemas. Todo esto explica en buena medida la extra\u00f1a situaci\u00f3n espa\u00f1ola de desmovilizaci\u00f3n en comparaci\u00f3n con la de otros pa\u00edses en parecidas circunstancias.<\/p>\n<p class=\"western\" lang=\"es-ES\" style=\"margin-bottom: 0.35cm;\" align=\"JUSTIFY\">Esta desorganizaci\u00f3n y profesionalizaci\u00f3n viene de atr\u00e1s en el tiempo. Se comenz\u00f3 a producir aceleradamente desde el periodo de la transici\u00f3n espa\u00f1ola, al ser desorganizado el movimiento democr\u00e1tico de masas existente, como consecuencia de los pactos pol\u00edticos de la transici\u00f3n, que consistieron en la desactivaci\u00f3n del movimiento democr\u00e1tico a cambio de que la izquierda fuese legalizada y pudiese participar en las elecciones y en la gesti\u00f3n pol\u00edtica institucional. El hundimiento del movimiento democr\u00e1tico de masas, que, medido en t\u00e9rminos electorales hab\u00eda llegado a darle al PSUC -Cataluya- en 1977 un 16% de votos \u2013su realidad efectiva, era en consecuencia mucho mayor- precipit\u00f3 a la izquierda en el profesionalismo pol\u00edtico y el institucionalismo a un punto insospechado por las mismas direcciones que impulsaron los pactos y el proceso de transformaci\u00f3n; o en la vanguardizaci\u00f3n carente de realidad. Esta situaci\u00f3n ha hecho que se haya roto la continuidad cultural de la izquierda, trabajosamente reconstruida en Espa\u00f1a desde finales de los 50 \u2013el movimiento de CCOO- y los sesenta \u2013el movimiento democr\u00e1tico estudiantil, las asociaciones de vecinos, la organizaci\u00f3n de mujeres dentro de las propias asociaciones- bajo la dictadura franquista.<\/p>\n<p class=\"western\" lang=\"es-ES\" style=\"margin-bottom: 0.35cm;\" align=\"JUSTIFY\">Una cultura obrera de barrio que era sostenida por familias de izquierdas, con compromiso militante y deseo de saber para emanciparse, desapareci\u00f3. Se hundi\u00f3 el movimiento estudiantil, los movimientos de renovaci\u00f3n pedag\u00f3gica fueron disueltos mediante la cooptaci\u00f3n de cuadros a las instituciones administrativas del aparato escolar y las asociaciones de vecinos decayeron, abandonas a su suerte por los partidos de izquierda que retiraron de ellas su militancia.<\/p>\n<p class=\"western\" lang=\"es-ES\" style=\"margin-bottom: 0.35cm;\" align=\"JUSTIFY\">En este entorno se desarroll\u00f3 una situaci\u00f3n de prosperidad y despilfarro, durante los \u00faltimos 20 a\u00f1os anteriores a los 3 \u00faltimos antes de la crisis. Las obras p\u00fablicas de las olimpiadas, las exposiciones y los fastos del 92, seguidas del boom inmobiliario produjeron una cultura de despilfarro inmediato, de desprecio por el estudio y el esfuerzo. El desarrollo de un consumo diario de <i>gadgets, <\/i>de necesidad de renovar el autom\u00f3vil, de viajes tur\u00edsticos de baja calidad al extranjero. Hay una generaci\u00f3n de personas entre los 30 y los 40 a\u00f1os que han so\u00f1ado con enriquecerse, con no ser trabajadores, con no querer ser explotados. Se ha construido un mundo de ficci\u00f3n, pero a la vez una cultura de vida y unas expectativas de futuro basadas en la privacidad, la insolidaridad y la despolitizaci\u00f3n. Las aspiraciones de estas generaciones est\u00e1n troqueladas por el consumo y unas expectativas de vida basadas en el ascenso social, que reci\u00e9n comienza a ser golpeada por la crisis. Se abre paso muy lentamente la idea de que esta crisis no va a ser algo para \u201cun par de a\u00f1os\u201d. Hay una falta de experiencia colectiva sobre lo que es la lucha de masas.<\/p>\n<p class=\"western\" lang=\"es-ES\" style=\"margin-bottom: 0.35cm;\" align=\"JUSTIFY\">Una nueva cultura de masas creada por la penetraci\u00f3n de la vida cotidiana por el capitalismo de bienes de consumo cal\u00f3 entre las clases trabajadoras. Su implantaci\u00f3n en Espa\u00f1a se impuso, a partir de una sociedad mayoritariamente despolitizada e individualista, abocada a la vida privada por la cultura impuesta durante 40 a\u00f1os de franquismo. En esa situaci\u00f3n, una izquierda que no hab\u00eda sabido entrever la gravedad del problema cultural que sobreven\u00eda, desactiv\u00f3 a los sectores sociales organizados en el movimiento democr\u00e1tico antifranquista, que constitu\u00edan, en verdad, la \u00fanica democracia realmente existente, y que eran los portadores de las \u00fanicas pr\u00e1cticas reales de cultura y vida democr\u00e1ticas, m\u00e1s all\u00e1 del mero sufragio electoral.<\/p>\n<p class=\"western\" lang=\"es-ES\" style=\"margin-bottom: 0.35cm;\" align=\"JUSTIFY\">Una dificultad a\u00f1adida ha sido la llegada de varios millones de trabajadores emigrados de Am\u00e9rica latina, del norte y del centro de \u00c1frica, que colaboraron con su esfuerzo en el auge econ\u00f3mico espa\u00f1ol y que ninguna fuerza pol\u00edtica o sindical ha logrado organizar o proteger. La clase trabajadora espa\u00f1ola se encuentra pues segmentada por el lugar de origen de una parte importante de sus trabajadores.<\/p>\n<p class=\"western\" lang=\"es-ES\" style=\"margin-bottom: 0.35cm;\" align=\"JUSTIFY\">La p\u00e9rdida de la cultura democr\u00e1tica creada en torno al movimiento obrero, en una sociedad sometida al franquismo durante 40 a\u00f1os, es una grave losa que pesa sobre nuestro pa\u00eds, un a\u00f1adido sobre las condiciones dif\u00edciles de lucha que se producen en toda Europa, y que se ir\u00e1 removiendo poco a poco y s\u00f3lo en la medida en que las fuerzas de la izquierda sean capaces de tener en cuenta las transformaciones que ha provocado en la sociedad en general y en la clase trabajadora en particular la desaparici\u00f3n de las anteriores culturas materiales aut\u00f3nomas, que eran el suelo en el que se reproduc\u00eda la izquierda, y que elabore una pr\u00e1ctica pol\u00edtica que haga frente a este problema.<\/p>\n<p class=\"western\" lang=\"es-ES\" style=\"margin-bottom: 0.35cm;\" align=\"JUSTIFY\">Por lo dem\u00e1s la vida intelectual de la izquierda espa\u00f1ola es sobremanera escasa. No lo requiere la pol\u00edtica entendida como gesti\u00f3n administrativa y lucha electoral.<\/p>\n","protected":false},"excerpt":{"rendered":"<p>EspaiMarx Texto presentado por EspaiMarx en las jornadas La Mala Europa, \u00abSoggetti ed esperienze sulle lotte operaie e i movimenti<\/p>\n","protected":false},"author":9,"featured_media":0,"comment_status":"open","ping_status":"open","sticky":false,"template":"","format":"standard","meta":{"footnotes":""},"categories":[13],"tags":[],"class_list":["post-1529","post","type-post","status-publish","format-standard","hentry","category-la-izquierda-a-debate"],"aioseo_notices":[],"_links":{"self":[{"href":"https:\/\/espai-marx.net\/index.php?rest_route=\/wp\/v2\/posts\/1529","targetHints":{"allow":["GET"]}}],"collection":[{"href":"https:\/\/espai-marx.net\/index.php?rest_route=\/wp\/v2\/posts"}],"about":[{"href":"https:\/\/espai-marx.net\/index.php?rest_route=\/wp\/v2\/types\/post"}],"author":[{"embeddable":true,"href":"https:\/\/espai-marx.net\/index.php?rest_route=\/wp\/v2\/users\/9"}],"replies":[{"embeddable":true,"href":"https:\/\/espai-marx.net\/index.php?rest_route=%2Fwp%2Fv2%2Fcomments&post=1529"}],"version-history":[{"count":0,"href":"https:\/\/espai-marx.net\/index.php?rest_route=\/wp\/v2\/posts\/1529\/revisions"}],"wp:attachment":[{"href":"https:\/\/espai-marx.net\/index.php?rest_route=%2Fwp%2Fv2%2Fmedia&parent=1529"}],"wp:term":[{"taxonomy":"category","embeddable":true,"href":"https:\/\/espai-marx.net\/index.php?rest_route=%2Fwp%2Fv2%2Fcategories&post=1529"},{"taxonomy":"post_tag","embeddable":true,"href":"https:\/\/espai-marx.net\/index.php?rest_route=%2Fwp%2Fv2%2Ftags&post=1529"}],"curies":[{"name":"wp","href":"https:\/\/api.w.org\/{rel}","templated":true}]}}