{"id":15293,"date":"2024-03-31T05:00:56","date_gmt":"2024-03-31T04:00:56","guid":{"rendered":"https:\/\/espai-marx.net\/?p=15293"},"modified":"2024-03-31T01:17:45","modified_gmt":"2024-03-31T00:17:45","slug":"una-magnifica-novela-enrojecida","status":"publish","type":"post","link":"https:\/\/espai-marx.net\/?p=15293","title":{"rendered":"Una magn\u00edfica novela enrojecida"},"content":{"rendered":"<p align=\"justify\"><span style=\"font-family: Times New Roman, serif;\"><span style=\"font-size: large;\">Rese\u00f1a de Mich\u00e8le Audin, <i>La se\u00f1orita Haas<\/i>, C\u00e1ceres: Editorial Perif\u00e9rica, 2023, 188 p\u00e1ginas (edici\u00f3n original 2016).<\/span><\/span><\/p>\n<p><a href=\"https:\/\/espai-marx.net\/wp-content\/uploads\/2024\/03\/senorita-haas.jpg\"><img loading=\"lazy\" decoding=\"async\" class=\"alignleft  wp-image-15294\" src=\"https:\/\/espai-marx.net\/wp-content\/uploads\/2024\/03\/senorita-haas.jpg\" alt=\"\" width=\"200\" height=\"311\" srcset=\"https:\/\/espai-marx.net\/wp-content\/uploads\/2024\/03\/senorita-haas.jpg 643w, https:\/\/espai-marx.net\/wp-content\/uploads\/2024\/03\/senorita-haas-193x300.jpg 193w\" sizes=\"auto, (max-width: 200px) 100vw, 200px\" \/><\/a>Aunque m\u00e1s adelante dar\u00e9 m\u00e1s datos biogr\u00e1ficos de la autora, es justo comenzar esta rese\u00f1a recordando que en 2008 Mich\u00e8le Audin rechaz\u00f3 la Legi\u00f3n de Honor, despu\u00e9s de la negativa de Nicol\u00e1s Sarkozy a aclarar la muerte de su padre, el matem\u00e1tico Maurice Audin, torturado y asesinado por el Ej\u00e9rcito franc\u00e9s en Argelia en 1957. M\u00e1s de sesenta a\u00f1os despu\u00e9s de este crimen de Estado, en 2018, el gobierno franc\u00e9s pidi\u00f3 finalmente perd\u00f3n a la familia Audin.<\/p>\n<p>\u00abLa se\u00f1orita Haas deber\u00eda a\u00f1adirse a la todav\u00eda exigua lista de obras fundamentales de la mujer\u00bb (Juliette Keating, <i>Mediapart<\/i>). \u00abLas historias de <i>La se\u00f1orita Haas<\/i> conforman el notable testimonio de unas vidas an\u00f3nimas atravesadas por la Historia, pero son asimismo ejercicios de estilo: listas, entrevistas, una sucesi\u00f3n de verbos en infinitivo, notas a pie de p\u00e1gina, correspondencias, confesiones, reportajes, carn\u00e9s de identidad, fotograf\u00edas.\u00bb (Isabelle R\u00fcf, <i>Le Temps<\/i>). Suscribo ambos comentarios.<\/p>\n<p>Un apunte sobre la autora, una autora que merece ser m\u00e1s conocida en nuestro pa\u00eds por todos nosotros. Matem\u00e1tica, historiadora y novelista, Mich\u00e8le Audin naci\u00f3 en Argelia en 1954. Su campo de investigaci\u00f3n cient\u00edfico: la Topolog\u00eda Simpl\u00e9ctica (una parte de las matem\u00e1ticas referida al estudio de las variedades simpl\u00e9cticas, unas variedades que se presentan en la formulaci\u00f3n hamiltoniana de la mec\u00e1nica cl\u00e1sica). Entre sus libros: <i>Souvenirs sur Sofia Kovalevskaya<\/i> (2008), <i>La Formule de Stokes<\/i> (2016), <i>Comme un<\/i><i>e<\/i><i> rivier\u00e8 bleu<\/i> (2017) y <i>Una vida breve <\/i> (publicada por Perif\u00e9rica en 2020). La edici\u00f3n original de <i>La se\u00f1orita Haas<\/i> es de 2016. Audin forma parte del grupo de experimentaci\u00f3n literaria OuLiPo, el Taller de Literatura Potencial, al que tambi\u00e9n pertenecieron Georges Perec y Raymond Queneau.<\/p>\n<p>Audin construye en <i>La se\u00f1orita Haas<\/i> una hermosa y excelente novela coral (Presentaci\u00f3n: \u00abTienen veinte a\u00f1os\u00bb; diecinueve cap\u00edtulos; ep\u00edlogo-fuentes: \u00abAlgunas citas\u00bb) con la vida de trece mujeres (Catherine, Le\u00f3poldine, P\u00e9roline, Claudine, Valentine, Aline, C\u00e9line,&#8230;), mujeres an\u00f3nimas, con el mismo apellido, Haas, y en el mismo espacio-tiempo: Francia entre 1934 y 1941 (ascensi\u00f3n del fascismo, II Guerra Mundial, resistencia antifascista, deportaciones a los campos nazis de exterminio).<\/p>\n<p>En \u00abAlgunas listas\u00bb pueden las fuentes de inspiraci\u00f3n y documentaci\u00f3n de la autora, referencias, entre muchas otras, a Robert Linhart, a Bourbaki y a Simone Weil (<i>La condici\u00f3n obrera<\/i>).<\/p>\n<p>Novela enrojecida, muy enrojecida: edici\u00f3n espa\u00f1ola en rojo (como toda la colecci\u00f3n), cuadernos con tapa roja en las historias contadas, vidas y enamoramientos de rojas, una perspectiva roja. Elogio comunista en ocasiones. En la contraportada: \u00ab[\u2026] cada cap\u00edtulo elige una perspectiva narrativa diferente y se convierte en una lecci\u00f3n de estilo. El resultado, <i>La se\u00f1orita Haas<\/i>, es la novela verdadera de aquellas mujeres comunes, trabajadoras j\u00f3venes que no tuvieron a quien quisiera relatar sus vidas: sus gestos m\u00ednimos y su orgullo, el acoso que padecen, sus situaciones familiares, el embrutecimiento laboral, sus sue\u00f1os y expectativas. En definitiva, su tragedia silenciosa\u00bb. Su tragedia, pero tambi\u00e9n su vivir, su alegr\u00eda, su resistencia.<\/p>\n<p>No \u2018destripo\u2019 nada si les copio las palabras con las que Audin abre su novela. Para su apetito lector, que, con toda seguridad, ser\u00e1 adictivo:<\/p>\n<p>\u00abTienen veinte a\u00f1os, treinta o algunas m\u00e1s en 1934. Trabajan.<\/p>\n<p>Se llaman se\u00f1orita Haas.<\/p>\n<p>Son bibliotecarias (adjuntas), porteras, cocineras, peluqueras (\u00bfde qu\u00e9 hablaban las mujeres en la peluquer\u00eda en Belleville en 1938?), costureras, fresadoras, enfermeras, escritoras (\u00fanico neologismo femenino en esta lista), criadas, maestras (\u00a1ay!, \u00a1casi todas hab\u00edan so\u00f1ado con ser maestras!), periodistas, asistentas, investigadoras (auxiliares), obreras de la metalurgia, libreras (empleadas), pianistas, f\u00edsicas, urdidoras, comadronas, dependientas,\u2026<\/p>\n<p>Ten\u00edan sesenta a\u00f1os, setenta o alguno m\u00e1s en 1974. Tal vez. Yo ten\u00eda veinte. Pude coincidir con alguna de ellas en una manifestaci\u00f3n o en cualquier otra parte.<\/p>\n<p>Las vemos en 1934 y un poco despu\u00e9s.<\/p>\n<p>Trabajan. Casi todas, con las manos: manos de comadrona, manos de obrera, manos de pianista. Son auxiliares, adjuntas, temporeras, se\u00f1oritas.<\/p>\n<p>Sue\u00f1an. Embargadas por la alegr\u00eda y el dolor, viven una historia llena de ruido y de terror. Su trabajo no aparece en los libros de historia. Son invisibles. Olvidadas. Omitidas, m\u00e1s bien.<\/p>\n<p>Son \u00fanicas, son encantadoras.<\/p>\n<p>En blanco, en negro, en gris, he reunido algunos momentos de sus vidas, como un mosaico que cuenta su presente, su historia, la m\u00eda, la nuestra.\u00bb<\/p>\n<p>Una observaci\u00f3n sin importancia: Audin habla de la gripe espa\u00f1ola en la p. 175. Pod\u00eda haber usado otras expresi\u00f3n m\u00e1s ajustada a la gripe. No fue, como se sabe, una gripe espa\u00f1ola.<\/p>\n<p>Lean y relean y no dejen de recomendar. <i>La se\u00f1orita Haas<\/i> merece nuestro reconocimiento, nuestro entusiasmo.<\/p>\n<p>Fuente: <i>El Viejo Topo<\/i>, febrero de 2024.<\/p>\n","protected":false},"excerpt":{"rendered":"<p>Rese\u00f1a de Mich\u00e8le Audin, La se\u00f1orita Haas, C\u00e1ceres: Editorial Perif\u00e9rica, 2023, 188 p\u00e1ginas (edici\u00f3n original 2016). Aunque m\u00e1s adelante dar\u00e9<\/p>\n","protected":false},"author":5,"featured_media":15295,"comment_status":"open","ping_status":"open","sticky":false,"template":"","format":"standard","meta":{"footnotes":""},"categories":[5],"tags":[2105,2104,917],"class_list":["post-15293","post","type-post","status-publish","format-standard","has-post-thumbnail","hentry","category-literatura","tag-la-senorita-haas","tag-michele-audin","tag-resenas"],"aioseo_notices":[],"_links":{"self":[{"href":"https:\/\/espai-marx.net\/index.php?rest_route=\/wp\/v2\/posts\/15293","targetHints":{"allow":["GET"]}}],"collection":[{"href":"https:\/\/espai-marx.net\/index.php?rest_route=\/wp\/v2\/posts"}],"about":[{"href":"https:\/\/espai-marx.net\/index.php?rest_route=\/wp\/v2\/types\/post"}],"author":[{"embeddable":true,"href":"https:\/\/espai-marx.net\/index.php?rest_route=\/wp\/v2\/users\/5"}],"replies":[{"embeddable":true,"href":"https:\/\/espai-marx.net\/index.php?rest_route=%2Fwp%2Fv2%2Fcomments&post=15293"}],"version-history":[{"count":0,"href":"https:\/\/espai-marx.net\/index.php?rest_route=\/wp\/v2\/posts\/15293\/revisions"}],"wp:featuredmedia":[{"embeddable":true,"href":"https:\/\/espai-marx.net\/index.php?rest_route=\/wp\/v2\/media\/15295"}],"wp:attachment":[{"href":"https:\/\/espai-marx.net\/index.php?rest_route=%2Fwp%2Fv2%2Fmedia&parent=15293"}],"wp:term":[{"taxonomy":"category","embeddable":true,"href":"https:\/\/espai-marx.net\/index.php?rest_route=%2Fwp%2Fv2%2Fcategories&post=15293"},{"taxonomy":"post_tag","embeddable":true,"href":"https:\/\/espai-marx.net\/index.php?rest_route=%2Fwp%2Fv2%2Ftags&post=15293"}],"curies":[{"name":"wp","href":"https:\/\/api.w.org\/{rel}","templated":true}]}}