{"id":15326,"date":"2024-04-07T05:00:32","date_gmt":"2024-04-07T04:00:32","guid":{"rendered":"https:\/\/espai-marx.net\/?p=15326"},"modified":"2024-04-07T03:37:50","modified_gmt":"2024-04-07T02:37:50","slug":"entrevista-a-eugenio-del-rio-sobre-jovenes-antifranquistas-1965-1975","status":"publish","type":"post","link":"https:\/\/espai-marx.net\/?p=15326","title":{"rendered":"Entrevista a Eugenio del R\u00edo sobre <i>J\u00f3venes antifranquistas (1965-1975)<\/i>"},"content":{"rendered":"<p>\u00ab<b>No lamento el compromiso antifranquista, pero s\u00ed algunos de los marcos ideol\u00f3gicos, entre ellos el mao\u00edsmo, a trav\u00e9s de los cuales se plasm\u00f3 ese compromiso durante bastante tiempo.\u00bb<\/b><\/p>\n<p>Eugenio del R\u00edo (San Sebasti\u00e1n-Donostia, 1943) fue miembro de ETA a mediados de los a\u00f1os sesenta. Entre 1975 y 1983 fue secretario general del MC. En la actualidad es editor de <u><a href=\"about:blank\">www.pensamientocritico.org<\/a><\/u>. Ha publicado una quincena de libros. Entre ellos: <i>La sombra de Marx. Estudio cr\u00edtico sobre la fundaci\u00f3n del marxismo<\/i> (1993), <i>La izquierda. Trayectoria en Europa occidental<\/i> (1999), <i>De la indignaci\u00f3n de ayer a la de hoy<\/i> (2012), <i>Liderazgos sociales <\/i>(2015).<\/p>\n<p>Su \u00faltimo libro publicado es: <i>J\u00f3venes antifranquistas (1965-1975)<\/i>, en Libros de la Catarata.<\/p>\n<p class=\"western\" lang=\"es-ES-u-co-trad\" align=\"center\">***<\/p>\n<p><b><a href=\"https:\/\/espai-marx.net\/wp-content\/uploads\/2024\/04\/jovenes-antifranquistas.jpg\"><img loading=\"lazy\" decoding=\"async\" class=\"alignleft  wp-image-15327\" src=\"https:\/\/espai-marx.net\/wp-content\/uploads\/2024\/04\/jovenes-antifranquistas.jpg\" alt=\"\" width=\"200\" height=\"314\" srcset=\"https:\/\/espai-marx.net\/wp-content\/uploads\/2024\/04\/jovenes-antifranquistas.jpg 236w, https:\/\/espai-marx.net\/wp-content\/uploads\/2024\/04\/jovenes-antifranquistas-191x300.jpg 191w\" sizes=\"auto, (max-width: 200px) 100vw, 200px\" \/><\/a>\u00bfQui\u00e9nes eran esos j\u00f3venes antifranquistas a los que aludes en el t\u00edtulo de tu \u00faltimo libro? \u00bfHijos o nietos de los vencidos en la guerra civil?<\/b><\/p>\n<p>Y en muchos casos de los vencedores, o sea, que no hab\u00edan participado de una socializaci\u00f3n familiar antifranquista. Hubo obreros y estudiantes. Tambi\u00e9n bastantes miembros de asociaciones cristianas. Estuvieron repartidos por muchos territorios. Las mujeres tuvieron una participaci\u00f3n inicialmente reducida. A mediados de los setenta, en el Movimiento Comunista, que es el que mejor conoc\u00ed, ven\u00edan a ser un tercio. En esos a\u00f1os, dicho sea de paso, el feminismo como tal no hab\u00eda calado a\u00fan en las organizaciones revolucionarias. Las cosas empezaron a cambiar inmediatamente despu\u00e9s.<\/p>\n<p><b>\u00bfPor qu\u00e9 el per\u00edodo 1965-1975?<\/b><\/p>\n<p>El Frente de Liberaci\u00f3n Popular fue la primera organizaci\u00f3n de j\u00f3venes que hizo acto de presencia en el antifranquismo, en 1958. A comienzos de los sesenta se produjeron algunas experiencias juveniles nuevas dentro del mundo libertario, pero nunca llegaron a ser muy amplias. En 1964, hubo varias escisiones del Partido Comunista. Pero es en la segunda mitad de los sesenta y en la primera de los setenta cuando se crean la mayor parte de las nuevas organizaciones antifranquistas integradas por j\u00f3venes. Si nos referimos a esa ola, es en esos dos lustros cuando tiene m\u00e1s importancia.<\/p>\n<p>No me atrevo a dar cifras pero estimo que, en v\u00edsperas de la Transici\u00f3n, seguramente estamos hablando de unas pocas decenas de miles de j\u00f3venes agrupados establemente en las organizaciones clandestinas de extrema izquierda.<\/p>\n<p><b>La llegada de esta ola juvenil, se\u00f1alas en la introducci\u00f3n, se dej\u00f3 sentir en muchas estructuras: PCE, asociaciones cat\u00f3licas, plataformas sindicales,.. y tambi\u00e9n en las nuevas organizaciones de la extrema izquierda. Te centras en estas \u00faltimas. \u00bfCu\u00e1les eran esas organizaciones a las que haces referencia? \u00bfQu\u00e9 les diferenciaba del PCE, de la izquierda tradicional por decirlo de alg\u00fan modo?<\/b><\/p>\n<p>Algunas de las nuevas organizaciones proced\u00edan del PCE o del PSUC (PCEm-l, PCI, OCE-BR\u2026), pero la mayor parte no ven\u00edan del Partido Comunista.<\/p>\n<p>Las divergencias de las distintas organizaciones con el PCE no afectaban principalmente a la base doctrinal, por llamarla de alg\u00fan modo, aunque tambi\u00e9n las hab\u00eda. Todas ellas eran marxistas, si bien en diferentes corrientes del marxismo. Se distingu\u00edan por un mayor radicalismo, preconizaban una lucha m\u00e1s dura y defend\u00edan unos objetivos de mayor calibre. Ve\u00edan al PCE como demasiado moderado, o reformista, si nos servimos de su propio lenguaje.<\/p>\n<p><b>\u00bfDebemos seguir usando la expresi\u00f3n-concepto \u00abextrema izquierda\u00bb?<\/b><\/p>\n<p>No me gustan las tres formas m\u00e1s frecuentes de nombrarla, entre ellas la que enfatiza el car\u00e1cter extremista. Tampoco me convence izquierda radical, que adem\u00e1s de no ser precisa facilita la equiparaci\u00f3n con la derecha radical. Izquierda revolucionaria, que es como nos llam\u00e1bamos, nos dice algo sobre los fines \u00faltimos que persegu\u00edan esas organizaciones pero no sobre la pol\u00edtica que practicaron, que estuvo lejos de ser algo parecido a una revoluci\u00f3n. As\u00ed pues, he hecho una concesi\u00f3n a rega\u00f1adientes al llamarlas con los nombres m\u00e1s extendidos a falta de un t\u00e9rmino mejor.<\/p>\n<p><b>La acci\u00f3n de estas organizaciones, se\u00f1alas, tuvo indudables efectos pol\u00edticos, aunque sea dif\u00edcil calibrar sus dimensiones. \u00bfCu\u00e1les fueron los principales efectos pol\u00edticos de la acci\u00f3n de esos grupos?<\/b><\/p>\n<p>La irrupci\u00f3n de esta remesa generacional en el antifranquismo represent\u00f3 un acontecimiento mayor. No fue un simple crecimiento de lo ya existente, que hasta entonces giraba sobre todo en torno al PCE. Fue bastante m\u00e1s.<\/p>\n<p>Aquel conglomerado de organizaciones trajo nuevas energ\u00edas, implantaci\u00f3n y movilizaciones en m\u00e1s lugares, y m\u00e1s oposici\u00f3n tambi\u00e9n en las universidades. La existencia y la actividad de esta constelaci\u00f3n de organizaciones contribuyeron a agudizar la crisis del franquismo.<\/p>\n<p>Al considerar la historia de la \u00faltima etapa del antifranquismo hay que prestar una atenci\u00f3n especial a las cuestiones generacionales.<\/p>\n<p><b>\u00bfPor qu\u00e9 son tan importantes aqu\u00ed las cuestiones generacionales?<\/b><\/p>\n<p>En ese per\u00edodo tuvieron bastante envergadura en la izquierda espa\u00f1ola, no solo en la marxista sino tambi\u00e9n en la anarquista, las rupturas generacionales. El conocimiento de lo que fue el antifranquismo no puede dejar de lado ni esas rupturas ni las din\u00e1micas de disociaci\u00f3n generacional a las que dieron lugar.<\/p>\n<p><b>\u00bfQu\u00e9 procesos revolucionarios del siglo XX influyeron m\u00e1s en esas fuerzas?<\/b><\/p>\n<p>En ese per\u00edodo dos procesos: el de la Revoluci\u00f3n cubana, que triunf\u00f3 en 1959, aunque su influencia fue m\u00e1s pasajera, y la llamada Revoluci\u00f3n Cultural china, que se despleg\u00f3 en mayor medida entre 1966 y 1969. La Revoluci\u00f3n portuguesa tuvo lugar en 1974, al final de este per\u00edodo. Pero adem\u00e1s de estas revoluciones tuvieron influencia las experiencias guerrilleras latinoamericanas, la guerra de Viet-Nam, la resistencia palestina, las luchas anticoloniales\u2026<\/p>\n<p>Si no nos limitamos a los hechos del per\u00edodo considerado, hay que mencionar en un lugar sobresaliente a la Revoluci\u00f3n rusa, cuya sombra se proyect\u00f3 sobre los grupos revolucionarios durante buena parte del siglo XX.<\/p>\n<p><b>\u00bfA qu\u00e9 aspiraban estos colectivos? \u00bfPensaron realmente que era posible en aquellos a\u00f1os una revoluci\u00f3n socialista en Espa\u00f1a? \u00bfO era m\u00e1s bien una forma de dar \u00e1nimo a los militantes de la organizaci\u00f3n?<\/b><\/p>\n<p>Hab\u00eda dos planos que coexist\u00edan, no siempre armoniosamente. Uno era el de la actividad antifranquista y las luchas sociales cotidianas. En este plano hab\u00eda una mejor percepci\u00f3n de la realidad y pesaba menos la fantas\u00eda revolucionaria. En otro plano estaba el horizonte revolucionario, el socialismo, el comunismo.<\/p>\n<p>Hubo algunas organizaciones, en el per\u00edodo \u00faltimo del franquismo, que tal vez cre\u00edan que se pod\u00eda unir en un mismo impulso el fin del franquismo y una revoluci\u00f3n socialista.<\/p>\n<p><b>\u00bfNo fue ese el caso del MC?<\/b><\/p>\n<p>No lo fue. La revoluci\u00f3n portuguesa de 1974 suscit\u00f3 una nueva reflexi\u00f3n en el MC, que hasta entonces no cre\u00eda en la viabilidad de una reforma del franquismo y s\u00ed m\u00e1s bien en su derrocamiento aunque no a corto plazo. La experiencia portuguesa y lo que observ\u00e1bamos en Espa\u00f1a nos llev\u00f3 a pensar que pod\u00eda llevarse a cabo una reforma del R\u00e9gimen, que en ella pod\u00eda participar una parte de la oposici\u00f3n, que esa reforma pod\u00eda desembocar en un r\u00e9gimen democr\u00e1tico-liberal, aunque lastrado parcialmente por su origen, y que, si todo esto ocurr\u00eda, la izquierda revolucionaria se encontrar\u00eda desplazada y m\u00e1s aislada. Pens\u00e1bamos que, en el corto plazo en el que podr\u00eda culminar la reforma del franquismo, no hab\u00eda en Espa\u00f1a ninguna posibilidad de que triunfara una revoluci\u00f3n.<\/p>\n<p><b>\u00bfFueron demasiado ut\u00f3picos e irrealistas aquellos j\u00f3venes antifranquistas? De hecho, \u00bfpudieron no serlo?<\/b><\/p>\n<p>En nuestra experiencia prevalec\u00edan esos dos planos que acabo de se\u00f1alar. En la pol\u00edtica real, cotidiana, y en la actividad social, hab\u00eda bastante realismo, aunque nuestro conocimiento de la sociedad era claramente insuficiente. La parte propiamente ut\u00f3pica es la que se explicitaba en los documentos sobre una revoluci\u00f3n futura y sus caracter\u00edsticas. Estos documentos desempe\u00f1aban un papel m\u00e1s bien autoidentificador. La verdad es que la relaci\u00f3n entre los dos planos no exist\u00eda en la actividad pr\u00e1ctica, cada uno de ellos ten\u00eda vida propia al margen del otro.<\/p>\n<p>En el clima ideol\u00f3gico de aquel tiempo, en Espa\u00f1a y en el mundo, es dif\u00edcil imaginar una organizaci\u00f3n de la izquierda radical que careciera de ideales ut\u00f3picos.<\/p>\n<p><b>Y esos ideales ut\u00f3picos a los que aludes, \u00bfjugaron un papel positivo o negativo?<\/b><\/p>\n<p>Pensar m\u00e1s all\u00e1 de lo ya existente tiene un lado bueno, sin duda. Bien est\u00e1 pensar que las cosas no tienen por qu\u00e9 ser como son inevitable y duraderamente. No obstante, los ideales ut\u00f3picos que yo conoc\u00ed, y que ayud\u00e9 a verbalizar y a difundir, nac\u00edan con un defecto. Part\u00edan de la idea, creo que equivocada, de que es posible esbozar proyectos precisos de transformaci\u00f3n de la vida social mediante la imaginaci\u00f3n, al margen de las condiciones concretas de cada pa\u00eds y de cada momento, y prescindiendo de la necesaria experimentaci\u00f3n y de los resultados que esta puede ofrecer. Esos ideales muchas veces alimentaban una ret\u00f3rica que no se traduc\u00eda en nada concreto en la pol\u00edtica realmente practicada. Y nos hizo perder alg\u00fan tiempo en debates sobre c\u00f3mo deber\u00eda ser, m\u00e1s o menos en detalle, la sociedad socialista y cosas por el estilo. Descripciones especulativas que, como digo, ten\u00edan un alcance sobre todo identitario, cohesionador y diferenciador de cada grupo. En el ambiente ideol\u00f3gico al que nos estamos refiriendo cualquier organizaci\u00f3n revolucionaria que se preciara necesitaba contar con estas piezas imaginarias.<\/p>\n<p><b>Citas las declaraciones de una antigua militante del PST, que hablando de los a\u00f1os setenta, se\u00f1al\u00f3: \u00abEl partido era m\u00e1s que una militancia; era una forma de vida, estaba por encima de todo.\u00bb \u00bfSe puede generalizar esa consideraci\u00f3n? <\/b><\/p>\n<p>No estoy seguro. En bastantes casos, probablemente. Pero quiz\u00e1 habr\u00eda que distinguir entre las diferentes organizaciones y, dentro de ellas, entre los distintos niveles de implicaci\u00f3n.<\/p>\n<p><b>\u00bfPor qu\u00e9 hablas de relaci\u00f3n parad\u00f3jica cuando hablas de la relaci\u00f3n de estos j\u00f3venes con la gente com\u00fan? \u00bfQu\u00e9 tipo de paradoja era esa?<\/b><\/p>\n<p>Me refiero a la conjunci\u00f3n de una idealizaci\u00f3n del pueblo, de la clase obrera, o de las masas, en una expresi\u00f3n que se utilizaba entonces, y de la idea de que estos grupos ten\u00edan la misi\u00f3n de llevar a la gente com\u00fan la comprensi\u00f3n de lo que consideraban sus verdaderos intereses.<\/p>\n<p><b>\u00bfNo era ese el papel de lo que entonces llam\u00e1bamos partido de vanguardia, partido de clase, partido revolucionario? De la clase en s\u00ed a la clase para s\u00ed y esos partidos como conductores de esa transici\u00f3n.<\/b><\/p>\n<p>Algo as\u00ed. No era su \u00fanico papel, pero formaba parte de su papel.<\/p>\n<p><b>Sostienes que en las ideas de aquella generaci\u00f3n revolucionaria resonaba el eco de su formaci\u00f3n cat\u00f3lica y de la religiosidad de la \u00e9poca. Empero, la religiosidad de la \u00e9poca era, como sabes bien, muy reaccionaria, y la formaci\u00f3n cat\u00f3lica de muchos de nosotros era bastante conservadora y, en otros casos, muy superficial, muy aparente. \u00bfC\u00f3mo entonces de aquellos condimentos emergieron ideolog\u00edas tan rupturistas, tan contrarias a las ideolog\u00edas hegem\u00f3nicas en la Espa\u00f1a de aquellos a\u00f1os (incluyendo, desde luego, la ideolog\u00eda del nacional-catolicismo?<\/b><\/p>\n<p>No veo la religiosidad de la \u00e9poca como solamente reaccionaria. Aquella religiosidad abarcaba muchos aspectos, algunos m\u00e1s relacionados con la mayor parte de la jerarqu\u00eda del catolicismo oficial, otros con la base social de la Iglesia, otros con las organizaciones sociales cat\u00f3licas, otros muchos con las tradiciones y sentimientos de amplios sectores de la poblaci\u00f3n\u2026 \u00bfC\u00f3mo olvidar lo que podemos llamar el cristianismo social de los a\u00f1os sesenta y setenta, la teolog\u00eda de la liberaci\u00f3n, el Concilio Vaticano II y su influencia en tantos j\u00f3venes? Estamos refiri\u00e9ndonos a un magma humano que no era homog\u00e9neo y cuya coherencia no era especialmente densa. Y tampoco era est\u00e1tico sino cambiante.<\/p>\n<p>En los ni\u00f1os y en los adolescentes se inculcaron ideas reaccionarias, desde luego, pero tambi\u00e9n se fomentaron valores y actitudes, en las familias y en los colegios religiosos, que influyeron en su transformaci\u00f3n ideol\u00f3gica posterior. Los mensajes que recibimos fueron ambivalentes. Las ideas recibidas, las mejores y las peores, estuvieron presentes en nuestra evoluci\u00f3n ideol\u00f3gica juvenil, para bien y para mal<\/p>\n<p><b>Observas que las personas que asumisteis las principales responsabilidades en la mayor parte de aquellas organizaciones no estuvisteis acompa\u00f1ados por miembros de generaciones anteriores, no ten\u00edais mentores mayores (no en el caso del PCE, por ejemplo). \u00bfPor qu\u00e9 esa ausencia? En alg\u00fan caso s\u00ed que hubo esa presencia. Pienso, por ejemplo, en el FRAP y en Julio \u00c1lvarez del Vayo.<\/b><\/p>\n<p>Desde este punto de vista, el PCE era muy diferente a las organizaciones nuevas.<b> <\/b>Si nos ce\u00f1imos a estas \u00faltimas, que es de las que me ocupo en mi libro, la presencia de militantes de m\u00e1s edad fue mayor en las escisiones del PCE de 1964 que en las que vinieron despu\u00e9s, en las que o mucho me equivoco o fue muy reducida.<\/p>\n<p><b>Hablando de ti: \u00bfpor qu\u00e9 te hiciste revolucionario? \u00bfEn qu\u00e9 consist\u00eda ser revolucionario en aquellas circunstancias?<\/b><\/p>\n<p>El m\u00edo fue un proceso no muy r\u00e1pido y algo escalonado. Lo primero fue el antifranquismo. A eso se fue agregando el resto: el marxismo y la conciencia revolucionaria. En las transformaciones ideol\u00f3gicas tuvieron su importancia los factores ambientales, las movilizaciones obreras de aquel per\u00edodo, las luchas populares en tantos lugares del mundo y algunas ideolog\u00edas internacionales. Creo que fueron decisivas tambi\u00e9n ciertas lecturas, algunas de ellas prohibidas, y la influencia de amigos marxistas.<\/p>\n<p>Ser revolucionario era una identificaci\u00f3n personal, conllevaba la adhesi\u00f3n a alguna ideolog\u00eda revolucionaria y, casi siempre, la pertenencia a una organizaci\u00f3n que se declarara revolucionaria.<\/p>\n<p><b>\u00bfTuvieron influencia las organizaciones de las que hablamos en las luchas obreras de aquellos a\u00f1os?<\/b><\/p>\n<p>Bastante influencia en muchos ocasiones, participando en las estructuras sindicales, clandestinas o no, que ten\u00edan peso en los centros de trabajo. Es un per\u00edodo, adem\u00e1s, en el que hay mucha gente joven que se incorpora a las f\u00e1bricas. Entre esos obreros j\u00f3venes crecieron a buen ritmo estas organizaciones.<\/p>\n<p><b>Sin embargo, salvo error por mi parte, esa influencia que se\u00f1alas no siempre ha sido reconocida, y se ha hablado usualmente del central y casi exclusivo papel del PCE-PSUC y de CCOO.<\/b><\/p>\n<p>Hay muchos trabajos sobre experiencias locales en los que se transmite una imagen m\u00e1s acorde con la realidad y, por lo tanto, m\u00e1s plural, pero acaso sigue viva una imagen como la que apuntas.<\/p>\n<p><b>\u00bfY en el movimiento universitario antifranquista?<\/b><\/p>\n<p>Fueron determinantes.<\/p>\n<p><b>\u00bfNos puedes dar alg\u00fan ejemplo?<\/b><\/p>\n<p>Si mi memoria no me traiciona, estas organizaciones contaban en las universidades con n\u00facleos, no siempre muy numerosos, pero muy activos y que fueron haci\u00e9ndose m\u00e1s grandes en estos a\u00f1os. La acci\u00f3n de la Brigada Pol\u00edtico-social en las universidades denota la creciente preocupaci\u00f3n del R\u00e9gimen ante la presencia de fuerzas consideradas subversivas en las universidades. Para no demorarme con episodios parciales, recomiendo el excelente trabajo de Miguel G\u00f3mez Oliver (<i>El movimiento estudiantil espa\u00f1ol durante el franquismo. 1965-1975<\/i>). <a href=\"https:\/\/journals.openedition.org\/rccs\/652\">Se puede bajar de la Red<\/a> y da cuenta de la influencia del radicalismo estudiantil entre 1969 y 1975.<\/p>\n<p><b>Sostienes que comprometerse con la actividad antifranquista era una de las mejores opciones posibles para un joven que se asomaba a la vida de adulto. Pero, \u00bfno eran muchos los riesgos que se corr\u00edan (la tortura, la prisi\u00f3n e incluso la muerte en algunos casos)? Por lo dem\u00e1s, por lo que sabemos, la militancia antifranquista no fue, ni de lejos, mayoritaria entre los j\u00f3venes de aquellos a\u00f1os, ni siquiera entre los universitarios. Para ellos, no era una buena opci\u00f3n.<\/b><\/p>\n<p>La tortura y las c\u00e1rceles fueron un poderoso medio disuasorio. Es muy dif\u00edcil medir su eficacia. Siempre me admir\u00f3 la decisi\u00f3n con la que muchos j\u00f3venes asum\u00edan los compromisos y los riesgos de la clandestinidad.<\/p>\n<p>Cuando digo buena opci\u00f3n estoy hablando de lo que esos compromisos supusieron para su constituci\u00f3n moral y para su comportamiento social.<\/p>\n<p><b>Te cito: \u00abEn mi conciencia no hay lugar para el arrepentimiento sobre el hecho de haberme embarcado en la acci\u00f3n antifranquista.\u00bb \u00bfNi siquiera cuando fuiste militante de ETA? \u00bfNi siquiera cuando el MC vivi\u00f3 su etapa m\u00e1s mao\u00edsta, sin mucho conocimiento de causa seg\u00fan t\u00fa mismo reconoces? <\/b><\/p>\n<p>Mi ingreso en ETA fue una forma de incorporarme al antifranquismo. A la altura de 1965, ETA hab\u00eda experimentado ciertos cambios ideol\u00f3gicos que me parec\u00edan positivos. Pero he de reconocer que me mov\u00ed con una visi\u00f3n ingenua y voluntarista. Ten\u00eda la ilusi\u00f3n de poder contribuir, junto con quienes ten\u00edan un enfoque parecido, a que ETA, que entonces era ajena a una pr\u00e1ctica terrorista, eso vino a\u00f1os despu\u00e9s, se convirtiera en una organizaci\u00f3n desprovista de sus defectos originarios, como era la influencia del nacionalismo vasco sabiniano. No tard\u00e9 en comprobar que eso no era posible.<\/p>\n<p>Aparte de eso y en pocas palabras: no lamento el compromiso antifranquista, pero s\u00ed algunos de los marcos ideol\u00f3gicos, entre ellos el mao\u00edsmo, a trav\u00e9s de los cuales se plasm\u00f3 ese compromiso durante bastante tiempo.<\/p>\n<p><b>\u00bfY por qu\u00e9 fuimos tan mao\u00edstas a pesar de que nuestro conocimiento de la historia y la situaci\u00f3n pol\u00edtica china era bastante d\u00e9bil?<\/b><\/p>\n<p>Todas las organizaciones revolucionarias, y el MC no era una excepci\u00f3n, necesitaban alg\u00fan soporte ideol\u00f3gico m\u00e1s o menos consagrado. No lo veo como algo positivo pero sin eso era dif\u00edcil sobrevivir. De hecho casi todas dispon\u00edan de alguna de las ideolog\u00edas disponibles en el mundo.<\/p>\n<p>El mao\u00edsmo, despu\u00e9s del conflicto chino\u2013sovi\u00e9tico de comienzos de los a\u00f1os sesenta y de la Revoluci\u00f3n Cultural de la segunda mitad de esa d\u00e9cada, pod\u00eda atender a esa demanda. Lo que llegaba de China ten\u00eda un aire m\u00e1s revolucionario y hasta innovador que lo que proced\u00eda de la Uni\u00f3n Sovi\u00e9tica. Se implant\u00f3 r\u00e1pidamente en Europa. Y el Gobierno chino ten\u00eda poder para producir y difundir propaganda entre quienes est\u00e1bamos bajo la influencia de esas ideas. A los j\u00f3venes mao\u00edstas de entonces nos faltaba conocimiento, experiencia, sentido cr\u00edtico y nos sobraba ingenuidad. Tardamos en darnos cuenta de lo que era realmente la dictadura china. Y finalmente, ya en los a\u00f1os ochenta y despu\u00e9s. tratamos de alcanzar una autonom\u00eda ideol\u00f3gica de la que inicialmente carec\u00edamos.<\/p>\n<p><b>No se ha hecho justicia, se\u00f1alas, con los luchadores antifranquistas. Se les trat\u00f3 mal, sostienes, igual\u00e1ndoles en la ley de Amnist\u00eda con verdugos y torturadores, como si todos fueran corresponsables. \u00bfLa aceptaci\u00f3n de la ley de Amnist\u00eda de octubre de 1977 fue entonces un error de la izquierda desde tu punto de vista?<\/b><\/p>\n<p>Me cuesta emitir ahora un juicio preciso sobre aquella ley que no recuerdo en su contenido concreto. Tampoco s\u00e9 qu\u00e9 alternativas reales pod\u00edan valer. Con todo, me parece problem\u00e1tica esa mezcla entre beneficiarios franquistas y antifranquistas.<\/p>\n<p><b>Usas en varias ocasiones el concepto <\/b><i><b>conversi\u00f3n<\/b><\/i><b>. Aqu\u00ed, por ejemplo: \u00ab\u00bfqu\u00e9 se hab\u00eda almacenado en nosotros que facilit\u00f3 esa conversi\u00f3n?\u00bb. Pero conversi\u00f3n suena a religi\u00f3n. \u00bfSe trat\u00f3 de eso, de una especie de conversi\u00f3n religiosa? \u00bfPero no \u00e9ramos muchos de nosotros agn\u00f3sticos, ateos m\u00e1s bien, e incuso anticlericales en algunos casos?<\/b><\/p>\n<p>Tocamos una cuesti\u00f3n crucial.<\/p>\n<p>El libro parte de la constataci\u00f3n de que en esos a\u00f1os hay m\u00faltiples factores que propician la incorporaci\u00f3n de sectores de la juventud al antifranquismo. Pero trata de ir m\u00e1s all\u00e1: plantea una cuesti\u00f3n que, a mi juicio, posee inter\u00e9s: \u00bfQu\u00e9 hab\u00eda en cierto n\u00famero de cabezas juveniles que favoreci\u00f3 el paso al antifranquismo, al marxismo, al revolucionarismo?<\/p>\n<p>Las ideas de todos los ni\u00f1os y los adolescentes estuvieron influidas por la educaci\u00f3n escolar, por los ambientes culturales, por las familias, por las costumbres sociales\u2026 El adoctrinamiento religioso era muy potente.<\/p>\n<p>Fueron notables los cambios ideol\u00f3gicos que se produjeron en los j\u00f3venes que integraron esta hornada antifranquista. La palabra conversi\u00f3n trata de subrayar la importancia de esos cambios.<\/p>\n<p>No obstante, esos cambios no fueron tan completos como muchos pens\u00e1bamos. Cre\u00edamos que hab\u00edamos roto enteramente con las ideas que nos hab\u00edan transmitido en la infancia y en la adolescencia. Y muchos pens\u00e1bamos que nuestra ruptura con la religi\u00f3n era total.<\/p>\n<p><b>Pero no fue tan total&#8230;<\/b><\/p>\n<p>Eso pienso. Entiendo que fue un proceso de cambio importante en el que hubo rupturas y superaci\u00f3n de lo que hab\u00edamos recibido anteriormente, pero tambi\u00e9n conservaci\u00f3n parcial aunque fuera bajo expresiones distintas.<\/p>\n<p>Si volvemos la vista hacia aquellos a\u00f1os, no es dif\u00edcil apreciar en nuestros valores y actitudes de entonces, elementos dejados en nosotros por la educaci\u00f3n que se nos hab\u00eda dado. Algunos mejores y otros peores.<\/p>\n<p>Puedo mencionar la b\u00fasqueda de una sociedad perfecta hacia la que encaminarnos, una tendencia a otorgar una trascendencia excesiva a nuestros actos, el prop\u00f3sito de mejorar poco menos que ilimitadamente a los seres humanos, la idea de considerar como absolutos los objetivos pol\u00edticos\u2026 Estos aspectos problem\u00e1ticos algo tienen que ver con la experiencia religiosa anterior.<\/p>\n<p>Tambi\u00e9n tienen que ver con ella el altruismo, la generosidad, la abnegaci\u00f3n, que ven\u00edan de atr\u00e1s y que afortunadamente intervinieron en esas transformaciones ideol\u00f3gicas y permanecieron en nuestro caudal de valores.<\/p>\n<p>A mi parecer no est\u00e1bamos en lo cierto cuando cre\u00edamos que nuestras ideas posteriores a esa conversi\u00f3n no ten\u00edan nada que ver con las que nos hab\u00edan sido inculcadas en la infancia y en la adolescencia.<\/p>\n<p><b>Hablas de la <\/b><i><b>actitud antagonista exagerada<\/b><\/i><b> de aquellos j\u00f3venes. \u00bfPor qu\u00e9 exagerada? \u00bfQu\u00e9 efectos negativos tuvo esa actitud?<\/b><\/p>\n<p>No es raro que una dictadura, exagerada por naturaleza, suscite oponentes tambi\u00e9n exagerados aunque en otras direcciones. Nosotros lo \u00e9ramos: tend\u00edamos a hacer asuntos de vida o muerte de demasiadas divergencias pol\u00edticas. Conden\u00e1bamos severamente a quienes pensaban de otra forma. Critic\u00e1bamos algunas demandas, consideradas reformistas, en nombre de objetivos muy ambiciosos que no era posible hacer realidad\u2026 \u00bfMe equivoco si digo que a menudo \u00e9ramos demasiado belicosos?<\/p>\n<p><b>\u00bfPor qu\u00e9 hubo tanta animadversi\u00f3n en los grupos de extrema izquierda de aquellos a\u00f1os a organizaciones pol\u00edticas y sindicales, como el PCE o CCOO, a las que se tildaba, con mucha desconsideraci\u00f3n-desprecio poli\u00e9tico adem\u00e1s, de reformistas, revisionistas, pactistas, entreguistas, poco combativas, etc.?<\/b><\/p>\n<p>Esto ilustra lo que acabo de decir, aunque algo tiene que ver tambi\u00e9n con la competencia entre organizaciones que se disputan unos mismos espacios.<\/p>\n<p><b>\u00bfPor qu\u00e9 fuimos durante a\u00f1os tan poco cr\u00edticos con la violencia pol\u00edtica, con lo que llam\u00e1bamos violencia revolucionaria? \u00bfPor la violencia que el franquismo (y m\u00e1s all\u00e1 del franquismo) ejerc\u00eda con mano de hierro sobre la sociedad, sobre sus sectores m\u00e1s vulnerables? \u00bfPorque no quedaba otra, porque no exist\u00edan otros medios?<\/b><\/p>\n<p>Otros medios los hab\u00eda y eran los que empleaba casi todo el antifranquismo.<\/p>\n<p>En esos a\u00f1os, la legitimaci\u00f3n de la violencia pol\u00edtica formaba parte de la tradici\u00f3n y de las se\u00f1as de identidad de los movimientos revolucionarios en todo el mundo.<\/p>\n<p>Y esa fue en Espa\u00f1a una caracter\u00edstica de las organizaciones radicales de izquierda. Defend\u00edamos la legitimidad de la violencia pol\u00edtica no solo para luchar contra una dictadura como la franquista sino, m\u00e1s ampliamente, para construir una vida social y pol\u00edtica que nos parec\u00eda preferible.<\/p>\n<p>Esta forma de ver las cosas favoreci\u00f3 que una parte de la izquierda revolucionaria justificase la violencia de ETA no solo bajo el franquismo sino tambi\u00e9n despu\u00e9s. Ese fue mi caso durante a\u00f1os. Un error grave que deploro profundamente.<\/p>\n<p><b>\u00bfCu\u00e1ndo dejamos de justificar la violencia de ETA?<\/b><\/p>\n<p>Habr\u00eda que hablar de la evoluci\u00f3n de cada cual. Personalmente tendr\u00eda que repasar mis papeles para poner fechas a todo esto. Y ordenarlo, porque hay que distinguir aspectos diversos. Por ejemplo: una cosa es llegar a la idea de que no tiene sentido pol\u00edtico seguir con aquella violencia pol\u00edtica y otra diferente rechazar por razones \u00e9ticas que se mate a personas. No es lo mismo. Tampoco es igual, por un lado, rechazar en privado lo que hac\u00eda ETA y, por otro lado, condenarlo y manifestarse p\u00fablicamente en contra. Y algo diferente es unir a la condena la solidaridad con las v\u00edctimas.<\/p>\n<p><b>Citas a Schumpeter \u2013\u00abEs absurdo negar que hasta en el trabajo m\u00e1s cient\u00edfico de Marx su an\u00e1lisis est\u00e1 deformado no solo por la influencia de motivos pr\u00e1cticos, no solo por influencia de apasionados juicios de valor, sino tambi\u00e9n por el autoenga\u00f1o ideol\u00f3gico\u00bb\u2013 y se\u00f1alas que en aquel tiempo \u00abmuchos hubi\u00e9ramos puesto el grito en el cielo ante tama\u00f1o aserto\u00bb. En cambio, la opini\u00f3n del influyente economista liberal-conservador, <\/b><b>ministro de Finanzas en 1919 de la primera Rep\u00fablica austr\u00edaca,<\/b><b> te parece a d\u00eda de hoy un juicio bien fundado. \u00bfPor qu\u00e9?<\/b><\/p>\n<p>En los a\u00f1os ochenta y noventa del siglo XX tuve la oportunidad de estudiar detenidamente la obra de Marx y llegue a la conclusi\u00f3n de que, en mayor o menor medida, en los trabajos de Marx con alcance cient\u00edfico se encuentran elementos ideol\u00f3gico-pol\u00edticos extra-cient\u00edficos, algo nada raro por lo dem\u00e1s ni en el siglo XIX ni hoy en d\u00eda. Tuve ocasi\u00f3n de abordar esta cuesti\u00f3n en un libro publicado en 1993 que se titul\u00f3<i> La sombra de Marx.<\/i> En los \u00faltimos treinta a\u00f1os no he encontrado motivos para cambiar de opini\u00f3n.<\/p>\n<p><b>Pero si no es raro, si es muy general la presencia de elementos ideol\u00f3gico-pol\u00edticos en las disciplinas sociales, entonces eso no representar\u00eda un, digamos, defecto singular en el caso Marx. A lo mejor tambi\u00e9n Schumpeter, por ejemplo, bebi\u00f3 de la misma taza.<\/b><\/p>\n<p>Vaya que si es frecuente. No digo que ese sea un defecto singular de Marx, sino que Marx no escap\u00f3 al mismo, tan extendido en el siglo XIX y que no ha desaparecido hoy en d\u00eda.<\/p>\n<p><b>Doy un salto en el tiempo, de 1975 a 1986. \u00bfSe equivoc\u00f3 esa izquierda radical cuando puso toda su carne en el asador para evitar la permanencia de Espa\u00f1a en la OTAN?<\/b><\/p>\n<p>En un principio toda la izquierda estaba en esa idea, incluido el PSOE. Creo que en aquellos momentos estuvo bien emplearse a fondo para tratar de impedir lo que finalmente se produjo. Adem\u00e1s del inter\u00e9s que pudo tener el debate p\u00fablico que plante\u00f3 el movimiento contra la pertenencia a la OTAN, se logr\u00f3 movilizar a amplios sectores sociales y reactivar en cierta forma algunas fuerzas antifranquistas que hab\u00edan ido aletarg\u00e1ndose tras la Transici\u00f3n.<\/p>\n<p><b>\u00bfY sigue siendo razonable actualmente ser anti-ot\u00e1nico?<\/b><\/p>\n<p>Hay mucho que criticar en la OTAN actual, en su composici\u00f3n, en ciertas actuaciones, en el papel que desempe\u00f1an en ella los Estados Unidos\u2026 Pero no estoy de acuerdo con que se impugne la resistencia ucraniana frente la guerra de agresi\u00f3n rusa por el hecho de que la OTAN la apoye. Y tampoco que no se comprenda a las poblaciones lim\u00edtrofes con Rusia cuando tratan de protegerse de la pol\u00edtica que hoy encarna Putin bajo el paraguas de la OTAN.<\/p>\n<p><b>Si tuvieras que se\u00f1alar los puntos fuertes de aquella generaci\u00f3n de j\u00f3venes, \u00bfcu\u00e1les destacar\u00edas?<\/b><\/p>\n<p>Su compromiso con el antifranquismo y todo lo que llevaba consigo: oposici\u00f3n a la desigualdad, rechazo de la injusticia social, audacia, creatividad, generosidad, sentido de la solidaridad y del apoyo mutuo\u2026<\/p>\n<p><b>\u00bfY cu\u00e1les ser\u00edan sus puntos d\u00e9biles?<\/b><\/p>\n<p>Destaco los siguientes: uno, la identificaci\u00f3n con dictaduras como la de la Uni\u00f3n Sovi\u00e9tica, la cubana o la china (esto \u00faltimo se registr\u00f3 particularmente en quienes fuimos mao\u00edstas durante algunos a\u00f1os). Otro es el ya mencionado problema de la violencia pol\u00edtica. Otro, en fin, la dependencia de ideolog\u00edas procedentes del siglo XIX, que eran asumidas sin la menor distancia cr\u00edtica y con un esp\u00edritu frecuentemente dogm\u00e1tico.<\/p>\n<p><b>Afirmas que el examen cr\u00edtico sobre aquel per\u00edodo ha sido escaso tanto entre quienes han permanecido en la izquierda como entre quienes han buscado climas pol\u00edticos m\u00e1s moderados o simplemente se han alejado de sus inquietudes juveniles. \u00bfNo eres t\u00fa, por ejemplo, un contraejemplo de esa afirmaci\u00f3n? \u00bfNo lo son muchos amigos y compa\u00f1eros? Por lo dem\u00e1s y con disculpas: \u00bfqu\u00e9 beneficios podr\u00edamos obtener de agudizar nuestro esp\u00edritu cr\u00edtico sobre todo aquello a estas alturas de nuestras vidas?<\/b><\/p>\n<p>Los que participamos en aquellas experiencias hemos escrito poco sobre ellas. O as\u00ed me lo parece. No acabo de tener una explicaci\u00f3n satisfactoria de este hecho.<\/p>\n<p>Adem\u00e1s, una parte de mi generaci\u00f3n muestra una tenaz aversi\u00f3n a la autocr\u00edtica.<\/p>\n<p>\u00bfBeneficios del reconocimiento de los errores? Por de pronto tener nosotros mismos un punto de vista m\u00e1s exigente sobre lo que fuimos e hicimos. Y m\u00e1s realista. No es poco; tiene cierta importancia. En general no est\u00e1 de m\u00e1s transmitir esa percepci\u00f3n a quienes vienen detr\u00e1s y se interesan por conocer c\u00f3mo fue aquello. Aunque no se me escapa que las notables diferencias entre aquella situaci\u00f3n y el presente hace dif\u00edcil entrar provechosamente en el meollo de aquellos problemas.<\/p>\n<p><b>\u00bfQuieres a\u00f1adir algo m\u00e1s, querido Eugenio?<\/b><\/p>\n<p>Temo que, buscando la brevedad, algunas de mis respuestas hayan sido excesivamente sumarias. Sobre todos estos puntos he podido extenderme en el libro que estamos comentando.<\/p>\n<p>Gracias por tu trabajo, Salvador.<\/p>\n","protected":false},"excerpt":{"rendered":"<p>\u00abNo lamento el compromiso antifranquista, pero s\u00ed algunos de los marcos ideol\u00f3gicos, entre ellos el mao\u00edsmo, a trav\u00e9s de los<\/p>\n","protected":false},"author":5,"featured_media":15329,"comment_status":"open","ping_status":"open","sticky":false,"template":"","format":"standard","meta":{"footnotes":""},"categories":[8],"tags":[],"class_list":["post-15326","post","type-post","status-publish","format-standard","has-post-thumbnail","hentry","category-filosofia"],"aioseo_notices":[],"_links":{"self":[{"href":"https:\/\/espai-marx.net\/index.php?rest_route=\/wp\/v2\/posts\/15326","targetHints":{"allow":["GET"]}}],"collection":[{"href":"https:\/\/espai-marx.net\/index.php?rest_route=\/wp\/v2\/posts"}],"about":[{"href":"https:\/\/espai-marx.net\/index.php?rest_route=\/wp\/v2\/types\/post"}],"author":[{"embeddable":true,"href":"https:\/\/espai-marx.net\/index.php?rest_route=\/wp\/v2\/users\/5"}],"replies":[{"embeddable":true,"href":"https:\/\/espai-marx.net\/index.php?rest_route=%2Fwp%2Fv2%2Fcomments&post=15326"}],"version-history":[{"count":0,"href":"https:\/\/espai-marx.net\/index.php?rest_route=\/wp\/v2\/posts\/15326\/revisions"}],"wp:featuredmedia":[{"embeddable":true,"href":"https:\/\/espai-marx.net\/index.php?rest_route=\/wp\/v2\/media\/15329"}],"wp:attachment":[{"href":"https:\/\/espai-marx.net\/index.php?rest_route=%2Fwp%2Fv2%2Fmedia&parent=15326"}],"wp:term":[{"taxonomy":"category","embeddable":true,"href":"https:\/\/espai-marx.net\/index.php?rest_route=%2Fwp%2Fv2%2Fcategories&post=15326"},{"taxonomy":"post_tag","embeddable":true,"href":"https:\/\/espai-marx.net\/index.php?rest_route=%2Fwp%2Fv2%2Ftags&post=15326"}],"curies":[{"name":"wp","href":"https:\/\/api.w.org\/{rel}","templated":true}]}}